{"id":6954,"date":"2026-03-01T08:34:23","date_gmt":"2026-03-01T08:34:23","guid":{"rendered":"https:\/\/portaldoestado.com.br\/?p=6954"},"modified":"2026-03-01T08:34:23","modified_gmt":"2026-03-01T08:34:23","slug":"andre-marques-curte-desfile-das-campeas-e-vibra-com-titulo-da-viradouro-na-sapucai","status":"publish","type":"post","link":"https:\/\/portaldoestado.com.br\/index.php\/2026\/03\/01\/andre-marques-curte-desfile-das-campeas-e-vibra-com-titulo-da-viradouro-na-sapucai\/","title":{"rendered":"Andr\u00e9 Marques curte Desfile das Campe\u00e3s e vibra com t\u00edtulo da Viradouro na Sapuca\u00ed"},"content":{"rendered":"\n<p>O \u00faltimo s\u00e1bado (21) foi de festa, reencontros e celebra\u00e7\u00e3o para Andr\u00e9 Marques, que marcou presen\u00e7a no Camarote N\u00b01 Brahma durante o Desfile das Campe\u00e3s, na Marqu\u00eas de Sapuca\u00ed. Em clima descontra\u00eddo, o apresentador falou sobre a energia da avenida e a emo\u00e7\u00e3o de acompanhar o encerramento do Carnaval 2026.<\/p>\n\n\n\n<p>Durante a noite, Andr\u00e9 destacou a alegria ao ver a Unidos do Viradouro conquistar o t\u00edtulo. Nascido em Niter\u00f3i, ele ressaltou o v\u00ednculo afetivo com a cidade e com a escola, mesmo tendo uma hist\u00f3ria ligada \u00e0 Imperatriz Leopoldinense.<\/p>\n\n\n\n<p>\u201cEu sou de Niter\u00f3i e, mesmo n\u00e3o sendo Viradouro, tenho muitos amigos l\u00e1. Cresci nesse meio. Tenho paix\u00e3o pelo samba e \u00e9 muito especial ver uma escola da sua cidade vencer\u201d, afirmou.<\/p>\n\n\n\n<p>Frequentador do camarote h\u00e1 anos, Andr\u00e9 tamb\u00e9m comentou sobre a estrutura do espa\u00e7o, que, segundo ele, segue evoluindo a cada edi\u00e7\u00e3o. Entre elogios \u00e0 organiza\u00e7\u00e3o, ele destacou o conforto e a experi\u00eancia oferecida ao p\u00fablico.<\/p>\n\n\n\n<p>\u201cTodo ano eu venho e sempre tem algo melhor. A comida, o espa\u00e7o, o ambiente&#8230; o camarote se reinventa. Para mim, j\u00e1 diz no nome: \u00e9 o n\u00famero um\u201d, disse.<\/p>\n\n\n\n<p>Al\u00e9m do Carnaval, o apresentador mencionou a possibilidade de novidades na televis\u00e3o, incluindo rumores de novos projetos ao lado de Ang\u00e9lica. Apesar da expectativa, ele garantiu que ainda n\u00e3o h\u00e1 nada confirmado.<\/p>\n\n\n\n<p>O bate-papo tamb\u00e9m teve espa\u00e7o para momentos de humor ao relembrar sua passagem por Salvador durante a folia. Andr\u00e9 brincou ao escolher sua m\u00fasica favorita do Carnaval e arrancou risadas ao justificar a decis\u00e3o.<\/p>\n\n\n\n<p>Encerrando a entrevista, ele fez quest\u00e3o de agradecer o carinho do p\u00fablico que o acompanha ao longo dos anos. \u201cS\u00f3 tenho a agradecer. \u00c9 muito bom saber que as pessoas seguem comigo, acompanham minha hist\u00f3ria. Minha galera \u00e9 muito parceira. Obrigado de cora\u00e7\u00e3o.\u201d<\/p>\n","protected":false},"excerpt":{"rendered":"<p>O \u00faltimo s\u00e1bado (21) foi de festa, reencontros e celebra\u00e7\u00e3o para Andr\u00e9 Marques, que marcou presen\u00e7a no Camarote N\u00b01 Brahma durante o Desfile das Campe\u00e3s, na Marqu\u00eas de Sapuca\u00ed. Em clima descontra\u00eddo, o apresentador falou sobre a energia da avenida e a emo\u00e7\u00e3o de acompanhar o encerramento do Carnaval 2026. Durante a noite, Andr\u00e9 destacou \u2026<\/p>\n","protected":false},"author":2,"featured_media":6953,"comment_status":"closed","ping_status":"open","sticky":false,"template":"","format":"standard","meta":{"footnotes":""},"categories":[3],"tags":[],"class_list":["post-6954","post","type-post","status-publish","format-standard","has-post-thumbnail","hentry","category-famosos"],"yoast_head":"<!-- This site is optimized with the Yoast SEO plugin v25.5 - https:\/\/yoast.com\/wordpress\/plugins\/seo\/ -->\n<title>Andr\u00e9 Marques curte Desfile das Campe\u00e3s e vibra com t\u00edtulo da Viradouro na Sapuca\u00ed - Portal do Estado<\/title>\n<meta name=\"robots\" content=\"index, follow, max-snippet:-1, max-image-preview:large, max-video-preview:-1\" \/>\n<link rel=\"canonical\" href=\"https:\/\/portaldoestado.com.br\/index.php\/2026\/03\/01\/andre-marques-curte-desfile-das-campeas-e-vibra-com-titulo-da-viradouro-na-sapucai\/\" \/>\n<meta property=\"og:locale\" content=\"pt_BR\" \/>\n<meta property=\"og:type\" content=\"article\" \/>\n<meta property=\"og:title\" content=\"Andr\u00e9 Marques curte Desfile das Campe\u00e3s e vibra com t\u00edtulo da Viradouro na Sapuca\u00ed - Portal do Estado\" \/>\n<meta property=\"og:description\" content=\"O \u00faltimo s\u00e1bado (21) foi de festa, reencontros e celebra\u00e7\u00e3o para Andr\u00e9 Marques, que marcou presen\u00e7a no Camarote N\u00b01 Brahma durante o Desfile das Campe\u00e3s, na Marqu\u00eas de Sapuca\u00ed. Em clima descontra\u00eddo, o apresentador falou sobre a energia da avenida e a emo\u00e7\u00e3o de acompanhar o encerramento do Carnaval 2026. Durante a noite, Andr\u00e9 destacou \u2026\" \/>\n<meta property=\"og:url\" content=\"https:\/\/portaldoestado.com.br\/index.php\/2026\/03\/01\/andre-marques-curte-desfile-das-campeas-e-vibra-com-titulo-da-viradouro-na-sapucai\/\" \/>\n<meta property=\"og:site_name\" content=\"Portal do Estado\" \/>\n<meta property=\"article:published_time\" content=\"2026-03-01T08:34:23+00:00\" \/>\n<meta property=\"og:image\" content=\"https:\/\/portaldoestado.com.br\/wp-content\/uploads\/2026\/03\/a33f86a5-db0c-4fda-abe5-bdec5e1b1fa9-1024x683.png\" \/>\n\t<meta property=\"og:image:width\" content=\"1024\" \/>\n\t<meta property=\"og:image:height\" content=\"683\" \/>\n\t<meta property=\"og:image:type\" content=\"image\/png\" \/>\n<meta name=\"author\" content=\"assessoriadefamosos\" \/>\n<meta name=\"twitter:card\" content=\"summary_large_image\" \/>\n<meta name=\"twitter:label1\" content=\"Escrito por\" \/>\n\t<meta name=\"twitter:data1\" content=\"assessoriadefamosos\" \/>\n\t<meta name=\"twitter:label2\" content=\"Est. tempo de leitura\" \/>\n\t<meta name=\"twitter:data2\" content=\"2 minutos\" \/>\n<script type=\"application\/ld+json\" class=\"yoast-schema-graph\">{\"@context\":\"https:\/\/schema.org\",\"@graph\":[{\"@type\":\"Article\",\"@id\":\"https:\/\/portaldoestado.com.br\/index.php\/2026\/03\/01\/andre-marques-curte-desfile-das-campeas-e-vibra-com-titulo-da-viradouro-na-sapucai\/#article\",\"isPartOf\":{\"@id\":\"https:\/\/portaldoestado.com.br\/index.php\/2026\/03\/01\/andre-marques-curte-desfile-das-campeas-e-vibra-com-titulo-da-viradouro-na-sapucai\/\"},\"author\":{\"name\":\"assessoriadefamosos\",\"@id\":\"https:\/\/portaldoestado.com.br\/#\/schema\/person\/5ca0174f3c8c84b59da62ea14b698cb9\"},\"headline\":\"Andr\u00e9 Marques curte Desfile das Campe\u00e3s e vibra com t\u00edtulo da Viradouro na Sapuca\u00ed\",\"datePublished\":\"2026-03-01T08:34:23+00:00\",\"mainEntityOfPage\":{\"@id\":\"https:\/\/portaldoestado.com.br\/index.php\/2026\/03\/01\/andre-marques-curte-desfile-das-campeas-e-vibra-com-titulo-da-viradouro-na-sapucai\/\"},\"wordCount\":337,\"publisher\":{\"@id\":\"https:\/\/portaldoestado.com.br\/#organization\"},\"image\":{\"@id\":\"https:\/\/portaldoestado.com.br\/index.php\/2026\/03\/01\/andre-marques-curte-desfile-das-campeas-e-vibra-com-titulo-da-viradouro-na-sapucai\/#primaryimage\"},\"thumbnailUrl\":\"https:\/\/portaldoestado.com.br\/wp-content\/uploads\/2026\/03\/a33f86a5-db0c-4fda-abe5-bdec5e1b1fa9.png\",\"articleSection\":[\"Famosos\"],\"inLanguage\":\"pt-BR\"},{\"@type\":\"WebPage\",\"@id\":\"https:\/\/portaldoestado.com.br\/index.php\/2026\/03\/01\/andre-marques-curte-desfile-das-campeas-e-vibra-com-titulo-da-viradouro-na-sapucai\/\",\"url\":\"https:\/\/portaldoestado.com.br\/index.php\/2026\/03\/01\/andre-marques-curte-desfile-das-campeas-e-vibra-com-titulo-da-viradouro-na-sapucai\/\",\"name\":\"Andr\u00e9 Marques curte Desfile das Campe\u00e3s e vibra com t\u00edtulo da Viradouro na Sapuca\u00ed - Portal do Estado\",\"isPartOf\":{\"@id\":\"https:\/\/portaldoestado.com.br\/#website\"},\"primaryImageOfPage\":{\"@id\":\"https:\/\/portaldoestado.com.br\/index.php\/2026\/03\/01\/andre-marques-curte-desfile-das-campeas-e-vibra-com-titulo-da-viradouro-na-sapucai\/#primaryimage\"},\"image\":{\"@id\":\"https:\/\/portaldoestado.com.br\/index.php\/2026\/03\/01\/andre-marques-curte-desfile-das-campeas-e-vibra-com-titulo-da-viradouro-na-sapucai\/#primaryimage\"},\"thumbnailUrl\":\"https:\/\/portaldoestado.com.br\/wp-content\/uploads\/2026\/03\/a33f86a5-db0c-4fda-abe5-bdec5e1b1fa9.png\",\"datePublished\":\"2026-03-01T08:34:23+00:00\",\"breadcrumb\":{\"@id\":\"https:\/\/portaldoestado.com.br\/index.php\/2026\/03\/01\/andre-marques-curte-desfile-das-campeas-e-vibra-com-titulo-da-viradouro-na-sapucai\/#breadcrumb\"},\"inLanguage\":\"pt-BR\",\"potentialAction\":[{\"@type\":\"ReadAction\",\"target\":[\"https:\/\/portaldoestado.com.br\/index.php\/2026\/03\/01\/andre-marques-curte-desfile-das-campeas-e-vibra-com-titulo-da-viradouro-na-sapucai\/\"]}]},{\"@type\":\"ImageObject\",\"inLanguage\":\"pt-BR\",\"@id\":\"https:\/\/portaldoestado.com.br\/index.php\/2026\/03\/01\/andre-marques-curte-desfile-das-campeas-e-vibra-com-titulo-da-viradouro-na-sapucai\/#primaryimage\",\"url\":\"https:\/\/portaldoestado.com.br\/wp-content\/uploads\/2026\/03\/a33f86a5-db0c-4fda-abe5-bdec5e1b1fa9.png\",\"contentUrl\":\"https:\/\/portaldoestado.com.br\/wp-content\/uploads\/2026\/03\/a33f86a5-db0c-4fda-abe5-bdec5e1b1fa9.png\",\"width\":1536,\"height\":1024},{\"@type\":\"BreadcrumbList\",\"@id\":\"https:\/\/portaldoestado.com.br\/index.php\/2026\/03\/01\/andre-marques-curte-desfile-das-campeas-e-vibra-com-titulo-da-viradouro-na-sapucai\/#breadcrumb\",\"itemListElement\":[{\"@type\":\"ListItem\",\"position\":1,\"name\":\"In\u00edcio\",\"item\":\"https:\/\/portaldoestado.com.br\/\"},{\"@type\":\"ListItem\",\"position\":2,\"name\":\"Andr\u00e9 Marques curte Desfile das Campe\u00e3s e vibra com t\u00edtulo da Viradouro na Sapuca\u00ed\"}]},{\"@type\":\"WebSite\",\"@id\":\"https:\/\/portaldoestado.com.br\/#website\",\"url\":\"https:\/\/portaldoestado.com.br\/\",\"name\":\"Portal do Estado\",\"description\":\"\",\"publisher\":{\"@id\":\"https:\/\/portaldoestado.com.br\/#organization\"},\"potentialAction\":[{\"@type\":\"SearchAction\",\"target\":{\"@type\":\"EntryPoint\",\"urlTemplate\":\"https:\/\/portaldoestado.com.br\/?s={search_term_string}\"},\"query-input\":{\"@type\":\"PropertyValueSpecification\",\"valueRequired\":true,\"valueName\":\"search_term_string\"}}],\"inLanguage\":\"pt-BR\"},{\"@type\":\"Organization\",\"@id\":\"https:\/\/portaldoestado.com.br\/#organization\",\"name\":\"Portal do Estado\",\"url\":\"https:\/\/portaldoestado.com.br\/\",\"logo\":{\"@type\":\"ImageObject\",\"inLanguage\":\"pt-BR\",\"@id\":\"https:\/\/portaldoestado.com.br\/#\/schema\/logo\/image\/\",\"url\":\"https:\/\/portaldoestado.com.br\/wp-content\/uploads\/2025\/04\/cropped-6f69b19a-6472-43bf-b1b3-e1910bbbd4e8.png\",\"contentUrl\":\"https:\/\/portaldoestado.com.br\/wp-content\/uploads\/2025\/04\/cropped-6f69b19a-6472-43bf-b1b3-e1910bbbd4e8.png\",\"width\":1024,\"height\":350,\"caption\":\"Portal do Estado\"},\"image\":{\"@id\":\"https:\/\/portaldoestado.com.br\/#\/schema\/logo\/image\/\"}},{\"@type\":\"Person\",\"@id\":\"https:\/\/portaldoestado.com.br\/#\/schema\/person\/5ca0174f3c8c84b59da62ea14b698cb9\",\"name\":\"assessoriadefamosos\",\"image\":{\"@type\":\"ImageObject\",\"inLanguage\":\"pt-BR\",\"@id\":\"https:\/\/portaldoestado.com.br\/#\/schema\/person\/image\/\",\"url\":\"https:\/\/secure.gravatar.com\/avatar\/a7acbdffcfbbae7240e59f47fe511ec5f5d8c252c779f0b8d9ab02a9e1d8c5ed?s=96&d=mm&r=g\",\"contentUrl\":\"https:\/\/secure.gravatar.com\/avatar\/a7acbdffcfbbae7240e59f47fe511ec5f5d8c252c779f0b8d9ab02a9e1d8c5ed?s=96&d=mm&r=g\",\"caption\":\"assessoriadefamosos\"},\"url\":\"https:\/\/portaldoestado.com.br\/index.php\/author\/assessoriadefamosos\/\"}]}<\/script>\n<!-- \/ Yoast SEO plugin. -->","yoast_head_json":{"title":"Andr\u00e9 Marques curte Desfile das Campe\u00e3s e vibra com t\u00edtulo da Viradouro na Sapuca\u00ed - Portal do Estado","robots":{"index":"index","follow":"follow","max-snippet":"max-snippet:-1","max-image-preview":"max-image-preview:large","max-video-preview":"max-video-preview:-1"},"canonical":"https:\/\/portaldoestado.com.br\/index.php\/2026\/03\/01\/andre-marques-curte-desfile-das-campeas-e-vibra-com-titulo-da-viradouro-na-sapucai\/","og_locale":"pt_BR","og_type":"article","og_title":"Andr\u00e9 Marques curte Desfile das Campe\u00e3s e vibra com t\u00edtulo da Viradouro na Sapuca\u00ed - Portal do Estado","og_description":"O \u00faltimo s\u00e1bado (21) foi de festa, reencontros e celebra\u00e7\u00e3o para Andr\u00e9 Marques, que marcou presen\u00e7a no Camarote N\u00b01 Brahma durante o Desfile das Campe\u00e3s, na Marqu\u00eas de Sapuca\u00ed. Em clima descontra\u00eddo, o apresentador falou sobre a energia da avenida e a emo\u00e7\u00e3o de acompanhar o encerramento do Carnaval 2026. Durante a noite, Andr\u00e9 destacou \u2026","og_url":"https:\/\/portaldoestado.com.br\/index.php\/2026\/03\/01\/andre-marques-curte-desfile-das-campeas-e-vibra-com-titulo-da-viradouro-na-sapucai\/","og_site_name":"Portal do Estado","article_published_time":"2026-03-01T08:34:23+00:00","og_image":[{"width":1024,"height":683,"url":"https:\/\/portaldoestado.com.br\/wp-content\/uploads\/2026\/03\/a33f86a5-db0c-4fda-abe5-bdec5e1b1fa9-1024x683.png","type":"image\/png"}],"author":"assessoriadefamosos","twitter_card":"summary_large_image","twitter_misc":{"Escrito por":"assessoriadefamosos","Est. tempo de leitura":"2 minutos"},"schema":{"@context":"https:\/\/schema.org","@graph":[{"@type":"Article","@id":"https:\/\/portaldoestado.com.br\/index.php\/2026\/03\/01\/andre-marques-curte-desfile-das-campeas-e-vibra-com-titulo-da-viradouro-na-sapucai\/#article","isPartOf":{"@id":"https:\/\/portaldoestado.com.br\/index.php\/2026\/03\/01\/andre-marques-curte-desfile-das-campeas-e-vibra-com-titulo-da-viradouro-na-sapucai\/"},"author":{"name":"assessoriadefamosos","@id":"https:\/\/portaldoestado.com.br\/#\/schema\/person\/5ca0174f3c8c84b59da62ea14b698cb9"},"headline":"Andr\u00e9 Marques curte Desfile das Campe\u00e3s e vibra com t\u00edtulo da Viradouro na Sapuca\u00ed","datePublished":"2026-03-01T08:34:23+00:00","mainEntityOfPage":{"@id":"https:\/\/portaldoestado.com.br\/index.php\/2026\/03\/01\/andre-marques-curte-desfile-das-campeas-e-vibra-com-titulo-da-viradouro-na-sapucai\/"},"wordCount":337,"publisher":{"@id":"https:\/\/portaldoestado.com.br\/#organization"},"image":{"@id":"https:\/\/portaldoestado.com.br\/index.php\/2026\/03\/01\/andre-marques-curte-desfile-das-campeas-e-vibra-com-titulo-da-viradouro-na-sapucai\/#primaryimage"},"thumbnailUrl":"https:\/\/portaldoestado.com.br\/wp-content\/uploads\/2026\/03\/a33f86a5-db0c-4fda-abe5-bdec5e1b1fa9.png","articleSection":["Famosos"],"inLanguage":"pt-BR"},{"@type":"WebPage","@id":"https:\/\/portaldoestado.com.br\/index.php\/2026\/03\/01\/andre-marques-curte-desfile-das-campeas-e-vibra-com-titulo-da-viradouro-na-sapucai\/","url":"https:\/\/portaldoestado.com.br\/index.php\/2026\/03\/01\/andre-marques-curte-desfile-das-campeas-e-vibra-com-titulo-da-viradouro-na-sapucai\/","name":"Andr\u00e9 Marques curte Desfile das Campe\u00e3s e vibra com t\u00edtulo da Viradouro na Sapuca\u00ed - Portal do Estado","isPartOf":{"@id":"https:\/\/portaldoestado.com.br\/#website"},"primaryImageOfPage":{"@id":"https:\/\/portaldoestado.com.br\/index.php\/2026\/03\/01\/andre-marques-curte-desfile-das-campeas-e-vibra-com-titulo-da-viradouro-na-sapucai\/#primaryimage"},"image":{"@id":"https:\/\/portaldoestado.com.br\/index.php\/2026\/03\/01\/andre-marques-curte-desfile-das-campeas-e-vibra-com-titulo-da-viradouro-na-sapucai\/#primaryimage"},"thumbnailUrl":"https:\/\/portaldoestado.com.br\/wp-content\/uploads\/2026\/03\/a33f86a5-db0c-4fda-abe5-bdec5e1b1fa9.png","datePublished":"2026-03-01T08:34:23+00:00","breadcrumb":{"@id":"https:\/\/portaldoestado.com.br\/index.php\/2026\/03\/01\/andre-marques-curte-desfile-das-campeas-e-vibra-com-titulo-da-viradouro-na-sapucai\/#breadcrumb"},"inLanguage":"pt-BR","potentialAction":[{"@type":"ReadAction","target":["https:\/\/portaldoestado.com.br\/index.php\/2026\/03\/01\/andre-marques-curte-desfile-das-campeas-e-vibra-com-titulo-da-viradouro-na-sapucai\/"]}]},{"@type":"ImageObject","inLanguage":"pt-BR","@id":"https:\/\/portaldoestado.com.br\/index.php\/2026\/03\/01\/andre-marques-curte-desfile-das-campeas-e-vibra-com-titulo-da-viradouro-na-sapucai\/#primaryimage","url":"https:\/\/portaldoestado.com.br\/wp-content\/uploads\/2026\/03\/a33f86a5-db0c-4fda-abe5-bdec5e1b1fa9.png","contentUrl":"https:\/\/portaldoestado.com.br\/wp-content\/uploads\/2026\/03\/a33f86a5-db0c-4fda-abe5-bdec5e1b1fa9.png","width":1536,"height":1024},{"@type":"BreadcrumbList","@id":"https:\/\/portaldoestado.com.br\/index.php\/2026\/03\/01\/andre-marques-curte-desfile-das-campeas-e-vibra-com-titulo-da-viradouro-na-sapucai\/#breadcrumb","itemListElement":[{"@type":"ListItem","position":1,"name":"In\u00edcio","item":"https:\/\/portaldoestado.com.br\/"},{"@type":"ListItem","position":2,"name":"Andr\u00e9 Marques curte Desfile das Campe\u00e3s e vibra com t\u00edtulo da Viradouro na Sapuca\u00ed"}]},{"@type":"WebSite","@id":"https:\/\/portaldoestado.com.br\/#website","url":"https:\/\/portaldoestado.com.br\/","name":"Portal do Estado","description":"","publisher":{"@id":"https:\/\/portaldoestado.com.br\/#organization"},"potentialAction":[{"@type":"SearchAction","target":{"@type":"EntryPoint","urlTemplate":"https:\/\/portaldoestado.com.br\/?s={search_term_string}"},"query-input":{"@type":"PropertyValueSpecification","valueRequired":true,"valueName":"search_term_string"}}],"inLanguage":"pt-BR"},{"@type":"Organization","@id":"https:\/\/portaldoestado.com.br\/#organization","name":"Portal do Estado","url":"https:\/\/portaldoestado.com.br\/","logo":{"@type":"ImageObject","inLanguage":"pt-BR","@id":"https:\/\/portaldoestado.com.br\/#\/schema\/logo\/image\/","url":"https:\/\/portaldoestado.com.br\/wp-content\/uploads\/2025\/04\/cropped-6f69b19a-6472-43bf-b1b3-e1910bbbd4e8.png","contentUrl":"https:\/\/portaldoestado.com.br\/wp-content\/uploads\/2025\/04\/cropped-6f69b19a-6472-43bf-b1b3-e1910bbbd4e8.png","width":1024,"height":350,"caption":"Portal do Estado"},"image":{"@id":"https:\/\/portaldoestado.com.br\/#\/schema\/logo\/image\/"}},{"@type":"Person","@id":"https:\/\/portaldoestado.com.br\/#\/schema\/person\/5ca0174f3c8c84b59da62ea14b698cb9","name":"assessoriadefamosos","image":{"@type":"ImageObject","inLanguage":"pt-BR","@id":"https:\/\/portaldoestado.com.br\/#\/schema\/person\/image\/","url":"https:\/\/secure.gravatar.com\/avatar\/a7acbdffcfbbae7240e59f47fe511ec5f5d8c252c779f0b8d9ab02a9e1d8c5ed?s=96&d=mm&r=g","contentUrl":"https:\/\/secure.gravatar.com\/avatar\/a7acbdffcfbbae7240e59f47fe511ec5f5d8c252c779f0b8d9ab02a9e1d8c5ed?s=96&d=mm&r=g","caption":"assessoriadefamosos"},"url":"https:\/\/portaldoestado.com.br\/index.php\/author\/assessoriadefamosos\/"}]}},"jetpack_featured_media_url":"https:\/\/portaldoestado.com.br\/wp-content\/uploads\/2026\/03\/a33f86a5-db0c-4fda-abe5-bdec5e1b1fa9.png","_links":{"self":[{"href":"https:\/\/portaldoestado.com.br\/index.php\/wp-json\/wp\/v2\/posts\/6954","targetHints":{"allow":["GET"]}}],"collection":[{"href":"https:\/\/portaldoestado.com.br\/index.php\/wp-json\/wp\/v2\/posts"}],"about":[{"href":"https:\/\/portaldoestado.com.br\/index.php\/wp-json\/wp\/v2\/types\/post"}],"author":[{"embeddable":true,"href":"https:\/\/portaldoestado.com.br\/index.php\/wp-json\/wp\/v2\/users\/2"}],"replies":[{"embeddable":true,"href":"https:\/\/portaldoestado.com.br\/index.php\/wp-json\/wp\/v2\/comments?post=6954"}],"version-history":[{"count":1,"href":"https:\/\/portaldoestado.com.br\/index.php\/wp-json\/wp\/v2\/posts\/6954\/revisions"}],"predecessor-version":[{"id":6955,"href":"https:\/\/portaldoestado.com.br\/index.php\/wp-json\/wp\/v2\/posts\/6954\/revisions\/6955"}],"wp:featuredmedia":[{"embeddable":true,"href":"https:\/\/portaldoestado.com.br\/index.php\/wp-json\/wp\/v2\/media\/6953"}],"wp:attachment":[{"href":"https:\/\/portaldoestado.com.br\/index.php\/wp-json\/wp\/v2\/media?parent=6954"}],"wp:term":[{"taxonomy":"category","embeddable":true,"href":"https:\/\/portaldoestado.com.br\/index.php\/wp-json\/wp\/v2\/categories?post=6954"},{"taxonomy":"post_tag","embeddable":true,"href":"https:\/\/portaldoestado.com.br\/index.php\/wp-json\/wp\/v2\/tags?post=6954"}],"curies":[{"name":"wp","href":"https:\/\/api.w.org\/{rel}","templated":true}]}}