{"id":6951,"date":"2026-03-01T08:18:08","date_gmt":"2026-03-01T08:18:08","guid":{"rendered":"https:\/\/portaldoestado.com.br\/?p=6951"},"modified":"2026-03-01T08:18:08","modified_gmt":"2026-03-01T08:18:08","slug":"sabrina-sato-faz-parada-no-camarote-n1-brahma-antes-de-maratona-entre-rio-e-sao-paulo","status":"publish","type":"post","link":"https:\/\/portaldoestado.com.br\/index.php\/2026\/03\/01\/sabrina-sato-faz-parada-no-camarote-n1-brahma-antes-de-maratona-entre-rio-e-sao-paulo\/","title":{"rendered":"Sabrina Sato faz parada no Camarote N\u00b01 Brahma antes de maratona entre Rio e S\u00e3o Paulo"},"content":{"rendered":"\n<p>Em meio ao clima de despedida do Carnaval 2026, Sabrina Sato fez uma r\u00e1pida parada no Camarote N\u00b01 Brahma, na noite do Desfile das Campe\u00e3s, no Samb\u00f3dromo da Marqu\u00eas de Sapuca\u00ed. Acompanhada de Nicolas Prattes, ela atendeu a imprensa e detalhou os bastidores de uma das agendas mais intensas da folia neste ano.<\/p>\n\n\n\n<p>Rainha de bateria da Unidos de Vila Isabel, Sabrina ainda tinha pela frente um deslocamento imediato para S\u00e3o Paulo, onde tamb\u00e9m desfila pela Gavi\u00f5es da Fiel, no Samb\u00f3dromo do Anhembi. Segundo ela, o planejamento foi feito para que n\u00e3o houvesse margem para atrasos.<\/p>\n\n\n\n<p>Durante a conversa, explicou que deixaria a avenida direto para o aeroporto, onde embarcaria rumo \u00e0 capital paulista. A estrat\u00e9gia inclui trocar figurino e maquiagem ainda durante o voo, garantindo chegada pronta para o desfile. \u201cJ\u00e1 deu certo\u201d, disse, ao comentar a confian\u00e7a na opera\u00e7\u00e3o montada por sua equipe.<\/p>\n\n\n\n<p>O casal tamb\u00e9m chamou aten\u00e7\u00e3o pelo clima de sintonia. Em um momento descontra\u00eddo, Sabrina e Nicolas trocaram um beijo diante dos fot\u00f3grafos. Questionada, a apresentadora afirmou que o ator \u00e9 mais rom\u00e2ntico e que a incentiva a viver o presente, algo que considera essencial em meio \u00e0 rotina intensa.<\/p>\n\n\n\n<p>Sabrina ainda falou sobre a participa\u00e7\u00e3o da filha, Zoe, na Sapuca\u00ed. A menina desfilou pela primeira vez e, segundo a m\u00e3e, apesar da timidez inicial, se encantou com o universo do samba. A experi\u00eancia, de acordo com Sabrina, foi marcante e despertou o interesse da crian\u00e7a pelo ambiente das escolas.<\/p>\n\n\n\n<p>Entre entrevistas, deslocamentos e dois desfiles em cidades diferentes, a apresentadora encerra o Carnaval 2026 mantendo o ritmo acelerado que j\u00e1 virou sua marca registrada na festa.<\/p>\n\n\n<!-- wp:image \"id\":105762,\"align\":\"center\" -->\n<figure class=\"wp-block-image aligncenter\"><img decoding=\"async\" src=\"https:\/\/tonafama.ig.com.br\/wp-content\/uploads\/2026\/03\/1ef8c3c0-5d82-4188-a080-d498c455f67d-1024x576.jpg\" alt=\"\" class=\"wp-image-105762\"\/><\/figure>\n<!-- \/wp:post-content -->\n\n<!-- wp:image \"id\":105763,\"align\":\"center\" -->\n<figure class=\"wp-block-image aligncenter\"><img decoding=\"async\" src=\"https:\/\/tonafama.ig.com.br\/wp-content\/uploads\/2026\/03\/4ee33de4-b068-48e0-b134-b6fcdd0a61fd-1024x576.jpg\" alt=\"\" class=\"wp-image-105763\"\/><\/figure>\n<!-- \/wp:image -->\n\n<!-- wp:image \"id\":105764,\"align\":\"center\" -->\n<figure class=\"wp-block-image aligncenter\"><img decoding=\"async\" src=\"https:\/\/tonafama.ig.com.br\/wp-content\/uploads\/2026\/03\/36ecc0ec-51af-44d2-b1c6-cc1615cb6fbf-1024x576.jpg\" alt=\"\" class=\"wp-image-105764\"\/><\/figure>\n<!-- \/wp:image -->","protected":false},"excerpt":{"rendered":"<p>Em meio ao clima de despedida do Carnaval 2026, Sabrina Sato fez uma r\u00e1pida parada no Camarote N\u00b01 Brahma, na noite do Desfile das Campe\u00e3s, no Samb\u00f3dromo da Marqu\u00eas de Sapuca\u00ed. Acompanhada de Nicolas Prattes, ela atendeu a imprensa e detalhou os bastidores de uma das agendas mais intensas da folia neste ano. Rainha de \u2026<\/p>\n","protected":false},"author":2,"featured_media":6950,"comment_status":"closed","ping_status":"open","sticky":false,"template":"","format":"standard","meta":{"footnotes":""},"categories":[68],"tags":[],"class_list":["post-6951","post","type-post","status-publish","format-standard","has-post-thumbnail","hentry","category-carnaval"],"yoast_head":"<!-- This site is optimized with the Yoast SEO plugin v25.5 - https:\/\/yoast.com\/wordpress\/plugins\/seo\/ -->\n<title>Sabrina Sato faz parada no Camarote N\u00b01 Brahma antes de maratona entre Rio e S\u00e3o Paulo - Portal do Estado<\/title>\n<meta name=\"robots\" content=\"index, follow, max-snippet:-1, max-image-preview:large, max-video-preview:-1\" \/>\n<link rel=\"canonical\" href=\"https:\/\/portaldoestado.com.br\/index.php\/2026\/03\/01\/sabrina-sato-faz-parada-no-camarote-n1-brahma-antes-de-maratona-entre-rio-e-sao-paulo\/\" \/>\n<meta property=\"og:locale\" content=\"pt_BR\" \/>\n<meta property=\"og:type\" content=\"article\" \/>\n<meta property=\"og:title\" content=\"Sabrina Sato faz parada no Camarote N\u00b01 Brahma antes de maratona entre Rio e S\u00e3o Paulo - Portal do Estado\" \/>\n<meta property=\"og:description\" content=\"Em meio ao clima de despedida do Carnaval 2026, Sabrina Sato fez uma r\u00e1pida parada no Camarote N\u00b01 Brahma, na noite do Desfile das Campe\u00e3s, no Samb\u00f3dromo da Marqu\u00eas de Sapuca\u00ed. Acompanhada de Nicolas Prattes, ela atendeu a imprensa e detalhou os bastidores de uma das agendas mais intensas da folia neste ano. Rainha de \u2026\" \/>\n<meta property=\"og:url\" content=\"https:\/\/portaldoestado.com.br\/index.php\/2026\/03\/01\/sabrina-sato-faz-parada-no-camarote-n1-brahma-antes-de-maratona-entre-rio-e-sao-paulo\/\" \/>\n<meta property=\"og:site_name\" content=\"Portal do Estado\" \/>\n<meta property=\"article:published_time\" content=\"2026-03-01T08:18:08+00:00\" \/>\n<meta property=\"og:image\" content=\"https:\/\/portaldoestado.com.br\/wp-content\/uploads\/2026\/03\/5578ad79-f7d5-47a9-bb30-ccb6f6765fe4.jpg\" \/>\n\t<meta property=\"og:image:width\" content=\"1280\" \/>\n\t<meta property=\"og:image:height\" content=\"720\" \/>\n\t<meta property=\"og:image:type\" content=\"image\/jpeg\" \/>\n<meta name=\"author\" content=\"assessoriadefamosos\" \/>\n<meta name=\"twitter:card\" content=\"summary_large_image\" \/>\n<meta name=\"twitter:label1\" content=\"Escrito por\" \/>\n\t<meta name=\"twitter:data1\" content=\"assessoriadefamosos\" \/>\n\t<meta name=\"twitter:label2\" content=\"Est. tempo de leitura\" \/>\n\t<meta name=\"twitter:data2\" content=\"1 minuto\" \/>\n<script type=\"application\/ld+json\" class=\"yoast-schema-graph\">{\"@context\":\"https:\/\/schema.org\",\"@graph\":[{\"@type\":\"Article\",\"@id\":\"https:\/\/portaldoestado.com.br\/index.php\/2026\/03\/01\/sabrina-sato-faz-parada-no-camarote-n1-brahma-antes-de-maratona-entre-rio-e-sao-paulo\/#article\",\"isPartOf\":{\"@id\":\"https:\/\/portaldoestado.com.br\/index.php\/2026\/03\/01\/sabrina-sato-faz-parada-no-camarote-n1-brahma-antes-de-maratona-entre-rio-e-sao-paulo\/\"},\"author\":{\"name\":\"assessoriadefamosos\",\"@id\":\"https:\/\/portaldoestado.com.br\/#\/schema\/person\/5ca0174f3c8c84b59da62ea14b698cb9\"},\"headline\":\"Sabrina Sato faz parada no Camarote N\u00b01 Brahma antes de maratona entre Rio e S\u00e3o Paulo\",\"datePublished\":\"2026-03-01T08:18:08+00:00\",\"mainEntityOfPage\":{\"@id\":\"https:\/\/portaldoestado.com.br\/index.php\/2026\/03\/01\/sabrina-sato-faz-parada-no-camarote-n1-brahma-antes-de-maratona-entre-rio-e-sao-paulo\/\"},\"wordCount\":304,\"publisher\":{\"@id\":\"https:\/\/portaldoestado.com.br\/#organization\"},\"image\":{\"@id\":\"https:\/\/portaldoestado.com.br\/index.php\/2026\/03\/01\/sabrina-sato-faz-parada-no-camarote-n1-brahma-antes-de-maratona-entre-rio-e-sao-paulo\/#primaryimage\"},\"thumbnailUrl\":\"https:\/\/portaldoestado.com.br\/wp-content\/uploads\/2026\/03\/5578ad79-f7d5-47a9-bb30-ccb6f6765fe4.jpg\",\"articleSection\":[\"Carnaval\"],\"inLanguage\":\"pt-BR\"},{\"@type\":\"WebPage\",\"@id\":\"https:\/\/portaldoestado.com.br\/index.php\/2026\/03\/01\/sabrina-sato-faz-parada-no-camarote-n1-brahma-antes-de-maratona-entre-rio-e-sao-paulo\/\",\"url\":\"https:\/\/portaldoestado.com.br\/index.php\/2026\/03\/01\/sabrina-sato-faz-parada-no-camarote-n1-brahma-antes-de-maratona-entre-rio-e-sao-paulo\/\",\"name\":\"Sabrina Sato faz parada no Camarote N\u00b01 Brahma antes de maratona entre Rio e S\u00e3o Paulo - Portal do Estado\",\"isPartOf\":{\"@id\":\"https:\/\/portaldoestado.com.br\/#website\"},\"primaryImageOfPage\":{\"@id\":\"https:\/\/portaldoestado.com.br\/index.php\/2026\/03\/01\/sabrina-sato-faz-parada-no-camarote-n1-brahma-antes-de-maratona-entre-rio-e-sao-paulo\/#primaryimage\"},\"image\":{\"@id\":\"https:\/\/portaldoestado.com.br\/index.php\/2026\/03\/01\/sabrina-sato-faz-parada-no-camarote-n1-brahma-antes-de-maratona-entre-rio-e-sao-paulo\/#primaryimage\"},\"thumbnailUrl\":\"https:\/\/portaldoestado.com.br\/wp-content\/uploads\/2026\/03\/5578ad79-f7d5-47a9-bb30-ccb6f6765fe4.jpg\",\"datePublished\":\"2026-03-01T08:18:08+00:00\",\"breadcrumb\":{\"@id\":\"https:\/\/portaldoestado.com.br\/index.php\/2026\/03\/01\/sabrina-sato-faz-parada-no-camarote-n1-brahma-antes-de-maratona-entre-rio-e-sao-paulo\/#breadcrumb\"},\"inLanguage\":\"pt-BR\",\"potentialAction\":[{\"@type\":\"ReadAction\",\"target\":[\"https:\/\/portaldoestado.com.br\/index.php\/2026\/03\/01\/sabrina-sato-faz-parada-no-camarote-n1-brahma-antes-de-maratona-entre-rio-e-sao-paulo\/\"]}]},{\"@type\":\"ImageObject\",\"inLanguage\":\"pt-BR\",\"@id\":\"https:\/\/portaldoestado.com.br\/index.php\/2026\/03\/01\/sabrina-sato-faz-parada-no-camarote-n1-brahma-antes-de-maratona-entre-rio-e-sao-paulo\/#primaryimage\",\"url\":\"https:\/\/portaldoestado.com.br\/wp-content\/uploads\/2026\/03\/5578ad79-f7d5-47a9-bb30-ccb6f6765fe4.jpg\",\"contentUrl\":\"https:\/\/portaldoestado.com.br\/wp-content\/uploads\/2026\/03\/5578ad79-f7d5-47a9-bb30-ccb6f6765fe4.jpg\",\"width\":1280,\"height\":720},{\"@type\":\"BreadcrumbList\",\"@id\":\"https:\/\/portaldoestado.com.br\/index.php\/2026\/03\/01\/sabrina-sato-faz-parada-no-camarote-n1-brahma-antes-de-maratona-entre-rio-e-sao-paulo\/#breadcrumb\",\"itemListElement\":[{\"@type\":\"ListItem\",\"position\":1,\"name\":\"In\u00edcio\",\"item\":\"https:\/\/portaldoestado.com.br\/\"},{\"@type\":\"ListItem\",\"position\":2,\"name\":\"Sabrina Sato faz parada no Camarote N\u00b01 Brahma antes de maratona entre Rio e S\u00e3o Paulo\"}]},{\"@type\":\"WebSite\",\"@id\":\"https:\/\/portaldoestado.com.br\/#website\",\"url\":\"https:\/\/portaldoestado.com.br\/\",\"name\":\"Portal do Estado\",\"description\":\"\",\"publisher\":{\"@id\":\"https:\/\/portaldoestado.com.br\/#organization\"},\"potentialAction\":[{\"@type\":\"SearchAction\",\"target\":{\"@type\":\"EntryPoint\",\"urlTemplate\":\"https:\/\/portaldoestado.com.br\/?s={search_term_string}\"},\"query-input\":{\"@type\":\"PropertyValueSpecification\",\"valueRequired\":true,\"valueName\":\"search_term_string\"}}],\"inLanguage\":\"pt-BR\"},{\"@type\":\"Organization\",\"@id\":\"https:\/\/portaldoestado.com.br\/#organization\",\"name\":\"Portal do Estado\",\"url\":\"https:\/\/portaldoestado.com.br\/\",\"logo\":{\"@type\":\"ImageObject\",\"inLanguage\":\"pt-BR\",\"@id\":\"https:\/\/portaldoestado.com.br\/#\/schema\/logo\/image\/\",\"url\":\"https:\/\/portaldoestado.com.br\/wp-content\/uploads\/2025\/04\/cropped-6f69b19a-6472-43bf-b1b3-e1910bbbd4e8.png\",\"contentUrl\":\"https:\/\/portaldoestado.com.br\/wp-content\/uploads\/2025\/04\/cropped-6f69b19a-6472-43bf-b1b3-e1910bbbd4e8.png\",\"width\":1024,\"height\":350,\"caption\":\"Portal do Estado\"},\"image\":{\"@id\":\"https:\/\/portaldoestado.com.br\/#\/schema\/logo\/image\/\"}},{\"@type\":\"Person\",\"@id\":\"https:\/\/portaldoestado.com.br\/#\/schema\/person\/5ca0174f3c8c84b59da62ea14b698cb9\",\"name\":\"assessoriadefamosos\",\"image\":{\"@type\":\"ImageObject\",\"inLanguage\":\"pt-BR\",\"@id\":\"https:\/\/portaldoestado.com.br\/#\/schema\/person\/image\/\",\"url\":\"https:\/\/secure.gravatar.com\/avatar\/a7acbdffcfbbae7240e59f47fe511ec5f5d8c252c779f0b8d9ab02a9e1d8c5ed?s=96&d=mm&r=g\",\"contentUrl\":\"https:\/\/secure.gravatar.com\/avatar\/a7acbdffcfbbae7240e59f47fe511ec5f5d8c252c779f0b8d9ab02a9e1d8c5ed?s=96&d=mm&r=g\",\"caption\":\"assessoriadefamosos\"},\"url\":\"https:\/\/portaldoestado.com.br\/index.php\/author\/assessoriadefamosos\/\"}]}<\/script>\n<!-- \/ Yoast SEO plugin. -->","yoast_head_json":{"title":"Sabrina Sato faz parada no Camarote N\u00b01 Brahma antes de maratona entre Rio e S\u00e3o Paulo - Portal do Estado","robots":{"index":"index","follow":"follow","max-snippet":"max-snippet:-1","max-image-preview":"max-image-preview:large","max-video-preview":"max-video-preview:-1"},"canonical":"https:\/\/portaldoestado.com.br\/index.php\/2026\/03\/01\/sabrina-sato-faz-parada-no-camarote-n1-brahma-antes-de-maratona-entre-rio-e-sao-paulo\/","og_locale":"pt_BR","og_type":"article","og_title":"Sabrina Sato faz parada no Camarote N\u00b01 Brahma antes de maratona entre Rio e S\u00e3o Paulo - Portal do Estado","og_description":"Em meio ao clima de despedida do Carnaval 2026, Sabrina Sato fez uma r\u00e1pida parada no Camarote N\u00b01 Brahma, na noite do Desfile das Campe\u00e3s, no Samb\u00f3dromo da Marqu\u00eas de Sapuca\u00ed. Acompanhada de Nicolas Prattes, ela atendeu a imprensa e detalhou os bastidores de uma das agendas mais intensas da folia neste ano. Rainha de \u2026","og_url":"https:\/\/portaldoestado.com.br\/index.php\/2026\/03\/01\/sabrina-sato-faz-parada-no-camarote-n1-brahma-antes-de-maratona-entre-rio-e-sao-paulo\/","og_site_name":"Portal do Estado","article_published_time":"2026-03-01T08:18:08+00:00","og_image":[{"width":1280,"height":720,"url":"https:\/\/portaldoestado.com.br\/wp-content\/uploads\/2026\/03\/5578ad79-f7d5-47a9-bb30-ccb6f6765fe4.jpg","type":"image\/jpeg"}],"author":"assessoriadefamosos","twitter_card":"summary_large_image","twitter_misc":{"Escrito por":"assessoriadefamosos","Est. tempo de leitura":"1 minuto"},"schema":{"@context":"https:\/\/schema.org","@graph":[{"@type":"Article","@id":"https:\/\/portaldoestado.com.br\/index.php\/2026\/03\/01\/sabrina-sato-faz-parada-no-camarote-n1-brahma-antes-de-maratona-entre-rio-e-sao-paulo\/#article","isPartOf":{"@id":"https:\/\/portaldoestado.com.br\/index.php\/2026\/03\/01\/sabrina-sato-faz-parada-no-camarote-n1-brahma-antes-de-maratona-entre-rio-e-sao-paulo\/"},"author":{"name":"assessoriadefamosos","@id":"https:\/\/portaldoestado.com.br\/#\/schema\/person\/5ca0174f3c8c84b59da62ea14b698cb9"},"headline":"Sabrina Sato faz parada no Camarote N\u00b01 Brahma antes de maratona entre Rio e S\u00e3o Paulo","datePublished":"2026-03-01T08:18:08+00:00","mainEntityOfPage":{"@id":"https:\/\/portaldoestado.com.br\/index.php\/2026\/03\/01\/sabrina-sato-faz-parada-no-camarote-n1-brahma-antes-de-maratona-entre-rio-e-sao-paulo\/"},"wordCount":304,"publisher":{"@id":"https:\/\/portaldoestado.com.br\/#organization"},"image":{"@id":"https:\/\/portaldoestado.com.br\/index.php\/2026\/03\/01\/sabrina-sato-faz-parada-no-camarote-n1-brahma-antes-de-maratona-entre-rio-e-sao-paulo\/#primaryimage"},"thumbnailUrl":"https:\/\/portaldoestado.com.br\/wp-content\/uploads\/2026\/03\/5578ad79-f7d5-47a9-bb30-ccb6f6765fe4.jpg","articleSection":["Carnaval"],"inLanguage":"pt-BR"},{"@type":"WebPage","@id":"https:\/\/portaldoestado.com.br\/index.php\/2026\/03\/01\/sabrina-sato-faz-parada-no-camarote-n1-brahma-antes-de-maratona-entre-rio-e-sao-paulo\/","url":"https:\/\/portaldoestado.com.br\/index.php\/2026\/03\/01\/sabrina-sato-faz-parada-no-camarote-n1-brahma-antes-de-maratona-entre-rio-e-sao-paulo\/","name":"Sabrina Sato faz parada no Camarote N\u00b01 Brahma antes de maratona entre Rio e S\u00e3o Paulo - Portal do Estado","isPartOf":{"@id":"https:\/\/portaldoestado.com.br\/#website"},"primaryImageOfPage":{"@id":"https:\/\/portaldoestado.com.br\/index.php\/2026\/03\/01\/sabrina-sato-faz-parada-no-camarote-n1-brahma-antes-de-maratona-entre-rio-e-sao-paulo\/#primaryimage"},"image":{"@id":"https:\/\/portaldoestado.com.br\/index.php\/2026\/03\/01\/sabrina-sato-faz-parada-no-camarote-n1-brahma-antes-de-maratona-entre-rio-e-sao-paulo\/#primaryimage"},"thumbnailUrl":"https:\/\/portaldoestado.com.br\/wp-content\/uploads\/2026\/03\/5578ad79-f7d5-47a9-bb30-ccb6f6765fe4.jpg","datePublished":"2026-03-01T08:18:08+00:00","breadcrumb":{"@id":"https:\/\/portaldoestado.com.br\/index.php\/2026\/03\/01\/sabrina-sato-faz-parada-no-camarote-n1-brahma-antes-de-maratona-entre-rio-e-sao-paulo\/#breadcrumb"},"inLanguage":"pt-BR","potentialAction":[{"@type":"ReadAction","target":["https:\/\/portaldoestado.com.br\/index.php\/2026\/03\/01\/sabrina-sato-faz-parada-no-camarote-n1-brahma-antes-de-maratona-entre-rio-e-sao-paulo\/"]}]},{"@type":"ImageObject","inLanguage":"pt-BR","@id":"https:\/\/portaldoestado.com.br\/index.php\/2026\/03\/01\/sabrina-sato-faz-parada-no-camarote-n1-brahma-antes-de-maratona-entre-rio-e-sao-paulo\/#primaryimage","url":"https:\/\/portaldoestado.com.br\/wp-content\/uploads\/2026\/03\/5578ad79-f7d5-47a9-bb30-ccb6f6765fe4.jpg","contentUrl":"https:\/\/portaldoestado.com.br\/wp-content\/uploads\/2026\/03\/5578ad79-f7d5-47a9-bb30-ccb6f6765fe4.jpg","width":1280,"height":720},{"@type":"BreadcrumbList","@id":"https:\/\/portaldoestado.com.br\/index.php\/2026\/03\/01\/sabrina-sato-faz-parada-no-camarote-n1-brahma-antes-de-maratona-entre-rio-e-sao-paulo\/#breadcrumb","itemListElement":[{"@type":"ListItem","position":1,"name":"In\u00edcio","item":"https:\/\/portaldoestado.com.br\/"},{"@type":"ListItem","position":2,"name":"Sabrina Sato faz parada no Camarote N\u00b01 Brahma antes de maratona entre Rio e S\u00e3o Paulo"}]},{"@type":"WebSite","@id":"https:\/\/portaldoestado.com.br\/#website","url":"https:\/\/portaldoestado.com.br\/","name":"Portal do Estado","description":"","publisher":{"@id":"https:\/\/portaldoestado.com.br\/#organization"},"potentialAction":[{"@type":"SearchAction","target":{"@type":"EntryPoint","urlTemplate":"https:\/\/portaldoestado.com.br\/?s={search_term_string}"},"query-input":{"@type":"PropertyValueSpecification","valueRequired":true,"valueName":"search_term_string"}}],"inLanguage":"pt-BR"},{"@type":"Organization","@id":"https:\/\/portaldoestado.com.br\/#organization","name":"Portal do Estado","url":"https:\/\/portaldoestado.com.br\/","logo":{"@type":"ImageObject","inLanguage":"pt-BR","@id":"https:\/\/portaldoestado.com.br\/#\/schema\/logo\/image\/","url":"https:\/\/portaldoestado.com.br\/wp-content\/uploads\/2025\/04\/cropped-6f69b19a-6472-43bf-b1b3-e1910bbbd4e8.png","contentUrl":"https:\/\/portaldoestado.com.br\/wp-content\/uploads\/2025\/04\/cropped-6f69b19a-6472-43bf-b1b3-e1910bbbd4e8.png","width":1024,"height":350,"caption":"Portal do Estado"},"image":{"@id":"https:\/\/portaldoestado.com.br\/#\/schema\/logo\/image\/"}},{"@type":"Person","@id":"https:\/\/portaldoestado.com.br\/#\/schema\/person\/5ca0174f3c8c84b59da62ea14b698cb9","name":"assessoriadefamosos","image":{"@type":"ImageObject","inLanguage":"pt-BR","@id":"https:\/\/portaldoestado.com.br\/#\/schema\/person\/image\/","url":"https:\/\/secure.gravatar.com\/avatar\/a7acbdffcfbbae7240e59f47fe511ec5f5d8c252c779f0b8d9ab02a9e1d8c5ed?s=96&d=mm&r=g","contentUrl":"https:\/\/secure.gravatar.com\/avatar\/a7acbdffcfbbae7240e59f47fe511ec5f5d8c252c779f0b8d9ab02a9e1d8c5ed?s=96&d=mm&r=g","caption":"assessoriadefamosos"},"url":"https:\/\/portaldoestado.com.br\/index.php\/author\/assessoriadefamosos\/"}]}},"jetpack_featured_media_url":"https:\/\/portaldoestado.com.br\/wp-content\/uploads\/2026\/03\/5578ad79-f7d5-47a9-bb30-ccb6f6765fe4.jpg","_links":{"self":[{"href":"https:\/\/portaldoestado.com.br\/index.php\/wp-json\/wp\/v2\/posts\/6951","targetHints":{"allow":["GET"]}}],"collection":[{"href":"https:\/\/portaldoestado.com.br\/index.php\/wp-json\/wp\/v2\/posts"}],"about":[{"href":"https:\/\/portaldoestado.com.br\/index.php\/wp-json\/wp\/v2\/types\/post"}],"author":[{"embeddable":true,"href":"https:\/\/portaldoestado.com.br\/index.php\/wp-json\/wp\/v2\/users\/2"}],"replies":[{"embeddable":true,"href":"https:\/\/portaldoestado.com.br\/index.php\/wp-json\/wp\/v2\/comments?post=6951"}],"version-history":[{"count":1,"href":"https:\/\/portaldoestado.com.br\/index.php\/wp-json\/wp\/v2\/posts\/6951\/revisions"}],"predecessor-version":[{"id":6952,"href":"https:\/\/portaldoestado.com.br\/index.php\/wp-json\/wp\/v2\/posts\/6951\/revisions\/6952"}],"wp:featuredmedia":[{"embeddable":true,"href":"https:\/\/portaldoestado.com.br\/index.php\/wp-json\/wp\/v2\/media\/6950"}],"wp:attachment":[{"href":"https:\/\/portaldoestado.com.br\/index.php\/wp-json\/wp\/v2\/media?parent=6951"}],"wp:term":[{"taxonomy":"category","embeddable":true,"href":"https:\/\/portaldoestado.com.br\/index.php\/wp-json\/wp\/v2\/categories?post=6951"},{"taxonomy":"post_tag","embeddable":true,"href":"https:\/\/portaldoestado.com.br\/index.php\/wp-json\/wp\/v2\/tags?post=6951"}],"curies":[{"name":"wp","href":"https:\/\/api.w.org\/{rel}","templated":true}]}}