{"id":6918,"date":"2026-02-27T00:47:10","date_gmt":"2026-02-27T00:47:10","guid":{"rendered":"https:\/\/portaldoestado.com.br\/?p=6918"},"modified":"2026-02-27T00:47:10","modified_gmt":"2026-02-27T00:47:10","slug":"cantora-edy-liz-lanca-cai-na-sua-labia-no-dia-do-proprio-casamento-e-aniversario","status":"publish","type":"post","link":"https:\/\/portaldoestado.com.br\/index.php\/2026\/02\/27\/cantora-edy-liz-lanca-cai-na-sua-labia-no-dia-do-proprio-casamento-e-aniversario\/","title":{"rendered":"Cantora Edy Liz lan\u00e7a \u201cCa\u00ed na Sua L\u00e1bia\u201d no dia do pr\u00f3prio casamento e anivers\u00e1rio"},"content":{"rendered":"\n<p>A cantora catarinense Edy Liz vive um dos momentos mais simb\u00f3licos de sua trajet\u00f3ria pessoal e art\u00edstica. No dia 21 de fevereiro de 2026, data em que celebra seu anivers\u00e1rio e oficializa seu casamento com o empres\u00e1rio Daniel Galdino, a artista lan\u00e7a o novo single \u201cCa\u00ed na Sua L\u00e1bia\u201d, marcando uma nova fase em sua carreira solo.<\/p>\n\n\n\n<p>Com composi\u00e7\u00e3o de Jouber Albuquerque \u2014 psicanalista e influenciador conhecido como \u201co homem que entende as mulheres\u201d \u2014, a faixa traz uma interpreta\u00e7\u00e3o intensa e feminina, alinhada \u00e0 for\u00e7a do sertanejo contempor\u00e2neo. A m\u00fasica aborda, com franqueza e emo\u00e7\u00e3o, sentimentos de desejo, vulnerabilidade e rendi\u00e7\u00e3o, temas que dialogam diretamente com o p\u00fablico feminino.<\/p>\n\n\n\n<p>Natural de Presidente Nereu, Edy Liz ficou mais vis\u00edvel para o p\u00fablico de Santa Catarina em 2024, com o lan\u00e7amento de seu primeiro trabalho autoral, \u201cSentimento Louco\u201d. Ap\u00f3s mais de uma d\u00e9cada de estrada com a Banda Seven, a artista vem investindo na carreira solo nos \u00faltimos dois anos, buscando consolidar sua identidade musical e sua conex\u00e3o com o p\u00fablico.<\/p>\n\n\n\n<p>O amor pela m\u00fasica, conta Edy, vem desde a inf\u00e2ncia na ro\u00e7a, quando ajudava o pai a plantar fumo. \u201cSou t\u00e3o apaixonada por cantar que qualquer lugar pode se transformar em um palco\u201d, afirma. Essa ess\u00eancia se traduziu em um momento viral que marcou sua trajet\u00f3ria: ao retornar de Presidente Nereu para Blumenau, em agosto do ano passado, um congestionamento de 1h30 na BR-470 transformou-se em palco improvisado. Com o noivo segurando uma caixa de som, Edy foi para o acostamento e cantou para motoristas e passageiros.\nEles tinham ido visitar a sua fam\u00edlia para passarem juntos o anivers\u00e1rio de 2 anos da partida da sua amada m\u00e3e. Ela s\u00f3 n\u00e3o sabia que seria surpreendida com um pedido de casamento do noivo Daniel e presen\u00e7a de amigos e da fam\u00edlia. \u201cEu estava muito feliz e como amo cantar, foi uma forma de extravasar minha alegria\u201d, lembra Edy. O \u201cshow na BR\u201d rodou as redes e consolidou a artista como presen\u00e7a afetiva e espont\u00e2nea na cena.<\/p>\n\n\n\n<h2 class=\"wp-block-heading\">Redes sociais e links oficiais<\/h2>\n\n\n\n<p>Instagram: @edylizcantora\nSite: <a href=\"https:\/\/edyliz.com.br\" target=\"_blank\" rel=\"noreferrer noopener\">https:\/\/edyliz.com.br<\/a><\/p>\n\n\n\n<p>Instagram do compositor: @jouberalbuquerque<\/p>\n","protected":false},"excerpt":{"rendered":"<p>A cantora catarinense Edy Liz vive um dos momentos mais simb\u00f3licos de sua trajet\u00f3ria pessoal e art\u00edstica. No dia 21 de fevereiro de 2026, data em que celebra seu anivers\u00e1rio e oficializa seu casamento com o empres\u00e1rio Daniel Galdino, a artista lan\u00e7a o novo single \u201cCa\u00ed na Sua L\u00e1bia\u201d, marcando uma nova fase em sua \u2026<\/p>\n","protected":false},"author":2,"featured_media":6917,"comment_status":"closed","ping_status":"open","sticky":false,"template":"","format":"standard","meta":{"footnotes":""},"categories":[8],"tags":[],"class_list":["post-6918","post","type-post","status-publish","format-standard","has-post-thumbnail","hentry","category-musica"],"yoast_head":"<!-- This site is optimized with the Yoast SEO plugin v25.5 - https:\/\/yoast.com\/wordpress\/plugins\/seo\/ -->\n<title>Cantora Edy Liz lan\u00e7a \u201cCa\u00ed na Sua L\u00e1bia\u201d no dia do pr\u00f3prio casamento e anivers\u00e1rio - Portal do Estado<\/title>\n<meta name=\"robots\" content=\"index, follow, max-snippet:-1, max-image-preview:large, max-video-preview:-1\" \/>\n<link rel=\"canonical\" href=\"https:\/\/portaldoestado.com.br\/index.php\/2026\/02\/27\/cantora-edy-liz-lanca-cai-na-sua-labia-no-dia-do-proprio-casamento-e-aniversario\/\" \/>\n<meta property=\"og:locale\" content=\"pt_BR\" \/>\n<meta property=\"og:type\" content=\"article\" \/>\n<meta property=\"og:title\" content=\"Cantora Edy Liz lan\u00e7a \u201cCa\u00ed na Sua L\u00e1bia\u201d no dia do pr\u00f3prio casamento e anivers\u00e1rio - Portal do Estado\" \/>\n<meta property=\"og:description\" content=\"A cantora catarinense Edy Liz vive um dos momentos mais simb\u00f3licos de sua trajet\u00f3ria pessoal e art\u00edstica. No dia 21 de fevereiro de 2026, data em que celebra seu anivers\u00e1rio e oficializa seu casamento com o empres\u00e1rio Daniel Galdino, a artista lan\u00e7a o novo single \u201cCa\u00ed na Sua L\u00e1bia\u201d, marcando uma nova fase em sua \u2026\" \/>\n<meta property=\"og:url\" content=\"https:\/\/portaldoestado.com.br\/index.php\/2026\/02\/27\/cantora-edy-liz-lanca-cai-na-sua-labia-no-dia-do-proprio-casamento-e-aniversario\/\" \/>\n<meta property=\"og:site_name\" content=\"Portal do Estado\" \/>\n<meta property=\"article:published_time\" content=\"2026-02-27T00:47:10+00:00\" \/>\n<meta property=\"og:image\" content=\"https:\/\/portaldoestado.com.br\/wp-content\/uploads\/2026\/02\/2602r2026-Copy.jpg\" \/>\n\t<meta property=\"og:image:width\" content=\"800\" \/>\n\t<meta property=\"og:image:height\" content=\"492\" \/>\n\t<meta property=\"og:image:type\" content=\"image\/jpeg\" \/>\n<meta name=\"author\" content=\"assessoriadefamosos\" \/>\n<meta name=\"twitter:card\" content=\"summary_large_image\" \/>\n<meta name=\"twitter:label1\" content=\"Escrito por\" \/>\n\t<meta name=\"twitter:data1\" content=\"assessoriadefamosos\" \/>\n\t<meta name=\"twitter:label2\" content=\"Est. tempo de leitura\" \/>\n\t<meta name=\"twitter:data2\" content=\"2 minutos\" \/>\n<script type=\"application\/ld+json\" class=\"yoast-schema-graph\">{\"@context\":\"https:\/\/schema.org\",\"@graph\":[{\"@type\":\"Article\",\"@id\":\"https:\/\/portaldoestado.com.br\/index.php\/2026\/02\/27\/cantora-edy-liz-lanca-cai-na-sua-labia-no-dia-do-proprio-casamento-e-aniversario\/#article\",\"isPartOf\":{\"@id\":\"https:\/\/portaldoestado.com.br\/index.php\/2026\/02\/27\/cantora-edy-liz-lanca-cai-na-sua-labia-no-dia-do-proprio-casamento-e-aniversario\/\"},\"author\":{\"name\":\"assessoriadefamosos\",\"@id\":\"https:\/\/portaldoestado.com.br\/#\/schema\/person\/5ca0174f3c8c84b59da62ea14b698cb9\"},\"headline\":\"Cantora Edy Liz lan\u00e7a \u201cCa\u00ed na Sua L\u00e1bia\u201d no dia do pr\u00f3prio casamento e anivers\u00e1rio\",\"datePublished\":\"2026-02-27T00:47:10+00:00\",\"mainEntityOfPage\":{\"@id\":\"https:\/\/portaldoestado.com.br\/index.php\/2026\/02\/27\/cantora-edy-liz-lanca-cai-na-sua-labia-no-dia-do-proprio-casamento-e-aniversario\/\"},\"wordCount\":399,\"publisher\":{\"@id\":\"https:\/\/portaldoestado.com.br\/#organization\"},\"image\":{\"@id\":\"https:\/\/portaldoestado.com.br\/index.php\/2026\/02\/27\/cantora-edy-liz-lanca-cai-na-sua-labia-no-dia-do-proprio-casamento-e-aniversario\/#primaryimage\"},\"thumbnailUrl\":\"https:\/\/portaldoestado.com.br\/wp-content\/uploads\/2026\/02\/2602r2026-Copy.jpg\",\"articleSection\":[\"M\u00fasica\"],\"inLanguage\":\"pt-BR\"},{\"@type\":\"WebPage\",\"@id\":\"https:\/\/portaldoestado.com.br\/index.php\/2026\/02\/27\/cantora-edy-liz-lanca-cai-na-sua-labia-no-dia-do-proprio-casamento-e-aniversario\/\",\"url\":\"https:\/\/portaldoestado.com.br\/index.php\/2026\/02\/27\/cantora-edy-liz-lanca-cai-na-sua-labia-no-dia-do-proprio-casamento-e-aniversario\/\",\"name\":\"Cantora Edy Liz lan\u00e7a \u201cCa\u00ed na Sua L\u00e1bia\u201d no dia do pr\u00f3prio casamento e anivers\u00e1rio - Portal do Estado\",\"isPartOf\":{\"@id\":\"https:\/\/portaldoestado.com.br\/#website\"},\"primaryImageOfPage\":{\"@id\":\"https:\/\/portaldoestado.com.br\/index.php\/2026\/02\/27\/cantora-edy-liz-lanca-cai-na-sua-labia-no-dia-do-proprio-casamento-e-aniversario\/#primaryimage\"},\"image\":{\"@id\":\"https:\/\/portaldoestado.com.br\/index.php\/2026\/02\/27\/cantora-edy-liz-lanca-cai-na-sua-labia-no-dia-do-proprio-casamento-e-aniversario\/#primaryimage\"},\"thumbnailUrl\":\"https:\/\/portaldoestado.com.br\/wp-content\/uploads\/2026\/02\/2602r2026-Copy.jpg\",\"datePublished\":\"2026-02-27T00:47:10+00:00\",\"breadcrumb\":{\"@id\":\"https:\/\/portaldoestado.com.br\/index.php\/2026\/02\/27\/cantora-edy-liz-lanca-cai-na-sua-labia-no-dia-do-proprio-casamento-e-aniversario\/#breadcrumb\"},\"inLanguage\":\"pt-BR\",\"potentialAction\":[{\"@type\":\"ReadAction\",\"target\":[\"https:\/\/portaldoestado.com.br\/index.php\/2026\/02\/27\/cantora-edy-liz-lanca-cai-na-sua-labia-no-dia-do-proprio-casamento-e-aniversario\/\"]}]},{\"@type\":\"ImageObject\",\"inLanguage\":\"pt-BR\",\"@id\":\"https:\/\/portaldoestado.com.br\/index.php\/2026\/02\/27\/cantora-edy-liz-lanca-cai-na-sua-labia-no-dia-do-proprio-casamento-e-aniversario\/#primaryimage\",\"url\":\"https:\/\/portaldoestado.com.br\/wp-content\/uploads\/2026\/02\/2602r2026-Copy.jpg\",\"contentUrl\":\"https:\/\/portaldoestado.com.br\/wp-content\/uploads\/2026\/02\/2602r2026-Copy.jpg\",\"width\":800,\"height\":492},{\"@type\":\"BreadcrumbList\",\"@id\":\"https:\/\/portaldoestado.com.br\/index.php\/2026\/02\/27\/cantora-edy-liz-lanca-cai-na-sua-labia-no-dia-do-proprio-casamento-e-aniversario\/#breadcrumb\",\"itemListElement\":[{\"@type\":\"ListItem\",\"position\":1,\"name\":\"In\u00edcio\",\"item\":\"https:\/\/portaldoestado.com.br\/\"},{\"@type\":\"ListItem\",\"position\":2,\"name\":\"Cantora Edy Liz lan\u00e7a \u201cCa\u00ed na Sua L\u00e1bia\u201d no dia do pr\u00f3prio casamento e anivers\u00e1rio\"}]},{\"@type\":\"WebSite\",\"@id\":\"https:\/\/portaldoestado.com.br\/#website\",\"url\":\"https:\/\/portaldoestado.com.br\/\",\"name\":\"Portal do Estado\",\"description\":\"\",\"publisher\":{\"@id\":\"https:\/\/portaldoestado.com.br\/#organization\"},\"potentialAction\":[{\"@type\":\"SearchAction\",\"target\":{\"@type\":\"EntryPoint\",\"urlTemplate\":\"https:\/\/portaldoestado.com.br\/?s={search_term_string}\"},\"query-input\":{\"@type\":\"PropertyValueSpecification\",\"valueRequired\":true,\"valueName\":\"search_term_string\"}}],\"inLanguage\":\"pt-BR\"},{\"@type\":\"Organization\",\"@id\":\"https:\/\/portaldoestado.com.br\/#organization\",\"name\":\"Portal do Estado\",\"url\":\"https:\/\/portaldoestado.com.br\/\",\"logo\":{\"@type\":\"ImageObject\",\"inLanguage\":\"pt-BR\",\"@id\":\"https:\/\/portaldoestado.com.br\/#\/schema\/logo\/image\/\",\"url\":\"https:\/\/portaldoestado.com.br\/wp-content\/uploads\/2025\/04\/cropped-6f69b19a-6472-43bf-b1b3-e1910bbbd4e8.png\",\"contentUrl\":\"https:\/\/portaldoestado.com.br\/wp-content\/uploads\/2025\/04\/cropped-6f69b19a-6472-43bf-b1b3-e1910bbbd4e8.png\",\"width\":1024,\"height\":350,\"caption\":\"Portal do Estado\"},\"image\":{\"@id\":\"https:\/\/portaldoestado.com.br\/#\/schema\/logo\/image\/\"}},{\"@type\":\"Person\",\"@id\":\"https:\/\/portaldoestado.com.br\/#\/schema\/person\/5ca0174f3c8c84b59da62ea14b698cb9\",\"name\":\"assessoriadefamosos\",\"image\":{\"@type\":\"ImageObject\",\"inLanguage\":\"pt-BR\",\"@id\":\"https:\/\/portaldoestado.com.br\/#\/schema\/person\/image\/\",\"url\":\"https:\/\/secure.gravatar.com\/avatar\/a7acbdffcfbbae7240e59f47fe511ec5f5d8c252c779f0b8d9ab02a9e1d8c5ed?s=96&d=mm&r=g\",\"contentUrl\":\"https:\/\/secure.gravatar.com\/avatar\/a7acbdffcfbbae7240e59f47fe511ec5f5d8c252c779f0b8d9ab02a9e1d8c5ed?s=96&d=mm&r=g\",\"caption\":\"assessoriadefamosos\"},\"url\":\"https:\/\/portaldoestado.com.br\/index.php\/author\/assessoriadefamosos\/\"}]}<\/script>\n<!-- \/ Yoast SEO plugin. -->","yoast_head_json":{"title":"Cantora Edy Liz lan\u00e7a \u201cCa\u00ed na Sua L\u00e1bia\u201d no dia do pr\u00f3prio casamento e anivers\u00e1rio - Portal do Estado","robots":{"index":"index","follow":"follow","max-snippet":"max-snippet:-1","max-image-preview":"max-image-preview:large","max-video-preview":"max-video-preview:-1"},"canonical":"https:\/\/portaldoestado.com.br\/index.php\/2026\/02\/27\/cantora-edy-liz-lanca-cai-na-sua-labia-no-dia-do-proprio-casamento-e-aniversario\/","og_locale":"pt_BR","og_type":"article","og_title":"Cantora Edy Liz lan\u00e7a \u201cCa\u00ed na Sua L\u00e1bia\u201d no dia do pr\u00f3prio casamento e anivers\u00e1rio - Portal do Estado","og_description":"A cantora catarinense Edy Liz vive um dos momentos mais simb\u00f3licos de sua trajet\u00f3ria pessoal e art\u00edstica. No dia 21 de fevereiro de 2026, data em que celebra seu anivers\u00e1rio e oficializa seu casamento com o empres\u00e1rio Daniel Galdino, a artista lan\u00e7a o novo single \u201cCa\u00ed na Sua L\u00e1bia\u201d, marcando uma nova fase em sua \u2026","og_url":"https:\/\/portaldoestado.com.br\/index.php\/2026\/02\/27\/cantora-edy-liz-lanca-cai-na-sua-labia-no-dia-do-proprio-casamento-e-aniversario\/","og_site_name":"Portal do Estado","article_published_time":"2026-02-27T00:47:10+00:00","og_image":[{"width":800,"height":492,"url":"https:\/\/portaldoestado.com.br\/wp-content\/uploads\/2026\/02\/2602r2026-Copy.jpg","type":"image\/jpeg"}],"author":"assessoriadefamosos","twitter_card":"summary_large_image","twitter_misc":{"Escrito por":"assessoriadefamosos","Est. tempo de leitura":"2 minutos"},"schema":{"@context":"https:\/\/schema.org","@graph":[{"@type":"Article","@id":"https:\/\/portaldoestado.com.br\/index.php\/2026\/02\/27\/cantora-edy-liz-lanca-cai-na-sua-labia-no-dia-do-proprio-casamento-e-aniversario\/#article","isPartOf":{"@id":"https:\/\/portaldoestado.com.br\/index.php\/2026\/02\/27\/cantora-edy-liz-lanca-cai-na-sua-labia-no-dia-do-proprio-casamento-e-aniversario\/"},"author":{"name":"assessoriadefamosos","@id":"https:\/\/portaldoestado.com.br\/#\/schema\/person\/5ca0174f3c8c84b59da62ea14b698cb9"},"headline":"Cantora Edy Liz lan\u00e7a \u201cCa\u00ed na Sua L\u00e1bia\u201d no dia do pr\u00f3prio casamento e anivers\u00e1rio","datePublished":"2026-02-27T00:47:10+00:00","mainEntityOfPage":{"@id":"https:\/\/portaldoestado.com.br\/index.php\/2026\/02\/27\/cantora-edy-liz-lanca-cai-na-sua-labia-no-dia-do-proprio-casamento-e-aniversario\/"},"wordCount":399,"publisher":{"@id":"https:\/\/portaldoestado.com.br\/#organization"},"image":{"@id":"https:\/\/portaldoestado.com.br\/index.php\/2026\/02\/27\/cantora-edy-liz-lanca-cai-na-sua-labia-no-dia-do-proprio-casamento-e-aniversario\/#primaryimage"},"thumbnailUrl":"https:\/\/portaldoestado.com.br\/wp-content\/uploads\/2026\/02\/2602r2026-Copy.jpg","articleSection":["M\u00fasica"],"inLanguage":"pt-BR"},{"@type":"WebPage","@id":"https:\/\/portaldoestado.com.br\/index.php\/2026\/02\/27\/cantora-edy-liz-lanca-cai-na-sua-labia-no-dia-do-proprio-casamento-e-aniversario\/","url":"https:\/\/portaldoestado.com.br\/index.php\/2026\/02\/27\/cantora-edy-liz-lanca-cai-na-sua-labia-no-dia-do-proprio-casamento-e-aniversario\/","name":"Cantora Edy Liz lan\u00e7a \u201cCa\u00ed na Sua L\u00e1bia\u201d no dia do pr\u00f3prio casamento e anivers\u00e1rio - Portal do Estado","isPartOf":{"@id":"https:\/\/portaldoestado.com.br\/#website"},"primaryImageOfPage":{"@id":"https:\/\/portaldoestado.com.br\/index.php\/2026\/02\/27\/cantora-edy-liz-lanca-cai-na-sua-labia-no-dia-do-proprio-casamento-e-aniversario\/#primaryimage"},"image":{"@id":"https:\/\/portaldoestado.com.br\/index.php\/2026\/02\/27\/cantora-edy-liz-lanca-cai-na-sua-labia-no-dia-do-proprio-casamento-e-aniversario\/#primaryimage"},"thumbnailUrl":"https:\/\/portaldoestado.com.br\/wp-content\/uploads\/2026\/02\/2602r2026-Copy.jpg","datePublished":"2026-02-27T00:47:10+00:00","breadcrumb":{"@id":"https:\/\/portaldoestado.com.br\/index.php\/2026\/02\/27\/cantora-edy-liz-lanca-cai-na-sua-labia-no-dia-do-proprio-casamento-e-aniversario\/#breadcrumb"},"inLanguage":"pt-BR","potentialAction":[{"@type":"ReadAction","target":["https:\/\/portaldoestado.com.br\/index.php\/2026\/02\/27\/cantora-edy-liz-lanca-cai-na-sua-labia-no-dia-do-proprio-casamento-e-aniversario\/"]}]},{"@type":"ImageObject","inLanguage":"pt-BR","@id":"https:\/\/portaldoestado.com.br\/index.php\/2026\/02\/27\/cantora-edy-liz-lanca-cai-na-sua-labia-no-dia-do-proprio-casamento-e-aniversario\/#primaryimage","url":"https:\/\/portaldoestado.com.br\/wp-content\/uploads\/2026\/02\/2602r2026-Copy.jpg","contentUrl":"https:\/\/portaldoestado.com.br\/wp-content\/uploads\/2026\/02\/2602r2026-Copy.jpg","width":800,"height":492},{"@type":"BreadcrumbList","@id":"https:\/\/portaldoestado.com.br\/index.php\/2026\/02\/27\/cantora-edy-liz-lanca-cai-na-sua-labia-no-dia-do-proprio-casamento-e-aniversario\/#breadcrumb","itemListElement":[{"@type":"ListItem","position":1,"name":"In\u00edcio","item":"https:\/\/portaldoestado.com.br\/"},{"@type":"ListItem","position":2,"name":"Cantora Edy Liz lan\u00e7a \u201cCa\u00ed na Sua L\u00e1bia\u201d no dia do pr\u00f3prio casamento e anivers\u00e1rio"}]},{"@type":"WebSite","@id":"https:\/\/portaldoestado.com.br\/#website","url":"https:\/\/portaldoestado.com.br\/","name":"Portal do Estado","description":"","publisher":{"@id":"https:\/\/portaldoestado.com.br\/#organization"},"potentialAction":[{"@type":"SearchAction","target":{"@type":"EntryPoint","urlTemplate":"https:\/\/portaldoestado.com.br\/?s={search_term_string}"},"query-input":{"@type":"PropertyValueSpecification","valueRequired":true,"valueName":"search_term_string"}}],"inLanguage":"pt-BR"},{"@type":"Organization","@id":"https:\/\/portaldoestado.com.br\/#organization","name":"Portal do Estado","url":"https:\/\/portaldoestado.com.br\/","logo":{"@type":"ImageObject","inLanguage":"pt-BR","@id":"https:\/\/portaldoestado.com.br\/#\/schema\/logo\/image\/","url":"https:\/\/portaldoestado.com.br\/wp-content\/uploads\/2025\/04\/cropped-6f69b19a-6472-43bf-b1b3-e1910bbbd4e8.png","contentUrl":"https:\/\/portaldoestado.com.br\/wp-content\/uploads\/2025\/04\/cropped-6f69b19a-6472-43bf-b1b3-e1910bbbd4e8.png","width":1024,"height":350,"caption":"Portal do Estado"},"image":{"@id":"https:\/\/portaldoestado.com.br\/#\/schema\/logo\/image\/"}},{"@type":"Person","@id":"https:\/\/portaldoestado.com.br\/#\/schema\/person\/5ca0174f3c8c84b59da62ea14b698cb9","name":"assessoriadefamosos","image":{"@type":"ImageObject","inLanguage":"pt-BR","@id":"https:\/\/portaldoestado.com.br\/#\/schema\/person\/image\/","url":"https:\/\/secure.gravatar.com\/avatar\/a7acbdffcfbbae7240e59f47fe511ec5f5d8c252c779f0b8d9ab02a9e1d8c5ed?s=96&d=mm&r=g","contentUrl":"https:\/\/secure.gravatar.com\/avatar\/a7acbdffcfbbae7240e59f47fe511ec5f5d8c252c779f0b8d9ab02a9e1d8c5ed?s=96&d=mm&r=g","caption":"assessoriadefamosos"},"url":"https:\/\/portaldoestado.com.br\/index.php\/author\/assessoriadefamosos\/"}]}},"jetpack_featured_media_url":"https:\/\/portaldoestado.com.br\/wp-content\/uploads\/2026\/02\/2602r2026-Copy.jpg","_links":{"self":[{"href":"https:\/\/portaldoestado.com.br\/index.php\/wp-json\/wp\/v2\/posts\/6918","targetHints":{"allow":["GET"]}}],"collection":[{"href":"https:\/\/portaldoestado.com.br\/index.php\/wp-json\/wp\/v2\/posts"}],"about":[{"href":"https:\/\/portaldoestado.com.br\/index.php\/wp-json\/wp\/v2\/types\/post"}],"author":[{"embeddable":true,"href":"https:\/\/portaldoestado.com.br\/index.php\/wp-json\/wp\/v2\/users\/2"}],"replies":[{"embeddable":true,"href":"https:\/\/portaldoestado.com.br\/index.php\/wp-json\/wp\/v2\/comments?post=6918"}],"version-history":[{"count":1,"href":"https:\/\/portaldoestado.com.br\/index.php\/wp-json\/wp\/v2\/posts\/6918\/revisions"}],"predecessor-version":[{"id":6919,"href":"https:\/\/portaldoestado.com.br\/index.php\/wp-json\/wp\/v2\/posts\/6918\/revisions\/6919"}],"wp:featuredmedia":[{"embeddable":true,"href":"https:\/\/portaldoestado.com.br\/index.php\/wp-json\/wp\/v2\/media\/6917"}],"wp:attachment":[{"href":"https:\/\/portaldoestado.com.br\/index.php\/wp-json\/wp\/v2\/media?parent=6918"}],"wp:term":[{"taxonomy":"category","embeddable":true,"href":"https:\/\/portaldoestado.com.br\/index.php\/wp-json\/wp\/v2\/categories?post=6918"},{"taxonomy":"post_tag","embeddable":true,"href":"https:\/\/portaldoestado.com.br\/index.php\/wp-json\/wp\/v2\/tags?post=6918"}],"curies":[{"name":"wp","href":"https:\/\/api.w.org\/{rel}","templated":true}]}}