{"id":6733,"date":"2026-02-16T06:51:59","date_gmt":"2026-02-16T06:51:59","guid":{"rendered":"https:\/\/portaldoestado.com.br\/?p=6733"},"modified":"2026-02-16T06:51:59","modified_gmt":"2026-02-16T06:51:59","slug":"carlo-ancelotti-se-entrega-ao-carnaval-e-curte-camarote-no1-no-rio-de-janeiro","status":"publish","type":"post","link":"https:\/\/portaldoestado.com.br\/index.php\/2026\/02\/16\/carlo-ancelotti-se-entrega-ao-carnaval-e-curte-camarote-no1-no-rio-de-janeiro\/","title":{"rendered":"Carlo Ancelotti se entrega ao Carnaval e curte Camarote N\u00ba1 no Rio de Janeiro"},"content":{"rendered":"\n<p>Carlo Ancelotti viveu uma experi\u00eancia totalmente brasileira durante o Carnaval. O t\u00e9cnico da Sele\u00e7\u00e3o Brasileira foi convidado pela Brahma para uma a\u00e7\u00e3o especial que o levou a conhecer os camarotes mais ic\u00f4nicos do pa\u00eds: o Camarote Brahma em Salvador, o Camarote Bar Brahma em S\u00e3o Paulo e, por fim, o prestigiado Camarote N\u00ba1, na Marqu\u00eas de Sapuca\u00ed, no Rio de Janeiro.<\/p>\n\n\n\n<p>No Rio, Ancelotti se destacou pela simpatia, cumprimentando f\u00e3s, posando para fotos e interagindo com os convidados do espa\u00e7o mais famoso da Sapuca\u00ed. Durante os desfiles, o treinador brindou com sua Brahma e aproveitou a melhor vis\u00e3o da avenida para curtir toda a energia e o ritmo do samba das escolas de samba.<\/p>\n\n\n\n<p>O Camarote N\u00ba1, conhecido por sua tradi\u00e7\u00e3o e sofistica\u00e7\u00e3o, \u00e9 refer\u00eancia quando o assunto \u00e9 exclusividade, reunindo celebridades e personalidades nacionais e internacionais. A passagem de Ancelotti pelo espa\u00e7o refor\u00e7a n\u00e3o apenas a for\u00e7a do Carnaval como vitrine da cultura brasileira, mas tamb\u00e9m mostra o lado descontra\u00eddo do t\u00e9cnico, que se entregou completamente \u00e0 folia e \u00e0 alegria da festa.<\/p>\n\n\n\n<p>Entre samba, cores e muita anima\u00e7\u00e3o, Carlo Ancelotti provou que tamb\u00e9m sabe se divertir fora dos gramados e que, no Brasil, o Carnaval \u00e9 experi\u00eancia obrigat\u00f3ria para quem quer sentir a cultura do pa\u00eds em sua ess\u00eancia.<\/p>\n","protected":false},"excerpt":{"rendered":"<p>Carlo Ancelotti viveu uma experi\u00eancia totalmente brasileira durante o Carnaval. O t\u00e9cnico da Sele\u00e7\u00e3o Brasileira foi convidado pela Brahma para uma a\u00e7\u00e3o especial que o levou a conhecer os camarotes mais ic\u00f4nicos do pa\u00eds: o Camarote Brahma em Salvador, o Camarote Bar Brahma em S\u00e3o Paulo e, por fim, o prestigiado Camarote N\u00ba1, na Marqu\u00eas \u2026<\/p>\n","protected":false},"author":2,"featured_media":6732,"comment_status":"closed","ping_status":"open","sticky":false,"template":"","format":"standard","meta":{"footnotes":""},"categories":[68],"tags":[],"class_list":["post-6733","post","type-post","status-publish","format-standard","has-post-thumbnail","hentry","category-carnaval"],"yoast_head":"<!-- This site is optimized with the Yoast SEO plugin v25.5 - https:\/\/yoast.com\/wordpress\/plugins\/seo\/ -->\n<title>Carlo Ancelotti se entrega ao Carnaval e curte Camarote N\u00ba1 no Rio de Janeiro - Portal do Estado<\/title>\n<meta name=\"robots\" content=\"index, follow, max-snippet:-1, max-image-preview:large, max-video-preview:-1\" \/>\n<link rel=\"canonical\" href=\"https:\/\/portaldoestado.com.br\/index.php\/2026\/02\/16\/carlo-ancelotti-se-entrega-ao-carnaval-e-curte-camarote-no1-no-rio-de-janeiro\/\" \/>\n<meta property=\"og:locale\" content=\"pt_BR\" \/>\n<meta property=\"og:type\" content=\"article\" \/>\n<meta property=\"og:title\" content=\"Carlo Ancelotti se entrega ao Carnaval e curte Camarote N\u00ba1 no Rio de Janeiro - Portal do Estado\" \/>\n<meta property=\"og:description\" content=\"Carlo Ancelotti viveu uma experi\u00eancia totalmente brasileira durante o Carnaval. O t\u00e9cnico da Sele\u00e7\u00e3o Brasileira foi convidado pela Brahma para uma a\u00e7\u00e3o especial que o levou a conhecer os camarotes mais ic\u00f4nicos do pa\u00eds: o Camarote Brahma em Salvador, o Camarote Bar Brahma em S\u00e3o Paulo e, por fim, o prestigiado Camarote N\u00ba1, na Marqu\u00eas \u2026\" \/>\n<meta property=\"og:url\" content=\"https:\/\/portaldoestado.com.br\/index.php\/2026\/02\/16\/carlo-ancelotti-se-entrega-ao-carnaval-e-curte-camarote-no1-no-rio-de-janeiro\/\" \/>\n<meta property=\"og:site_name\" content=\"Portal do Estado\" \/>\n<meta property=\"article:published_time\" content=\"2026-02-16T06:51:59+00:00\" \/>\n<meta property=\"og:image\" content=\"https:\/\/portaldoestado.com.br\/wp-content\/uploads\/2026\/02\/11AA7C9F-D6AE-425E-A830-5C3B9A230FBD.jpeg\" \/>\n\t<meta property=\"og:image:width\" content=\"1403\" \/>\n\t<meta property=\"og:image:height\" content=\"925\" \/>\n\t<meta property=\"og:image:type\" content=\"image\/jpeg\" \/>\n<meta name=\"author\" content=\"assessoriadefamosos\" \/>\n<meta name=\"twitter:card\" content=\"summary_large_image\" \/>\n<meta name=\"twitter:label1\" content=\"Escrito por\" \/>\n\t<meta name=\"twitter:data1\" content=\"assessoriadefamosos\" \/>\n\t<meta name=\"twitter:label2\" content=\"Est. tempo de leitura\" \/>\n\t<meta name=\"twitter:data2\" content=\"1 minuto\" \/>\n<script type=\"application\/ld+json\" class=\"yoast-schema-graph\">{\"@context\":\"https:\/\/schema.org\",\"@graph\":[{\"@type\":\"Article\",\"@id\":\"https:\/\/portaldoestado.com.br\/index.php\/2026\/02\/16\/carlo-ancelotti-se-entrega-ao-carnaval-e-curte-camarote-no1-no-rio-de-janeiro\/#article\",\"isPartOf\":{\"@id\":\"https:\/\/portaldoestado.com.br\/index.php\/2026\/02\/16\/carlo-ancelotti-se-entrega-ao-carnaval-e-curte-camarote-no1-no-rio-de-janeiro\/\"},\"author\":{\"name\":\"assessoriadefamosos\",\"@id\":\"https:\/\/portaldoestado.com.br\/#\/schema\/person\/5ca0174f3c8c84b59da62ea14b698cb9\"},\"headline\":\"Carlo Ancelotti se entrega ao Carnaval e curte Camarote N\u00ba1 no Rio de Janeiro\",\"datePublished\":\"2026-02-16T06:51:59+00:00\",\"mainEntityOfPage\":{\"@id\":\"https:\/\/portaldoestado.com.br\/index.php\/2026\/02\/16\/carlo-ancelotti-se-entrega-ao-carnaval-e-curte-camarote-no1-no-rio-de-janeiro\/\"},\"wordCount\":247,\"publisher\":{\"@id\":\"https:\/\/portaldoestado.com.br\/#organization\"},\"image\":{\"@id\":\"https:\/\/portaldoestado.com.br\/index.php\/2026\/02\/16\/carlo-ancelotti-se-entrega-ao-carnaval-e-curte-camarote-no1-no-rio-de-janeiro\/#primaryimage\"},\"thumbnailUrl\":\"https:\/\/portaldoestado.com.br\/wp-content\/uploads\/2026\/02\/11AA7C9F-D6AE-425E-A830-5C3B9A230FBD.jpeg\",\"articleSection\":[\"Carnaval\"],\"inLanguage\":\"pt-BR\"},{\"@type\":\"WebPage\",\"@id\":\"https:\/\/portaldoestado.com.br\/index.php\/2026\/02\/16\/carlo-ancelotti-se-entrega-ao-carnaval-e-curte-camarote-no1-no-rio-de-janeiro\/\",\"url\":\"https:\/\/portaldoestado.com.br\/index.php\/2026\/02\/16\/carlo-ancelotti-se-entrega-ao-carnaval-e-curte-camarote-no1-no-rio-de-janeiro\/\",\"name\":\"Carlo Ancelotti se entrega ao Carnaval e curte Camarote N\u00ba1 no Rio de Janeiro - Portal do Estado\",\"isPartOf\":{\"@id\":\"https:\/\/portaldoestado.com.br\/#website\"},\"primaryImageOfPage\":{\"@id\":\"https:\/\/portaldoestado.com.br\/index.php\/2026\/02\/16\/carlo-ancelotti-se-entrega-ao-carnaval-e-curte-camarote-no1-no-rio-de-janeiro\/#primaryimage\"},\"image\":{\"@id\":\"https:\/\/portaldoestado.com.br\/index.php\/2026\/02\/16\/carlo-ancelotti-se-entrega-ao-carnaval-e-curte-camarote-no1-no-rio-de-janeiro\/#primaryimage\"},\"thumbnailUrl\":\"https:\/\/portaldoestado.com.br\/wp-content\/uploads\/2026\/02\/11AA7C9F-D6AE-425E-A830-5C3B9A230FBD.jpeg\",\"datePublished\":\"2026-02-16T06:51:59+00:00\",\"breadcrumb\":{\"@id\":\"https:\/\/portaldoestado.com.br\/index.php\/2026\/02\/16\/carlo-ancelotti-se-entrega-ao-carnaval-e-curte-camarote-no1-no-rio-de-janeiro\/#breadcrumb\"},\"inLanguage\":\"pt-BR\",\"potentialAction\":[{\"@type\":\"ReadAction\",\"target\":[\"https:\/\/portaldoestado.com.br\/index.php\/2026\/02\/16\/carlo-ancelotti-se-entrega-ao-carnaval-e-curte-camarote-no1-no-rio-de-janeiro\/\"]}]},{\"@type\":\"ImageObject\",\"inLanguage\":\"pt-BR\",\"@id\":\"https:\/\/portaldoestado.com.br\/index.php\/2026\/02\/16\/carlo-ancelotti-se-entrega-ao-carnaval-e-curte-camarote-no1-no-rio-de-janeiro\/#primaryimage\",\"url\":\"https:\/\/portaldoestado.com.br\/wp-content\/uploads\/2026\/02\/11AA7C9F-D6AE-425E-A830-5C3B9A230FBD.jpeg\",\"contentUrl\":\"https:\/\/portaldoestado.com.br\/wp-content\/uploads\/2026\/02\/11AA7C9F-D6AE-425E-A830-5C3B9A230FBD.jpeg\",\"width\":1403,\"height\":925},{\"@type\":\"BreadcrumbList\",\"@id\":\"https:\/\/portaldoestado.com.br\/index.php\/2026\/02\/16\/carlo-ancelotti-se-entrega-ao-carnaval-e-curte-camarote-no1-no-rio-de-janeiro\/#breadcrumb\",\"itemListElement\":[{\"@type\":\"ListItem\",\"position\":1,\"name\":\"In\u00edcio\",\"item\":\"https:\/\/portaldoestado.com.br\/\"},{\"@type\":\"ListItem\",\"position\":2,\"name\":\"Carlo Ancelotti se entrega ao Carnaval e curte Camarote N\u00ba1 no Rio de Janeiro\"}]},{\"@type\":\"WebSite\",\"@id\":\"https:\/\/portaldoestado.com.br\/#website\",\"url\":\"https:\/\/portaldoestado.com.br\/\",\"name\":\"Portal do Estado\",\"description\":\"\",\"publisher\":{\"@id\":\"https:\/\/portaldoestado.com.br\/#organization\"},\"potentialAction\":[{\"@type\":\"SearchAction\",\"target\":{\"@type\":\"EntryPoint\",\"urlTemplate\":\"https:\/\/portaldoestado.com.br\/?s={search_term_string}\"},\"query-input\":{\"@type\":\"PropertyValueSpecification\",\"valueRequired\":true,\"valueName\":\"search_term_string\"}}],\"inLanguage\":\"pt-BR\"},{\"@type\":\"Organization\",\"@id\":\"https:\/\/portaldoestado.com.br\/#organization\",\"name\":\"Portal do Estado\",\"url\":\"https:\/\/portaldoestado.com.br\/\",\"logo\":{\"@type\":\"ImageObject\",\"inLanguage\":\"pt-BR\",\"@id\":\"https:\/\/portaldoestado.com.br\/#\/schema\/logo\/image\/\",\"url\":\"https:\/\/portaldoestado.com.br\/wp-content\/uploads\/2025\/04\/cropped-6f69b19a-6472-43bf-b1b3-e1910bbbd4e8.png\",\"contentUrl\":\"https:\/\/portaldoestado.com.br\/wp-content\/uploads\/2025\/04\/cropped-6f69b19a-6472-43bf-b1b3-e1910bbbd4e8.png\",\"width\":1024,\"height\":350,\"caption\":\"Portal do Estado\"},\"image\":{\"@id\":\"https:\/\/portaldoestado.com.br\/#\/schema\/logo\/image\/\"}},{\"@type\":\"Person\",\"@id\":\"https:\/\/portaldoestado.com.br\/#\/schema\/person\/5ca0174f3c8c84b59da62ea14b698cb9\",\"name\":\"assessoriadefamosos\",\"image\":{\"@type\":\"ImageObject\",\"inLanguage\":\"pt-BR\",\"@id\":\"https:\/\/portaldoestado.com.br\/#\/schema\/person\/image\/\",\"url\":\"https:\/\/secure.gravatar.com\/avatar\/a7acbdffcfbbae7240e59f47fe511ec5f5d8c252c779f0b8d9ab02a9e1d8c5ed?s=96&d=mm&r=g\",\"contentUrl\":\"https:\/\/secure.gravatar.com\/avatar\/a7acbdffcfbbae7240e59f47fe511ec5f5d8c252c779f0b8d9ab02a9e1d8c5ed?s=96&d=mm&r=g\",\"caption\":\"assessoriadefamosos\"},\"url\":\"https:\/\/portaldoestado.com.br\/index.php\/author\/assessoriadefamosos\/\"}]}<\/script>\n<!-- \/ Yoast SEO plugin. -->","yoast_head_json":{"title":"Carlo Ancelotti se entrega ao Carnaval e curte Camarote N\u00ba1 no Rio de Janeiro - Portal do Estado","robots":{"index":"index","follow":"follow","max-snippet":"max-snippet:-1","max-image-preview":"max-image-preview:large","max-video-preview":"max-video-preview:-1"},"canonical":"https:\/\/portaldoestado.com.br\/index.php\/2026\/02\/16\/carlo-ancelotti-se-entrega-ao-carnaval-e-curte-camarote-no1-no-rio-de-janeiro\/","og_locale":"pt_BR","og_type":"article","og_title":"Carlo Ancelotti se entrega ao Carnaval e curte Camarote N\u00ba1 no Rio de Janeiro - Portal do Estado","og_description":"Carlo Ancelotti viveu uma experi\u00eancia totalmente brasileira durante o Carnaval. O t\u00e9cnico da Sele\u00e7\u00e3o Brasileira foi convidado pela Brahma para uma a\u00e7\u00e3o especial que o levou a conhecer os camarotes mais ic\u00f4nicos do pa\u00eds: o Camarote Brahma em Salvador, o Camarote Bar Brahma em S\u00e3o Paulo e, por fim, o prestigiado Camarote N\u00ba1, na Marqu\u00eas \u2026","og_url":"https:\/\/portaldoestado.com.br\/index.php\/2026\/02\/16\/carlo-ancelotti-se-entrega-ao-carnaval-e-curte-camarote-no1-no-rio-de-janeiro\/","og_site_name":"Portal do Estado","article_published_time":"2026-02-16T06:51:59+00:00","og_image":[{"width":1403,"height":925,"url":"https:\/\/portaldoestado.com.br\/wp-content\/uploads\/2026\/02\/11AA7C9F-D6AE-425E-A830-5C3B9A230FBD.jpeg","type":"image\/jpeg"}],"author":"assessoriadefamosos","twitter_card":"summary_large_image","twitter_misc":{"Escrito por":"assessoriadefamosos","Est. tempo de leitura":"1 minuto"},"schema":{"@context":"https:\/\/schema.org","@graph":[{"@type":"Article","@id":"https:\/\/portaldoestado.com.br\/index.php\/2026\/02\/16\/carlo-ancelotti-se-entrega-ao-carnaval-e-curte-camarote-no1-no-rio-de-janeiro\/#article","isPartOf":{"@id":"https:\/\/portaldoestado.com.br\/index.php\/2026\/02\/16\/carlo-ancelotti-se-entrega-ao-carnaval-e-curte-camarote-no1-no-rio-de-janeiro\/"},"author":{"name":"assessoriadefamosos","@id":"https:\/\/portaldoestado.com.br\/#\/schema\/person\/5ca0174f3c8c84b59da62ea14b698cb9"},"headline":"Carlo Ancelotti se entrega ao Carnaval e curte Camarote N\u00ba1 no Rio de Janeiro","datePublished":"2026-02-16T06:51:59+00:00","mainEntityOfPage":{"@id":"https:\/\/portaldoestado.com.br\/index.php\/2026\/02\/16\/carlo-ancelotti-se-entrega-ao-carnaval-e-curte-camarote-no1-no-rio-de-janeiro\/"},"wordCount":247,"publisher":{"@id":"https:\/\/portaldoestado.com.br\/#organization"},"image":{"@id":"https:\/\/portaldoestado.com.br\/index.php\/2026\/02\/16\/carlo-ancelotti-se-entrega-ao-carnaval-e-curte-camarote-no1-no-rio-de-janeiro\/#primaryimage"},"thumbnailUrl":"https:\/\/portaldoestado.com.br\/wp-content\/uploads\/2026\/02\/11AA7C9F-D6AE-425E-A830-5C3B9A230FBD.jpeg","articleSection":["Carnaval"],"inLanguage":"pt-BR"},{"@type":"WebPage","@id":"https:\/\/portaldoestado.com.br\/index.php\/2026\/02\/16\/carlo-ancelotti-se-entrega-ao-carnaval-e-curte-camarote-no1-no-rio-de-janeiro\/","url":"https:\/\/portaldoestado.com.br\/index.php\/2026\/02\/16\/carlo-ancelotti-se-entrega-ao-carnaval-e-curte-camarote-no1-no-rio-de-janeiro\/","name":"Carlo Ancelotti se entrega ao Carnaval e curte Camarote N\u00ba1 no Rio de Janeiro - Portal do Estado","isPartOf":{"@id":"https:\/\/portaldoestado.com.br\/#website"},"primaryImageOfPage":{"@id":"https:\/\/portaldoestado.com.br\/index.php\/2026\/02\/16\/carlo-ancelotti-se-entrega-ao-carnaval-e-curte-camarote-no1-no-rio-de-janeiro\/#primaryimage"},"image":{"@id":"https:\/\/portaldoestado.com.br\/index.php\/2026\/02\/16\/carlo-ancelotti-se-entrega-ao-carnaval-e-curte-camarote-no1-no-rio-de-janeiro\/#primaryimage"},"thumbnailUrl":"https:\/\/portaldoestado.com.br\/wp-content\/uploads\/2026\/02\/11AA7C9F-D6AE-425E-A830-5C3B9A230FBD.jpeg","datePublished":"2026-02-16T06:51:59+00:00","breadcrumb":{"@id":"https:\/\/portaldoestado.com.br\/index.php\/2026\/02\/16\/carlo-ancelotti-se-entrega-ao-carnaval-e-curte-camarote-no1-no-rio-de-janeiro\/#breadcrumb"},"inLanguage":"pt-BR","potentialAction":[{"@type":"ReadAction","target":["https:\/\/portaldoestado.com.br\/index.php\/2026\/02\/16\/carlo-ancelotti-se-entrega-ao-carnaval-e-curte-camarote-no1-no-rio-de-janeiro\/"]}]},{"@type":"ImageObject","inLanguage":"pt-BR","@id":"https:\/\/portaldoestado.com.br\/index.php\/2026\/02\/16\/carlo-ancelotti-se-entrega-ao-carnaval-e-curte-camarote-no1-no-rio-de-janeiro\/#primaryimage","url":"https:\/\/portaldoestado.com.br\/wp-content\/uploads\/2026\/02\/11AA7C9F-D6AE-425E-A830-5C3B9A230FBD.jpeg","contentUrl":"https:\/\/portaldoestado.com.br\/wp-content\/uploads\/2026\/02\/11AA7C9F-D6AE-425E-A830-5C3B9A230FBD.jpeg","width":1403,"height":925},{"@type":"BreadcrumbList","@id":"https:\/\/portaldoestado.com.br\/index.php\/2026\/02\/16\/carlo-ancelotti-se-entrega-ao-carnaval-e-curte-camarote-no1-no-rio-de-janeiro\/#breadcrumb","itemListElement":[{"@type":"ListItem","position":1,"name":"In\u00edcio","item":"https:\/\/portaldoestado.com.br\/"},{"@type":"ListItem","position":2,"name":"Carlo Ancelotti se entrega ao Carnaval e curte Camarote N\u00ba1 no Rio de Janeiro"}]},{"@type":"WebSite","@id":"https:\/\/portaldoestado.com.br\/#website","url":"https:\/\/portaldoestado.com.br\/","name":"Portal do Estado","description":"","publisher":{"@id":"https:\/\/portaldoestado.com.br\/#organization"},"potentialAction":[{"@type":"SearchAction","target":{"@type":"EntryPoint","urlTemplate":"https:\/\/portaldoestado.com.br\/?s={search_term_string}"},"query-input":{"@type":"PropertyValueSpecification","valueRequired":true,"valueName":"search_term_string"}}],"inLanguage":"pt-BR"},{"@type":"Organization","@id":"https:\/\/portaldoestado.com.br\/#organization","name":"Portal do Estado","url":"https:\/\/portaldoestado.com.br\/","logo":{"@type":"ImageObject","inLanguage":"pt-BR","@id":"https:\/\/portaldoestado.com.br\/#\/schema\/logo\/image\/","url":"https:\/\/portaldoestado.com.br\/wp-content\/uploads\/2025\/04\/cropped-6f69b19a-6472-43bf-b1b3-e1910bbbd4e8.png","contentUrl":"https:\/\/portaldoestado.com.br\/wp-content\/uploads\/2025\/04\/cropped-6f69b19a-6472-43bf-b1b3-e1910bbbd4e8.png","width":1024,"height":350,"caption":"Portal do Estado"},"image":{"@id":"https:\/\/portaldoestado.com.br\/#\/schema\/logo\/image\/"}},{"@type":"Person","@id":"https:\/\/portaldoestado.com.br\/#\/schema\/person\/5ca0174f3c8c84b59da62ea14b698cb9","name":"assessoriadefamosos","image":{"@type":"ImageObject","inLanguage":"pt-BR","@id":"https:\/\/portaldoestado.com.br\/#\/schema\/person\/image\/","url":"https:\/\/secure.gravatar.com\/avatar\/a7acbdffcfbbae7240e59f47fe511ec5f5d8c252c779f0b8d9ab02a9e1d8c5ed?s=96&d=mm&r=g","contentUrl":"https:\/\/secure.gravatar.com\/avatar\/a7acbdffcfbbae7240e59f47fe511ec5f5d8c252c779f0b8d9ab02a9e1d8c5ed?s=96&d=mm&r=g","caption":"assessoriadefamosos"},"url":"https:\/\/portaldoestado.com.br\/index.php\/author\/assessoriadefamosos\/"}]}},"jetpack_featured_media_url":"https:\/\/portaldoestado.com.br\/wp-content\/uploads\/2026\/02\/11AA7C9F-D6AE-425E-A830-5C3B9A230FBD.jpeg","_links":{"self":[{"href":"https:\/\/portaldoestado.com.br\/index.php\/wp-json\/wp\/v2\/posts\/6733","targetHints":{"allow":["GET"]}}],"collection":[{"href":"https:\/\/portaldoestado.com.br\/index.php\/wp-json\/wp\/v2\/posts"}],"about":[{"href":"https:\/\/portaldoestado.com.br\/index.php\/wp-json\/wp\/v2\/types\/post"}],"author":[{"embeddable":true,"href":"https:\/\/portaldoestado.com.br\/index.php\/wp-json\/wp\/v2\/users\/2"}],"replies":[{"embeddable":true,"href":"https:\/\/portaldoestado.com.br\/index.php\/wp-json\/wp\/v2\/comments?post=6733"}],"version-history":[{"count":1,"href":"https:\/\/portaldoestado.com.br\/index.php\/wp-json\/wp\/v2\/posts\/6733\/revisions"}],"predecessor-version":[{"id":6734,"href":"https:\/\/portaldoestado.com.br\/index.php\/wp-json\/wp\/v2\/posts\/6733\/revisions\/6734"}],"wp:featuredmedia":[{"embeddable":true,"href":"https:\/\/portaldoestado.com.br\/index.php\/wp-json\/wp\/v2\/media\/6732"}],"wp:attachment":[{"href":"https:\/\/portaldoestado.com.br\/index.php\/wp-json\/wp\/v2\/media?parent=6733"}],"wp:term":[{"taxonomy":"category","embeddable":true,"href":"https:\/\/portaldoestado.com.br\/index.php\/wp-json\/wp\/v2\/categories?post=6733"},{"taxonomy":"post_tag","embeddable":true,"href":"https:\/\/portaldoestado.com.br\/index.php\/wp-json\/wp\/v2\/tags?post=6733"}],"curies":[{"name":"wp","href":"https:\/\/api.w.org\/{rel}","templated":true}]}}