{"id":6493,"date":"2026-02-04T23:38:11","date_gmt":"2026-02-04T23:38:11","guid":{"rendered":"https:\/\/portaldoestado.com.br\/?p=6493"},"modified":"2026-02-04T23:38:11","modified_gmt":"2026-02-04T23:38:11","slug":"rayane-figliuzzi-fala-sobre-belo-contracenar-com-viviane-araujo-em-tres-gracas-e-elogia-ex-do-cantor","status":"publish","type":"post","link":"https:\/\/portaldoestado.com.br\/index.php\/2026\/02\/04\/rayane-figliuzzi-fala-sobre-belo-contracenar-com-viviane-araujo-em-tres-gracas-e-elogia-ex-do-cantor\/","title":{"rendered":"Rayane Figliuzzi fala sobre Belo contracenar com Viviane Ara\u00fajo em \u201cTr\u00eas Gra\u00e7as\u201d e elogia ex do cantor"},"content":{"rendered":"\n<p>Rayane Figliuzzi comentou com naturalidade a participa\u00e7\u00e3o de Belo na novela <em>Tr\u00eas Gra\u00e7as<\/em>, da Globo, e as cenas do cantor e ator ao lado de Viviane Ara\u00fajo, sua ex-companheira. Atual namorada de Belo, a empres\u00e1ria e influenciadora afirmou que n\u00e3o sente ci\u00fames e destacou a admira\u00e7\u00e3o que tem pela atriz.<\/p>\n\n\n\n<p>Na trama, Belo vive Misael, ex-par rom\u00e2ntico de Consuelo, personagem de Viviane, com quem ele tamb\u00e9m teve um relacionamento fora da fic\u00e7\u00e3o. Em entrevista \u00e0 revista <em>Quem<\/em>, Rayane deixou claro que enxerga a parceria dos dois como algo estritamente profissional e saud\u00e1vel.<\/p>\n\n\n\n<p>Ex-participante de <em>A Fazenda 17<\/em>, Rayane aproveitou para exaltar o comprometimento do namorado com a nova fase da carreira. \u201cEle \u00e9 bom em tudo que se prop\u00f5e a fazer. M\u00fasica, palco, disciplina e agora atua\u00e7\u00e3o. Ele estuda, treina, pergunta e se dedica de verdade. N\u00e3o entra em nada pela metade. D\u00e1 muito orgulho acompanhar isso de perto\u201d, afirmou.<\/p>\n\n\n\n<p>Rayane contou ainda que, ao sair do reality, j\u00e1 havia cenas de Belo no ar e que fez quest\u00e3o de assistir ao primeiro cap\u00edtulo. \u201cA cena do atropelamento me deu um frio real na barriga. A produ\u00e7\u00e3o \u00e9 incr\u00edvel e ele foi muito bem. Ele me surpreendeu demais\u201d, disse, demonstrando entusiasmo com o desempenho do companheiro na televis\u00e3o.<\/p>\n","protected":false},"excerpt":{"rendered":"<p>Rayane Figliuzzi comentou com naturalidade a participa\u00e7\u00e3o de Belo na novela Tr\u00eas Gra\u00e7as, da Globo, e as cenas do cantor e ator ao lado de Viviane Ara\u00fajo, sua ex-companheira. Atual namorada de Belo, a empres\u00e1ria e influenciadora afirmou que n\u00e3o sente ci\u00fames e destacou a admira\u00e7\u00e3o que tem pela atriz. Na trama, Belo vive Misael, \u2026<\/p>\n","protected":false},"author":2,"featured_media":6492,"comment_status":"closed","ping_status":"open","sticky":false,"template":"","format":"standard","meta":{"footnotes":""},"categories":[3],"tags":[],"class_list":["post-6493","post","type-post","status-publish","format-standard","has-post-thumbnail","hentry","category-famosos"],"yoast_head":"<!-- This site is optimized with the Yoast SEO plugin v25.5 - https:\/\/yoast.com\/wordpress\/plugins\/seo\/ -->\n<title>Rayane Figliuzzi fala sobre Belo contracenar com Viviane Ara\u00fajo em \u201cTr\u00eas Gra\u00e7as\u201d e elogia ex do cantor - Portal do Estado<\/title>\n<meta name=\"robots\" content=\"index, follow, max-snippet:-1, max-image-preview:large, max-video-preview:-1\" \/>\n<link rel=\"canonical\" href=\"https:\/\/portaldoestado.com.br\/index.php\/2026\/02\/04\/rayane-figliuzzi-fala-sobre-belo-contracenar-com-viviane-araujo-em-tres-gracas-e-elogia-ex-do-cantor\/\" \/>\n<meta property=\"og:locale\" content=\"pt_BR\" \/>\n<meta property=\"og:type\" content=\"article\" \/>\n<meta property=\"og:title\" content=\"Rayane Figliuzzi fala sobre Belo contracenar com Viviane Ara\u00fajo em \u201cTr\u00eas Gra\u00e7as\u201d e elogia ex do cantor - Portal do Estado\" \/>\n<meta property=\"og:description\" content=\"Rayane Figliuzzi comentou com naturalidade a participa\u00e7\u00e3o de Belo na novela Tr\u00eas Gra\u00e7as, da Globo, e as cenas do cantor e ator ao lado de Viviane Ara\u00fajo, sua ex-companheira. Atual namorada de Belo, a empres\u00e1ria e influenciadora afirmou que n\u00e3o sente ci\u00fames e destacou a admira\u00e7\u00e3o que tem pela atriz. Na trama, Belo vive Misael, \u2026\" \/>\n<meta property=\"og:url\" content=\"https:\/\/portaldoestado.com.br\/index.php\/2026\/02\/04\/rayane-figliuzzi-fala-sobre-belo-contracenar-com-viviane-araujo-em-tres-gracas-e-elogia-ex-do-cantor\/\" \/>\n<meta property=\"og:site_name\" content=\"Portal do Estado\" \/>\n<meta property=\"article:published_time\" content=\"2026-02-04T23:38:11+00:00\" \/>\n<meta property=\"og:image\" content=\"https:\/\/portaldoestado.com.br\/wp-content\/uploads\/2026\/02\/EEBVp8QP-Backup-Capa-2-fotos-1.png\" \/>\n\t<meta property=\"og:image:width\" content=\"1200\" \/>\n\t<meta property=\"og:image:height\" content=\"900\" \/>\n\t<meta property=\"og:image:type\" content=\"image\/png\" \/>\n<meta name=\"author\" content=\"assessoriadefamosos\" \/>\n<meta name=\"twitter:card\" content=\"summary_large_image\" \/>\n<meta name=\"twitter:label1\" content=\"Escrito por\" \/>\n\t<meta name=\"twitter:data1\" content=\"assessoriadefamosos\" \/>\n\t<meta name=\"twitter:label2\" content=\"Est. tempo de leitura\" \/>\n\t<meta name=\"twitter:data2\" content=\"1 minuto\" \/>\n<script type=\"application\/ld+json\" class=\"yoast-schema-graph\">{\"@context\":\"https:\/\/schema.org\",\"@graph\":[{\"@type\":\"Article\",\"@id\":\"https:\/\/portaldoestado.com.br\/index.php\/2026\/02\/04\/rayane-figliuzzi-fala-sobre-belo-contracenar-com-viviane-araujo-em-tres-gracas-e-elogia-ex-do-cantor\/#article\",\"isPartOf\":{\"@id\":\"https:\/\/portaldoestado.com.br\/index.php\/2026\/02\/04\/rayane-figliuzzi-fala-sobre-belo-contracenar-com-viviane-araujo-em-tres-gracas-e-elogia-ex-do-cantor\/\"},\"author\":{\"name\":\"assessoriadefamosos\",\"@id\":\"https:\/\/portaldoestado.com.br\/#\/schema\/person\/5ca0174f3c8c84b59da62ea14b698cb9\"},\"headline\":\"Rayane Figliuzzi fala sobre Belo contracenar com Viviane Ara\u00fajo em \u201cTr\u00eas Gra\u00e7as\u201d e elogia ex do cantor\",\"datePublished\":\"2026-02-04T23:38:11+00:00\",\"mainEntityOfPage\":{\"@id\":\"https:\/\/portaldoestado.com.br\/index.php\/2026\/02\/04\/rayane-figliuzzi-fala-sobre-belo-contracenar-com-viviane-araujo-em-tres-gracas-e-elogia-ex-do-cantor\/\"},\"wordCount\":245,\"publisher\":{\"@id\":\"https:\/\/portaldoestado.com.br\/#organization\"},\"image\":{\"@id\":\"https:\/\/portaldoestado.com.br\/index.php\/2026\/02\/04\/rayane-figliuzzi-fala-sobre-belo-contracenar-com-viviane-araujo-em-tres-gracas-e-elogia-ex-do-cantor\/#primaryimage\"},\"thumbnailUrl\":\"https:\/\/portaldoestado.com.br\/wp-content\/uploads\/2026\/02\/EEBVp8QP-Backup-Capa-2-fotos-1.png\",\"articleSection\":[\"Famosos\"],\"inLanguage\":\"pt-BR\"},{\"@type\":\"WebPage\",\"@id\":\"https:\/\/portaldoestado.com.br\/index.php\/2026\/02\/04\/rayane-figliuzzi-fala-sobre-belo-contracenar-com-viviane-araujo-em-tres-gracas-e-elogia-ex-do-cantor\/\",\"url\":\"https:\/\/portaldoestado.com.br\/index.php\/2026\/02\/04\/rayane-figliuzzi-fala-sobre-belo-contracenar-com-viviane-araujo-em-tres-gracas-e-elogia-ex-do-cantor\/\",\"name\":\"Rayane Figliuzzi fala sobre Belo contracenar com Viviane Ara\u00fajo em \u201cTr\u00eas Gra\u00e7as\u201d e elogia ex do cantor - Portal do Estado\",\"isPartOf\":{\"@id\":\"https:\/\/portaldoestado.com.br\/#website\"},\"primaryImageOfPage\":{\"@id\":\"https:\/\/portaldoestado.com.br\/index.php\/2026\/02\/04\/rayane-figliuzzi-fala-sobre-belo-contracenar-com-viviane-araujo-em-tres-gracas-e-elogia-ex-do-cantor\/#primaryimage\"},\"image\":{\"@id\":\"https:\/\/portaldoestado.com.br\/index.php\/2026\/02\/04\/rayane-figliuzzi-fala-sobre-belo-contracenar-com-viviane-araujo-em-tres-gracas-e-elogia-ex-do-cantor\/#primaryimage\"},\"thumbnailUrl\":\"https:\/\/portaldoestado.com.br\/wp-content\/uploads\/2026\/02\/EEBVp8QP-Backup-Capa-2-fotos-1.png\",\"datePublished\":\"2026-02-04T23:38:11+00:00\",\"breadcrumb\":{\"@id\":\"https:\/\/portaldoestado.com.br\/index.php\/2026\/02\/04\/rayane-figliuzzi-fala-sobre-belo-contracenar-com-viviane-araujo-em-tres-gracas-e-elogia-ex-do-cantor\/#breadcrumb\"},\"inLanguage\":\"pt-BR\",\"potentialAction\":[{\"@type\":\"ReadAction\",\"target\":[\"https:\/\/portaldoestado.com.br\/index.php\/2026\/02\/04\/rayane-figliuzzi-fala-sobre-belo-contracenar-com-viviane-araujo-em-tres-gracas-e-elogia-ex-do-cantor\/\"]}]},{\"@type\":\"ImageObject\",\"inLanguage\":\"pt-BR\",\"@id\":\"https:\/\/portaldoestado.com.br\/index.php\/2026\/02\/04\/rayane-figliuzzi-fala-sobre-belo-contracenar-com-viviane-araujo-em-tres-gracas-e-elogia-ex-do-cantor\/#primaryimage\",\"url\":\"https:\/\/portaldoestado.com.br\/wp-content\/uploads\/2026\/02\/EEBVp8QP-Backup-Capa-2-fotos-1.png\",\"contentUrl\":\"https:\/\/portaldoestado.com.br\/wp-content\/uploads\/2026\/02\/EEBVp8QP-Backup-Capa-2-fotos-1.png\",\"width\":1200,\"height\":900},{\"@type\":\"BreadcrumbList\",\"@id\":\"https:\/\/portaldoestado.com.br\/index.php\/2026\/02\/04\/rayane-figliuzzi-fala-sobre-belo-contracenar-com-viviane-araujo-em-tres-gracas-e-elogia-ex-do-cantor\/#breadcrumb\",\"itemListElement\":[{\"@type\":\"ListItem\",\"position\":1,\"name\":\"In\u00edcio\",\"item\":\"https:\/\/portaldoestado.com.br\/\"},{\"@type\":\"ListItem\",\"position\":2,\"name\":\"Rayane Figliuzzi fala sobre Belo contracenar com Viviane Ara\u00fajo em \u201cTr\u00eas Gra\u00e7as\u201d e elogia ex do cantor\"}]},{\"@type\":\"WebSite\",\"@id\":\"https:\/\/portaldoestado.com.br\/#website\",\"url\":\"https:\/\/portaldoestado.com.br\/\",\"name\":\"Portal do Estado\",\"description\":\"\",\"publisher\":{\"@id\":\"https:\/\/portaldoestado.com.br\/#organization\"},\"potentialAction\":[{\"@type\":\"SearchAction\",\"target\":{\"@type\":\"EntryPoint\",\"urlTemplate\":\"https:\/\/portaldoestado.com.br\/?s={search_term_string}\"},\"query-input\":{\"@type\":\"PropertyValueSpecification\",\"valueRequired\":true,\"valueName\":\"search_term_string\"}}],\"inLanguage\":\"pt-BR\"},{\"@type\":\"Organization\",\"@id\":\"https:\/\/portaldoestado.com.br\/#organization\",\"name\":\"Portal do Estado\",\"url\":\"https:\/\/portaldoestado.com.br\/\",\"logo\":{\"@type\":\"ImageObject\",\"inLanguage\":\"pt-BR\",\"@id\":\"https:\/\/portaldoestado.com.br\/#\/schema\/logo\/image\/\",\"url\":\"https:\/\/portaldoestado.com.br\/wp-content\/uploads\/2025\/04\/cropped-6f69b19a-6472-43bf-b1b3-e1910bbbd4e8.png\",\"contentUrl\":\"https:\/\/portaldoestado.com.br\/wp-content\/uploads\/2025\/04\/cropped-6f69b19a-6472-43bf-b1b3-e1910bbbd4e8.png\",\"width\":1024,\"height\":350,\"caption\":\"Portal do Estado\"},\"image\":{\"@id\":\"https:\/\/portaldoestado.com.br\/#\/schema\/logo\/image\/\"}},{\"@type\":\"Person\",\"@id\":\"https:\/\/portaldoestado.com.br\/#\/schema\/person\/5ca0174f3c8c84b59da62ea14b698cb9\",\"name\":\"assessoriadefamosos\",\"image\":{\"@type\":\"ImageObject\",\"inLanguage\":\"pt-BR\",\"@id\":\"https:\/\/portaldoestado.com.br\/#\/schema\/person\/image\/\",\"url\":\"https:\/\/secure.gravatar.com\/avatar\/a7acbdffcfbbae7240e59f47fe511ec5f5d8c252c779f0b8d9ab02a9e1d8c5ed?s=96&d=mm&r=g\",\"contentUrl\":\"https:\/\/secure.gravatar.com\/avatar\/a7acbdffcfbbae7240e59f47fe511ec5f5d8c252c779f0b8d9ab02a9e1d8c5ed?s=96&d=mm&r=g\",\"caption\":\"assessoriadefamosos\"},\"url\":\"https:\/\/portaldoestado.com.br\/index.php\/author\/assessoriadefamosos\/\"}]}<\/script>\n<!-- \/ Yoast SEO plugin. -->","yoast_head_json":{"title":"Rayane Figliuzzi fala sobre Belo contracenar com Viviane Ara\u00fajo em \u201cTr\u00eas Gra\u00e7as\u201d e elogia ex do cantor - Portal do Estado","robots":{"index":"index","follow":"follow","max-snippet":"max-snippet:-1","max-image-preview":"max-image-preview:large","max-video-preview":"max-video-preview:-1"},"canonical":"https:\/\/portaldoestado.com.br\/index.php\/2026\/02\/04\/rayane-figliuzzi-fala-sobre-belo-contracenar-com-viviane-araujo-em-tres-gracas-e-elogia-ex-do-cantor\/","og_locale":"pt_BR","og_type":"article","og_title":"Rayane Figliuzzi fala sobre Belo contracenar com Viviane Ara\u00fajo em \u201cTr\u00eas Gra\u00e7as\u201d e elogia ex do cantor - Portal do Estado","og_description":"Rayane Figliuzzi comentou com naturalidade a participa\u00e7\u00e3o de Belo na novela Tr\u00eas Gra\u00e7as, da Globo, e as cenas do cantor e ator ao lado de Viviane Ara\u00fajo, sua ex-companheira. Atual namorada de Belo, a empres\u00e1ria e influenciadora afirmou que n\u00e3o sente ci\u00fames e destacou a admira\u00e7\u00e3o que tem pela atriz. Na trama, Belo vive Misael, \u2026","og_url":"https:\/\/portaldoestado.com.br\/index.php\/2026\/02\/04\/rayane-figliuzzi-fala-sobre-belo-contracenar-com-viviane-araujo-em-tres-gracas-e-elogia-ex-do-cantor\/","og_site_name":"Portal do Estado","article_published_time":"2026-02-04T23:38:11+00:00","og_image":[{"width":1200,"height":900,"url":"https:\/\/portaldoestado.com.br\/wp-content\/uploads\/2026\/02\/EEBVp8QP-Backup-Capa-2-fotos-1.png","type":"image\/png"}],"author":"assessoriadefamosos","twitter_card":"summary_large_image","twitter_misc":{"Escrito por":"assessoriadefamosos","Est. tempo de leitura":"1 minuto"},"schema":{"@context":"https:\/\/schema.org","@graph":[{"@type":"Article","@id":"https:\/\/portaldoestado.com.br\/index.php\/2026\/02\/04\/rayane-figliuzzi-fala-sobre-belo-contracenar-com-viviane-araujo-em-tres-gracas-e-elogia-ex-do-cantor\/#article","isPartOf":{"@id":"https:\/\/portaldoestado.com.br\/index.php\/2026\/02\/04\/rayane-figliuzzi-fala-sobre-belo-contracenar-com-viviane-araujo-em-tres-gracas-e-elogia-ex-do-cantor\/"},"author":{"name":"assessoriadefamosos","@id":"https:\/\/portaldoestado.com.br\/#\/schema\/person\/5ca0174f3c8c84b59da62ea14b698cb9"},"headline":"Rayane Figliuzzi fala sobre Belo contracenar com Viviane Ara\u00fajo em \u201cTr\u00eas Gra\u00e7as\u201d e elogia ex do cantor","datePublished":"2026-02-04T23:38:11+00:00","mainEntityOfPage":{"@id":"https:\/\/portaldoestado.com.br\/index.php\/2026\/02\/04\/rayane-figliuzzi-fala-sobre-belo-contracenar-com-viviane-araujo-em-tres-gracas-e-elogia-ex-do-cantor\/"},"wordCount":245,"publisher":{"@id":"https:\/\/portaldoestado.com.br\/#organization"},"image":{"@id":"https:\/\/portaldoestado.com.br\/index.php\/2026\/02\/04\/rayane-figliuzzi-fala-sobre-belo-contracenar-com-viviane-araujo-em-tres-gracas-e-elogia-ex-do-cantor\/#primaryimage"},"thumbnailUrl":"https:\/\/portaldoestado.com.br\/wp-content\/uploads\/2026\/02\/EEBVp8QP-Backup-Capa-2-fotos-1.png","articleSection":["Famosos"],"inLanguage":"pt-BR"},{"@type":"WebPage","@id":"https:\/\/portaldoestado.com.br\/index.php\/2026\/02\/04\/rayane-figliuzzi-fala-sobre-belo-contracenar-com-viviane-araujo-em-tres-gracas-e-elogia-ex-do-cantor\/","url":"https:\/\/portaldoestado.com.br\/index.php\/2026\/02\/04\/rayane-figliuzzi-fala-sobre-belo-contracenar-com-viviane-araujo-em-tres-gracas-e-elogia-ex-do-cantor\/","name":"Rayane Figliuzzi fala sobre Belo contracenar com Viviane Ara\u00fajo em \u201cTr\u00eas Gra\u00e7as\u201d e elogia ex do cantor - Portal do Estado","isPartOf":{"@id":"https:\/\/portaldoestado.com.br\/#website"},"primaryImageOfPage":{"@id":"https:\/\/portaldoestado.com.br\/index.php\/2026\/02\/04\/rayane-figliuzzi-fala-sobre-belo-contracenar-com-viviane-araujo-em-tres-gracas-e-elogia-ex-do-cantor\/#primaryimage"},"image":{"@id":"https:\/\/portaldoestado.com.br\/index.php\/2026\/02\/04\/rayane-figliuzzi-fala-sobre-belo-contracenar-com-viviane-araujo-em-tres-gracas-e-elogia-ex-do-cantor\/#primaryimage"},"thumbnailUrl":"https:\/\/portaldoestado.com.br\/wp-content\/uploads\/2026\/02\/EEBVp8QP-Backup-Capa-2-fotos-1.png","datePublished":"2026-02-04T23:38:11+00:00","breadcrumb":{"@id":"https:\/\/portaldoestado.com.br\/index.php\/2026\/02\/04\/rayane-figliuzzi-fala-sobre-belo-contracenar-com-viviane-araujo-em-tres-gracas-e-elogia-ex-do-cantor\/#breadcrumb"},"inLanguage":"pt-BR","potentialAction":[{"@type":"ReadAction","target":["https:\/\/portaldoestado.com.br\/index.php\/2026\/02\/04\/rayane-figliuzzi-fala-sobre-belo-contracenar-com-viviane-araujo-em-tres-gracas-e-elogia-ex-do-cantor\/"]}]},{"@type":"ImageObject","inLanguage":"pt-BR","@id":"https:\/\/portaldoestado.com.br\/index.php\/2026\/02\/04\/rayane-figliuzzi-fala-sobre-belo-contracenar-com-viviane-araujo-em-tres-gracas-e-elogia-ex-do-cantor\/#primaryimage","url":"https:\/\/portaldoestado.com.br\/wp-content\/uploads\/2026\/02\/EEBVp8QP-Backup-Capa-2-fotos-1.png","contentUrl":"https:\/\/portaldoestado.com.br\/wp-content\/uploads\/2026\/02\/EEBVp8QP-Backup-Capa-2-fotos-1.png","width":1200,"height":900},{"@type":"BreadcrumbList","@id":"https:\/\/portaldoestado.com.br\/index.php\/2026\/02\/04\/rayane-figliuzzi-fala-sobre-belo-contracenar-com-viviane-araujo-em-tres-gracas-e-elogia-ex-do-cantor\/#breadcrumb","itemListElement":[{"@type":"ListItem","position":1,"name":"In\u00edcio","item":"https:\/\/portaldoestado.com.br\/"},{"@type":"ListItem","position":2,"name":"Rayane Figliuzzi fala sobre Belo contracenar com Viviane Ara\u00fajo em \u201cTr\u00eas Gra\u00e7as\u201d e elogia ex do cantor"}]},{"@type":"WebSite","@id":"https:\/\/portaldoestado.com.br\/#website","url":"https:\/\/portaldoestado.com.br\/","name":"Portal do Estado","description":"","publisher":{"@id":"https:\/\/portaldoestado.com.br\/#organization"},"potentialAction":[{"@type":"SearchAction","target":{"@type":"EntryPoint","urlTemplate":"https:\/\/portaldoestado.com.br\/?s={search_term_string}"},"query-input":{"@type":"PropertyValueSpecification","valueRequired":true,"valueName":"search_term_string"}}],"inLanguage":"pt-BR"},{"@type":"Organization","@id":"https:\/\/portaldoestado.com.br\/#organization","name":"Portal do Estado","url":"https:\/\/portaldoestado.com.br\/","logo":{"@type":"ImageObject","inLanguage":"pt-BR","@id":"https:\/\/portaldoestado.com.br\/#\/schema\/logo\/image\/","url":"https:\/\/portaldoestado.com.br\/wp-content\/uploads\/2025\/04\/cropped-6f69b19a-6472-43bf-b1b3-e1910bbbd4e8.png","contentUrl":"https:\/\/portaldoestado.com.br\/wp-content\/uploads\/2025\/04\/cropped-6f69b19a-6472-43bf-b1b3-e1910bbbd4e8.png","width":1024,"height":350,"caption":"Portal do Estado"},"image":{"@id":"https:\/\/portaldoestado.com.br\/#\/schema\/logo\/image\/"}},{"@type":"Person","@id":"https:\/\/portaldoestado.com.br\/#\/schema\/person\/5ca0174f3c8c84b59da62ea14b698cb9","name":"assessoriadefamosos","image":{"@type":"ImageObject","inLanguage":"pt-BR","@id":"https:\/\/portaldoestado.com.br\/#\/schema\/person\/image\/","url":"https:\/\/secure.gravatar.com\/avatar\/a7acbdffcfbbae7240e59f47fe511ec5f5d8c252c779f0b8d9ab02a9e1d8c5ed?s=96&d=mm&r=g","contentUrl":"https:\/\/secure.gravatar.com\/avatar\/a7acbdffcfbbae7240e59f47fe511ec5f5d8c252c779f0b8d9ab02a9e1d8c5ed?s=96&d=mm&r=g","caption":"assessoriadefamosos"},"url":"https:\/\/portaldoestado.com.br\/index.php\/author\/assessoriadefamosos\/"}]}},"jetpack_featured_media_url":"https:\/\/portaldoestado.com.br\/wp-content\/uploads\/2026\/02\/EEBVp8QP-Backup-Capa-2-fotos-1.png","_links":{"self":[{"href":"https:\/\/portaldoestado.com.br\/index.php\/wp-json\/wp\/v2\/posts\/6493","targetHints":{"allow":["GET"]}}],"collection":[{"href":"https:\/\/portaldoestado.com.br\/index.php\/wp-json\/wp\/v2\/posts"}],"about":[{"href":"https:\/\/portaldoestado.com.br\/index.php\/wp-json\/wp\/v2\/types\/post"}],"author":[{"embeddable":true,"href":"https:\/\/portaldoestado.com.br\/index.php\/wp-json\/wp\/v2\/users\/2"}],"replies":[{"embeddable":true,"href":"https:\/\/portaldoestado.com.br\/index.php\/wp-json\/wp\/v2\/comments?post=6493"}],"version-history":[{"count":1,"href":"https:\/\/portaldoestado.com.br\/index.php\/wp-json\/wp\/v2\/posts\/6493\/revisions"}],"predecessor-version":[{"id":6494,"href":"https:\/\/portaldoestado.com.br\/index.php\/wp-json\/wp\/v2\/posts\/6493\/revisions\/6494"}],"wp:featuredmedia":[{"embeddable":true,"href":"https:\/\/portaldoestado.com.br\/index.php\/wp-json\/wp\/v2\/media\/6492"}],"wp:attachment":[{"href":"https:\/\/portaldoestado.com.br\/index.php\/wp-json\/wp\/v2\/media?parent=6493"}],"wp:term":[{"taxonomy":"category","embeddable":true,"href":"https:\/\/portaldoestado.com.br\/index.php\/wp-json\/wp\/v2\/categories?post=6493"},{"taxonomy":"post_tag","embeddable":true,"href":"https:\/\/portaldoestado.com.br\/index.php\/wp-json\/wp\/v2\/tags?post=6493"}],"curies":[{"name":"wp","href":"https:\/\/api.w.org\/{rel}","templated":true}]}}