{"id":6463,"date":"2026-02-04T15:48:39","date_gmt":"2026-02-04T15:48:39","guid":{"rendered":"https:\/\/portaldoestado.com.br\/?p=6463"},"modified":"2026-02-04T15:48:39","modified_gmt":"2026-02-04T15:48:39","slug":"ze-felipe-muda-o-visual-para-o-carnaval-raspa-o-cabelo-e-vira-barbeiro-da-propria-equipe","status":"publish","type":"post","link":"https:\/\/portaldoestado.com.br\/index.php\/2026\/02\/04\/ze-felipe-muda-o-visual-para-o-carnaval-raspa-o-cabelo-e-vira-barbeiro-da-propria-equipe\/","title":{"rendered":"Z\u00e9 Felipe muda o visual para o Carnaval, raspa o cabelo e vira \u201cbarbeiro\u201d da pr\u00f3pria equipe"},"content":{"rendered":"\n<p>Z\u00e9 Felipe entrou de vez no clima do Carnaval e surpreendeu os seguidores ao aparecer com o visual renovado. Nesta ter\u00e7a-feira (3\/2), o cantor sertanejo, de 27 anos, surgiu nas redes sociais com o cabelo raspado, deixando para tr\u00e1s os fios mais compridos e adotando um corte bem baixo para a temporada de festas.<\/p>\n\n\n\n<p>A mudan\u00e7a, por\u00e9m, n\u00e3o foi individual. Em publica\u00e7\u00f5es bem-humoradas, o filho de Leonardo mostrou que amigos e membros de sua equipe decidiram acompanhar a transforma\u00e7\u00e3o. O detalhe que chamou aten\u00e7\u00e3o foi o pr\u00f3prio Z\u00e9 Felipe assumir a m\u00e1quina e raspar o cabelo dos colegas. Em um dos v\u00eddeos, um deles ainda demonstrou surpresa: \u201cVoc\u00ea vai raspar mesmo?\u201d, perguntou, antes de ouvir a resposta direta do cantor: \u201cVou. Todo mundo vai, e voc\u00ea tamb\u00e9m\u201d.<\/p>\n\n\n\n<p>Em clima de descontra\u00e7\u00e3o, um amigo legendou uma das fotos do grupo: \u201cPlay no Carnaval\u201d. Nos coment\u00e1rios, f\u00e3s n\u00e3o economizaram elogios ao novo visual do sertanejo. \u201cQue gato\u201d, escreveu uma seguidora. \u201cLindo de qualquer jeito\u201d, comentou outra. \u201cEle fica lindo at\u00e9 careca\u201d, brincou uma terceira.<\/p>\n\n\n\n<p>A apari\u00e7\u00e3o acontece poucos dias ap\u00f3s Z\u00e9 Felipe usar as redes sociais para um desabafo mais s\u00e9rio. O cantor rebateu cr\u00edticas e coment\u00e1rios maldosos que colocavam em d\u00favida sua atua\u00e7\u00e3o como pai, pedindo respeito, principalmente quando o assunto envolve seus filhos. Irritado, ele n\u00e3o poupou palavras ao se dirigir aos haters que, segundo ele, se escondem atr\u00e1s de perfis falsos para atacar.<\/p>\n","protected":false},"excerpt":{"rendered":"<p>Z\u00e9 Felipe entrou de vez no clima do Carnaval e surpreendeu os seguidores ao aparecer com o visual renovado. Nesta ter\u00e7a-feira (3\/2), o cantor sertanejo, de 27 anos, surgiu nas redes sociais com o cabelo raspado, deixando para tr\u00e1s os fios mais compridos e adotando um corte bem baixo para a temporada de festas. A \u2026<\/p>\n","protected":false},"author":2,"featured_media":6462,"comment_status":"closed","ping_status":"open","sticky":false,"template":"","format":"standard","meta":{"footnotes":""},"categories":[3],"tags":[],"class_list":["post-6463","post","type-post","status-publish","format-standard","has-post-thumbnail","hentry","category-famosos"],"yoast_head":"<!-- This site is optimized with the Yoast SEO plugin v25.5 - https:\/\/yoast.com\/wordpress\/plugins\/seo\/ -->\n<title>Z\u00e9 Felipe muda o visual para o Carnaval, raspa o cabelo e vira \u201cbarbeiro\u201d da pr\u00f3pria equipe - Portal do Estado<\/title>\n<meta name=\"robots\" content=\"index, follow, max-snippet:-1, max-image-preview:large, max-video-preview:-1\" \/>\n<link rel=\"canonical\" href=\"https:\/\/portaldoestado.com.br\/index.php\/2026\/02\/04\/ze-felipe-muda-o-visual-para-o-carnaval-raspa-o-cabelo-e-vira-barbeiro-da-propria-equipe\/\" \/>\n<meta property=\"og:locale\" content=\"pt_BR\" \/>\n<meta property=\"og:type\" content=\"article\" \/>\n<meta property=\"og:title\" content=\"Z\u00e9 Felipe muda o visual para o Carnaval, raspa o cabelo e vira \u201cbarbeiro\u201d da pr\u00f3pria equipe - Portal do Estado\" \/>\n<meta property=\"og:description\" content=\"Z\u00e9 Felipe entrou de vez no clima do Carnaval e surpreendeu os seguidores ao aparecer com o visual renovado. Nesta ter\u00e7a-feira (3\/2), o cantor sertanejo, de 27 anos, surgiu nas redes sociais com o cabelo raspado, deixando para tr\u00e1s os fios mais compridos e adotando um corte bem baixo para a temporada de festas. A \u2026\" \/>\n<meta property=\"og:url\" content=\"https:\/\/portaldoestado.com.br\/index.php\/2026\/02\/04\/ze-felipe-muda-o-visual-para-o-carnaval-raspa-o-cabelo-e-vira-barbeiro-da-propria-equipe\/\" \/>\n<meta property=\"og:site_name\" content=\"Portal do Estado\" \/>\n<meta property=\"article:published_time\" content=\"2026-02-04T15:48:39+00:00\" \/>\n<meta property=\"og:image\" content=\"https:\/\/portaldoestado.com.br\/wp-content\/uploads\/2026\/02\/foto-leo-dias-2026-02-04T004038.947.png\" \/>\n\t<meta property=\"og:image:width\" content=\"1200\" \/>\n\t<meta property=\"og:image:height\" content=\"900\" \/>\n\t<meta property=\"og:image:type\" content=\"image\/png\" \/>\n<meta name=\"author\" content=\"assessoriadefamosos\" \/>\n<meta name=\"twitter:card\" content=\"summary_large_image\" \/>\n<meta name=\"twitter:label1\" content=\"Escrito por\" \/>\n\t<meta name=\"twitter:data1\" content=\"assessoriadefamosos\" \/>\n\t<meta name=\"twitter:label2\" content=\"Est. tempo de leitura\" \/>\n\t<meta name=\"twitter:data2\" content=\"1 minuto\" \/>\n<script type=\"application\/ld+json\" class=\"yoast-schema-graph\">{\"@context\":\"https:\/\/schema.org\",\"@graph\":[{\"@type\":\"Article\",\"@id\":\"https:\/\/portaldoestado.com.br\/index.php\/2026\/02\/04\/ze-felipe-muda-o-visual-para-o-carnaval-raspa-o-cabelo-e-vira-barbeiro-da-propria-equipe\/#article\",\"isPartOf\":{\"@id\":\"https:\/\/portaldoestado.com.br\/index.php\/2026\/02\/04\/ze-felipe-muda-o-visual-para-o-carnaval-raspa-o-cabelo-e-vira-barbeiro-da-propria-equipe\/\"},\"author\":{\"name\":\"assessoriadefamosos\",\"@id\":\"https:\/\/portaldoestado.com.br\/#\/schema\/person\/5ca0174f3c8c84b59da62ea14b698cb9\"},\"headline\":\"Z\u00e9 Felipe muda o visual para o Carnaval, raspa o cabelo e vira \u201cbarbeiro\u201d da pr\u00f3pria equipe\",\"datePublished\":\"2026-02-04T15:48:39+00:00\",\"mainEntityOfPage\":{\"@id\":\"https:\/\/portaldoestado.com.br\/index.php\/2026\/02\/04\/ze-felipe-muda-o-visual-para-o-carnaval-raspa-o-cabelo-e-vira-barbeiro-da-propria-equipe\/\"},\"wordCount\":275,\"publisher\":{\"@id\":\"https:\/\/portaldoestado.com.br\/#organization\"},\"image\":{\"@id\":\"https:\/\/portaldoestado.com.br\/index.php\/2026\/02\/04\/ze-felipe-muda-o-visual-para-o-carnaval-raspa-o-cabelo-e-vira-barbeiro-da-propria-equipe\/#primaryimage\"},\"thumbnailUrl\":\"https:\/\/portaldoestado.com.br\/wp-content\/uploads\/2026\/02\/foto-leo-dias-2026-02-04T004038.947.png\",\"articleSection\":[\"Famosos\"],\"inLanguage\":\"pt-BR\"},{\"@type\":\"WebPage\",\"@id\":\"https:\/\/portaldoestado.com.br\/index.php\/2026\/02\/04\/ze-felipe-muda-o-visual-para-o-carnaval-raspa-o-cabelo-e-vira-barbeiro-da-propria-equipe\/\",\"url\":\"https:\/\/portaldoestado.com.br\/index.php\/2026\/02\/04\/ze-felipe-muda-o-visual-para-o-carnaval-raspa-o-cabelo-e-vira-barbeiro-da-propria-equipe\/\",\"name\":\"Z\u00e9 Felipe muda o visual para o Carnaval, raspa o cabelo e vira \u201cbarbeiro\u201d da pr\u00f3pria equipe - Portal do Estado\",\"isPartOf\":{\"@id\":\"https:\/\/portaldoestado.com.br\/#website\"},\"primaryImageOfPage\":{\"@id\":\"https:\/\/portaldoestado.com.br\/index.php\/2026\/02\/04\/ze-felipe-muda-o-visual-para-o-carnaval-raspa-o-cabelo-e-vira-barbeiro-da-propria-equipe\/#primaryimage\"},\"image\":{\"@id\":\"https:\/\/portaldoestado.com.br\/index.php\/2026\/02\/04\/ze-felipe-muda-o-visual-para-o-carnaval-raspa-o-cabelo-e-vira-barbeiro-da-propria-equipe\/#primaryimage\"},\"thumbnailUrl\":\"https:\/\/portaldoestado.com.br\/wp-content\/uploads\/2026\/02\/foto-leo-dias-2026-02-04T004038.947.png\",\"datePublished\":\"2026-02-04T15:48:39+00:00\",\"breadcrumb\":{\"@id\":\"https:\/\/portaldoestado.com.br\/index.php\/2026\/02\/04\/ze-felipe-muda-o-visual-para-o-carnaval-raspa-o-cabelo-e-vira-barbeiro-da-propria-equipe\/#breadcrumb\"},\"inLanguage\":\"pt-BR\",\"potentialAction\":[{\"@type\":\"ReadAction\",\"target\":[\"https:\/\/portaldoestado.com.br\/index.php\/2026\/02\/04\/ze-felipe-muda-o-visual-para-o-carnaval-raspa-o-cabelo-e-vira-barbeiro-da-propria-equipe\/\"]}]},{\"@type\":\"ImageObject\",\"inLanguage\":\"pt-BR\",\"@id\":\"https:\/\/portaldoestado.com.br\/index.php\/2026\/02\/04\/ze-felipe-muda-o-visual-para-o-carnaval-raspa-o-cabelo-e-vira-barbeiro-da-propria-equipe\/#primaryimage\",\"url\":\"https:\/\/portaldoestado.com.br\/wp-content\/uploads\/2026\/02\/foto-leo-dias-2026-02-04T004038.947.png\",\"contentUrl\":\"https:\/\/portaldoestado.com.br\/wp-content\/uploads\/2026\/02\/foto-leo-dias-2026-02-04T004038.947.png\",\"width\":1200,\"height\":900},{\"@type\":\"BreadcrumbList\",\"@id\":\"https:\/\/portaldoestado.com.br\/index.php\/2026\/02\/04\/ze-felipe-muda-o-visual-para-o-carnaval-raspa-o-cabelo-e-vira-barbeiro-da-propria-equipe\/#breadcrumb\",\"itemListElement\":[{\"@type\":\"ListItem\",\"position\":1,\"name\":\"In\u00edcio\",\"item\":\"https:\/\/portaldoestado.com.br\/\"},{\"@type\":\"ListItem\",\"position\":2,\"name\":\"Z\u00e9 Felipe muda o visual para o Carnaval, raspa o cabelo e vira \u201cbarbeiro\u201d da pr\u00f3pria equipe\"}]},{\"@type\":\"WebSite\",\"@id\":\"https:\/\/portaldoestado.com.br\/#website\",\"url\":\"https:\/\/portaldoestado.com.br\/\",\"name\":\"Portal do Estado\",\"description\":\"\",\"publisher\":{\"@id\":\"https:\/\/portaldoestado.com.br\/#organization\"},\"potentialAction\":[{\"@type\":\"SearchAction\",\"target\":{\"@type\":\"EntryPoint\",\"urlTemplate\":\"https:\/\/portaldoestado.com.br\/?s={search_term_string}\"},\"query-input\":{\"@type\":\"PropertyValueSpecification\",\"valueRequired\":true,\"valueName\":\"search_term_string\"}}],\"inLanguage\":\"pt-BR\"},{\"@type\":\"Organization\",\"@id\":\"https:\/\/portaldoestado.com.br\/#organization\",\"name\":\"Portal do Estado\",\"url\":\"https:\/\/portaldoestado.com.br\/\",\"logo\":{\"@type\":\"ImageObject\",\"inLanguage\":\"pt-BR\",\"@id\":\"https:\/\/portaldoestado.com.br\/#\/schema\/logo\/image\/\",\"url\":\"https:\/\/portaldoestado.com.br\/wp-content\/uploads\/2025\/04\/cropped-6f69b19a-6472-43bf-b1b3-e1910bbbd4e8.png\",\"contentUrl\":\"https:\/\/portaldoestado.com.br\/wp-content\/uploads\/2025\/04\/cropped-6f69b19a-6472-43bf-b1b3-e1910bbbd4e8.png\",\"width\":1024,\"height\":350,\"caption\":\"Portal do Estado\"},\"image\":{\"@id\":\"https:\/\/portaldoestado.com.br\/#\/schema\/logo\/image\/\"}},{\"@type\":\"Person\",\"@id\":\"https:\/\/portaldoestado.com.br\/#\/schema\/person\/5ca0174f3c8c84b59da62ea14b698cb9\",\"name\":\"assessoriadefamosos\",\"image\":{\"@type\":\"ImageObject\",\"inLanguage\":\"pt-BR\",\"@id\":\"https:\/\/portaldoestado.com.br\/#\/schema\/person\/image\/\",\"url\":\"https:\/\/secure.gravatar.com\/avatar\/a7acbdffcfbbae7240e59f47fe511ec5f5d8c252c779f0b8d9ab02a9e1d8c5ed?s=96&d=mm&r=g\",\"contentUrl\":\"https:\/\/secure.gravatar.com\/avatar\/a7acbdffcfbbae7240e59f47fe511ec5f5d8c252c779f0b8d9ab02a9e1d8c5ed?s=96&d=mm&r=g\",\"caption\":\"assessoriadefamosos\"},\"url\":\"https:\/\/portaldoestado.com.br\/index.php\/author\/assessoriadefamosos\/\"}]}<\/script>\n<!-- \/ Yoast SEO plugin. -->","yoast_head_json":{"title":"Z\u00e9 Felipe muda o visual para o Carnaval, raspa o cabelo e vira \u201cbarbeiro\u201d da pr\u00f3pria equipe - Portal do Estado","robots":{"index":"index","follow":"follow","max-snippet":"max-snippet:-1","max-image-preview":"max-image-preview:large","max-video-preview":"max-video-preview:-1"},"canonical":"https:\/\/portaldoestado.com.br\/index.php\/2026\/02\/04\/ze-felipe-muda-o-visual-para-o-carnaval-raspa-o-cabelo-e-vira-barbeiro-da-propria-equipe\/","og_locale":"pt_BR","og_type":"article","og_title":"Z\u00e9 Felipe muda o visual para o Carnaval, raspa o cabelo e vira \u201cbarbeiro\u201d da pr\u00f3pria equipe - Portal do Estado","og_description":"Z\u00e9 Felipe entrou de vez no clima do Carnaval e surpreendeu os seguidores ao aparecer com o visual renovado. Nesta ter\u00e7a-feira (3\/2), o cantor sertanejo, de 27 anos, surgiu nas redes sociais com o cabelo raspado, deixando para tr\u00e1s os fios mais compridos e adotando um corte bem baixo para a temporada de festas. A \u2026","og_url":"https:\/\/portaldoestado.com.br\/index.php\/2026\/02\/04\/ze-felipe-muda-o-visual-para-o-carnaval-raspa-o-cabelo-e-vira-barbeiro-da-propria-equipe\/","og_site_name":"Portal do Estado","article_published_time":"2026-02-04T15:48:39+00:00","og_image":[{"width":1200,"height":900,"url":"https:\/\/portaldoestado.com.br\/wp-content\/uploads\/2026\/02\/foto-leo-dias-2026-02-04T004038.947.png","type":"image\/png"}],"author":"assessoriadefamosos","twitter_card":"summary_large_image","twitter_misc":{"Escrito por":"assessoriadefamosos","Est. tempo de leitura":"1 minuto"},"schema":{"@context":"https:\/\/schema.org","@graph":[{"@type":"Article","@id":"https:\/\/portaldoestado.com.br\/index.php\/2026\/02\/04\/ze-felipe-muda-o-visual-para-o-carnaval-raspa-o-cabelo-e-vira-barbeiro-da-propria-equipe\/#article","isPartOf":{"@id":"https:\/\/portaldoestado.com.br\/index.php\/2026\/02\/04\/ze-felipe-muda-o-visual-para-o-carnaval-raspa-o-cabelo-e-vira-barbeiro-da-propria-equipe\/"},"author":{"name":"assessoriadefamosos","@id":"https:\/\/portaldoestado.com.br\/#\/schema\/person\/5ca0174f3c8c84b59da62ea14b698cb9"},"headline":"Z\u00e9 Felipe muda o visual para o Carnaval, raspa o cabelo e vira \u201cbarbeiro\u201d da pr\u00f3pria equipe","datePublished":"2026-02-04T15:48:39+00:00","mainEntityOfPage":{"@id":"https:\/\/portaldoestado.com.br\/index.php\/2026\/02\/04\/ze-felipe-muda-o-visual-para-o-carnaval-raspa-o-cabelo-e-vira-barbeiro-da-propria-equipe\/"},"wordCount":275,"publisher":{"@id":"https:\/\/portaldoestado.com.br\/#organization"},"image":{"@id":"https:\/\/portaldoestado.com.br\/index.php\/2026\/02\/04\/ze-felipe-muda-o-visual-para-o-carnaval-raspa-o-cabelo-e-vira-barbeiro-da-propria-equipe\/#primaryimage"},"thumbnailUrl":"https:\/\/portaldoestado.com.br\/wp-content\/uploads\/2026\/02\/foto-leo-dias-2026-02-04T004038.947.png","articleSection":["Famosos"],"inLanguage":"pt-BR"},{"@type":"WebPage","@id":"https:\/\/portaldoestado.com.br\/index.php\/2026\/02\/04\/ze-felipe-muda-o-visual-para-o-carnaval-raspa-o-cabelo-e-vira-barbeiro-da-propria-equipe\/","url":"https:\/\/portaldoestado.com.br\/index.php\/2026\/02\/04\/ze-felipe-muda-o-visual-para-o-carnaval-raspa-o-cabelo-e-vira-barbeiro-da-propria-equipe\/","name":"Z\u00e9 Felipe muda o visual para o Carnaval, raspa o cabelo e vira \u201cbarbeiro\u201d da pr\u00f3pria equipe - Portal do Estado","isPartOf":{"@id":"https:\/\/portaldoestado.com.br\/#website"},"primaryImageOfPage":{"@id":"https:\/\/portaldoestado.com.br\/index.php\/2026\/02\/04\/ze-felipe-muda-o-visual-para-o-carnaval-raspa-o-cabelo-e-vira-barbeiro-da-propria-equipe\/#primaryimage"},"image":{"@id":"https:\/\/portaldoestado.com.br\/index.php\/2026\/02\/04\/ze-felipe-muda-o-visual-para-o-carnaval-raspa-o-cabelo-e-vira-barbeiro-da-propria-equipe\/#primaryimage"},"thumbnailUrl":"https:\/\/portaldoestado.com.br\/wp-content\/uploads\/2026\/02\/foto-leo-dias-2026-02-04T004038.947.png","datePublished":"2026-02-04T15:48:39+00:00","breadcrumb":{"@id":"https:\/\/portaldoestado.com.br\/index.php\/2026\/02\/04\/ze-felipe-muda-o-visual-para-o-carnaval-raspa-o-cabelo-e-vira-barbeiro-da-propria-equipe\/#breadcrumb"},"inLanguage":"pt-BR","potentialAction":[{"@type":"ReadAction","target":["https:\/\/portaldoestado.com.br\/index.php\/2026\/02\/04\/ze-felipe-muda-o-visual-para-o-carnaval-raspa-o-cabelo-e-vira-barbeiro-da-propria-equipe\/"]}]},{"@type":"ImageObject","inLanguage":"pt-BR","@id":"https:\/\/portaldoestado.com.br\/index.php\/2026\/02\/04\/ze-felipe-muda-o-visual-para-o-carnaval-raspa-o-cabelo-e-vira-barbeiro-da-propria-equipe\/#primaryimage","url":"https:\/\/portaldoestado.com.br\/wp-content\/uploads\/2026\/02\/foto-leo-dias-2026-02-04T004038.947.png","contentUrl":"https:\/\/portaldoestado.com.br\/wp-content\/uploads\/2026\/02\/foto-leo-dias-2026-02-04T004038.947.png","width":1200,"height":900},{"@type":"BreadcrumbList","@id":"https:\/\/portaldoestado.com.br\/index.php\/2026\/02\/04\/ze-felipe-muda-o-visual-para-o-carnaval-raspa-o-cabelo-e-vira-barbeiro-da-propria-equipe\/#breadcrumb","itemListElement":[{"@type":"ListItem","position":1,"name":"In\u00edcio","item":"https:\/\/portaldoestado.com.br\/"},{"@type":"ListItem","position":2,"name":"Z\u00e9 Felipe muda o visual para o Carnaval, raspa o cabelo e vira \u201cbarbeiro\u201d da pr\u00f3pria equipe"}]},{"@type":"WebSite","@id":"https:\/\/portaldoestado.com.br\/#website","url":"https:\/\/portaldoestado.com.br\/","name":"Portal do Estado","description":"","publisher":{"@id":"https:\/\/portaldoestado.com.br\/#organization"},"potentialAction":[{"@type":"SearchAction","target":{"@type":"EntryPoint","urlTemplate":"https:\/\/portaldoestado.com.br\/?s={search_term_string}"},"query-input":{"@type":"PropertyValueSpecification","valueRequired":true,"valueName":"search_term_string"}}],"inLanguage":"pt-BR"},{"@type":"Organization","@id":"https:\/\/portaldoestado.com.br\/#organization","name":"Portal do Estado","url":"https:\/\/portaldoestado.com.br\/","logo":{"@type":"ImageObject","inLanguage":"pt-BR","@id":"https:\/\/portaldoestado.com.br\/#\/schema\/logo\/image\/","url":"https:\/\/portaldoestado.com.br\/wp-content\/uploads\/2025\/04\/cropped-6f69b19a-6472-43bf-b1b3-e1910bbbd4e8.png","contentUrl":"https:\/\/portaldoestado.com.br\/wp-content\/uploads\/2025\/04\/cropped-6f69b19a-6472-43bf-b1b3-e1910bbbd4e8.png","width":1024,"height":350,"caption":"Portal do Estado"},"image":{"@id":"https:\/\/portaldoestado.com.br\/#\/schema\/logo\/image\/"}},{"@type":"Person","@id":"https:\/\/portaldoestado.com.br\/#\/schema\/person\/5ca0174f3c8c84b59da62ea14b698cb9","name":"assessoriadefamosos","image":{"@type":"ImageObject","inLanguage":"pt-BR","@id":"https:\/\/portaldoestado.com.br\/#\/schema\/person\/image\/","url":"https:\/\/secure.gravatar.com\/avatar\/a7acbdffcfbbae7240e59f47fe511ec5f5d8c252c779f0b8d9ab02a9e1d8c5ed?s=96&d=mm&r=g","contentUrl":"https:\/\/secure.gravatar.com\/avatar\/a7acbdffcfbbae7240e59f47fe511ec5f5d8c252c779f0b8d9ab02a9e1d8c5ed?s=96&d=mm&r=g","caption":"assessoriadefamosos"},"url":"https:\/\/portaldoestado.com.br\/index.php\/author\/assessoriadefamosos\/"}]}},"jetpack_featured_media_url":"https:\/\/portaldoestado.com.br\/wp-content\/uploads\/2026\/02\/foto-leo-dias-2026-02-04T004038.947.png","_links":{"self":[{"href":"https:\/\/portaldoestado.com.br\/index.php\/wp-json\/wp\/v2\/posts\/6463","targetHints":{"allow":["GET"]}}],"collection":[{"href":"https:\/\/portaldoestado.com.br\/index.php\/wp-json\/wp\/v2\/posts"}],"about":[{"href":"https:\/\/portaldoestado.com.br\/index.php\/wp-json\/wp\/v2\/types\/post"}],"author":[{"embeddable":true,"href":"https:\/\/portaldoestado.com.br\/index.php\/wp-json\/wp\/v2\/users\/2"}],"replies":[{"embeddable":true,"href":"https:\/\/portaldoestado.com.br\/index.php\/wp-json\/wp\/v2\/comments?post=6463"}],"version-history":[{"count":1,"href":"https:\/\/portaldoestado.com.br\/index.php\/wp-json\/wp\/v2\/posts\/6463\/revisions"}],"predecessor-version":[{"id":6464,"href":"https:\/\/portaldoestado.com.br\/index.php\/wp-json\/wp\/v2\/posts\/6463\/revisions\/6464"}],"wp:featuredmedia":[{"embeddable":true,"href":"https:\/\/portaldoestado.com.br\/index.php\/wp-json\/wp\/v2\/media\/6462"}],"wp:attachment":[{"href":"https:\/\/portaldoestado.com.br\/index.php\/wp-json\/wp\/v2\/media?parent=6463"}],"wp:term":[{"taxonomy":"category","embeddable":true,"href":"https:\/\/portaldoestado.com.br\/index.php\/wp-json\/wp\/v2\/categories?post=6463"},{"taxonomy":"post_tag","embeddable":true,"href":"https:\/\/portaldoestado.com.br\/index.php\/wp-json\/wp\/v2\/tags?post=6463"}],"curies":[{"name":"wp","href":"https:\/\/api.w.org\/{rel}","templated":true}]}}