{"id":6460,"date":"2026-02-04T15:30:27","date_gmt":"2026-02-04T15:30:27","guid":{"rendered":"https:\/\/portaldoestado.com.br\/?p=6460"},"modified":"2026-02-04T15:30:27","modified_gmt":"2026-02-04T15:30:27","slug":"val-marchiori-emociona-ao-falar-sobre-cancer-de-mama-e-apoio-da-familia-sai-mais-forte","status":"publish","type":"post","link":"https:\/\/portaldoestado.com.br\/index.php\/2026\/02\/04\/val-marchiori-emociona-ao-falar-sobre-cancer-de-mama-e-apoio-da-familia-sai-mais-forte\/","title":{"rendered":"Val Marchiori emociona ao falar sobre c\u00e2ncer de mama e apoio da fam\u00edlia: \u201cSa\u00ed mais forte\u201d"},"content":{"rendered":"\n<p>Val Marchiori compartilhou um relato sincero sobre a luta contra o c\u00e2ncer de mama e as mudan\u00e7as profundas que enfrentou desde o diagn\u00f3stico, feito em agosto de 2025. A empres\u00e1ria revelou que est\u00e1 na reta final do tratamento e que far\u00e1, nesta semana, a \u00faltima sess\u00e3o de quimioterapia.<\/p>\n\n\n\n<p>Em publica\u00e7\u00e3o nas redes sociais, Val lembrou que a cirurgia para retirada do tumor completou cinco meses e refletiu sobre o impacto emocional do processo. \u201cNada foi f\u00e1cil, mas cada etapa me ensinou algo novo. Minha vida mudou, e hoje me sinto ainda mais forte\u201d, afirmou.<\/p>\n\n\n\n<p>Ela fez quest\u00e3o de agradecer o apoio da fam\u00edlia, destacando os filhos, Victor e Eike, e o marido, Amilton, como pilares fundamentais durante o tratamento. \u201cEles me deram for\u00e7a quando eu achei que n\u00e3o teria mais\u201d, escreveu.<\/p>\n\n\n\n<p>Ao final do desabafo, a empres\u00e1ria deixou uma mensagem de esperan\u00e7a para mulheres que enfrentam o mesmo diagn\u00f3stico. \u201cO c\u00e2ncer n\u00e3o define quem somos. Ele muda a nossa hist\u00f3ria, mas tamb\u00e9m revela uma for\u00e7a imensa. Que nenhuma mulher passe por isso sozinha\u201d, disse.<\/p>\n\n\n\n<p>Val Marchiori contou que descobriu o tumor ap\u00f3s exames de rotina, mesmo tendo receio de realizar mamografia. Ap\u00f3s identificar um n\u00f3dulo suspeito, passou por bi\u00f3psia, cirurgia e seguiu com o tratamento oncol\u00f3gico, agora em sua fase final.<\/p>\n","protected":false},"excerpt":{"rendered":"<p>Val Marchiori compartilhou um relato sincero sobre a luta contra o c\u00e2ncer de mama e as mudan\u00e7as profundas que enfrentou desde o diagn\u00f3stico, feito em agosto de 2025. A empres\u00e1ria revelou que est\u00e1 na reta final do tratamento e que far\u00e1, nesta semana, a \u00faltima sess\u00e3o de quimioterapia. Em publica\u00e7\u00e3o nas redes sociais, Val lembrou \u2026<\/p>\n","protected":false},"author":2,"featured_media":6459,"comment_status":"closed","ping_status":"open","sticky":false,"template":"","format":"standard","meta":{"footnotes":""},"categories":[3],"tags":[],"class_list":["post-6460","post","type-post","status-publish","format-standard","has-post-thumbnail","hentry","category-famosos"],"yoast_head":"<!-- This site is optimized with the Yoast SEO plugin v25.5 - https:\/\/yoast.com\/wordpress\/plugins\/seo\/ -->\n<title>Val Marchiori emociona ao falar sobre c\u00e2ncer de mama e apoio da fam\u00edlia: \u201cSa\u00ed mais forte\u201d - Portal do Estado<\/title>\n<meta name=\"robots\" content=\"index, follow, max-snippet:-1, max-image-preview:large, max-video-preview:-1\" \/>\n<link rel=\"canonical\" href=\"https:\/\/portaldoestado.com.br\/index.php\/2026\/02\/04\/val-marchiori-emociona-ao-falar-sobre-cancer-de-mama-e-apoio-da-familia-sai-mais-forte\/\" \/>\n<meta property=\"og:locale\" content=\"pt_BR\" \/>\n<meta property=\"og:type\" content=\"article\" \/>\n<meta property=\"og:title\" content=\"Val Marchiori emociona ao falar sobre c\u00e2ncer de mama e apoio da fam\u00edlia: \u201cSa\u00ed mais forte\u201d - Portal do Estado\" \/>\n<meta property=\"og:description\" content=\"Val Marchiori compartilhou um relato sincero sobre a luta contra o c\u00e2ncer de mama e as mudan\u00e7as profundas que enfrentou desde o diagn\u00f3stico, feito em agosto de 2025. A empres\u00e1ria revelou que est\u00e1 na reta final do tratamento e que far\u00e1, nesta semana, a \u00faltima sess\u00e3o de quimioterapia. Em publica\u00e7\u00e3o nas redes sociais, Val lembrou \u2026\" \/>\n<meta property=\"og:url\" content=\"https:\/\/portaldoestado.com.br\/index.php\/2026\/02\/04\/val-marchiori-emociona-ao-falar-sobre-cancer-de-mama-e-apoio-da-familia-sai-mais-forte\/\" \/>\n<meta property=\"og:site_name\" content=\"Portal do Estado\" \/>\n<meta property=\"article:published_time\" content=\"2026-02-04T15:30:27+00:00\" \/>\n<meta property=\"og:image\" content=\"https:\/\/portaldoestado.com.br\/wp-content\/uploads\/2026\/02\/val-marchiori-1.jpg\" \/>\n\t<meta property=\"og:image:width\" content=\"1920\" \/>\n\t<meta property=\"og:image:height\" content=\"1080\" \/>\n\t<meta property=\"og:image:type\" content=\"image\/jpeg\" \/>\n<meta name=\"author\" content=\"assessoriadefamosos\" \/>\n<meta name=\"twitter:card\" content=\"summary_large_image\" \/>\n<meta name=\"twitter:label1\" content=\"Escrito por\" \/>\n\t<meta name=\"twitter:data1\" content=\"assessoriadefamosos\" \/>\n\t<meta name=\"twitter:label2\" content=\"Est. tempo de leitura\" \/>\n\t<meta name=\"twitter:data2\" content=\"1 minuto\" \/>\n<script type=\"application\/ld+json\" class=\"yoast-schema-graph\">{\"@context\":\"https:\/\/schema.org\",\"@graph\":[{\"@type\":\"Article\",\"@id\":\"https:\/\/portaldoestado.com.br\/index.php\/2026\/02\/04\/val-marchiori-emociona-ao-falar-sobre-cancer-de-mama-e-apoio-da-familia-sai-mais-forte\/#article\",\"isPartOf\":{\"@id\":\"https:\/\/portaldoestado.com.br\/index.php\/2026\/02\/04\/val-marchiori-emociona-ao-falar-sobre-cancer-de-mama-e-apoio-da-familia-sai-mais-forte\/\"},\"author\":{\"name\":\"assessoriadefamosos\",\"@id\":\"https:\/\/portaldoestado.com.br\/#\/schema\/person\/5ca0174f3c8c84b59da62ea14b698cb9\"},\"headline\":\"Val Marchiori emociona ao falar sobre c\u00e2ncer de mama e apoio da fam\u00edlia: \u201cSa\u00ed mais forte\u201d\",\"datePublished\":\"2026-02-04T15:30:27+00:00\",\"mainEntityOfPage\":{\"@id\":\"https:\/\/portaldoestado.com.br\/index.php\/2026\/02\/04\/val-marchiori-emociona-ao-falar-sobre-cancer-de-mama-e-apoio-da-familia-sai-mais-forte\/\"},\"wordCount\":252,\"publisher\":{\"@id\":\"https:\/\/portaldoestado.com.br\/#organization\"},\"image\":{\"@id\":\"https:\/\/portaldoestado.com.br\/index.php\/2026\/02\/04\/val-marchiori-emociona-ao-falar-sobre-cancer-de-mama-e-apoio-da-familia-sai-mais-forte\/#primaryimage\"},\"thumbnailUrl\":\"https:\/\/portaldoestado.com.br\/wp-content\/uploads\/2026\/02\/val-marchiori-1.jpg\",\"articleSection\":[\"Famosos\"],\"inLanguage\":\"pt-BR\"},{\"@type\":\"WebPage\",\"@id\":\"https:\/\/portaldoestado.com.br\/index.php\/2026\/02\/04\/val-marchiori-emociona-ao-falar-sobre-cancer-de-mama-e-apoio-da-familia-sai-mais-forte\/\",\"url\":\"https:\/\/portaldoestado.com.br\/index.php\/2026\/02\/04\/val-marchiori-emociona-ao-falar-sobre-cancer-de-mama-e-apoio-da-familia-sai-mais-forte\/\",\"name\":\"Val Marchiori emociona ao falar sobre c\u00e2ncer de mama e apoio da fam\u00edlia: \u201cSa\u00ed mais forte\u201d - Portal do Estado\",\"isPartOf\":{\"@id\":\"https:\/\/portaldoestado.com.br\/#website\"},\"primaryImageOfPage\":{\"@id\":\"https:\/\/portaldoestado.com.br\/index.php\/2026\/02\/04\/val-marchiori-emociona-ao-falar-sobre-cancer-de-mama-e-apoio-da-familia-sai-mais-forte\/#primaryimage\"},\"image\":{\"@id\":\"https:\/\/portaldoestado.com.br\/index.php\/2026\/02\/04\/val-marchiori-emociona-ao-falar-sobre-cancer-de-mama-e-apoio-da-familia-sai-mais-forte\/#primaryimage\"},\"thumbnailUrl\":\"https:\/\/portaldoestado.com.br\/wp-content\/uploads\/2026\/02\/val-marchiori-1.jpg\",\"datePublished\":\"2026-02-04T15:30:27+00:00\",\"breadcrumb\":{\"@id\":\"https:\/\/portaldoestado.com.br\/index.php\/2026\/02\/04\/val-marchiori-emociona-ao-falar-sobre-cancer-de-mama-e-apoio-da-familia-sai-mais-forte\/#breadcrumb\"},\"inLanguage\":\"pt-BR\",\"potentialAction\":[{\"@type\":\"ReadAction\",\"target\":[\"https:\/\/portaldoestado.com.br\/index.php\/2026\/02\/04\/val-marchiori-emociona-ao-falar-sobre-cancer-de-mama-e-apoio-da-familia-sai-mais-forte\/\"]}]},{\"@type\":\"ImageObject\",\"inLanguage\":\"pt-BR\",\"@id\":\"https:\/\/portaldoestado.com.br\/index.php\/2026\/02\/04\/val-marchiori-emociona-ao-falar-sobre-cancer-de-mama-e-apoio-da-familia-sai-mais-forte\/#primaryimage\",\"url\":\"https:\/\/portaldoestado.com.br\/wp-content\/uploads\/2026\/02\/val-marchiori-1.jpg\",\"contentUrl\":\"https:\/\/portaldoestado.com.br\/wp-content\/uploads\/2026\/02\/val-marchiori-1.jpg\",\"width\":1920,\"height\":1080},{\"@type\":\"BreadcrumbList\",\"@id\":\"https:\/\/portaldoestado.com.br\/index.php\/2026\/02\/04\/val-marchiori-emociona-ao-falar-sobre-cancer-de-mama-e-apoio-da-familia-sai-mais-forte\/#breadcrumb\",\"itemListElement\":[{\"@type\":\"ListItem\",\"position\":1,\"name\":\"In\u00edcio\",\"item\":\"https:\/\/portaldoestado.com.br\/\"},{\"@type\":\"ListItem\",\"position\":2,\"name\":\"Val Marchiori emociona ao falar sobre c\u00e2ncer de mama e apoio da fam\u00edlia: \u201cSa\u00ed mais forte\u201d\"}]},{\"@type\":\"WebSite\",\"@id\":\"https:\/\/portaldoestado.com.br\/#website\",\"url\":\"https:\/\/portaldoestado.com.br\/\",\"name\":\"Portal do Estado\",\"description\":\"\",\"publisher\":{\"@id\":\"https:\/\/portaldoestado.com.br\/#organization\"},\"potentialAction\":[{\"@type\":\"SearchAction\",\"target\":{\"@type\":\"EntryPoint\",\"urlTemplate\":\"https:\/\/portaldoestado.com.br\/?s={search_term_string}\"},\"query-input\":{\"@type\":\"PropertyValueSpecification\",\"valueRequired\":true,\"valueName\":\"search_term_string\"}}],\"inLanguage\":\"pt-BR\"},{\"@type\":\"Organization\",\"@id\":\"https:\/\/portaldoestado.com.br\/#organization\",\"name\":\"Portal do Estado\",\"url\":\"https:\/\/portaldoestado.com.br\/\",\"logo\":{\"@type\":\"ImageObject\",\"inLanguage\":\"pt-BR\",\"@id\":\"https:\/\/portaldoestado.com.br\/#\/schema\/logo\/image\/\",\"url\":\"https:\/\/portaldoestado.com.br\/wp-content\/uploads\/2025\/04\/cropped-6f69b19a-6472-43bf-b1b3-e1910bbbd4e8.png\",\"contentUrl\":\"https:\/\/portaldoestado.com.br\/wp-content\/uploads\/2025\/04\/cropped-6f69b19a-6472-43bf-b1b3-e1910bbbd4e8.png\",\"width\":1024,\"height\":350,\"caption\":\"Portal do Estado\"},\"image\":{\"@id\":\"https:\/\/portaldoestado.com.br\/#\/schema\/logo\/image\/\"}},{\"@type\":\"Person\",\"@id\":\"https:\/\/portaldoestado.com.br\/#\/schema\/person\/5ca0174f3c8c84b59da62ea14b698cb9\",\"name\":\"assessoriadefamosos\",\"image\":{\"@type\":\"ImageObject\",\"inLanguage\":\"pt-BR\",\"@id\":\"https:\/\/portaldoestado.com.br\/#\/schema\/person\/image\/\",\"url\":\"https:\/\/secure.gravatar.com\/avatar\/a7acbdffcfbbae7240e59f47fe511ec5f5d8c252c779f0b8d9ab02a9e1d8c5ed?s=96&d=mm&r=g\",\"contentUrl\":\"https:\/\/secure.gravatar.com\/avatar\/a7acbdffcfbbae7240e59f47fe511ec5f5d8c252c779f0b8d9ab02a9e1d8c5ed?s=96&d=mm&r=g\",\"caption\":\"assessoriadefamosos\"},\"url\":\"https:\/\/portaldoestado.com.br\/index.php\/author\/assessoriadefamosos\/\"}]}<\/script>\n<!-- \/ Yoast SEO plugin. -->","yoast_head_json":{"title":"Val Marchiori emociona ao falar sobre c\u00e2ncer de mama e apoio da fam\u00edlia: \u201cSa\u00ed mais forte\u201d - Portal do Estado","robots":{"index":"index","follow":"follow","max-snippet":"max-snippet:-1","max-image-preview":"max-image-preview:large","max-video-preview":"max-video-preview:-1"},"canonical":"https:\/\/portaldoestado.com.br\/index.php\/2026\/02\/04\/val-marchiori-emociona-ao-falar-sobre-cancer-de-mama-e-apoio-da-familia-sai-mais-forte\/","og_locale":"pt_BR","og_type":"article","og_title":"Val Marchiori emociona ao falar sobre c\u00e2ncer de mama e apoio da fam\u00edlia: \u201cSa\u00ed mais forte\u201d - Portal do Estado","og_description":"Val Marchiori compartilhou um relato sincero sobre a luta contra o c\u00e2ncer de mama e as mudan\u00e7as profundas que enfrentou desde o diagn\u00f3stico, feito em agosto de 2025. A empres\u00e1ria revelou que est\u00e1 na reta final do tratamento e que far\u00e1, nesta semana, a \u00faltima sess\u00e3o de quimioterapia. Em publica\u00e7\u00e3o nas redes sociais, Val lembrou \u2026","og_url":"https:\/\/portaldoestado.com.br\/index.php\/2026\/02\/04\/val-marchiori-emociona-ao-falar-sobre-cancer-de-mama-e-apoio-da-familia-sai-mais-forte\/","og_site_name":"Portal do Estado","article_published_time":"2026-02-04T15:30:27+00:00","og_image":[{"width":1920,"height":1080,"url":"https:\/\/portaldoestado.com.br\/wp-content\/uploads\/2026\/02\/val-marchiori-1.jpg","type":"image\/jpeg"}],"author":"assessoriadefamosos","twitter_card":"summary_large_image","twitter_misc":{"Escrito por":"assessoriadefamosos","Est. tempo de leitura":"1 minuto"},"schema":{"@context":"https:\/\/schema.org","@graph":[{"@type":"Article","@id":"https:\/\/portaldoestado.com.br\/index.php\/2026\/02\/04\/val-marchiori-emociona-ao-falar-sobre-cancer-de-mama-e-apoio-da-familia-sai-mais-forte\/#article","isPartOf":{"@id":"https:\/\/portaldoestado.com.br\/index.php\/2026\/02\/04\/val-marchiori-emociona-ao-falar-sobre-cancer-de-mama-e-apoio-da-familia-sai-mais-forte\/"},"author":{"name":"assessoriadefamosos","@id":"https:\/\/portaldoestado.com.br\/#\/schema\/person\/5ca0174f3c8c84b59da62ea14b698cb9"},"headline":"Val Marchiori emociona ao falar sobre c\u00e2ncer de mama e apoio da fam\u00edlia: \u201cSa\u00ed mais forte\u201d","datePublished":"2026-02-04T15:30:27+00:00","mainEntityOfPage":{"@id":"https:\/\/portaldoestado.com.br\/index.php\/2026\/02\/04\/val-marchiori-emociona-ao-falar-sobre-cancer-de-mama-e-apoio-da-familia-sai-mais-forte\/"},"wordCount":252,"publisher":{"@id":"https:\/\/portaldoestado.com.br\/#organization"},"image":{"@id":"https:\/\/portaldoestado.com.br\/index.php\/2026\/02\/04\/val-marchiori-emociona-ao-falar-sobre-cancer-de-mama-e-apoio-da-familia-sai-mais-forte\/#primaryimage"},"thumbnailUrl":"https:\/\/portaldoestado.com.br\/wp-content\/uploads\/2026\/02\/val-marchiori-1.jpg","articleSection":["Famosos"],"inLanguage":"pt-BR"},{"@type":"WebPage","@id":"https:\/\/portaldoestado.com.br\/index.php\/2026\/02\/04\/val-marchiori-emociona-ao-falar-sobre-cancer-de-mama-e-apoio-da-familia-sai-mais-forte\/","url":"https:\/\/portaldoestado.com.br\/index.php\/2026\/02\/04\/val-marchiori-emociona-ao-falar-sobre-cancer-de-mama-e-apoio-da-familia-sai-mais-forte\/","name":"Val Marchiori emociona ao falar sobre c\u00e2ncer de mama e apoio da fam\u00edlia: \u201cSa\u00ed mais forte\u201d - Portal do Estado","isPartOf":{"@id":"https:\/\/portaldoestado.com.br\/#website"},"primaryImageOfPage":{"@id":"https:\/\/portaldoestado.com.br\/index.php\/2026\/02\/04\/val-marchiori-emociona-ao-falar-sobre-cancer-de-mama-e-apoio-da-familia-sai-mais-forte\/#primaryimage"},"image":{"@id":"https:\/\/portaldoestado.com.br\/index.php\/2026\/02\/04\/val-marchiori-emociona-ao-falar-sobre-cancer-de-mama-e-apoio-da-familia-sai-mais-forte\/#primaryimage"},"thumbnailUrl":"https:\/\/portaldoestado.com.br\/wp-content\/uploads\/2026\/02\/val-marchiori-1.jpg","datePublished":"2026-02-04T15:30:27+00:00","breadcrumb":{"@id":"https:\/\/portaldoestado.com.br\/index.php\/2026\/02\/04\/val-marchiori-emociona-ao-falar-sobre-cancer-de-mama-e-apoio-da-familia-sai-mais-forte\/#breadcrumb"},"inLanguage":"pt-BR","potentialAction":[{"@type":"ReadAction","target":["https:\/\/portaldoestado.com.br\/index.php\/2026\/02\/04\/val-marchiori-emociona-ao-falar-sobre-cancer-de-mama-e-apoio-da-familia-sai-mais-forte\/"]}]},{"@type":"ImageObject","inLanguage":"pt-BR","@id":"https:\/\/portaldoestado.com.br\/index.php\/2026\/02\/04\/val-marchiori-emociona-ao-falar-sobre-cancer-de-mama-e-apoio-da-familia-sai-mais-forte\/#primaryimage","url":"https:\/\/portaldoestado.com.br\/wp-content\/uploads\/2026\/02\/val-marchiori-1.jpg","contentUrl":"https:\/\/portaldoestado.com.br\/wp-content\/uploads\/2026\/02\/val-marchiori-1.jpg","width":1920,"height":1080},{"@type":"BreadcrumbList","@id":"https:\/\/portaldoestado.com.br\/index.php\/2026\/02\/04\/val-marchiori-emociona-ao-falar-sobre-cancer-de-mama-e-apoio-da-familia-sai-mais-forte\/#breadcrumb","itemListElement":[{"@type":"ListItem","position":1,"name":"In\u00edcio","item":"https:\/\/portaldoestado.com.br\/"},{"@type":"ListItem","position":2,"name":"Val Marchiori emociona ao falar sobre c\u00e2ncer de mama e apoio da fam\u00edlia: \u201cSa\u00ed mais forte\u201d"}]},{"@type":"WebSite","@id":"https:\/\/portaldoestado.com.br\/#website","url":"https:\/\/portaldoestado.com.br\/","name":"Portal do Estado","description":"","publisher":{"@id":"https:\/\/portaldoestado.com.br\/#organization"},"potentialAction":[{"@type":"SearchAction","target":{"@type":"EntryPoint","urlTemplate":"https:\/\/portaldoestado.com.br\/?s={search_term_string}"},"query-input":{"@type":"PropertyValueSpecification","valueRequired":true,"valueName":"search_term_string"}}],"inLanguage":"pt-BR"},{"@type":"Organization","@id":"https:\/\/portaldoestado.com.br\/#organization","name":"Portal do Estado","url":"https:\/\/portaldoestado.com.br\/","logo":{"@type":"ImageObject","inLanguage":"pt-BR","@id":"https:\/\/portaldoestado.com.br\/#\/schema\/logo\/image\/","url":"https:\/\/portaldoestado.com.br\/wp-content\/uploads\/2025\/04\/cropped-6f69b19a-6472-43bf-b1b3-e1910bbbd4e8.png","contentUrl":"https:\/\/portaldoestado.com.br\/wp-content\/uploads\/2025\/04\/cropped-6f69b19a-6472-43bf-b1b3-e1910bbbd4e8.png","width":1024,"height":350,"caption":"Portal do Estado"},"image":{"@id":"https:\/\/portaldoestado.com.br\/#\/schema\/logo\/image\/"}},{"@type":"Person","@id":"https:\/\/portaldoestado.com.br\/#\/schema\/person\/5ca0174f3c8c84b59da62ea14b698cb9","name":"assessoriadefamosos","image":{"@type":"ImageObject","inLanguage":"pt-BR","@id":"https:\/\/portaldoestado.com.br\/#\/schema\/person\/image\/","url":"https:\/\/secure.gravatar.com\/avatar\/a7acbdffcfbbae7240e59f47fe511ec5f5d8c252c779f0b8d9ab02a9e1d8c5ed?s=96&d=mm&r=g","contentUrl":"https:\/\/secure.gravatar.com\/avatar\/a7acbdffcfbbae7240e59f47fe511ec5f5d8c252c779f0b8d9ab02a9e1d8c5ed?s=96&d=mm&r=g","caption":"assessoriadefamosos"},"url":"https:\/\/portaldoestado.com.br\/index.php\/author\/assessoriadefamosos\/"}]}},"jetpack_featured_media_url":"https:\/\/portaldoestado.com.br\/wp-content\/uploads\/2026\/02\/val-marchiori-1.jpg","_links":{"self":[{"href":"https:\/\/portaldoestado.com.br\/index.php\/wp-json\/wp\/v2\/posts\/6460","targetHints":{"allow":["GET"]}}],"collection":[{"href":"https:\/\/portaldoestado.com.br\/index.php\/wp-json\/wp\/v2\/posts"}],"about":[{"href":"https:\/\/portaldoestado.com.br\/index.php\/wp-json\/wp\/v2\/types\/post"}],"author":[{"embeddable":true,"href":"https:\/\/portaldoestado.com.br\/index.php\/wp-json\/wp\/v2\/users\/2"}],"replies":[{"embeddable":true,"href":"https:\/\/portaldoestado.com.br\/index.php\/wp-json\/wp\/v2\/comments?post=6460"}],"version-history":[{"count":1,"href":"https:\/\/portaldoestado.com.br\/index.php\/wp-json\/wp\/v2\/posts\/6460\/revisions"}],"predecessor-version":[{"id":6461,"href":"https:\/\/portaldoestado.com.br\/index.php\/wp-json\/wp\/v2\/posts\/6460\/revisions\/6461"}],"wp:featuredmedia":[{"embeddable":true,"href":"https:\/\/portaldoestado.com.br\/index.php\/wp-json\/wp\/v2\/media\/6459"}],"wp:attachment":[{"href":"https:\/\/portaldoestado.com.br\/index.php\/wp-json\/wp\/v2\/media?parent=6460"}],"wp:term":[{"taxonomy":"category","embeddable":true,"href":"https:\/\/portaldoestado.com.br\/index.php\/wp-json\/wp\/v2\/categories?post=6460"},{"taxonomy":"post_tag","embeddable":true,"href":"https:\/\/portaldoestado.com.br\/index.php\/wp-json\/wp\/v2\/tags?post=6460"}],"curies":[{"name":"wp","href":"https:\/\/api.w.org\/{rel}","templated":true}]}}