{"id":6457,"date":"2026-02-04T15:17:11","date_gmt":"2026-02-04T15:17:11","guid":{"rendered":"https:\/\/portaldoestado.com.br\/?p=6457"},"modified":"2026-02-04T15:17:11","modified_gmt":"2026-02-04T15:17:11","slug":"yuri-lima-expoe-saudade-da-filha-nala-e-desabafa-nas-redes-apos-fim-com-iza","status":"publish","type":"post","link":"https:\/\/portaldoestado.com.br\/index.php\/2026\/02\/04\/yuri-lima-expoe-saudade-da-filha-nala-e-desabafa-nas-redes-apos-fim-com-iza\/","title":{"rendered":"Yuri Lima exp\u00f5e saudade da filha Nala e desabafa nas redes ap\u00f3s fim com Iza"},"content":{"rendered":"\n<p>O jogador de futebol <strong>Yuri Lima<\/strong>, de 31 anos, usou as redes sociais na \u00faltima ter\u00e7a-feira (3\/2) para compartilhar um momento de vulnerabilidade ao falar da saudade que sente da filha <strong>Nala<\/strong>, de 1 ano, fruto de seu antigo relacionamento com a cantora <strong>Iza<\/strong>. Em seus stories, o atleta publicou um registro da galeria do celular repleta de fotos da pequena e escreveu: <em>\u201cAus\u00eancia que incomoda\u201d<\/em>, evidenciando o impacto da dist\u00e2ncia na rotina com a filha.<\/p>\n\n\n\n<p>Yuri e Iza colocaram um ponto final definitivo na rela\u00e7\u00e3o em <strong>outubro de 2025<\/strong>. O casal havia reatado pouco antes do nascimento de Nala, mas o relacionamento voltou a enfrentar dificuldades e terminou ap\u00f3s surgirem <strong>novos rumores de uma suposta trai\u00e7\u00e3o<\/strong> por parte do jogador.<\/p>\n\n\n\n<p>Desde ent\u00e3o, ambos t\u00eam adotado uma postura mais reservada sobre a vida pessoal. Ainda assim, o desabafo de Yuri chamou aten\u00e7\u00e3o dos seguidores, que reagiram com mensagens de apoio e empatia, ressaltando o quanto a separa\u00e7\u00e3o pode ser dolorosa quando envolve filhos pequenos.<\/p>\n","protected":false},"excerpt":{"rendered":"<p>O jogador de futebol Yuri Lima, de 31 anos, usou as redes sociais na \u00faltima ter\u00e7a-feira (3\/2) para compartilhar um momento de vulnerabilidade ao falar da saudade que sente da filha Nala, de 1 ano, fruto de seu antigo relacionamento com a cantora Iza. Em seus stories, o atleta publicou um registro da galeria do \u2026<\/p>\n","protected":false},"author":2,"featured_media":6456,"comment_status":"closed","ping_status":"open","sticky":false,"template":"","format":"standard","meta":{"footnotes":""},"categories":[3],"tags":[],"class_list":["post-6457","post","type-post","status-publish","format-standard","has-post-thumbnail","hentry","category-famosos"],"yoast_head":"<!-- This site is optimized with the Yoast SEO plugin v25.5 - https:\/\/yoast.com\/wordpress\/plugins\/seo\/ -->\n<title>Yuri Lima exp\u00f5e saudade da filha Nala e desabafa nas redes ap\u00f3s fim com Iza - Portal do Estado<\/title>\n<meta name=\"robots\" content=\"index, follow, max-snippet:-1, max-image-preview:large, max-video-preview:-1\" \/>\n<link rel=\"canonical\" href=\"https:\/\/portaldoestado.com.br\/index.php\/2026\/02\/04\/yuri-lima-expoe-saudade-da-filha-nala-e-desabafa-nas-redes-apos-fim-com-iza\/\" \/>\n<meta property=\"og:locale\" content=\"pt_BR\" \/>\n<meta property=\"og:type\" content=\"article\" \/>\n<meta property=\"og:title\" content=\"Yuri Lima exp\u00f5e saudade da filha Nala e desabafa nas redes ap\u00f3s fim com Iza - Portal do Estado\" \/>\n<meta property=\"og:description\" content=\"O jogador de futebol Yuri Lima, de 31 anos, usou as redes sociais na \u00faltima ter\u00e7a-feira (3\/2) para compartilhar um momento de vulnerabilidade ao falar da saudade que sente da filha Nala, de 1 ano, fruto de seu antigo relacionamento com a cantora Iza. Em seus stories, o atleta publicou um registro da galeria do \u2026\" \/>\n<meta property=\"og:url\" content=\"https:\/\/portaldoestado.com.br\/index.php\/2026\/02\/04\/yuri-lima-expoe-saudade-da-filha-nala-e-desabafa-nas-redes-apos-fim-com-iza\/\" \/>\n<meta property=\"og:site_name\" content=\"Portal do Estado\" \/>\n<meta property=\"article:published_time\" content=\"2026-02-04T15:17:11+00:00\" \/>\n<meta property=\"og:image\" content=\"https:\/\/portaldoestado.com.br\/wp-content\/uploads\/2026\/02\/8bGldNWP-Tamanho-portal-5.jpg\" \/>\n\t<meta property=\"og:image:width\" content=\"1200\" \/>\n\t<meta property=\"og:image:height\" content=\"900\" \/>\n\t<meta property=\"og:image:type\" content=\"image\/jpeg\" \/>\n<meta name=\"author\" content=\"assessoriadefamosos\" \/>\n<meta name=\"twitter:card\" content=\"summary_large_image\" \/>\n<meta name=\"twitter:label1\" content=\"Escrito por\" \/>\n\t<meta name=\"twitter:data1\" content=\"assessoriadefamosos\" \/>\n\t<meta name=\"twitter:label2\" content=\"Est. tempo de leitura\" \/>\n\t<meta name=\"twitter:data2\" content=\"1 minuto\" \/>\n<script type=\"application\/ld+json\" class=\"yoast-schema-graph\">{\"@context\":\"https:\/\/schema.org\",\"@graph\":[{\"@type\":\"Article\",\"@id\":\"https:\/\/portaldoestado.com.br\/index.php\/2026\/02\/04\/yuri-lima-expoe-saudade-da-filha-nala-e-desabafa-nas-redes-apos-fim-com-iza\/#article\",\"isPartOf\":{\"@id\":\"https:\/\/portaldoestado.com.br\/index.php\/2026\/02\/04\/yuri-lima-expoe-saudade-da-filha-nala-e-desabafa-nas-redes-apos-fim-com-iza\/\"},\"author\":{\"name\":\"assessoriadefamosos\",\"@id\":\"https:\/\/portaldoestado.com.br\/#\/schema\/person\/5ca0174f3c8c84b59da62ea14b698cb9\"},\"headline\":\"Yuri Lima exp\u00f5e saudade da filha Nala e desabafa nas redes ap\u00f3s fim com Iza\",\"datePublished\":\"2026-02-04T15:17:11+00:00\",\"mainEntityOfPage\":{\"@id\":\"https:\/\/portaldoestado.com.br\/index.php\/2026\/02\/04\/yuri-lima-expoe-saudade-da-filha-nala-e-desabafa-nas-redes-apos-fim-com-iza\/\"},\"wordCount\":187,\"publisher\":{\"@id\":\"https:\/\/portaldoestado.com.br\/#organization\"},\"image\":{\"@id\":\"https:\/\/portaldoestado.com.br\/index.php\/2026\/02\/04\/yuri-lima-expoe-saudade-da-filha-nala-e-desabafa-nas-redes-apos-fim-com-iza\/#primaryimage\"},\"thumbnailUrl\":\"https:\/\/portaldoestado.com.br\/wp-content\/uploads\/2026\/02\/8bGldNWP-Tamanho-portal-5.jpg\",\"articleSection\":[\"Famosos\"],\"inLanguage\":\"pt-BR\"},{\"@type\":\"WebPage\",\"@id\":\"https:\/\/portaldoestado.com.br\/index.php\/2026\/02\/04\/yuri-lima-expoe-saudade-da-filha-nala-e-desabafa-nas-redes-apos-fim-com-iza\/\",\"url\":\"https:\/\/portaldoestado.com.br\/index.php\/2026\/02\/04\/yuri-lima-expoe-saudade-da-filha-nala-e-desabafa-nas-redes-apos-fim-com-iza\/\",\"name\":\"Yuri Lima exp\u00f5e saudade da filha Nala e desabafa nas redes ap\u00f3s fim com Iza - Portal do Estado\",\"isPartOf\":{\"@id\":\"https:\/\/portaldoestado.com.br\/#website\"},\"primaryImageOfPage\":{\"@id\":\"https:\/\/portaldoestado.com.br\/index.php\/2026\/02\/04\/yuri-lima-expoe-saudade-da-filha-nala-e-desabafa-nas-redes-apos-fim-com-iza\/#primaryimage\"},\"image\":{\"@id\":\"https:\/\/portaldoestado.com.br\/index.php\/2026\/02\/04\/yuri-lima-expoe-saudade-da-filha-nala-e-desabafa-nas-redes-apos-fim-com-iza\/#primaryimage\"},\"thumbnailUrl\":\"https:\/\/portaldoestado.com.br\/wp-content\/uploads\/2026\/02\/8bGldNWP-Tamanho-portal-5.jpg\",\"datePublished\":\"2026-02-04T15:17:11+00:00\",\"breadcrumb\":{\"@id\":\"https:\/\/portaldoestado.com.br\/index.php\/2026\/02\/04\/yuri-lima-expoe-saudade-da-filha-nala-e-desabafa-nas-redes-apos-fim-com-iza\/#breadcrumb\"},\"inLanguage\":\"pt-BR\",\"potentialAction\":[{\"@type\":\"ReadAction\",\"target\":[\"https:\/\/portaldoestado.com.br\/index.php\/2026\/02\/04\/yuri-lima-expoe-saudade-da-filha-nala-e-desabafa-nas-redes-apos-fim-com-iza\/\"]}]},{\"@type\":\"ImageObject\",\"inLanguage\":\"pt-BR\",\"@id\":\"https:\/\/portaldoestado.com.br\/index.php\/2026\/02\/04\/yuri-lima-expoe-saudade-da-filha-nala-e-desabafa-nas-redes-apos-fim-com-iza\/#primaryimage\",\"url\":\"https:\/\/portaldoestado.com.br\/wp-content\/uploads\/2026\/02\/8bGldNWP-Tamanho-portal-5.jpg\",\"contentUrl\":\"https:\/\/portaldoestado.com.br\/wp-content\/uploads\/2026\/02\/8bGldNWP-Tamanho-portal-5.jpg\",\"width\":1200,\"height\":900},{\"@type\":\"BreadcrumbList\",\"@id\":\"https:\/\/portaldoestado.com.br\/index.php\/2026\/02\/04\/yuri-lima-expoe-saudade-da-filha-nala-e-desabafa-nas-redes-apos-fim-com-iza\/#breadcrumb\",\"itemListElement\":[{\"@type\":\"ListItem\",\"position\":1,\"name\":\"In\u00edcio\",\"item\":\"https:\/\/portaldoestado.com.br\/\"},{\"@type\":\"ListItem\",\"position\":2,\"name\":\"Yuri Lima exp\u00f5e saudade da filha Nala e desabafa nas redes ap\u00f3s fim com Iza\"}]},{\"@type\":\"WebSite\",\"@id\":\"https:\/\/portaldoestado.com.br\/#website\",\"url\":\"https:\/\/portaldoestado.com.br\/\",\"name\":\"Portal do Estado\",\"description\":\"\",\"publisher\":{\"@id\":\"https:\/\/portaldoestado.com.br\/#organization\"},\"potentialAction\":[{\"@type\":\"SearchAction\",\"target\":{\"@type\":\"EntryPoint\",\"urlTemplate\":\"https:\/\/portaldoestado.com.br\/?s={search_term_string}\"},\"query-input\":{\"@type\":\"PropertyValueSpecification\",\"valueRequired\":true,\"valueName\":\"search_term_string\"}}],\"inLanguage\":\"pt-BR\"},{\"@type\":\"Organization\",\"@id\":\"https:\/\/portaldoestado.com.br\/#organization\",\"name\":\"Portal do Estado\",\"url\":\"https:\/\/portaldoestado.com.br\/\",\"logo\":{\"@type\":\"ImageObject\",\"inLanguage\":\"pt-BR\",\"@id\":\"https:\/\/portaldoestado.com.br\/#\/schema\/logo\/image\/\",\"url\":\"https:\/\/portaldoestado.com.br\/wp-content\/uploads\/2025\/04\/cropped-6f69b19a-6472-43bf-b1b3-e1910bbbd4e8.png\",\"contentUrl\":\"https:\/\/portaldoestado.com.br\/wp-content\/uploads\/2025\/04\/cropped-6f69b19a-6472-43bf-b1b3-e1910bbbd4e8.png\",\"width\":1024,\"height\":350,\"caption\":\"Portal do Estado\"},\"image\":{\"@id\":\"https:\/\/portaldoestado.com.br\/#\/schema\/logo\/image\/\"}},{\"@type\":\"Person\",\"@id\":\"https:\/\/portaldoestado.com.br\/#\/schema\/person\/5ca0174f3c8c84b59da62ea14b698cb9\",\"name\":\"assessoriadefamosos\",\"image\":{\"@type\":\"ImageObject\",\"inLanguage\":\"pt-BR\",\"@id\":\"https:\/\/portaldoestado.com.br\/#\/schema\/person\/image\/\",\"url\":\"https:\/\/secure.gravatar.com\/avatar\/a7acbdffcfbbae7240e59f47fe511ec5f5d8c252c779f0b8d9ab02a9e1d8c5ed?s=96&d=mm&r=g\",\"contentUrl\":\"https:\/\/secure.gravatar.com\/avatar\/a7acbdffcfbbae7240e59f47fe511ec5f5d8c252c779f0b8d9ab02a9e1d8c5ed?s=96&d=mm&r=g\",\"caption\":\"assessoriadefamosos\"},\"url\":\"https:\/\/portaldoestado.com.br\/index.php\/author\/assessoriadefamosos\/\"}]}<\/script>\n<!-- \/ Yoast SEO plugin. -->","yoast_head_json":{"title":"Yuri Lima exp\u00f5e saudade da filha Nala e desabafa nas redes ap\u00f3s fim com Iza - Portal do Estado","robots":{"index":"index","follow":"follow","max-snippet":"max-snippet:-1","max-image-preview":"max-image-preview:large","max-video-preview":"max-video-preview:-1"},"canonical":"https:\/\/portaldoestado.com.br\/index.php\/2026\/02\/04\/yuri-lima-expoe-saudade-da-filha-nala-e-desabafa-nas-redes-apos-fim-com-iza\/","og_locale":"pt_BR","og_type":"article","og_title":"Yuri Lima exp\u00f5e saudade da filha Nala e desabafa nas redes ap\u00f3s fim com Iza - Portal do Estado","og_description":"O jogador de futebol Yuri Lima, de 31 anos, usou as redes sociais na \u00faltima ter\u00e7a-feira (3\/2) para compartilhar um momento de vulnerabilidade ao falar da saudade que sente da filha Nala, de 1 ano, fruto de seu antigo relacionamento com a cantora Iza. Em seus stories, o atleta publicou um registro da galeria do \u2026","og_url":"https:\/\/portaldoestado.com.br\/index.php\/2026\/02\/04\/yuri-lima-expoe-saudade-da-filha-nala-e-desabafa-nas-redes-apos-fim-com-iza\/","og_site_name":"Portal do Estado","article_published_time":"2026-02-04T15:17:11+00:00","og_image":[{"width":1200,"height":900,"url":"https:\/\/portaldoestado.com.br\/wp-content\/uploads\/2026\/02\/8bGldNWP-Tamanho-portal-5.jpg","type":"image\/jpeg"}],"author":"assessoriadefamosos","twitter_card":"summary_large_image","twitter_misc":{"Escrito por":"assessoriadefamosos","Est. tempo de leitura":"1 minuto"},"schema":{"@context":"https:\/\/schema.org","@graph":[{"@type":"Article","@id":"https:\/\/portaldoestado.com.br\/index.php\/2026\/02\/04\/yuri-lima-expoe-saudade-da-filha-nala-e-desabafa-nas-redes-apos-fim-com-iza\/#article","isPartOf":{"@id":"https:\/\/portaldoestado.com.br\/index.php\/2026\/02\/04\/yuri-lima-expoe-saudade-da-filha-nala-e-desabafa-nas-redes-apos-fim-com-iza\/"},"author":{"name":"assessoriadefamosos","@id":"https:\/\/portaldoestado.com.br\/#\/schema\/person\/5ca0174f3c8c84b59da62ea14b698cb9"},"headline":"Yuri Lima exp\u00f5e saudade da filha Nala e desabafa nas redes ap\u00f3s fim com Iza","datePublished":"2026-02-04T15:17:11+00:00","mainEntityOfPage":{"@id":"https:\/\/portaldoestado.com.br\/index.php\/2026\/02\/04\/yuri-lima-expoe-saudade-da-filha-nala-e-desabafa-nas-redes-apos-fim-com-iza\/"},"wordCount":187,"publisher":{"@id":"https:\/\/portaldoestado.com.br\/#organization"},"image":{"@id":"https:\/\/portaldoestado.com.br\/index.php\/2026\/02\/04\/yuri-lima-expoe-saudade-da-filha-nala-e-desabafa-nas-redes-apos-fim-com-iza\/#primaryimage"},"thumbnailUrl":"https:\/\/portaldoestado.com.br\/wp-content\/uploads\/2026\/02\/8bGldNWP-Tamanho-portal-5.jpg","articleSection":["Famosos"],"inLanguage":"pt-BR"},{"@type":"WebPage","@id":"https:\/\/portaldoestado.com.br\/index.php\/2026\/02\/04\/yuri-lima-expoe-saudade-da-filha-nala-e-desabafa-nas-redes-apos-fim-com-iza\/","url":"https:\/\/portaldoestado.com.br\/index.php\/2026\/02\/04\/yuri-lima-expoe-saudade-da-filha-nala-e-desabafa-nas-redes-apos-fim-com-iza\/","name":"Yuri Lima exp\u00f5e saudade da filha Nala e desabafa nas redes ap\u00f3s fim com Iza - Portal do Estado","isPartOf":{"@id":"https:\/\/portaldoestado.com.br\/#website"},"primaryImageOfPage":{"@id":"https:\/\/portaldoestado.com.br\/index.php\/2026\/02\/04\/yuri-lima-expoe-saudade-da-filha-nala-e-desabafa-nas-redes-apos-fim-com-iza\/#primaryimage"},"image":{"@id":"https:\/\/portaldoestado.com.br\/index.php\/2026\/02\/04\/yuri-lima-expoe-saudade-da-filha-nala-e-desabafa-nas-redes-apos-fim-com-iza\/#primaryimage"},"thumbnailUrl":"https:\/\/portaldoestado.com.br\/wp-content\/uploads\/2026\/02\/8bGldNWP-Tamanho-portal-5.jpg","datePublished":"2026-02-04T15:17:11+00:00","breadcrumb":{"@id":"https:\/\/portaldoestado.com.br\/index.php\/2026\/02\/04\/yuri-lima-expoe-saudade-da-filha-nala-e-desabafa-nas-redes-apos-fim-com-iza\/#breadcrumb"},"inLanguage":"pt-BR","potentialAction":[{"@type":"ReadAction","target":["https:\/\/portaldoestado.com.br\/index.php\/2026\/02\/04\/yuri-lima-expoe-saudade-da-filha-nala-e-desabafa-nas-redes-apos-fim-com-iza\/"]}]},{"@type":"ImageObject","inLanguage":"pt-BR","@id":"https:\/\/portaldoestado.com.br\/index.php\/2026\/02\/04\/yuri-lima-expoe-saudade-da-filha-nala-e-desabafa-nas-redes-apos-fim-com-iza\/#primaryimage","url":"https:\/\/portaldoestado.com.br\/wp-content\/uploads\/2026\/02\/8bGldNWP-Tamanho-portal-5.jpg","contentUrl":"https:\/\/portaldoestado.com.br\/wp-content\/uploads\/2026\/02\/8bGldNWP-Tamanho-portal-5.jpg","width":1200,"height":900},{"@type":"BreadcrumbList","@id":"https:\/\/portaldoestado.com.br\/index.php\/2026\/02\/04\/yuri-lima-expoe-saudade-da-filha-nala-e-desabafa-nas-redes-apos-fim-com-iza\/#breadcrumb","itemListElement":[{"@type":"ListItem","position":1,"name":"In\u00edcio","item":"https:\/\/portaldoestado.com.br\/"},{"@type":"ListItem","position":2,"name":"Yuri Lima exp\u00f5e saudade da filha Nala e desabafa nas redes ap\u00f3s fim com Iza"}]},{"@type":"WebSite","@id":"https:\/\/portaldoestado.com.br\/#website","url":"https:\/\/portaldoestado.com.br\/","name":"Portal do Estado","description":"","publisher":{"@id":"https:\/\/portaldoestado.com.br\/#organization"},"potentialAction":[{"@type":"SearchAction","target":{"@type":"EntryPoint","urlTemplate":"https:\/\/portaldoestado.com.br\/?s={search_term_string}"},"query-input":{"@type":"PropertyValueSpecification","valueRequired":true,"valueName":"search_term_string"}}],"inLanguage":"pt-BR"},{"@type":"Organization","@id":"https:\/\/portaldoestado.com.br\/#organization","name":"Portal do Estado","url":"https:\/\/portaldoestado.com.br\/","logo":{"@type":"ImageObject","inLanguage":"pt-BR","@id":"https:\/\/portaldoestado.com.br\/#\/schema\/logo\/image\/","url":"https:\/\/portaldoestado.com.br\/wp-content\/uploads\/2025\/04\/cropped-6f69b19a-6472-43bf-b1b3-e1910bbbd4e8.png","contentUrl":"https:\/\/portaldoestado.com.br\/wp-content\/uploads\/2025\/04\/cropped-6f69b19a-6472-43bf-b1b3-e1910bbbd4e8.png","width":1024,"height":350,"caption":"Portal do Estado"},"image":{"@id":"https:\/\/portaldoestado.com.br\/#\/schema\/logo\/image\/"}},{"@type":"Person","@id":"https:\/\/portaldoestado.com.br\/#\/schema\/person\/5ca0174f3c8c84b59da62ea14b698cb9","name":"assessoriadefamosos","image":{"@type":"ImageObject","inLanguage":"pt-BR","@id":"https:\/\/portaldoestado.com.br\/#\/schema\/person\/image\/","url":"https:\/\/secure.gravatar.com\/avatar\/a7acbdffcfbbae7240e59f47fe511ec5f5d8c252c779f0b8d9ab02a9e1d8c5ed?s=96&d=mm&r=g","contentUrl":"https:\/\/secure.gravatar.com\/avatar\/a7acbdffcfbbae7240e59f47fe511ec5f5d8c252c779f0b8d9ab02a9e1d8c5ed?s=96&d=mm&r=g","caption":"assessoriadefamosos"},"url":"https:\/\/portaldoestado.com.br\/index.php\/author\/assessoriadefamosos\/"}]}},"jetpack_featured_media_url":"https:\/\/portaldoestado.com.br\/wp-content\/uploads\/2026\/02\/8bGldNWP-Tamanho-portal-5.jpg","_links":{"self":[{"href":"https:\/\/portaldoestado.com.br\/index.php\/wp-json\/wp\/v2\/posts\/6457","targetHints":{"allow":["GET"]}}],"collection":[{"href":"https:\/\/portaldoestado.com.br\/index.php\/wp-json\/wp\/v2\/posts"}],"about":[{"href":"https:\/\/portaldoestado.com.br\/index.php\/wp-json\/wp\/v2\/types\/post"}],"author":[{"embeddable":true,"href":"https:\/\/portaldoestado.com.br\/index.php\/wp-json\/wp\/v2\/users\/2"}],"replies":[{"embeddable":true,"href":"https:\/\/portaldoestado.com.br\/index.php\/wp-json\/wp\/v2\/comments?post=6457"}],"version-history":[{"count":1,"href":"https:\/\/portaldoestado.com.br\/index.php\/wp-json\/wp\/v2\/posts\/6457\/revisions"}],"predecessor-version":[{"id":6458,"href":"https:\/\/portaldoestado.com.br\/index.php\/wp-json\/wp\/v2\/posts\/6457\/revisions\/6458"}],"wp:featuredmedia":[{"embeddable":true,"href":"https:\/\/portaldoestado.com.br\/index.php\/wp-json\/wp\/v2\/media\/6456"}],"wp:attachment":[{"href":"https:\/\/portaldoestado.com.br\/index.php\/wp-json\/wp\/v2\/media?parent=6457"}],"wp:term":[{"taxonomy":"category","embeddable":true,"href":"https:\/\/portaldoestado.com.br\/index.php\/wp-json\/wp\/v2\/categories?post=6457"},{"taxonomy":"post_tag","embeddable":true,"href":"https:\/\/portaldoestado.com.br\/index.php\/wp-json\/wp\/v2\/tags?post=6457"}],"curies":[{"name":"wp","href":"https:\/\/api.w.org\/{rel}","templated":true}]}}