{"id":6454,"date":"2026-02-04T02:18:44","date_gmt":"2026-02-04T02:18:44","guid":{"rendered":"https:\/\/portaldoestado.com.br\/?p=6454"},"modified":"2026-02-04T02:18:44","modified_gmt":"2026-02-04T02:18:44","slug":"beneficios-da-caminhada-para-o-corpo-e-a-mente","status":"publish","type":"post","link":"https:\/\/portaldoestado.com.br\/index.php\/2026\/02\/04\/beneficios-da-caminhada-para-o-corpo-e-a-mente\/","title":{"rendered":"Benef\u00edcios da caminhada para o corpo e a mente"},"content":{"rendered":"\n<p>A caminhada \u00e9 frequentemente subestimada como forma de exerc\u00edcio. Muitas pessoas buscam atividades mais intensas ou tecnologicamente sofisticadas, ignorando que um dos movimentos mais naturais e acess\u00edveis ao ser humano oferece benef\u00edcios extraordin\u00e1rios para sa\u00fade f\u00edsica, mental e emocional. Voc\u00ea n\u00e3o precisa de equipamento especial, academia cara ou habilidades atl\u00e9ticas. Basta cal\u00e7ar um t\u00eanis confort\u00e1vel e sair pela porta.<\/p>\n\n\n\n<p>A ci\u00eancia confirma o que culturas ancestrais sempre souberam: caminhar regularmente transforma corpo e mente de maneiras profundas e duradouras. Desde redu\u00e7\u00e3o de risco de doen\u00e7as cr\u00f4nicas at\u00e9 melhora significativa em sa\u00fade mental, os benef\u00edcios da caminhada s\u00e3o t\u00e3o diversos quanto impressionantes. Vamos explorar como essa atividade simples pode revolucionar sua qualidade de vida.<\/p>\n\n\n\n<h2 class=\"wp-block-heading\"><strong>Fortalecimento cardiovascular sem impacto excessivo<\/strong><\/h2>\n\n\n\n<p>A caminhada fortalece o cora\u00e7\u00e3o e melhora a circula\u00e7\u00e3o sangu\u00ednea de forma suave mas eficaz. Diferente de corrida ou exerc\u00edcios de alto impacto, caminhar oferece benef\u00edcios cardiovasculares significativos sem sobrecarregar articula\u00e7\u00f5es, tornando-se ideal para pessoas de todas as idades e condi\u00e7\u00f5es f\u00edsicas.<\/p>\n\n\n\n<p>Estudos mostram que caminhar apenas 30 minutos diariamente reduz em at\u00e9 35% o risco de doen\u00e7as card\u00edacas. O exerc\u00edcio regular melhora o perfil lip\u00eddico, diminuindo colesterol LDL ruim e aumentando HDL bom. A press\u00e3o arterial tamb\u00e9m responde positivamente, com redu\u00e7\u00f5es clinicamente significativas em pessoas hipertensas que adotam caminhadas regulares.<\/p>\n\n\n\n<p>O cora\u00e7\u00e3o, como qualquer m\u00fasculo, se fortalece com exerc\u00edcio adequado. A caminhada aumenta a capacidade cardiovascular progressivamente, permitindo que o cora\u00e7\u00e3o bombeie sangue mais eficientemente. Com o tempo, sua frequ\u00eancia card\u00edaca em repouso diminui, indicador de melhor condicionamento cardiovascular.<\/p>\n\n\n\n<p>A circula\u00e7\u00e3o perif\u00e9rica tamb\u00e9m se beneficia. Caminhar estimula o fluxo sangu\u00edneo para extremidades, reduzindo incha\u00e7o nas pernas e tornozelos. Pessoas que passam muito tempo sentadas experimentam melhora not\u00e1vel quando incorporam caminhadas regulares \u00e0 rotina.<\/p>\n\n\n\n<h2 class=\"wp-block-heading\"><strong>Controle de peso e metabolismo<\/strong><\/h2>\n\n\n\n<p>Embora a caminhada n\u00e3o queime tantas calorias quanto atividades mais intensas, sua sustentabilidade a longo prazo a torna ferramenta excepcional para controle de peso. Voc\u00ea pode caminhar todos os dias sem risco de les\u00f5es ou fadiga extrema que interrompem rotinas de exerc\u00edcios mais agressivos.<\/p>\n\n\n\n<p>Uma hora de caminhada em ritmo moderado queima aproximadamente 200 a 300 calorias, dependendo do peso corporal e velocidade. Mais importante que o gasto cal\u00f3rico imediato \u00e9 o efeito metab\u00f3lico duradouro. Exerc\u00edcio regular aumenta metabolismo basal, fazendo com que voc\u00ea queime mais calorias mesmo em repouso.<\/p>\n\n\n\n<p>A caminhada melhora sensibilidade \u00e0 insulina, ajudando o corpo a processar glicose mais eficientemente. Isso reduz risco de diabetes tipo 2 e auxilia no controle glic\u00eamico de pessoas j\u00e1 diagnosticadas. Caminhar ap\u00f3s refei\u00e7\u00f5es \u00e9 especialmente eficaz para controlar picos de a\u00e7\u00facar no sangue.<\/p>\n\n\n\n<p>O exerc\u00edcio regular tamb\u00e9m regula horm\u00f4nios do apetite. Grelina e leptina, respons\u00e1veis por fome e saciedade, equilibram-se melhor em pessoas fisicamente ativas. Voc\u00ea naturalmente tende a fazer escolhas alimentares mais saud\u00e1veis quando mant\u00e9m rotina regular de caminhadas.<\/p>\n\n\n\n<h2 class=\"wp-block-heading\"><strong>Fortalecimento \u00f3sseo e muscular<\/strong><\/h2>\n\n\n\n<p>Embora pare\u00e7a atividade suave, a caminhada \u00e9 exerc\u00edcio de sustenta\u00e7\u00e3o de peso que fortalece ossos e m\u00fasculos. Cada passo aplica for\u00e7a controlada no esqueleto, estimulando c\u00e9lulas \u00f3sseas a se manterem densas e resistentes.<\/p>\n\n\n\n<p>Isso \u00e9 especialmente importante para preven\u00e7\u00e3o de osteoporose, condi\u00e7\u00e3o que afeta milh\u00f5es de pessoas, particularmente mulheres ap\u00f3s menopausa. Caminhar regularmente mant\u00e9m densidade \u00f3ssea, reduzindo risco de fraturas e mantendo independ\u00eancia funcional na idade avan\u00e7ada.<\/p>\n\n\n\n<p>Os m\u00fasculos das pernas, gl\u00fateos, abd\u00f4men e at\u00e9 parte superior do corpo trabalham durante caminhada. Embora n\u00e3o desenvolva massa muscular como muscula\u00e7\u00e3o, a atividade mant\u00e9m t\u00f4nus muscular e for\u00e7a funcional essenciais para atividades di\u00e1rias.<\/p>\n\n\n\n<p>A caminhada tamb\u00e9m melhora equil\u00edbrio e coordena\u00e7\u00e3o, reduzindo risco de quedas. Idosos que caminham regularmente mant\u00eam maior autonomia e confian\u00e7a em seus movimentos. O simples ato de negociar terrenos irregulares ou mudar dire\u00e7\u00f5es treina propriocep\u00e7\u00e3o e estabilidade.<\/p>\n\n\n\n<h2 class=\"wp-block-heading\"><strong>Redu\u00e7\u00e3o do estresse e ansiedade<\/strong><\/h2>\n\n\n\n<p>O impacto da caminhada na sa\u00fade mental \u00e9 t\u00e3o significativo quanto os benef\u00edcios f\u00edsicos. O movimento r\u00edtmico, respira\u00e7\u00e3o mais profunda e exposi\u00e7\u00e3o ao ar livre criam estado mental mais calmo e centrado. Muitas pessoas relatam que caminhadas regulares funcionam t\u00e3o bem quanto medica\u00e7\u00e3o para sintomas leves a moderados de ansiedade.<\/p>\n\n\n\n<p>A atividade f\u00edsica libera endorfinas, neurotransmissores respons\u00e1veis por sensa\u00e7\u00f5es de bem-estar e prazer. Essa qu\u00edmica natural do c\u00e9rebro melhora humor imediatamente e cumulativamente ao longo do tempo. Voc\u00ea literalmente caminha para um estado mental mais positivo.<\/p>\n\n\n\n<p>Caminhar tamb\u00e9m reduz cortisol, horm\u00f4nio do estresse. N\u00edveis cronicamente elevados de cortisol est\u00e3o ligados a problemas de sa\u00fade diversos, desde ganho de peso at\u00e9 sistema imunol\u00f3gico enfraquecido. A caminhada regular funciona como regulador natural, mantendo cortisol em n\u00edveis saud\u00e1veis.<\/p>\n\n\n\n<p>O aspecto meditativo da caminhada n\u00e3o deve ser subestimado. O movimento repetitivo permite que a mente se aquiete, processando pensamentos e emo\u00e7\u00f5es sem julgamento. Muitas pessoas encontram solu\u00e7\u00f5es criativas para problemas ou clareza sobre decis\u00f5es dif\u00edceis durante caminhadas, quando a mente divaga livremente.<\/p>\n\n\n\n<h2 class=\"wp-block-heading\"><strong>Melhora da qualidade do sono<\/strong><\/h2>\n\n\n\n<p>A ins\u00f4nia e problemas de sono afetam milh\u00f5es de pessoas, comprometendo sa\u00fade e qualidade de vida. A caminhada regular \u00e9 interven\u00e7\u00e3o natural e eficaz para melhorar tanto a facilidade de adormecer quanto a qualidade do sono profundo.<\/p>\n\n\n\n<p>Exerc\u00edcio durante o dia aumenta a press\u00e3o do sono, tornando voc\u00ea naturalmente mais cansado \u00e0 noite. O corpo reconhece que gastou energia e precisa de recupera\u00e7\u00e3o, facilitando a transi\u00e7\u00e3o para o sono quando a hora certa chega.<\/p>\n\n\n\n<p>A exposi\u00e7\u00e3o \u00e0 luz natural durante caminhadas diurnas regula ritmo circadiano, o rel\u00f3gio biol\u00f3gico que controla ciclos de sono e vig\u00edlia. Especialmente se voc\u00ea caminha pela manh\u00e3, est\u00e1 sinalizando ao corpo que \u00e9 hora de estar alerta, o que consequentemente fortalece o impulso para dormir \u00e0 noite.<\/p>\n\n\n\n<p>A redu\u00e7\u00e3o de estresse e ansiedade proporcionada pela caminhada tamb\u00e9m contribui diretamente para melhor sono. Quando voc\u00ea vai para cama com mente mais calma e corpo fisicamente cansado de forma saud\u00e1vel, adormecer se torna natural, n\u00e3o luta.<\/p>\n\n\n\n<p>Evite apenas caminhar muito pr\u00f3ximo ao hor\u00e1rio de dormir. Exerc\u00edcio eleva temperatura corporal e n\u00edveis de energia temporariamente. Caminhe pelo menos tr\u00eas horas antes de ir para cama para permitir que o corpo desacelere adequadamente.<\/p>\n\n\n\n<h2 class=\"wp-block-heading\"><strong>Est\u00edmulo \u00e0 criatividade e fun\u00e7\u00e3o cognitiva<\/strong><\/h2>\n\n\n\n<p>Pesquisadores descobriram que caminhar aumenta criatividade em m\u00e9dia 60% comparado a permanecer sentado. O movimento estimula fluxo sangu\u00edneo cerebral, fornecendo mais oxig\u00eanio e nutrientes \u00e0s c\u00e9lulas nervosas. Esse ambiente neurol\u00f3gico enriquecido facilita pensamento divergente e conex\u00f5es inovadoras entre ideias.<\/p>\n\n\n\n<p>Muitos escritores, artistas, cientistas e pensadores famosos eram caminhantes \u00e1vidos. Beethoven, Darwin, Nietzsche e Steve Jobs usavam caminhadas como ferramenta para reflex\u00e3o profunda e insights criativos. N\u00e3o \u00e9 coincid\u00eancia que algumas das melhores ideias surgem durante passeios.<\/p>\n\n\n\n<p>A fun\u00e7\u00e3o cognitiva em geral se beneficia. Mem\u00f3ria, aten\u00e7\u00e3o, velocidade de processamento e fun\u00e7\u00e3o executiva melhoram em pessoas que caminham regularmente. Esses efeitos s\u00e3o observ\u00e1veis em todas as idades, mas s\u00e3o especialmente pronunciados em idosos, onde a caminhada pode retardar decl\u00ednio cognitivo.<\/p>\n\n\n\n<p>Estudos sugerem que caminhada regular reduz risco de dem\u00eancia e Alzheimer em at\u00e9 40%. O exerc\u00edcio estimula crescimento de novas c\u00e9lulas cerebrais no hipocampo, regi\u00e3o cr\u00edtica para mem\u00f3ria e aprendizado. Voc\u00ea literalmente constr\u00f3i um c\u00e9rebro mais resiliente e funcional caminhando regularmente. <a href=\"https:\/\/miniposts.com.br\/\">Fonte: Blog Mini Posts<\/a>.<\/p>\n\n\n\n<h2 class=\"wp-block-heading\"><strong>Fortalecimento do sistema imunol\u00f3gico<\/strong><\/h2>\n\n\n\n<p>O sistema imunol\u00f3gico responde positivamente \u00e0 atividade f\u00edsica moderada e regular. Pessoas que caminham consistentemente experimentam menos resfriados, gripes e infec\u00e7\u00f5es comparadas a sedent\u00e1rios. O movimento estimula circula\u00e7\u00e3o de c\u00e9lulas imunes, permitindo que detectem e combatam pat\u00f3genos mais eficientemente.<\/p>\n\n\n\n<p>A caminhada tamb\u00e9m reduz inflama\u00e7\u00e3o cr\u00f4nica de baixo grau, condi\u00e7\u00e3o associada a praticamente todas as doen\u00e7as cr\u00f4nicas modernas, desde artrite at\u00e9 c\u00e2ncer e doen\u00e7as card\u00edacas. Marcadores inflamat\u00f3rios no sangue diminuem significativamente em pessoas que mant\u00eam rotina regular de caminhadas.<\/p>\n\n\n\n<p>\u00c9 importante equilibrar intensidade. Exerc\u00edcio excessivo ou muito intenso pode temporariamente suprimir fun\u00e7\u00e3o imune. A caminhada oferece intensidade ideal: estimulante o suficiente para beneficiar o sistema imune sem sobrecarreg\u00e1-lo. Isso a torna especialmente apropriada durante recupera\u00e7\u00e3o de doen\u00e7as ou para pessoas com condi\u00e7\u00f5es que afetam imunidade.<\/p>\n\n\n\n<p>A exposi\u00e7\u00e3o ao ar livre durante caminhadas tamb\u00e9m contribui. Luz solar estimula produ\u00e7\u00e3o de vitamina D, nutriente crucial para fun\u00e7\u00e3o imune. Contato moderado com microorganismos ambientais naturais pode fortalecer e diversificar microbioma, contribuindo para sistema imune mais robusto.<\/p>\n\n\n\n<h2 class=\"wp-block-heading\"><strong>Conex\u00e3o social e bem-estar emocional<\/strong><\/h2>\n\n\n\n<p>Caminhar em grupo ou com parceiro adiciona dimens\u00e3o social que amplifica benef\u00edcios emocionais. Conex\u00f5es sociais s\u00e3o fundamentais para sa\u00fade mental, e caminhadas regulares com amigos, familiares ou grupos comunit\u00e1rios criam oportunidades consistentes para intera\u00e7\u00e3o significativa.<\/p>\n\n\n\n<p>Conversas durante caminhadas frequentemente s\u00e3o mais profundas e aut\u00eanticas do que em ambientes convencionais. O movimento lado a lado, sem contato visual constante, reduz press\u00e3o social e facilita abertura emocional. Muitas pessoas acham mais f\u00e1cil discutir t\u00f3picos dif\u00edceis enquanto caminham.<\/p>\n\n\n\n<p>Grupos de caminhada criam senso de comunidade e responsabilidade. Compromissos agendados aumentam ader\u00eancia ao exerc\u00edcio. Saber que outras pessoas esperam por voc\u00ea motiva aparecer mesmo em dias quando a motiva\u00e7\u00e3o individual est\u00e1 baixa.<\/p>\n\n\n\n<p>Para quem prefere solid\u00e3o, caminhadas solit\u00e1rias oferecem tempo valioso de introspec\u00e7\u00e3o e renova\u00e7\u00e3o mental. Em mundo constantemente conectado e barulhento, tempo sozinho em movimento pode ser profundamente restaurador e necess\u00e1rio para bem-estar emocional.<\/p>\n\n\n\n<h2 class=\"wp-block-heading\"><strong>Acessibilidade e sustentabilidade a longo prazo<\/strong><\/h2>\n\n\n\n<p>Uma das maiores vantagens da caminhada \u00e9 sua acessibilidade universal. N\u00e3o requer equipamento caro, inscri\u00e7\u00e3o em academia ou instala\u00e7\u00f5es especiais. Um par de t\u00eanis confort\u00e1vel e disposi\u00e7\u00e3o s\u00e3o suficientes. Essa simplicidade remove barreiras que impedem muitas pessoas de iniciar exerc\u00edcios.<\/p>\n\n\n\n<p>A sustentabilidade a longo prazo \u00e9 igualmente importante. Muitos come\u00e7am programas de exerc\u00edcios intensos com entusiasmo, apenas para abandonar devido a les\u00f5es, fadiga ou falta de tempo. A caminhada pode ser mantida por d\u00e9cadas sem esses problemas. Pessoas de 80 ou 90 anos podem caminhar, enquanto atividades de alto impacto se tornam imposs\u00edveis.<\/p>\n\n\n\n<p>Voc\u00ea pode adaptar caminhadas \u00e0s circunst\u00e2ncias da vida. Dias ocupados permitem caminhadas curtas de 10 minutos. Fins de semana livres convidam a explora\u00e7\u00f5es mais longas. Essa flexibilidade torna mais f\u00e1cil manter consist\u00eancia, que \u00e9 mais importante para resultados do que intensidade ocasional.<\/p>\n\n\n\n<p>A caminhada tamb\u00e9m se integra facilmente \u00e0 vida di\u00e1ria. Estacionar mais longe, descer do transporte p\u00fablico uma parada antes, usar escadas em vez de elevadores: essas pequenas escolhas acumulam passos significativos sem exigir tempo dedicado separadamente.<\/p>\n\n\n\n<h2 class=\"wp-block-heading\"><strong>Como come\u00e7ar e manter a pr\u00e1tica<\/strong><\/h2>\n\n\n\n<p>Iniciar \u00e9 simples, mas algumas estrat\u00e9gias aumentam chances de sucesso a longo prazo. Comece com objetivos modestos e realistas. Se voc\u00ea \u00e9 sedent\u00e1rio, 10 minutos di\u00e1rios s\u00e3o melhor ponto de partida do que metas ambiciosas de uma hora que voc\u00ea n\u00e3o manter\u00e1.<\/p>\n\n\n\n<p>Aumente dura\u00e7\u00e3o e intensidade gradualmente. Adicione 5 minutos a cada semana ou duas. Essa progress\u00e3o suave permite que corpo se adapte sem les\u00f5es ou fadiga excessiva. Dentro de alguns meses, voc\u00ea estar\u00e1 caminhando dura\u00e7\u00f5es que inicialmente pareciam imposs\u00edveis.<\/p>\n\n\n\n<p>Estabele\u00e7a hor\u00e1rio consistente. Caminhar no mesmo per\u00edodo todos os dias transforma a atividade em h\u00e1bito autom\u00e1tico. Manh\u00e3s funcionam bem para muitas pessoas, garantindo que o exerc\u00edcio aconte\u00e7a antes que responsabilidades do dia interfiram.<\/p>\n\n\n\n<p>Varie rotas e ambientes para manter interesse. Parques, bairros diferentes, trilhas naturais, praias: cada cen\u00e1rio oferece est\u00edmulos visuais e sensoriais \u00fanicos que mant\u00eam a experi\u00eancia fresca e interessante.<\/p>\n\n\n\n<p>Use tecnologia a seu favor se motivar voc\u00ea. Aplicativos de contagem de passos, rastreadores de fitness ou simplesmente m\u00fasica e podcasts podem tornar caminhadas mais agrad\u00e1veis. Algumas pessoas prosperam com dados e metas num\u00e9ricas, enquanto outras preferem simplesmente caminhar sem acompanhamento.<\/p>\n\n\n\n<p>Invista em cal\u00e7ado adequado. T\u00eanis confort\u00e1vel com bom suporte \u00e9 \u00fanico equipamento realmente importante. Bolhas, dores nos p\u00e9s ou desconforto podem desestimular a pr\u00e1tica. Cal\u00e7ado apropriado previne esses problemas.<\/p>\n\n\n\n<h2 class=\"wp-block-heading\"><strong>Superando obst\u00e1culos comuns<\/strong><\/h2>\n\n\n\n<p>Clima \u00e9 desculpa frequente. Vista-se apropriadamente para condi\u00e7\u00f5es meteorol\u00f3gicas ou tenha alternativas como shoppings, centros comunit\u00e1rios com pistas internas ou esteiras em \u00faltimo caso. Muitas pessoas descobrem que caminhar sob chuva leve ou frio moderado \u00e9 revigorante quando adequadamente vestidas.<\/p>\n\n\n\n<p>Falta de tempo percebida \u00e9 outra barreira comum. Lembre-se que mesmo 10 minutos trazem benef\u00edcios. Divida em blocos menores se necess\u00e1rio: 10 minutos pela manh\u00e3, 10 no almo\u00e7o, 10 \u00e0 noite. Esses fragmentos se acumulam e s\u00e3o infinitamente melhores do que nada.<\/p>\n\n\n\n<p>Motiva\u00e7\u00e3o flutuante \u00e9 normal. Tenha estrat\u00e9gias para dias dif\u00edceis: parceiro de caminhada que conta com voc\u00ea, playlist especial que s\u00f3 ouve durante caminhadas, ou simplesmente compromisso de caminhar apenas 5 minutos com permiss\u00e3o para parar se realmente n\u00e3o quiser continuar. Frequentemente, come\u00e7ar \u00e9 a parte dif\u00edcil.<\/p>\n\n\n\n<p>Monotonia pode ser combatida com varia\u00e7\u00e3o. Alterne entre caminhadas contemplativas silenciosas, sess\u00f5es ouvindo m\u00fasica energizante, tempo com audiolivros educativos ou podcasts interessantes. Cada abordagem oferece experi\u00eancia diferente.<\/p>\n\n\n\n<p>A caminhada representa uma das ferramentas mais poderosas e acess\u00edveis para transformar sa\u00fade f\u00edsica e mental. Os benef\u00edcios s\u00e3o profundos, cientificamente comprovados e experimentados por milh\u00f5es de pessoas ao redor do mundo. N\u00e3o exige perfei\u00e7\u00e3o, apenas consist\u00eancia. D\u00ea o primeiro passo hoje, literalmente, e observe como esse movimento simples e ancestral melhora cada aspecto da sua vida. Seu corpo e sua mente agradecer\u00e3o por cada passo dado.<\/p>\n","protected":false},"excerpt":{"rendered":"<p>A caminhada \u00e9 frequentemente subestimada como forma de exerc\u00edcio. Muitas pessoas buscam atividades mais intensas ou tecnologicamente sofisticadas, ignorando que um dos movimentos mais naturais e acess\u00edveis ao ser humano oferece benef\u00edcios extraordin\u00e1rios para sa\u00fade f\u00edsica, mental e emocional. Voc\u00ea n\u00e3o precisa de equipamento especial, academia cara ou habilidades atl\u00e9ticas. Basta cal\u00e7ar um t\u00eanis confort\u00e1vel \u2026<\/p>\n","protected":false},"author":2,"featured_media":6453,"comment_status":"closed","ping_status":"open","sticky":false,"template":"","format":"standard","meta":{"footnotes":""},"categories":[4],"tags":[],"class_list":["post-6454","post","type-post","status-publish","format-standard","has-post-thumbnail","hentry","category-geral"],"yoast_head":"<!-- This site is optimized with the Yoast SEO plugin v25.5 - https:\/\/yoast.com\/wordpress\/plugins\/seo\/ -->\n<title>Benef\u00edcios da caminhada para o corpo e a mente - Portal do Estado<\/title>\n<meta name=\"robots\" content=\"index, follow, max-snippet:-1, max-image-preview:large, max-video-preview:-1\" \/>\n<link rel=\"canonical\" href=\"https:\/\/portaldoestado.com.br\/index.php\/2026\/02\/04\/beneficios-da-caminhada-para-o-corpo-e-a-mente\/\" \/>\n<meta property=\"og:locale\" content=\"pt_BR\" \/>\n<meta property=\"og:type\" content=\"article\" \/>\n<meta property=\"og:title\" content=\"Benef\u00edcios da caminhada para o corpo e a mente - Portal do Estado\" \/>\n<meta property=\"og:description\" content=\"A caminhada \u00e9 frequentemente subestimada como forma de exerc\u00edcio. Muitas pessoas buscam atividades mais intensas ou tecnologicamente sofisticadas, ignorando que um dos movimentos mais naturais e acess\u00edveis ao ser humano oferece benef\u00edcios extraordin\u00e1rios para sa\u00fade f\u00edsica, mental e emocional. Voc\u00ea n\u00e3o precisa de equipamento especial, academia cara ou habilidades atl\u00e9ticas. Basta cal\u00e7ar um t\u00eanis confort\u00e1vel \u2026\" \/>\n<meta property=\"og:url\" content=\"https:\/\/portaldoestado.com.br\/index.php\/2026\/02\/04\/beneficios-da-caminhada-para-o-corpo-e-a-mente\/\" \/>\n<meta property=\"og:site_name\" content=\"Portal do Estado\" \/>\n<meta property=\"article:published_time\" content=\"2026-02-04T02:18:44+00:00\" \/>\n<meta property=\"og:image\" content=\"https:\/\/portaldoestado.com.br\/wp-content\/uploads\/2026\/02\/austin-ban-juHayWuaaoQ-unsplash.jpg\" \/>\n\t<meta property=\"og:image:width\" content=\"640\" \/>\n\t<meta property=\"og:image:height\" content=\"427\" \/>\n\t<meta property=\"og:image:type\" content=\"image\/jpeg\" \/>\n<meta name=\"author\" content=\"assessoriadefamosos\" \/>\n<meta name=\"twitter:card\" content=\"summary_large_image\" \/>\n<meta name=\"twitter:label1\" content=\"Escrito por\" \/>\n\t<meta name=\"twitter:data1\" content=\"assessoriadefamosos\" \/>\n\t<meta name=\"twitter:label2\" content=\"Est. tempo de leitura\" \/>\n\t<meta name=\"twitter:data2\" content=\"12 minutos\" \/>\n<script type=\"application\/ld+json\" class=\"yoast-schema-graph\">{\"@context\":\"https:\/\/schema.org\",\"@graph\":[{\"@type\":\"Article\",\"@id\":\"https:\/\/portaldoestado.com.br\/index.php\/2026\/02\/04\/beneficios-da-caminhada-para-o-corpo-e-a-mente\/#article\",\"isPartOf\":{\"@id\":\"https:\/\/portaldoestado.com.br\/index.php\/2026\/02\/04\/beneficios-da-caminhada-para-o-corpo-e-a-mente\/\"},\"author\":{\"name\":\"assessoriadefamosos\",\"@id\":\"https:\/\/portaldoestado.com.br\/#\/schema\/person\/5ca0174f3c8c84b59da62ea14b698cb9\"},\"headline\":\"Benef\u00edcios da caminhada para o corpo e a mente\",\"datePublished\":\"2026-02-04T02:18:44+00:00\",\"mainEntityOfPage\":{\"@id\":\"https:\/\/portaldoestado.com.br\/index.php\/2026\/02\/04\/beneficios-da-caminhada-para-o-corpo-e-a-mente\/\"},\"wordCount\":2333,\"publisher\":{\"@id\":\"https:\/\/portaldoestado.com.br\/#organization\"},\"image\":{\"@id\":\"https:\/\/portaldoestado.com.br\/index.php\/2026\/02\/04\/beneficios-da-caminhada-para-o-corpo-e-a-mente\/#primaryimage\"},\"thumbnailUrl\":\"https:\/\/portaldoestado.com.br\/wp-content\/uploads\/2026\/02\/austin-ban-juHayWuaaoQ-unsplash.jpg\",\"articleSection\":[\"Geral\"],\"inLanguage\":\"pt-BR\"},{\"@type\":\"WebPage\",\"@id\":\"https:\/\/portaldoestado.com.br\/index.php\/2026\/02\/04\/beneficios-da-caminhada-para-o-corpo-e-a-mente\/\",\"url\":\"https:\/\/portaldoestado.com.br\/index.php\/2026\/02\/04\/beneficios-da-caminhada-para-o-corpo-e-a-mente\/\",\"name\":\"Benef\u00edcios da caminhada para o corpo e a mente - Portal do Estado\",\"isPartOf\":{\"@id\":\"https:\/\/portaldoestado.com.br\/#website\"},\"primaryImageOfPage\":{\"@id\":\"https:\/\/portaldoestado.com.br\/index.php\/2026\/02\/04\/beneficios-da-caminhada-para-o-corpo-e-a-mente\/#primaryimage\"},\"image\":{\"@id\":\"https:\/\/portaldoestado.com.br\/index.php\/2026\/02\/04\/beneficios-da-caminhada-para-o-corpo-e-a-mente\/#primaryimage\"},\"thumbnailUrl\":\"https:\/\/portaldoestado.com.br\/wp-content\/uploads\/2026\/02\/austin-ban-juHayWuaaoQ-unsplash.jpg\",\"datePublished\":\"2026-02-04T02:18:44+00:00\",\"breadcrumb\":{\"@id\":\"https:\/\/portaldoestado.com.br\/index.php\/2026\/02\/04\/beneficios-da-caminhada-para-o-corpo-e-a-mente\/#breadcrumb\"},\"inLanguage\":\"pt-BR\",\"potentialAction\":[{\"@type\":\"ReadAction\",\"target\":[\"https:\/\/portaldoestado.com.br\/index.php\/2026\/02\/04\/beneficios-da-caminhada-para-o-corpo-e-a-mente\/\"]}]},{\"@type\":\"ImageObject\",\"inLanguage\":\"pt-BR\",\"@id\":\"https:\/\/portaldoestado.com.br\/index.php\/2026\/02\/04\/beneficios-da-caminhada-para-o-corpo-e-a-mente\/#primaryimage\",\"url\":\"https:\/\/portaldoestado.com.br\/wp-content\/uploads\/2026\/02\/austin-ban-juHayWuaaoQ-unsplash.jpg\",\"contentUrl\":\"https:\/\/portaldoestado.com.br\/wp-content\/uploads\/2026\/02\/austin-ban-juHayWuaaoQ-unsplash.jpg\",\"width\":640,\"height\":427},{\"@type\":\"BreadcrumbList\",\"@id\":\"https:\/\/portaldoestado.com.br\/index.php\/2026\/02\/04\/beneficios-da-caminhada-para-o-corpo-e-a-mente\/#breadcrumb\",\"itemListElement\":[{\"@type\":\"ListItem\",\"position\":1,\"name\":\"In\u00edcio\",\"item\":\"https:\/\/portaldoestado.com.br\/\"},{\"@type\":\"ListItem\",\"position\":2,\"name\":\"Benef\u00edcios da caminhada para o corpo e a mente\"}]},{\"@type\":\"WebSite\",\"@id\":\"https:\/\/portaldoestado.com.br\/#website\",\"url\":\"https:\/\/portaldoestado.com.br\/\",\"name\":\"Portal do Estado\",\"description\":\"\",\"publisher\":{\"@id\":\"https:\/\/portaldoestado.com.br\/#organization\"},\"potentialAction\":[{\"@type\":\"SearchAction\",\"target\":{\"@type\":\"EntryPoint\",\"urlTemplate\":\"https:\/\/portaldoestado.com.br\/?s={search_term_string}\"},\"query-input\":{\"@type\":\"PropertyValueSpecification\",\"valueRequired\":true,\"valueName\":\"search_term_string\"}}],\"inLanguage\":\"pt-BR\"},{\"@type\":\"Organization\",\"@id\":\"https:\/\/portaldoestado.com.br\/#organization\",\"name\":\"Portal do Estado\",\"url\":\"https:\/\/portaldoestado.com.br\/\",\"logo\":{\"@type\":\"ImageObject\",\"inLanguage\":\"pt-BR\",\"@id\":\"https:\/\/portaldoestado.com.br\/#\/schema\/logo\/image\/\",\"url\":\"https:\/\/portaldoestado.com.br\/wp-content\/uploads\/2025\/04\/cropped-6f69b19a-6472-43bf-b1b3-e1910bbbd4e8.png\",\"contentUrl\":\"https:\/\/portaldoestado.com.br\/wp-content\/uploads\/2025\/04\/cropped-6f69b19a-6472-43bf-b1b3-e1910bbbd4e8.png\",\"width\":1024,\"height\":350,\"caption\":\"Portal do Estado\"},\"image\":{\"@id\":\"https:\/\/portaldoestado.com.br\/#\/schema\/logo\/image\/\"}},{\"@type\":\"Person\",\"@id\":\"https:\/\/portaldoestado.com.br\/#\/schema\/person\/5ca0174f3c8c84b59da62ea14b698cb9\",\"name\":\"assessoriadefamosos\",\"image\":{\"@type\":\"ImageObject\",\"inLanguage\":\"pt-BR\",\"@id\":\"https:\/\/portaldoestado.com.br\/#\/schema\/person\/image\/\",\"url\":\"https:\/\/secure.gravatar.com\/avatar\/a7acbdffcfbbae7240e59f47fe511ec5f5d8c252c779f0b8d9ab02a9e1d8c5ed?s=96&d=mm&r=g\",\"contentUrl\":\"https:\/\/secure.gravatar.com\/avatar\/a7acbdffcfbbae7240e59f47fe511ec5f5d8c252c779f0b8d9ab02a9e1d8c5ed?s=96&d=mm&r=g\",\"caption\":\"assessoriadefamosos\"},\"url\":\"https:\/\/portaldoestado.com.br\/index.php\/author\/assessoriadefamosos\/\"}]}<\/script>\n<!-- \/ Yoast SEO plugin. -->","yoast_head_json":{"title":"Benef\u00edcios da caminhada para o corpo e a mente - Portal do Estado","robots":{"index":"index","follow":"follow","max-snippet":"max-snippet:-1","max-image-preview":"max-image-preview:large","max-video-preview":"max-video-preview:-1"},"canonical":"https:\/\/portaldoestado.com.br\/index.php\/2026\/02\/04\/beneficios-da-caminhada-para-o-corpo-e-a-mente\/","og_locale":"pt_BR","og_type":"article","og_title":"Benef\u00edcios da caminhada para o corpo e a mente - Portal do Estado","og_description":"A caminhada \u00e9 frequentemente subestimada como forma de exerc\u00edcio. Muitas pessoas buscam atividades mais intensas ou tecnologicamente sofisticadas, ignorando que um dos movimentos mais naturais e acess\u00edveis ao ser humano oferece benef\u00edcios extraordin\u00e1rios para sa\u00fade f\u00edsica, mental e emocional. Voc\u00ea n\u00e3o precisa de equipamento especial, academia cara ou habilidades atl\u00e9ticas. Basta cal\u00e7ar um t\u00eanis confort\u00e1vel \u2026","og_url":"https:\/\/portaldoestado.com.br\/index.php\/2026\/02\/04\/beneficios-da-caminhada-para-o-corpo-e-a-mente\/","og_site_name":"Portal do Estado","article_published_time":"2026-02-04T02:18:44+00:00","og_image":[{"width":640,"height":427,"url":"https:\/\/portaldoestado.com.br\/wp-content\/uploads\/2026\/02\/austin-ban-juHayWuaaoQ-unsplash.jpg","type":"image\/jpeg"}],"author":"assessoriadefamosos","twitter_card":"summary_large_image","twitter_misc":{"Escrito por":"assessoriadefamosos","Est. tempo de leitura":"12 minutos"},"schema":{"@context":"https:\/\/schema.org","@graph":[{"@type":"Article","@id":"https:\/\/portaldoestado.com.br\/index.php\/2026\/02\/04\/beneficios-da-caminhada-para-o-corpo-e-a-mente\/#article","isPartOf":{"@id":"https:\/\/portaldoestado.com.br\/index.php\/2026\/02\/04\/beneficios-da-caminhada-para-o-corpo-e-a-mente\/"},"author":{"name":"assessoriadefamosos","@id":"https:\/\/portaldoestado.com.br\/#\/schema\/person\/5ca0174f3c8c84b59da62ea14b698cb9"},"headline":"Benef\u00edcios da caminhada para o corpo e a mente","datePublished":"2026-02-04T02:18:44+00:00","mainEntityOfPage":{"@id":"https:\/\/portaldoestado.com.br\/index.php\/2026\/02\/04\/beneficios-da-caminhada-para-o-corpo-e-a-mente\/"},"wordCount":2333,"publisher":{"@id":"https:\/\/portaldoestado.com.br\/#organization"},"image":{"@id":"https:\/\/portaldoestado.com.br\/index.php\/2026\/02\/04\/beneficios-da-caminhada-para-o-corpo-e-a-mente\/#primaryimage"},"thumbnailUrl":"https:\/\/portaldoestado.com.br\/wp-content\/uploads\/2026\/02\/austin-ban-juHayWuaaoQ-unsplash.jpg","articleSection":["Geral"],"inLanguage":"pt-BR"},{"@type":"WebPage","@id":"https:\/\/portaldoestado.com.br\/index.php\/2026\/02\/04\/beneficios-da-caminhada-para-o-corpo-e-a-mente\/","url":"https:\/\/portaldoestado.com.br\/index.php\/2026\/02\/04\/beneficios-da-caminhada-para-o-corpo-e-a-mente\/","name":"Benef\u00edcios da caminhada para o corpo e a mente - Portal do Estado","isPartOf":{"@id":"https:\/\/portaldoestado.com.br\/#website"},"primaryImageOfPage":{"@id":"https:\/\/portaldoestado.com.br\/index.php\/2026\/02\/04\/beneficios-da-caminhada-para-o-corpo-e-a-mente\/#primaryimage"},"image":{"@id":"https:\/\/portaldoestado.com.br\/index.php\/2026\/02\/04\/beneficios-da-caminhada-para-o-corpo-e-a-mente\/#primaryimage"},"thumbnailUrl":"https:\/\/portaldoestado.com.br\/wp-content\/uploads\/2026\/02\/austin-ban-juHayWuaaoQ-unsplash.jpg","datePublished":"2026-02-04T02:18:44+00:00","breadcrumb":{"@id":"https:\/\/portaldoestado.com.br\/index.php\/2026\/02\/04\/beneficios-da-caminhada-para-o-corpo-e-a-mente\/#breadcrumb"},"inLanguage":"pt-BR","potentialAction":[{"@type":"ReadAction","target":["https:\/\/portaldoestado.com.br\/index.php\/2026\/02\/04\/beneficios-da-caminhada-para-o-corpo-e-a-mente\/"]}]},{"@type":"ImageObject","inLanguage":"pt-BR","@id":"https:\/\/portaldoestado.com.br\/index.php\/2026\/02\/04\/beneficios-da-caminhada-para-o-corpo-e-a-mente\/#primaryimage","url":"https:\/\/portaldoestado.com.br\/wp-content\/uploads\/2026\/02\/austin-ban-juHayWuaaoQ-unsplash.jpg","contentUrl":"https:\/\/portaldoestado.com.br\/wp-content\/uploads\/2026\/02\/austin-ban-juHayWuaaoQ-unsplash.jpg","width":640,"height":427},{"@type":"BreadcrumbList","@id":"https:\/\/portaldoestado.com.br\/index.php\/2026\/02\/04\/beneficios-da-caminhada-para-o-corpo-e-a-mente\/#breadcrumb","itemListElement":[{"@type":"ListItem","position":1,"name":"In\u00edcio","item":"https:\/\/portaldoestado.com.br\/"},{"@type":"ListItem","position":2,"name":"Benef\u00edcios da caminhada para o corpo e a mente"}]},{"@type":"WebSite","@id":"https:\/\/portaldoestado.com.br\/#website","url":"https:\/\/portaldoestado.com.br\/","name":"Portal do Estado","description":"","publisher":{"@id":"https:\/\/portaldoestado.com.br\/#organization"},"potentialAction":[{"@type":"SearchAction","target":{"@type":"EntryPoint","urlTemplate":"https:\/\/portaldoestado.com.br\/?s={search_term_string}"},"query-input":{"@type":"PropertyValueSpecification","valueRequired":true,"valueName":"search_term_string"}}],"inLanguage":"pt-BR"},{"@type":"Organization","@id":"https:\/\/portaldoestado.com.br\/#organization","name":"Portal do Estado","url":"https:\/\/portaldoestado.com.br\/","logo":{"@type":"ImageObject","inLanguage":"pt-BR","@id":"https:\/\/portaldoestado.com.br\/#\/schema\/logo\/image\/","url":"https:\/\/portaldoestado.com.br\/wp-content\/uploads\/2025\/04\/cropped-6f69b19a-6472-43bf-b1b3-e1910bbbd4e8.png","contentUrl":"https:\/\/portaldoestado.com.br\/wp-content\/uploads\/2025\/04\/cropped-6f69b19a-6472-43bf-b1b3-e1910bbbd4e8.png","width":1024,"height":350,"caption":"Portal do Estado"},"image":{"@id":"https:\/\/portaldoestado.com.br\/#\/schema\/logo\/image\/"}},{"@type":"Person","@id":"https:\/\/portaldoestado.com.br\/#\/schema\/person\/5ca0174f3c8c84b59da62ea14b698cb9","name":"assessoriadefamosos","image":{"@type":"ImageObject","inLanguage":"pt-BR","@id":"https:\/\/portaldoestado.com.br\/#\/schema\/person\/image\/","url":"https:\/\/secure.gravatar.com\/avatar\/a7acbdffcfbbae7240e59f47fe511ec5f5d8c252c779f0b8d9ab02a9e1d8c5ed?s=96&d=mm&r=g","contentUrl":"https:\/\/secure.gravatar.com\/avatar\/a7acbdffcfbbae7240e59f47fe511ec5f5d8c252c779f0b8d9ab02a9e1d8c5ed?s=96&d=mm&r=g","caption":"assessoriadefamosos"},"url":"https:\/\/portaldoestado.com.br\/index.php\/author\/assessoriadefamosos\/"}]}},"jetpack_featured_media_url":"https:\/\/portaldoestado.com.br\/wp-content\/uploads\/2026\/02\/austin-ban-juHayWuaaoQ-unsplash.jpg","_links":{"self":[{"href":"https:\/\/portaldoestado.com.br\/index.php\/wp-json\/wp\/v2\/posts\/6454","targetHints":{"allow":["GET"]}}],"collection":[{"href":"https:\/\/portaldoestado.com.br\/index.php\/wp-json\/wp\/v2\/posts"}],"about":[{"href":"https:\/\/portaldoestado.com.br\/index.php\/wp-json\/wp\/v2\/types\/post"}],"author":[{"embeddable":true,"href":"https:\/\/portaldoestado.com.br\/index.php\/wp-json\/wp\/v2\/users\/2"}],"replies":[{"embeddable":true,"href":"https:\/\/portaldoestado.com.br\/index.php\/wp-json\/wp\/v2\/comments?post=6454"}],"version-history":[{"count":1,"href":"https:\/\/portaldoestado.com.br\/index.php\/wp-json\/wp\/v2\/posts\/6454\/revisions"}],"predecessor-version":[{"id":6455,"href":"https:\/\/portaldoestado.com.br\/index.php\/wp-json\/wp\/v2\/posts\/6454\/revisions\/6455"}],"wp:featuredmedia":[{"embeddable":true,"href":"https:\/\/portaldoestado.com.br\/index.php\/wp-json\/wp\/v2\/media\/6453"}],"wp:attachment":[{"href":"https:\/\/portaldoestado.com.br\/index.php\/wp-json\/wp\/v2\/media?parent=6454"}],"wp:term":[{"taxonomy":"category","embeddable":true,"href":"https:\/\/portaldoestado.com.br\/index.php\/wp-json\/wp\/v2\/categories?post=6454"},{"taxonomy":"post_tag","embeddable":true,"href":"https:\/\/portaldoestado.com.br\/index.php\/wp-json\/wp\/v2\/tags?post=6454"}],"curies":[{"name":"wp","href":"https:\/\/api.w.org\/{rel}","templated":true}]}}