{"id":6130,"date":"2026-01-25T20:24:34","date_gmt":"2026-01-25T20:24:34","guid":{"rendered":"https:\/\/portaldoestado.com.br\/?p=6130"},"modified":"2026-01-25T20:24:34","modified_gmt":"2026-01-25T20:24:34","slug":"tata-werneck-e-eduardo-sterblitch-renovam-parceria-e-avancam-com-novos-trabalhos-na-tv","status":"publish","type":"post","link":"https:\/\/portaldoestado.com.br\/index.php\/2026\/01\/25\/tata-werneck-e-eduardo-sterblitch-renovam-parceria-e-avancam-com-novos-trabalhos-na-tv\/","title":{"rendered":"Tat\u00e1 Werneck e Eduardo Sterblitch renovam parceria e avan\u00e7am com novos trabalhos na TV"},"content":{"rendered":"\n<p>Tat\u00e1 Werneck e Eduardo Sterblitch seguem cada vez mais pr\u00f3ximos profissionalmente e v\u00eam ampliando a parceria iniciada na s\u00e9rie <em>Shippados<\/em>, exibida em 2020. A boa sintonia em cena motivou novos projetos, que j\u00e1 est\u00e3o em desenvolvimento para a TV aberta e para canais por assinatura.<\/p>\n\n\n\n<p>Um dos destaques \u00e9 <em>E.T.: Edu e Tat\u00e1<\/em>, atra\u00e7\u00e3o em fase de cria\u00e7\u00e3o para a Globo e o Multishow, que aposta no humor e na qu\u00edmica consolidada da dupla. A proposta refor\u00e7a a versatilidade dos artistas, conhecidos por transitar com facilidade entre diferentes formatos e linguagens.<\/p>\n\n\n\n<p>Al\u00e9m do novo programa, os dois tamb\u00e9m devem integrar o n\u00facleo de humor da novela <em>Quem Ama Cuida<\/em>, pr\u00f3xima produ\u00e7\u00e3o de Walcyr Carrasco. A trama acompanha a trajet\u00f3ria de Adriana, personagem de Let\u00edcia Colin, que decide buscar justi\u00e7a ap\u00f3s passar seis anos presa, acusada de um crime que afirma n\u00e3o ter cometido.<\/p>\n\n\n\n<p>A hist\u00f3ria gira em torno do assassinato de Arthur Brand\u00e3o, personagem que marca o retorno de Ant\u00f4nio Fagundes \u00e0s novelas da Globo. Dono de uma rede de joalherias, Arthur \u00e9 morto no dia do noivado, e Adriana acaba sendo responsabilizada pelo crime. O enredo ainda envolve os irm\u00e3os Ulisses (Alexandre Borges) e Pilar (Isabel Teixeira), que disputam a heran\u00e7a do empres\u00e1rio.<\/p>\n\n\n\n<p>Com novos projetos em comum, Tat\u00e1 Werneck e Eduardo Sterblitch refor\u00e7am uma das parcerias mais queridas do humor nacional e prometem seguir surpreendendo o p\u00fablico.<\/p>\n","protected":false},"excerpt":{"rendered":"<p>Tat\u00e1 Werneck e Eduardo Sterblitch seguem cada vez mais pr\u00f3ximos profissionalmente e v\u00eam ampliando a parceria iniciada na s\u00e9rie Shippados, exibida em 2020. A boa sintonia em cena motivou novos projetos, que j\u00e1 est\u00e3o em desenvolvimento para a TV aberta e para canais por assinatura. Um dos destaques \u00e9 E.T.: Edu e Tat\u00e1, atra\u00e7\u00e3o em \u2026<\/p>\n","protected":false},"author":2,"featured_media":6129,"comment_status":"closed","ping_status":"open","sticky":false,"template":"","format":"standard","meta":{"footnotes":""},"categories":[3],"tags":[],"class_list":["post-6130","post","type-post","status-publish","format-standard","has-post-thumbnail","hentry","category-famosos"],"yoast_head":"<!-- This site is optimized with the Yoast SEO plugin v25.5 - https:\/\/yoast.com\/wordpress\/plugins\/seo\/ -->\n<title>Tat\u00e1 Werneck e Eduardo Sterblitch renovam parceria e avan\u00e7am com novos trabalhos na TV - Portal do Estado<\/title>\n<meta name=\"robots\" content=\"index, follow, max-snippet:-1, max-image-preview:large, max-video-preview:-1\" \/>\n<link rel=\"canonical\" href=\"https:\/\/portaldoestado.com.br\/index.php\/2026\/01\/25\/tata-werneck-e-eduardo-sterblitch-renovam-parceria-e-avancam-com-novos-trabalhos-na-tv\/\" \/>\n<meta property=\"og:locale\" content=\"pt_BR\" \/>\n<meta property=\"og:type\" content=\"article\" \/>\n<meta property=\"og:title\" content=\"Tat\u00e1 Werneck e Eduardo Sterblitch renovam parceria e avan\u00e7am com novos trabalhos na TV - Portal do Estado\" \/>\n<meta property=\"og:description\" content=\"Tat\u00e1 Werneck e Eduardo Sterblitch seguem cada vez mais pr\u00f3ximos profissionalmente e v\u00eam ampliando a parceria iniciada na s\u00e9rie Shippados, exibida em 2020. A boa sintonia em cena motivou novos projetos, que j\u00e1 est\u00e3o em desenvolvimento para a TV aberta e para canais por assinatura. Um dos destaques \u00e9 E.T.: Edu e Tat\u00e1, atra\u00e7\u00e3o em \u2026\" \/>\n<meta property=\"og:url\" content=\"https:\/\/portaldoestado.com.br\/index.php\/2026\/01\/25\/tata-werneck-e-eduardo-sterblitch-renovam-parceria-e-avancam-com-novos-trabalhos-na-tv\/\" \/>\n<meta property=\"og:site_name\" content=\"Portal do Estado\" \/>\n<meta property=\"article:published_time\" content=\"2026-01-25T20:24:34+00:00\" \/>\n<meta property=\"og:image\" content=\"https:\/\/portaldoestado.com.br\/wp-content\/uploads\/2026\/01\/Design-sem-nome356.jpg\" \/>\n\t<meta property=\"og:image:width\" content=\"1200\" \/>\n\t<meta property=\"og:image:height\" content=\"900\" \/>\n\t<meta property=\"og:image:type\" content=\"image\/jpeg\" \/>\n<meta name=\"author\" content=\"assessoriadefamosos\" \/>\n<meta name=\"twitter:card\" content=\"summary_large_image\" \/>\n<meta name=\"twitter:label1\" content=\"Escrito por\" \/>\n\t<meta name=\"twitter:data1\" content=\"assessoriadefamosos\" \/>\n\t<meta name=\"twitter:label2\" content=\"Est. tempo de leitura\" \/>\n\t<meta name=\"twitter:data2\" content=\"1 minuto\" \/>\n<script type=\"application\/ld+json\" class=\"yoast-schema-graph\">{\"@context\":\"https:\/\/schema.org\",\"@graph\":[{\"@type\":\"Article\",\"@id\":\"https:\/\/portaldoestado.com.br\/index.php\/2026\/01\/25\/tata-werneck-e-eduardo-sterblitch-renovam-parceria-e-avancam-com-novos-trabalhos-na-tv\/#article\",\"isPartOf\":{\"@id\":\"https:\/\/portaldoestado.com.br\/index.php\/2026\/01\/25\/tata-werneck-e-eduardo-sterblitch-renovam-parceria-e-avancam-com-novos-trabalhos-na-tv\/\"},\"author\":{\"name\":\"assessoriadefamosos\",\"@id\":\"https:\/\/portaldoestado.com.br\/#\/schema\/person\/5ca0174f3c8c84b59da62ea14b698cb9\"},\"headline\":\"Tat\u00e1 Werneck e Eduardo Sterblitch renovam parceria e avan\u00e7am com novos trabalhos na TV\",\"datePublished\":\"2026-01-25T20:24:34+00:00\",\"mainEntityOfPage\":{\"@id\":\"https:\/\/portaldoestado.com.br\/index.php\/2026\/01\/25\/tata-werneck-e-eduardo-sterblitch-renovam-parceria-e-avancam-com-novos-trabalhos-na-tv\/\"},\"wordCount\":268,\"publisher\":{\"@id\":\"https:\/\/portaldoestado.com.br\/#organization\"},\"image\":{\"@id\":\"https:\/\/portaldoestado.com.br\/index.php\/2026\/01\/25\/tata-werneck-e-eduardo-sterblitch-renovam-parceria-e-avancam-com-novos-trabalhos-na-tv\/#primaryimage\"},\"thumbnailUrl\":\"https:\/\/portaldoestado.com.br\/wp-content\/uploads\/2026\/01\/Design-sem-nome356.jpg\",\"articleSection\":[\"Famosos\"],\"inLanguage\":\"pt-BR\"},{\"@type\":\"WebPage\",\"@id\":\"https:\/\/portaldoestado.com.br\/index.php\/2026\/01\/25\/tata-werneck-e-eduardo-sterblitch-renovam-parceria-e-avancam-com-novos-trabalhos-na-tv\/\",\"url\":\"https:\/\/portaldoestado.com.br\/index.php\/2026\/01\/25\/tata-werneck-e-eduardo-sterblitch-renovam-parceria-e-avancam-com-novos-trabalhos-na-tv\/\",\"name\":\"Tat\u00e1 Werneck e Eduardo Sterblitch renovam parceria e avan\u00e7am com novos trabalhos na TV - Portal do Estado\",\"isPartOf\":{\"@id\":\"https:\/\/portaldoestado.com.br\/#website\"},\"primaryImageOfPage\":{\"@id\":\"https:\/\/portaldoestado.com.br\/index.php\/2026\/01\/25\/tata-werneck-e-eduardo-sterblitch-renovam-parceria-e-avancam-com-novos-trabalhos-na-tv\/#primaryimage\"},\"image\":{\"@id\":\"https:\/\/portaldoestado.com.br\/index.php\/2026\/01\/25\/tata-werneck-e-eduardo-sterblitch-renovam-parceria-e-avancam-com-novos-trabalhos-na-tv\/#primaryimage\"},\"thumbnailUrl\":\"https:\/\/portaldoestado.com.br\/wp-content\/uploads\/2026\/01\/Design-sem-nome356.jpg\",\"datePublished\":\"2026-01-25T20:24:34+00:00\",\"breadcrumb\":{\"@id\":\"https:\/\/portaldoestado.com.br\/index.php\/2026\/01\/25\/tata-werneck-e-eduardo-sterblitch-renovam-parceria-e-avancam-com-novos-trabalhos-na-tv\/#breadcrumb\"},\"inLanguage\":\"pt-BR\",\"potentialAction\":[{\"@type\":\"ReadAction\",\"target\":[\"https:\/\/portaldoestado.com.br\/index.php\/2026\/01\/25\/tata-werneck-e-eduardo-sterblitch-renovam-parceria-e-avancam-com-novos-trabalhos-na-tv\/\"]}]},{\"@type\":\"ImageObject\",\"inLanguage\":\"pt-BR\",\"@id\":\"https:\/\/portaldoestado.com.br\/index.php\/2026\/01\/25\/tata-werneck-e-eduardo-sterblitch-renovam-parceria-e-avancam-com-novos-trabalhos-na-tv\/#primaryimage\",\"url\":\"https:\/\/portaldoestado.com.br\/wp-content\/uploads\/2026\/01\/Design-sem-nome356.jpg\",\"contentUrl\":\"https:\/\/portaldoestado.com.br\/wp-content\/uploads\/2026\/01\/Design-sem-nome356.jpg\",\"width\":1200,\"height\":900},{\"@type\":\"BreadcrumbList\",\"@id\":\"https:\/\/portaldoestado.com.br\/index.php\/2026\/01\/25\/tata-werneck-e-eduardo-sterblitch-renovam-parceria-e-avancam-com-novos-trabalhos-na-tv\/#breadcrumb\",\"itemListElement\":[{\"@type\":\"ListItem\",\"position\":1,\"name\":\"In\u00edcio\",\"item\":\"https:\/\/portaldoestado.com.br\/\"},{\"@type\":\"ListItem\",\"position\":2,\"name\":\"Tat\u00e1 Werneck e Eduardo Sterblitch renovam parceria e avan\u00e7am com novos trabalhos na TV\"}]},{\"@type\":\"WebSite\",\"@id\":\"https:\/\/portaldoestado.com.br\/#website\",\"url\":\"https:\/\/portaldoestado.com.br\/\",\"name\":\"Portal do Estado\",\"description\":\"\",\"publisher\":{\"@id\":\"https:\/\/portaldoestado.com.br\/#organization\"},\"potentialAction\":[{\"@type\":\"SearchAction\",\"target\":{\"@type\":\"EntryPoint\",\"urlTemplate\":\"https:\/\/portaldoestado.com.br\/?s={search_term_string}\"},\"query-input\":{\"@type\":\"PropertyValueSpecification\",\"valueRequired\":true,\"valueName\":\"search_term_string\"}}],\"inLanguage\":\"pt-BR\"},{\"@type\":\"Organization\",\"@id\":\"https:\/\/portaldoestado.com.br\/#organization\",\"name\":\"Portal do Estado\",\"url\":\"https:\/\/portaldoestado.com.br\/\",\"logo\":{\"@type\":\"ImageObject\",\"inLanguage\":\"pt-BR\",\"@id\":\"https:\/\/portaldoestado.com.br\/#\/schema\/logo\/image\/\",\"url\":\"https:\/\/portaldoestado.com.br\/wp-content\/uploads\/2025\/04\/cropped-6f69b19a-6472-43bf-b1b3-e1910bbbd4e8.png\",\"contentUrl\":\"https:\/\/portaldoestado.com.br\/wp-content\/uploads\/2025\/04\/cropped-6f69b19a-6472-43bf-b1b3-e1910bbbd4e8.png\",\"width\":1024,\"height\":350,\"caption\":\"Portal do Estado\"},\"image\":{\"@id\":\"https:\/\/portaldoestado.com.br\/#\/schema\/logo\/image\/\"}},{\"@type\":\"Person\",\"@id\":\"https:\/\/portaldoestado.com.br\/#\/schema\/person\/5ca0174f3c8c84b59da62ea14b698cb9\",\"name\":\"assessoriadefamosos\",\"image\":{\"@type\":\"ImageObject\",\"inLanguage\":\"pt-BR\",\"@id\":\"https:\/\/portaldoestado.com.br\/#\/schema\/person\/image\/\",\"url\":\"https:\/\/secure.gravatar.com\/avatar\/a7acbdffcfbbae7240e59f47fe511ec5f5d8c252c779f0b8d9ab02a9e1d8c5ed?s=96&d=mm&r=g\",\"contentUrl\":\"https:\/\/secure.gravatar.com\/avatar\/a7acbdffcfbbae7240e59f47fe511ec5f5d8c252c779f0b8d9ab02a9e1d8c5ed?s=96&d=mm&r=g\",\"caption\":\"assessoriadefamosos\"},\"url\":\"https:\/\/portaldoestado.com.br\/index.php\/author\/assessoriadefamosos\/\"}]}<\/script>\n<!-- \/ Yoast SEO plugin. -->","yoast_head_json":{"title":"Tat\u00e1 Werneck e Eduardo Sterblitch renovam parceria e avan\u00e7am com novos trabalhos na TV - Portal do Estado","robots":{"index":"index","follow":"follow","max-snippet":"max-snippet:-1","max-image-preview":"max-image-preview:large","max-video-preview":"max-video-preview:-1"},"canonical":"https:\/\/portaldoestado.com.br\/index.php\/2026\/01\/25\/tata-werneck-e-eduardo-sterblitch-renovam-parceria-e-avancam-com-novos-trabalhos-na-tv\/","og_locale":"pt_BR","og_type":"article","og_title":"Tat\u00e1 Werneck e Eduardo Sterblitch renovam parceria e avan\u00e7am com novos trabalhos na TV - Portal do Estado","og_description":"Tat\u00e1 Werneck e Eduardo Sterblitch seguem cada vez mais pr\u00f3ximos profissionalmente e v\u00eam ampliando a parceria iniciada na s\u00e9rie Shippados, exibida em 2020. A boa sintonia em cena motivou novos projetos, que j\u00e1 est\u00e3o em desenvolvimento para a TV aberta e para canais por assinatura. Um dos destaques \u00e9 E.T.: Edu e Tat\u00e1, atra\u00e7\u00e3o em \u2026","og_url":"https:\/\/portaldoestado.com.br\/index.php\/2026\/01\/25\/tata-werneck-e-eduardo-sterblitch-renovam-parceria-e-avancam-com-novos-trabalhos-na-tv\/","og_site_name":"Portal do Estado","article_published_time":"2026-01-25T20:24:34+00:00","og_image":[{"width":1200,"height":900,"url":"https:\/\/portaldoestado.com.br\/wp-content\/uploads\/2026\/01\/Design-sem-nome356.jpg","type":"image\/jpeg"}],"author":"assessoriadefamosos","twitter_card":"summary_large_image","twitter_misc":{"Escrito por":"assessoriadefamosos","Est. tempo de leitura":"1 minuto"},"schema":{"@context":"https:\/\/schema.org","@graph":[{"@type":"Article","@id":"https:\/\/portaldoestado.com.br\/index.php\/2026\/01\/25\/tata-werneck-e-eduardo-sterblitch-renovam-parceria-e-avancam-com-novos-trabalhos-na-tv\/#article","isPartOf":{"@id":"https:\/\/portaldoestado.com.br\/index.php\/2026\/01\/25\/tata-werneck-e-eduardo-sterblitch-renovam-parceria-e-avancam-com-novos-trabalhos-na-tv\/"},"author":{"name":"assessoriadefamosos","@id":"https:\/\/portaldoestado.com.br\/#\/schema\/person\/5ca0174f3c8c84b59da62ea14b698cb9"},"headline":"Tat\u00e1 Werneck e Eduardo Sterblitch renovam parceria e avan\u00e7am com novos trabalhos na TV","datePublished":"2026-01-25T20:24:34+00:00","mainEntityOfPage":{"@id":"https:\/\/portaldoestado.com.br\/index.php\/2026\/01\/25\/tata-werneck-e-eduardo-sterblitch-renovam-parceria-e-avancam-com-novos-trabalhos-na-tv\/"},"wordCount":268,"publisher":{"@id":"https:\/\/portaldoestado.com.br\/#organization"},"image":{"@id":"https:\/\/portaldoestado.com.br\/index.php\/2026\/01\/25\/tata-werneck-e-eduardo-sterblitch-renovam-parceria-e-avancam-com-novos-trabalhos-na-tv\/#primaryimage"},"thumbnailUrl":"https:\/\/portaldoestado.com.br\/wp-content\/uploads\/2026\/01\/Design-sem-nome356.jpg","articleSection":["Famosos"],"inLanguage":"pt-BR"},{"@type":"WebPage","@id":"https:\/\/portaldoestado.com.br\/index.php\/2026\/01\/25\/tata-werneck-e-eduardo-sterblitch-renovam-parceria-e-avancam-com-novos-trabalhos-na-tv\/","url":"https:\/\/portaldoestado.com.br\/index.php\/2026\/01\/25\/tata-werneck-e-eduardo-sterblitch-renovam-parceria-e-avancam-com-novos-trabalhos-na-tv\/","name":"Tat\u00e1 Werneck e Eduardo Sterblitch renovam parceria e avan\u00e7am com novos trabalhos na TV - Portal do Estado","isPartOf":{"@id":"https:\/\/portaldoestado.com.br\/#website"},"primaryImageOfPage":{"@id":"https:\/\/portaldoestado.com.br\/index.php\/2026\/01\/25\/tata-werneck-e-eduardo-sterblitch-renovam-parceria-e-avancam-com-novos-trabalhos-na-tv\/#primaryimage"},"image":{"@id":"https:\/\/portaldoestado.com.br\/index.php\/2026\/01\/25\/tata-werneck-e-eduardo-sterblitch-renovam-parceria-e-avancam-com-novos-trabalhos-na-tv\/#primaryimage"},"thumbnailUrl":"https:\/\/portaldoestado.com.br\/wp-content\/uploads\/2026\/01\/Design-sem-nome356.jpg","datePublished":"2026-01-25T20:24:34+00:00","breadcrumb":{"@id":"https:\/\/portaldoestado.com.br\/index.php\/2026\/01\/25\/tata-werneck-e-eduardo-sterblitch-renovam-parceria-e-avancam-com-novos-trabalhos-na-tv\/#breadcrumb"},"inLanguage":"pt-BR","potentialAction":[{"@type":"ReadAction","target":["https:\/\/portaldoestado.com.br\/index.php\/2026\/01\/25\/tata-werneck-e-eduardo-sterblitch-renovam-parceria-e-avancam-com-novos-trabalhos-na-tv\/"]}]},{"@type":"ImageObject","inLanguage":"pt-BR","@id":"https:\/\/portaldoestado.com.br\/index.php\/2026\/01\/25\/tata-werneck-e-eduardo-sterblitch-renovam-parceria-e-avancam-com-novos-trabalhos-na-tv\/#primaryimage","url":"https:\/\/portaldoestado.com.br\/wp-content\/uploads\/2026\/01\/Design-sem-nome356.jpg","contentUrl":"https:\/\/portaldoestado.com.br\/wp-content\/uploads\/2026\/01\/Design-sem-nome356.jpg","width":1200,"height":900},{"@type":"BreadcrumbList","@id":"https:\/\/portaldoestado.com.br\/index.php\/2026\/01\/25\/tata-werneck-e-eduardo-sterblitch-renovam-parceria-e-avancam-com-novos-trabalhos-na-tv\/#breadcrumb","itemListElement":[{"@type":"ListItem","position":1,"name":"In\u00edcio","item":"https:\/\/portaldoestado.com.br\/"},{"@type":"ListItem","position":2,"name":"Tat\u00e1 Werneck e Eduardo Sterblitch renovam parceria e avan\u00e7am com novos trabalhos na TV"}]},{"@type":"WebSite","@id":"https:\/\/portaldoestado.com.br\/#website","url":"https:\/\/portaldoestado.com.br\/","name":"Portal do Estado","description":"","publisher":{"@id":"https:\/\/portaldoestado.com.br\/#organization"},"potentialAction":[{"@type":"SearchAction","target":{"@type":"EntryPoint","urlTemplate":"https:\/\/portaldoestado.com.br\/?s={search_term_string}"},"query-input":{"@type":"PropertyValueSpecification","valueRequired":true,"valueName":"search_term_string"}}],"inLanguage":"pt-BR"},{"@type":"Organization","@id":"https:\/\/portaldoestado.com.br\/#organization","name":"Portal do Estado","url":"https:\/\/portaldoestado.com.br\/","logo":{"@type":"ImageObject","inLanguage":"pt-BR","@id":"https:\/\/portaldoestado.com.br\/#\/schema\/logo\/image\/","url":"https:\/\/portaldoestado.com.br\/wp-content\/uploads\/2025\/04\/cropped-6f69b19a-6472-43bf-b1b3-e1910bbbd4e8.png","contentUrl":"https:\/\/portaldoestado.com.br\/wp-content\/uploads\/2025\/04\/cropped-6f69b19a-6472-43bf-b1b3-e1910bbbd4e8.png","width":1024,"height":350,"caption":"Portal do Estado"},"image":{"@id":"https:\/\/portaldoestado.com.br\/#\/schema\/logo\/image\/"}},{"@type":"Person","@id":"https:\/\/portaldoestado.com.br\/#\/schema\/person\/5ca0174f3c8c84b59da62ea14b698cb9","name":"assessoriadefamosos","image":{"@type":"ImageObject","inLanguage":"pt-BR","@id":"https:\/\/portaldoestado.com.br\/#\/schema\/person\/image\/","url":"https:\/\/secure.gravatar.com\/avatar\/a7acbdffcfbbae7240e59f47fe511ec5f5d8c252c779f0b8d9ab02a9e1d8c5ed?s=96&d=mm&r=g","contentUrl":"https:\/\/secure.gravatar.com\/avatar\/a7acbdffcfbbae7240e59f47fe511ec5f5d8c252c779f0b8d9ab02a9e1d8c5ed?s=96&d=mm&r=g","caption":"assessoriadefamosos"},"url":"https:\/\/portaldoestado.com.br\/index.php\/author\/assessoriadefamosos\/"}]}},"jetpack_featured_media_url":"https:\/\/portaldoestado.com.br\/wp-content\/uploads\/2026\/01\/Design-sem-nome356.jpg","_links":{"self":[{"href":"https:\/\/portaldoestado.com.br\/index.php\/wp-json\/wp\/v2\/posts\/6130","targetHints":{"allow":["GET"]}}],"collection":[{"href":"https:\/\/portaldoestado.com.br\/index.php\/wp-json\/wp\/v2\/posts"}],"about":[{"href":"https:\/\/portaldoestado.com.br\/index.php\/wp-json\/wp\/v2\/types\/post"}],"author":[{"embeddable":true,"href":"https:\/\/portaldoestado.com.br\/index.php\/wp-json\/wp\/v2\/users\/2"}],"replies":[{"embeddable":true,"href":"https:\/\/portaldoestado.com.br\/index.php\/wp-json\/wp\/v2\/comments?post=6130"}],"version-history":[{"count":1,"href":"https:\/\/portaldoestado.com.br\/index.php\/wp-json\/wp\/v2\/posts\/6130\/revisions"}],"predecessor-version":[{"id":6131,"href":"https:\/\/portaldoestado.com.br\/index.php\/wp-json\/wp\/v2\/posts\/6130\/revisions\/6131"}],"wp:featuredmedia":[{"embeddable":true,"href":"https:\/\/portaldoestado.com.br\/index.php\/wp-json\/wp\/v2\/media\/6129"}],"wp:attachment":[{"href":"https:\/\/portaldoestado.com.br\/index.php\/wp-json\/wp\/v2\/media?parent=6130"}],"wp:term":[{"taxonomy":"category","embeddable":true,"href":"https:\/\/portaldoestado.com.br\/index.php\/wp-json\/wp\/v2\/categories?post=6130"},{"taxonomy":"post_tag","embeddable":true,"href":"https:\/\/portaldoestado.com.br\/index.php\/wp-json\/wp\/v2\/tags?post=6130"}],"curies":[{"name":"wp","href":"https:\/\/api.w.org\/{rel}","templated":true}]}}