{"id":6118,"date":"2026-01-25T14:58:14","date_gmt":"2026-01-25T14:58:14","guid":{"rendered":"https:\/\/portaldoestado.com.br\/?p=6118"},"modified":"2026-01-25T14:58:14","modified_gmt":"2026-01-25T14:58:14","slug":"mae-atualiza-estado-de-saude-de-jovem-atropelado-por-mc-tuto","status":"publish","type":"post","link":"https:\/\/portaldoestado.com.br\/index.php\/2026\/01\/25\/mae-atualiza-estado-de-saude-de-jovem-atropelado-por-mc-tuto\/","title":{"rendered":"M\u00e3e atualiza estado de sa\u00fade de jovem atropelado por MC Tuto"},"content":{"rendered":"\n<p>Gabriel Luiz Berrelhas Alves, de 20 anos, passou por cirurgia no tornozelo ap\u00f3s ser atropelado pelo cantor <strong>MC Tuto<\/strong> na madrugada deste s\u00e1bado (24\/1) em Barueri, na Grande S\u00e3o Paulo. Segundo sua m\u00e3e, <strong>Kelly Cristina da Silva<\/strong>, Gabriel est\u00e1 se recuperando na UTI.<\/p>\n\n\n\n<p>\u201cEle passou pela cirurgia e agora est\u00e1 em recupera\u00e7\u00e3o. Pedimos muita empatia e ora\u00e7\u00e3o nesse momento delicado\u201d, afirmou Kelly em entrevista exclusiva. Mais cedo, ela havia comentado que o filho ainda se encontrava sonolento e que o procedimento era necess\u00e1rio.<\/p>\n\n\n\n<p>O acidente ocorreu enquanto MC Tuto, cujo nome de nascimento \u00e9 <strong>Emerson Teixeira Muniz<\/strong>, gravava um clipe em um espa\u00e7o destinado a pedestres, onde a circula\u00e7\u00e3o de ve\u00edculos n\u00e3o \u00e9 permitida sem autoriza\u00e7\u00e3o.<\/p>\n\n\n\n<p>O cantor foi preso em flagrante e teve a pris\u00e3o convertida em preventiva pela Justi\u00e7a ap\u00f3s audi\u00eancia de cust\u00f3dia. As autoridades continuam investigando as circunst\u00e2ncias do atropelamento.<\/p>\n","protected":false},"excerpt":{"rendered":"<p>Gabriel Luiz Berrelhas Alves, de 20 anos, passou por cirurgia no tornozelo ap\u00f3s ser atropelado pelo cantor MC Tuto na madrugada deste s\u00e1bado (24\/1) em Barueri, na Grande S\u00e3o Paulo. Segundo sua m\u00e3e, Kelly Cristina da Silva, Gabriel est\u00e1 se recuperando na UTI. \u201cEle passou pela cirurgia e agora est\u00e1 em recupera\u00e7\u00e3o. Pedimos muita empatia \u2026<\/p>\n","protected":false},"author":2,"featured_media":6117,"comment_status":"closed","ping_status":"open","sticky":false,"template":"","format":"standard","meta":{"footnotes":""},"categories":[3],"tags":[],"class_list":["post-6118","post","type-post","status-publish","format-standard","has-post-thumbnail","hentry","category-famosos"],"yoast_head":"<!-- This site is optimized with the Yoast SEO plugin v25.5 - https:\/\/yoast.com\/wordpress\/plugins\/seo\/ -->\n<title>M\u00e3e atualiza estado de sa\u00fade de jovem atropelado por MC Tuto - Portal do Estado<\/title>\n<meta name=\"robots\" content=\"index, follow, max-snippet:-1, max-image-preview:large, max-video-preview:-1\" \/>\n<link rel=\"canonical\" href=\"https:\/\/portaldoestado.com.br\/index.php\/2026\/01\/25\/mae-atualiza-estado-de-saude-de-jovem-atropelado-por-mc-tuto\/\" \/>\n<meta property=\"og:locale\" content=\"pt_BR\" \/>\n<meta property=\"og:type\" content=\"article\" \/>\n<meta property=\"og:title\" content=\"M\u00e3e atualiza estado de sa\u00fade de jovem atropelado por MC Tuto - Portal do Estado\" \/>\n<meta property=\"og:description\" content=\"Gabriel Luiz Berrelhas Alves, de 20 anos, passou por cirurgia no tornozelo ap\u00f3s ser atropelado pelo cantor MC Tuto na madrugada deste s\u00e1bado (24\/1) em Barueri, na Grande S\u00e3o Paulo. Segundo sua m\u00e3e, Kelly Cristina da Silva, Gabriel est\u00e1 se recuperando na UTI. \u201cEle passou pela cirurgia e agora est\u00e1 em recupera\u00e7\u00e3o. Pedimos muita empatia \u2026\" \/>\n<meta property=\"og:url\" content=\"https:\/\/portaldoestado.com.br\/index.php\/2026\/01\/25\/mae-atualiza-estado-de-saude-de-jovem-atropelado-por-mc-tuto\/\" \/>\n<meta property=\"og:site_name\" content=\"Portal do Estado\" \/>\n<meta property=\"article:published_time\" content=\"2026-01-25T14:58:14+00:00\" \/>\n<meta property=\"og:image\" content=\"https:\/\/portaldoestado.com.br\/wp-content\/uploads\/2026\/01\/Design-sem-nome-2026-01-25T013922.253.png\" \/>\n\t<meta property=\"og:image:width\" content=\"1200\" \/>\n\t<meta property=\"og:image:height\" content=\"900\" \/>\n\t<meta property=\"og:image:type\" content=\"image\/png\" \/>\n<meta name=\"author\" content=\"assessoriadefamosos\" \/>\n<meta name=\"twitter:card\" content=\"summary_large_image\" \/>\n<meta name=\"twitter:label1\" content=\"Escrito por\" \/>\n\t<meta name=\"twitter:data1\" content=\"assessoriadefamosos\" \/>\n\t<meta name=\"twitter:label2\" content=\"Est. tempo de leitura\" \/>\n\t<meta name=\"twitter:data2\" content=\"1 minuto\" \/>\n<script type=\"application\/ld+json\" class=\"yoast-schema-graph\">{\"@context\":\"https:\/\/schema.org\",\"@graph\":[{\"@type\":\"Article\",\"@id\":\"https:\/\/portaldoestado.com.br\/index.php\/2026\/01\/25\/mae-atualiza-estado-de-saude-de-jovem-atropelado-por-mc-tuto\/#article\",\"isPartOf\":{\"@id\":\"https:\/\/portaldoestado.com.br\/index.php\/2026\/01\/25\/mae-atualiza-estado-de-saude-de-jovem-atropelado-por-mc-tuto\/\"},\"author\":{\"name\":\"assessoriadefamosos\",\"@id\":\"https:\/\/portaldoestado.com.br\/#\/schema\/person\/5ca0174f3c8c84b59da62ea14b698cb9\"},\"headline\":\"M\u00e3e atualiza estado de sa\u00fade de jovem atropelado por MC Tuto\",\"datePublished\":\"2026-01-25T14:58:14+00:00\",\"mainEntityOfPage\":{\"@id\":\"https:\/\/portaldoestado.com.br\/index.php\/2026\/01\/25\/mae-atualiza-estado-de-saude-de-jovem-atropelado-por-mc-tuto\/\"},\"wordCount\":170,\"publisher\":{\"@id\":\"https:\/\/portaldoestado.com.br\/#organization\"},\"image\":{\"@id\":\"https:\/\/portaldoestado.com.br\/index.php\/2026\/01\/25\/mae-atualiza-estado-de-saude-de-jovem-atropelado-por-mc-tuto\/#primaryimage\"},\"thumbnailUrl\":\"https:\/\/portaldoestado.com.br\/wp-content\/uploads\/2026\/01\/Design-sem-nome-2026-01-25T013922.253.png\",\"articleSection\":[\"Famosos\"],\"inLanguage\":\"pt-BR\"},{\"@type\":\"WebPage\",\"@id\":\"https:\/\/portaldoestado.com.br\/index.php\/2026\/01\/25\/mae-atualiza-estado-de-saude-de-jovem-atropelado-por-mc-tuto\/\",\"url\":\"https:\/\/portaldoestado.com.br\/index.php\/2026\/01\/25\/mae-atualiza-estado-de-saude-de-jovem-atropelado-por-mc-tuto\/\",\"name\":\"M\u00e3e atualiza estado de sa\u00fade de jovem atropelado por MC Tuto - Portal do Estado\",\"isPartOf\":{\"@id\":\"https:\/\/portaldoestado.com.br\/#website\"},\"primaryImageOfPage\":{\"@id\":\"https:\/\/portaldoestado.com.br\/index.php\/2026\/01\/25\/mae-atualiza-estado-de-saude-de-jovem-atropelado-por-mc-tuto\/#primaryimage\"},\"image\":{\"@id\":\"https:\/\/portaldoestado.com.br\/index.php\/2026\/01\/25\/mae-atualiza-estado-de-saude-de-jovem-atropelado-por-mc-tuto\/#primaryimage\"},\"thumbnailUrl\":\"https:\/\/portaldoestado.com.br\/wp-content\/uploads\/2026\/01\/Design-sem-nome-2026-01-25T013922.253.png\",\"datePublished\":\"2026-01-25T14:58:14+00:00\",\"breadcrumb\":{\"@id\":\"https:\/\/portaldoestado.com.br\/index.php\/2026\/01\/25\/mae-atualiza-estado-de-saude-de-jovem-atropelado-por-mc-tuto\/#breadcrumb\"},\"inLanguage\":\"pt-BR\",\"potentialAction\":[{\"@type\":\"ReadAction\",\"target\":[\"https:\/\/portaldoestado.com.br\/index.php\/2026\/01\/25\/mae-atualiza-estado-de-saude-de-jovem-atropelado-por-mc-tuto\/\"]}]},{\"@type\":\"ImageObject\",\"inLanguage\":\"pt-BR\",\"@id\":\"https:\/\/portaldoestado.com.br\/index.php\/2026\/01\/25\/mae-atualiza-estado-de-saude-de-jovem-atropelado-por-mc-tuto\/#primaryimage\",\"url\":\"https:\/\/portaldoestado.com.br\/wp-content\/uploads\/2026\/01\/Design-sem-nome-2026-01-25T013922.253.png\",\"contentUrl\":\"https:\/\/portaldoestado.com.br\/wp-content\/uploads\/2026\/01\/Design-sem-nome-2026-01-25T013922.253.png\",\"width\":1200,\"height\":900},{\"@type\":\"BreadcrumbList\",\"@id\":\"https:\/\/portaldoestado.com.br\/index.php\/2026\/01\/25\/mae-atualiza-estado-de-saude-de-jovem-atropelado-por-mc-tuto\/#breadcrumb\",\"itemListElement\":[{\"@type\":\"ListItem\",\"position\":1,\"name\":\"In\u00edcio\",\"item\":\"https:\/\/portaldoestado.com.br\/\"},{\"@type\":\"ListItem\",\"position\":2,\"name\":\"M\u00e3e atualiza estado de sa\u00fade de jovem atropelado por MC Tuto\"}]},{\"@type\":\"WebSite\",\"@id\":\"https:\/\/portaldoestado.com.br\/#website\",\"url\":\"https:\/\/portaldoestado.com.br\/\",\"name\":\"Portal do Estado\",\"description\":\"\",\"publisher\":{\"@id\":\"https:\/\/portaldoestado.com.br\/#organization\"},\"potentialAction\":[{\"@type\":\"SearchAction\",\"target\":{\"@type\":\"EntryPoint\",\"urlTemplate\":\"https:\/\/portaldoestado.com.br\/?s={search_term_string}\"},\"query-input\":{\"@type\":\"PropertyValueSpecification\",\"valueRequired\":true,\"valueName\":\"search_term_string\"}}],\"inLanguage\":\"pt-BR\"},{\"@type\":\"Organization\",\"@id\":\"https:\/\/portaldoestado.com.br\/#organization\",\"name\":\"Portal do Estado\",\"url\":\"https:\/\/portaldoestado.com.br\/\",\"logo\":{\"@type\":\"ImageObject\",\"inLanguage\":\"pt-BR\",\"@id\":\"https:\/\/portaldoestado.com.br\/#\/schema\/logo\/image\/\",\"url\":\"https:\/\/portaldoestado.com.br\/wp-content\/uploads\/2025\/04\/cropped-6f69b19a-6472-43bf-b1b3-e1910bbbd4e8.png\",\"contentUrl\":\"https:\/\/portaldoestado.com.br\/wp-content\/uploads\/2025\/04\/cropped-6f69b19a-6472-43bf-b1b3-e1910bbbd4e8.png\",\"width\":1024,\"height\":350,\"caption\":\"Portal do Estado\"},\"image\":{\"@id\":\"https:\/\/portaldoestado.com.br\/#\/schema\/logo\/image\/\"}},{\"@type\":\"Person\",\"@id\":\"https:\/\/portaldoestado.com.br\/#\/schema\/person\/5ca0174f3c8c84b59da62ea14b698cb9\",\"name\":\"assessoriadefamosos\",\"image\":{\"@type\":\"ImageObject\",\"inLanguage\":\"pt-BR\",\"@id\":\"https:\/\/portaldoestado.com.br\/#\/schema\/person\/image\/\",\"url\":\"https:\/\/secure.gravatar.com\/avatar\/a7acbdffcfbbae7240e59f47fe511ec5f5d8c252c779f0b8d9ab02a9e1d8c5ed?s=96&d=mm&r=g\",\"contentUrl\":\"https:\/\/secure.gravatar.com\/avatar\/a7acbdffcfbbae7240e59f47fe511ec5f5d8c252c779f0b8d9ab02a9e1d8c5ed?s=96&d=mm&r=g\",\"caption\":\"assessoriadefamosos\"},\"url\":\"https:\/\/portaldoestado.com.br\/index.php\/author\/assessoriadefamosos\/\"}]}<\/script>\n<!-- \/ Yoast SEO plugin. -->","yoast_head_json":{"title":"M\u00e3e atualiza estado de sa\u00fade de jovem atropelado por MC Tuto - Portal do Estado","robots":{"index":"index","follow":"follow","max-snippet":"max-snippet:-1","max-image-preview":"max-image-preview:large","max-video-preview":"max-video-preview:-1"},"canonical":"https:\/\/portaldoestado.com.br\/index.php\/2026\/01\/25\/mae-atualiza-estado-de-saude-de-jovem-atropelado-por-mc-tuto\/","og_locale":"pt_BR","og_type":"article","og_title":"M\u00e3e atualiza estado de sa\u00fade de jovem atropelado por MC Tuto - Portal do Estado","og_description":"Gabriel Luiz Berrelhas Alves, de 20 anos, passou por cirurgia no tornozelo ap\u00f3s ser atropelado pelo cantor MC Tuto na madrugada deste s\u00e1bado (24\/1) em Barueri, na Grande S\u00e3o Paulo. Segundo sua m\u00e3e, Kelly Cristina da Silva, Gabriel est\u00e1 se recuperando na UTI. \u201cEle passou pela cirurgia e agora est\u00e1 em recupera\u00e7\u00e3o. Pedimos muita empatia \u2026","og_url":"https:\/\/portaldoestado.com.br\/index.php\/2026\/01\/25\/mae-atualiza-estado-de-saude-de-jovem-atropelado-por-mc-tuto\/","og_site_name":"Portal do Estado","article_published_time":"2026-01-25T14:58:14+00:00","og_image":[{"width":1200,"height":900,"url":"https:\/\/portaldoestado.com.br\/wp-content\/uploads\/2026\/01\/Design-sem-nome-2026-01-25T013922.253.png","type":"image\/png"}],"author":"assessoriadefamosos","twitter_card":"summary_large_image","twitter_misc":{"Escrito por":"assessoriadefamosos","Est. tempo de leitura":"1 minuto"},"schema":{"@context":"https:\/\/schema.org","@graph":[{"@type":"Article","@id":"https:\/\/portaldoestado.com.br\/index.php\/2026\/01\/25\/mae-atualiza-estado-de-saude-de-jovem-atropelado-por-mc-tuto\/#article","isPartOf":{"@id":"https:\/\/portaldoestado.com.br\/index.php\/2026\/01\/25\/mae-atualiza-estado-de-saude-de-jovem-atropelado-por-mc-tuto\/"},"author":{"name":"assessoriadefamosos","@id":"https:\/\/portaldoestado.com.br\/#\/schema\/person\/5ca0174f3c8c84b59da62ea14b698cb9"},"headline":"M\u00e3e atualiza estado de sa\u00fade de jovem atropelado por MC Tuto","datePublished":"2026-01-25T14:58:14+00:00","mainEntityOfPage":{"@id":"https:\/\/portaldoestado.com.br\/index.php\/2026\/01\/25\/mae-atualiza-estado-de-saude-de-jovem-atropelado-por-mc-tuto\/"},"wordCount":170,"publisher":{"@id":"https:\/\/portaldoestado.com.br\/#organization"},"image":{"@id":"https:\/\/portaldoestado.com.br\/index.php\/2026\/01\/25\/mae-atualiza-estado-de-saude-de-jovem-atropelado-por-mc-tuto\/#primaryimage"},"thumbnailUrl":"https:\/\/portaldoestado.com.br\/wp-content\/uploads\/2026\/01\/Design-sem-nome-2026-01-25T013922.253.png","articleSection":["Famosos"],"inLanguage":"pt-BR"},{"@type":"WebPage","@id":"https:\/\/portaldoestado.com.br\/index.php\/2026\/01\/25\/mae-atualiza-estado-de-saude-de-jovem-atropelado-por-mc-tuto\/","url":"https:\/\/portaldoestado.com.br\/index.php\/2026\/01\/25\/mae-atualiza-estado-de-saude-de-jovem-atropelado-por-mc-tuto\/","name":"M\u00e3e atualiza estado de sa\u00fade de jovem atropelado por MC Tuto - Portal do Estado","isPartOf":{"@id":"https:\/\/portaldoestado.com.br\/#website"},"primaryImageOfPage":{"@id":"https:\/\/portaldoestado.com.br\/index.php\/2026\/01\/25\/mae-atualiza-estado-de-saude-de-jovem-atropelado-por-mc-tuto\/#primaryimage"},"image":{"@id":"https:\/\/portaldoestado.com.br\/index.php\/2026\/01\/25\/mae-atualiza-estado-de-saude-de-jovem-atropelado-por-mc-tuto\/#primaryimage"},"thumbnailUrl":"https:\/\/portaldoestado.com.br\/wp-content\/uploads\/2026\/01\/Design-sem-nome-2026-01-25T013922.253.png","datePublished":"2026-01-25T14:58:14+00:00","breadcrumb":{"@id":"https:\/\/portaldoestado.com.br\/index.php\/2026\/01\/25\/mae-atualiza-estado-de-saude-de-jovem-atropelado-por-mc-tuto\/#breadcrumb"},"inLanguage":"pt-BR","potentialAction":[{"@type":"ReadAction","target":["https:\/\/portaldoestado.com.br\/index.php\/2026\/01\/25\/mae-atualiza-estado-de-saude-de-jovem-atropelado-por-mc-tuto\/"]}]},{"@type":"ImageObject","inLanguage":"pt-BR","@id":"https:\/\/portaldoestado.com.br\/index.php\/2026\/01\/25\/mae-atualiza-estado-de-saude-de-jovem-atropelado-por-mc-tuto\/#primaryimage","url":"https:\/\/portaldoestado.com.br\/wp-content\/uploads\/2026\/01\/Design-sem-nome-2026-01-25T013922.253.png","contentUrl":"https:\/\/portaldoestado.com.br\/wp-content\/uploads\/2026\/01\/Design-sem-nome-2026-01-25T013922.253.png","width":1200,"height":900},{"@type":"BreadcrumbList","@id":"https:\/\/portaldoestado.com.br\/index.php\/2026\/01\/25\/mae-atualiza-estado-de-saude-de-jovem-atropelado-por-mc-tuto\/#breadcrumb","itemListElement":[{"@type":"ListItem","position":1,"name":"In\u00edcio","item":"https:\/\/portaldoestado.com.br\/"},{"@type":"ListItem","position":2,"name":"M\u00e3e atualiza estado de sa\u00fade de jovem atropelado por MC Tuto"}]},{"@type":"WebSite","@id":"https:\/\/portaldoestado.com.br\/#website","url":"https:\/\/portaldoestado.com.br\/","name":"Portal do Estado","description":"","publisher":{"@id":"https:\/\/portaldoestado.com.br\/#organization"},"potentialAction":[{"@type":"SearchAction","target":{"@type":"EntryPoint","urlTemplate":"https:\/\/portaldoestado.com.br\/?s={search_term_string}"},"query-input":{"@type":"PropertyValueSpecification","valueRequired":true,"valueName":"search_term_string"}}],"inLanguage":"pt-BR"},{"@type":"Organization","@id":"https:\/\/portaldoestado.com.br\/#organization","name":"Portal do Estado","url":"https:\/\/portaldoestado.com.br\/","logo":{"@type":"ImageObject","inLanguage":"pt-BR","@id":"https:\/\/portaldoestado.com.br\/#\/schema\/logo\/image\/","url":"https:\/\/portaldoestado.com.br\/wp-content\/uploads\/2025\/04\/cropped-6f69b19a-6472-43bf-b1b3-e1910bbbd4e8.png","contentUrl":"https:\/\/portaldoestado.com.br\/wp-content\/uploads\/2025\/04\/cropped-6f69b19a-6472-43bf-b1b3-e1910bbbd4e8.png","width":1024,"height":350,"caption":"Portal do Estado"},"image":{"@id":"https:\/\/portaldoestado.com.br\/#\/schema\/logo\/image\/"}},{"@type":"Person","@id":"https:\/\/portaldoestado.com.br\/#\/schema\/person\/5ca0174f3c8c84b59da62ea14b698cb9","name":"assessoriadefamosos","image":{"@type":"ImageObject","inLanguage":"pt-BR","@id":"https:\/\/portaldoestado.com.br\/#\/schema\/person\/image\/","url":"https:\/\/secure.gravatar.com\/avatar\/a7acbdffcfbbae7240e59f47fe511ec5f5d8c252c779f0b8d9ab02a9e1d8c5ed?s=96&d=mm&r=g","contentUrl":"https:\/\/secure.gravatar.com\/avatar\/a7acbdffcfbbae7240e59f47fe511ec5f5d8c252c779f0b8d9ab02a9e1d8c5ed?s=96&d=mm&r=g","caption":"assessoriadefamosos"},"url":"https:\/\/portaldoestado.com.br\/index.php\/author\/assessoriadefamosos\/"}]}},"jetpack_featured_media_url":"https:\/\/portaldoestado.com.br\/wp-content\/uploads\/2026\/01\/Design-sem-nome-2026-01-25T013922.253.png","_links":{"self":[{"href":"https:\/\/portaldoestado.com.br\/index.php\/wp-json\/wp\/v2\/posts\/6118","targetHints":{"allow":["GET"]}}],"collection":[{"href":"https:\/\/portaldoestado.com.br\/index.php\/wp-json\/wp\/v2\/posts"}],"about":[{"href":"https:\/\/portaldoestado.com.br\/index.php\/wp-json\/wp\/v2\/types\/post"}],"author":[{"embeddable":true,"href":"https:\/\/portaldoestado.com.br\/index.php\/wp-json\/wp\/v2\/users\/2"}],"replies":[{"embeddable":true,"href":"https:\/\/portaldoestado.com.br\/index.php\/wp-json\/wp\/v2\/comments?post=6118"}],"version-history":[{"count":1,"href":"https:\/\/portaldoestado.com.br\/index.php\/wp-json\/wp\/v2\/posts\/6118\/revisions"}],"predecessor-version":[{"id":6119,"href":"https:\/\/portaldoestado.com.br\/index.php\/wp-json\/wp\/v2\/posts\/6118\/revisions\/6119"}],"wp:featuredmedia":[{"embeddable":true,"href":"https:\/\/portaldoestado.com.br\/index.php\/wp-json\/wp\/v2\/media\/6117"}],"wp:attachment":[{"href":"https:\/\/portaldoestado.com.br\/index.php\/wp-json\/wp\/v2\/media?parent=6118"}],"wp:term":[{"taxonomy":"category","embeddable":true,"href":"https:\/\/portaldoestado.com.br\/index.php\/wp-json\/wp\/v2\/categories?post=6118"},{"taxonomy":"post_tag","embeddable":true,"href":"https:\/\/portaldoestado.com.br\/index.php\/wp-json\/wp\/v2\/tags?post=6118"}],"curies":[{"name":"wp","href":"https:\/\/api.w.org\/{rel}","templated":true}]}}