{"id":6115,"date":"2026-01-25T14:53:47","date_gmt":"2026-01-25T14:53:47","guid":{"rendered":"https:\/\/portaldoestado.com.br\/?p=6115"},"modified":"2026-01-25T14:53:47","modified_gmt":"2026-01-25T14:53:47","slug":"simone-mendes-emociona-sao-paulo-com-tributo-a-marilia-mendonca","status":"publish","type":"post","link":"https:\/\/portaldoestado.com.br\/index.php\/2026\/01\/25\/simone-mendes-emociona-sao-paulo-com-tributo-a-marilia-mendonca\/","title":{"rendered":"Simone Mendes emociona S\u00e3o Paulo com tributo a Mar\u00edlia Mendon\u00e7a"},"content":{"rendered":"\n<p>Na estreia de seu novo show <strong>\u201cIntimidade\u201d<\/strong>, neste s\u00e1bado (24\/1), Simone Mendes emocionou o p\u00fablico do Espa\u00e7o Unimed, em S\u00e3o Paulo, ao prestar homenagem a <strong>Mar\u00edlia Mendon\u00e7a<\/strong>. A cantora interpretou <strong>\u201cDe quem \u00e9 a culpa?\u201d<\/strong>, cl\u00e1ssico da eterna Rainha da Sofr\u00eancia, arrancando aplausos e l\u00e1grimas da plateia.<\/p>\n\n\n\n<p>Poucos dias ap\u00f3s gravar o projeto audiovisual <strong>\u201cO Melhor de Mim\u201d<\/strong> em Bras\u00edlia, Simone chegou \u00e0 capital paulista com repert\u00f3rio atualizado e uma apresenta\u00e7\u00e3o marcada por momentos de grande emo\u00e7\u00e3o. A homenagem surpresa a Mar\u00edlia foi um dos destaques da noite, refor\u00e7ando o legado da cantora que faleceu em 2021.<\/p>\n\n\n\n<p>Durante o show, Simone tamb\u00e9m anunciou seu novo evento, o <strong>\u201cArrai\u00e1 da Simone Mendes\u201d<\/strong>, que acontecer\u00e1 no dia 6 de junho, no Parque Villa-Lobos, Zona Oeste de S\u00e3o Paulo. Combinando emo\u00e7\u00e3o e festa, a artista segue conquistando f\u00e3s e fortalecendo seu v\u00ednculo com o p\u00fablico.<\/p>\n","protected":false},"excerpt":{"rendered":"<p>Na estreia de seu novo show \u201cIntimidade\u201d, neste s\u00e1bado (24\/1), Simone Mendes emocionou o p\u00fablico do Espa\u00e7o Unimed, em S\u00e3o Paulo, ao prestar homenagem a Mar\u00edlia Mendon\u00e7a. A cantora interpretou \u201cDe quem \u00e9 a culpa?\u201d, cl\u00e1ssico da eterna Rainha da Sofr\u00eancia, arrancando aplausos e l\u00e1grimas da plateia. Poucos dias ap\u00f3s gravar o projeto audiovisual \u201cO \u2026<\/p>\n","protected":false},"author":2,"featured_media":6114,"comment_status":"closed","ping_status":"open","sticky":false,"template":"","format":"standard","meta":{"footnotes":""},"categories":[3],"tags":[],"class_list":["post-6115","post","type-post","status-publish","format-standard","has-post-thumbnail","hentry","category-famosos"],"yoast_head":"<!-- This site is optimized with the Yoast SEO plugin v25.5 - https:\/\/yoast.com\/wordpress\/plugins\/seo\/ -->\n<title>Simone Mendes emociona S\u00e3o Paulo com tributo a Mar\u00edlia Mendon\u00e7a - Portal do Estado<\/title>\n<meta name=\"robots\" content=\"index, follow, max-snippet:-1, max-image-preview:large, max-video-preview:-1\" \/>\n<link rel=\"canonical\" href=\"https:\/\/portaldoestado.com.br\/index.php\/2026\/01\/25\/simone-mendes-emociona-sao-paulo-com-tributo-a-marilia-mendonca\/\" \/>\n<meta property=\"og:locale\" content=\"pt_BR\" \/>\n<meta property=\"og:type\" content=\"article\" \/>\n<meta property=\"og:title\" content=\"Simone Mendes emociona S\u00e3o Paulo com tributo a Mar\u00edlia Mendon\u00e7a - Portal do Estado\" \/>\n<meta property=\"og:description\" content=\"Na estreia de seu novo show \u201cIntimidade\u201d, neste s\u00e1bado (24\/1), Simone Mendes emocionou o p\u00fablico do Espa\u00e7o Unimed, em S\u00e3o Paulo, ao prestar homenagem a Mar\u00edlia Mendon\u00e7a. A cantora interpretou \u201cDe quem \u00e9 a culpa?\u201d, cl\u00e1ssico da eterna Rainha da Sofr\u00eancia, arrancando aplausos e l\u00e1grimas da plateia. Poucos dias ap\u00f3s gravar o projeto audiovisual \u201cO \u2026\" \/>\n<meta property=\"og:url\" content=\"https:\/\/portaldoestado.com.br\/index.php\/2026\/01\/25\/simone-mendes-emociona-sao-paulo-com-tributo-a-marilia-mendonca\/\" \/>\n<meta property=\"og:site_name\" content=\"Portal do Estado\" \/>\n<meta property=\"article:published_time\" content=\"2026-01-25T14:53:47+00:00\" \/>\n<meta property=\"og:image\" content=\"https:\/\/portaldoestado.com.br\/wp-content\/uploads\/2026\/01\/WhatsApp-Image-2026-01-24-at-23.56.35.jpeg\" \/>\n\t<meta property=\"og:image:width\" content=\"1200\" \/>\n\t<meta property=\"og:image:height\" content=\"900\" \/>\n\t<meta property=\"og:image:type\" content=\"image\/jpeg\" \/>\n<meta name=\"author\" content=\"assessoriadefamosos\" \/>\n<meta name=\"twitter:card\" content=\"summary_large_image\" \/>\n<meta name=\"twitter:label1\" content=\"Escrito por\" \/>\n\t<meta name=\"twitter:data1\" content=\"assessoriadefamosos\" \/>\n\t<meta name=\"twitter:label2\" content=\"Est. tempo de leitura\" \/>\n\t<meta name=\"twitter:data2\" content=\"1 minuto\" \/>\n<script type=\"application\/ld+json\" class=\"yoast-schema-graph\">{\"@context\":\"https:\/\/schema.org\",\"@graph\":[{\"@type\":\"Article\",\"@id\":\"https:\/\/portaldoestado.com.br\/index.php\/2026\/01\/25\/simone-mendes-emociona-sao-paulo-com-tributo-a-marilia-mendonca\/#article\",\"isPartOf\":{\"@id\":\"https:\/\/portaldoestado.com.br\/index.php\/2026\/01\/25\/simone-mendes-emociona-sao-paulo-com-tributo-a-marilia-mendonca\/\"},\"author\":{\"name\":\"assessoriadefamosos\",\"@id\":\"https:\/\/portaldoestado.com.br\/#\/schema\/person\/5ca0174f3c8c84b59da62ea14b698cb9\"},\"headline\":\"Simone Mendes emociona S\u00e3o Paulo com tributo a Mar\u00edlia Mendon\u00e7a\",\"datePublished\":\"2026-01-25T14:53:47+00:00\",\"mainEntityOfPage\":{\"@id\":\"https:\/\/portaldoestado.com.br\/index.php\/2026\/01\/25\/simone-mendes-emociona-sao-paulo-com-tributo-a-marilia-mendonca\/\"},\"wordCount\":172,\"publisher\":{\"@id\":\"https:\/\/portaldoestado.com.br\/#organization\"},\"image\":{\"@id\":\"https:\/\/portaldoestado.com.br\/index.php\/2026\/01\/25\/simone-mendes-emociona-sao-paulo-com-tributo-a-marilia-mendonca\/#primaryimage\"},\"thumbnailUrl\":\"https:\/\/portaldoestado.com.br\/wp-content\/uploads\/2026\/01\/WhatsApp-Image-2026-01-24-at-23.56.35.jpeg\",\"articleSection\":[\"Famosos\"],\"inLanguage\":\"pt-BR\"},{\"@type\":\"WebPage\",\"@id\":\"https:\/\/portaldoestado.com.br\/index.php\/2026\/01\/25\/simone-mendes-emociona-sao-paulo-com-tributo-a-marilia-mendonca\/\",\"url\":\"https:\/\/portaldoestado.com.br\/index.php\/2026\/01\/25\/simone-mendes-emociona-sao-paulo-com-tributo-a-marilia-mendonca\/\",\"name\":\"Simone Mendes emociona S\u00e3o Paulo com tributo a Mar\u00edlia Mendon\u00e7a - Portal do Estado\",\"isPartOf\":{\"@id\":\"https:\/\/portaldoestado.com.br\/#website\"},\"primaryImageOfPage\":{\"@id\":\"https:\/\/portaldoestado.com.br\/index.php\/2026\/01\/25\/simone-mendes-emociona-sao-paulo-com-tributo-a-marilia-mendonca\/#primaryimage\"},\"image\":{\"@id\":\"https:\/\/portaldoestado.com.br\/index.php\/2026\/01\/25\/simone-mendes-emociona-sao-paulo-com-tributo-a-marilia-mendonca\/#primaryimage\"},\"thumbnailUrl\":\"https:\/\/portaldoestado.com.br\/wp-content\/uploads\/2026\/01\/WhatsApp-Image-2026-01-24-at-23.56.35.jpeg\",\"datePublished\":\"2026-01-25T14:53:47+00:00\",\"breadcrumb\":{\"@id\":\"https:\/\/portaldoestado.com.br\/index.php\/2026\/01\/25\/simone-mendes-emociona-sao-paulo-com-tributo-a-marilia-mendonca\/#breadcrumb\"},\"inLanguage\":\"pt-BR\",\"potentialAction\":[{\"@type\":\"ReadAction\",\"target\":[\"https:\/\/portaldoestado.com.br\/index.php\/2026\/01\/25\/simone-mendes-emociona-sao-paulo-com-tributo-a-marilia-mendonca\/\"]}]},{\"@type\":\"ImageObject\",\"inLanguage\":\"pt-BR\",\"@id\":\"https:\/\/portaldoestado.com.br\/index.php\/2026\/01\/25\/simone-mendes-emociona-sao-paulo-com-tributo-a-marilia-mendonca\/#primaryimage\",\"url\":\"https:\/\/portaldoestado.com.br\/wp-content\/uploads\/2026\/01\/WhatsApp-Image-2026-01-24-at-23.56.35.jpeg\",\"contentUrl\":\"https:\/\/portaldoestado.com.br\/wp-content\/uploads\/2026\/01\/WhatsApp-Image-2026-01-24-at-23.56.35.jpeg\",\"width\":1200,\"height\":900},{\"@type\":\"BreadcrumbList\",\"@id\":\"https:\/\/portaldoestado.com.br\/index.php\/2026\/01\/25\/simone-mendes-emociona-sao-paulo-com-tributo-a-marilia-mendonca\/#breadcrumb\",\"itemListElement\":[{\"@type\":\"ListItem\",\"position\":1,\"name\":\"In\u00edcio\",\"item\":\"https:\/\/portaldoestado.com.br\/\"},{\"@type\":\"ListItem\",\"position\":2,\"name\":\"Simone Mendes emociona S\u00e3o Paulo com tributo a Mar\u00edlia Mendon\u00e7a\"}]},{\"@type\":\"WebSite\",\"@id\":\"https:\/\/portaldoestado.com.br\/#website\",\"url\":\"https:\/\/portaldoestado.com.br\/\",\"name\":\"Portal do Estado\",\"description\":\"\",\"publisher\":{\"@id\":\"https:\/\/portaldoestado.com.br\/#organization\"},\"potentialAction\":[{\"@type\":\"SearchAction\",\"target\":{\"@type\":\"EntryPoint\",\"urlTemplate\":\"https:\/\/portaldoestado.com.br\/?s={search_term_string}\"},\"query-input\":{\"@type\":\"PropertyValueSpecification\",\"valueRequired\":true,\"valueName\":\"search_term_string\"}}],\"inLanguage\":\"pt-BR\"},{\"@type\":\"Organization\",\"@id\":\"https:\/\/portaldoestado.com.br\/#organization\",\"name\":\"Portal do Estado\",\"url\":\"https:\/\/portaldoestado.com.br\/\",\"logo\":{\"@type\":\"ImageObject\",\"inLanguage\":\"pt-BR\",\"@id\":\"https:\/\/portaldoestado.com.br\/#\/schema\/logo\/image\/\",\"url\":\"https:\/\/portaldoestado.com.br\/wp-content\/uploads\/2025\/04\/cropped-6f69b19a-6472-43bf-b1b3-e1910bbbd4e8.png\",\"contentUrl\":\"https:\/\/portaldoestado.com.br\/wp-content\/uploads\/2025\/04\/cropped-6f69b19a-6472-43bf-b1b3-e1910bbbd4e8.png\",\"width\":1024,\"height\":350,\"caption\":\"Portal do Estado\"},\"image\":{\"@id\":\"https:\/\/portaldoestado.com.br\/#\/schema\/logo\/image\/\"}},{\"@type\":\"Person\",\"@id\":\"https:\/\/portaldoestado.com.br\/#\/schema\/person\/5ca0174f3c8c84b59da62ea14b698cb9\",\"name\":\"assessoriadefamosos\",\"image\":{\"@type\":\"ImageObject\",\"inLanguage\":\"pt-BR\",\"@id\":\"https:\/\/portaldoestado.com.br\/#\/schema\/person\/image\/\",\"url\":\"https:\/\/secure.gravatar.com\/avatar\/a7acbdffcfbbae7240e59f47fe511ec5f5d8c252c779f0b8d9ab02a9e1d8c5ed?s=96&d=mm&r=g\",\"contentUrl\":\"https:\/\/secure.gravatar.com\/avatar\/a7acbdffcfbbae7240e59f47fe511ec5f5d8c252c779f0b8d9ab02a9e1d8c5ed?s=96&d=mm&r=g\",\"caption\":\"assessoriadefamosos\"},\"url\":\"https:\/\/portaldoestado.com.br\/index.php\/author\/assessoriadefamosos\/\"}]}<\/script>\n<!-- \/ Yoast SEO plugin. -->","yoast_head_json":{"title":"Simone Mendes emociona S\u00e3o Paulo com tributo a Mar\u00edlia Mendon\u00e7a - Portal do Estado","robots":{"index":"index","follow":"follow","max-snippet":"max-snippet:-1","max-image-preview":"max-image-preview:large","max-video-preview":"max-video-preview:-1"},"canonical":"https:\/\/portaldoestado.com.br\/index.php\/2026\/01\/25\/simone-mendes-emociona-sao-paulo-com-tributo-a-marilia-mendonca\/","og_locale":"pt_BR","og_type":"article","og_title":"Simone Mendes emociona S\u00e3o Paulo com tributo a Mar\u00edlia Mendon\u00e7a - Portal do Estado","og_description":"Na estreia de seu novo show \u201cIntimidade\u201d, neste s\u00e1bado (24\/1), Simone Mendes emocionou o p\u00fablico do Espa\u00e7o Unimed, em S\u00e3o Paulo, ao prestar homenagem a Mar\u00edlia Mendon\u00e7a. A cantora interpretou \u201cDe quem \u00e9 a culpa?\u201d, cl\u00e1ssico da eterna Rainha da Sofr\u00eancia, arrancando aplausos e l\u00e1grimas da plateia. Poucos dias ap\u00f3s gravar o projeto audiovisual \u201cO \u2026","og_url":"https:\/\/portaldoestado.com.br\/index.php\/2026\/01\/25\/simone-mendes-emociona-sao-paulo-com-tributo-a-marilia-mendonca\/","og_site_name":"Portal do Estado","article_published_time":"2026-01-25T14:53:47+00:00","og_image":[{"width":1200,"height":900,"url":"https:\/\/portaldoestado.com.br\/wp-content\/uploads\/2026\/01\/WhatsApp-Image-2026-01-24-at-23.56.35.jpeg","type":"image\/jpeg"}],"author":"assessoriadefamosos","twitter_card":"summary_large_image","twitter_misc":{"Escrito por":"assessoriadefamosos","Est. tempo de leitura":"1 minuto"},"schema":{"@context":"https:\/\/schema.org","@graph":[{"@type":"Article","@id":"https:\/\/portaldoestado.com.br\/index.php\/2026\/01\/25\/simone-mendes-emociona-sao-paulo-com-tributo-a-marilia-mendonca\/#article","isPartOf":{"@id":"https:\/\/portaldoestado.com.br\/index.php\/2026\/01\/25\/simone-mendes-emociona-sao-paulo-com-tributo-a-marilia-mendonca\/"},"author":{"name":"assessoriadefamosos","@id":"https:\/\/portaldoestado.com.br\/#\/schema\/person\/5ca0174f3c8c84b59da62ea14b698cb9"},"headline":"Simone Mendes emociona S\u00e3o Paulo com tributo a Mar\u00edlia Mendon\u00e7a","datePublished":"2026-01-25T14:53:47+00:00","mainEntityOfPage":{"@id":"https:\/\/portaldoestado.com.br\/index.php\/2026\/01\/25\/simone-mendes-emociona-sao-paulo-com-tributo-a-marilia-mendonca\/"},"wordCount":172,"publisher":{"@id":"https:\/\/portaldoestado.com.br\/#organization"},"image":{"@id":"https:\/\/portaldoestado.com.br\/index.php\/2026\/01\/25\/simone-mendes-emociona-sao-paulo-com-tributo-a-marilia-mendonca\/#primaryimage"},"thumbnailUrl":"https:\/\/portaldoestado.com.br\/wp-content\/uploads\/2026\/01\/WhatsApp-Image-2026-01-24-at-23.56.35.jpeg","articleSection":["Famosos"],"inLanguage":"pt-BR"},{"@type":"WebPage","@id":"https:\/\/portaldoestado.com.br\/index.php\/2026\/01\/25\/simone-mendes-emociona-sao-paulo-com-tributo-a-marilia-mendonca\/","url":"https:\/\/portaldoestado.com.br\/index.php\/2026\/01\/25\/simone-mendes-emociona-sao-paulo-com-tributo-a-marilia-mendonca\/","name":"Simone Mendes emociona S\u00e3o Paulo com tributo a Mar\u00edlia Mendon\u00e7a - Portal do Estado","isPartOf":{"@id":"https:\/\/portaldoestado.com.br\/#website"},"primaryImageOfPage":{"@id":"https:\/\/portaldoestado.com.br\/index.php\/2026\/01\/25\/simone-mendes-emociona-sao-paulo-com-tributo-a-marilia-mendonca\/#primaryimage"},"image":{"@id":"https:\/\/portaldoestado.com.br\/index.php\/2026\/01\/25\/simone-mendes-emociona-sao-paulo-com-tributo-a-marilia-mendonca\/#primaryimage"},"thumbnailUrl":"https:\/\/portaldoestado.com.br\/wp-content\/uploads\/2026\/01\/WhatsApp-Image-2026-01-24-at-23.56.35.jpeg","datePublished":"2026-01-25T14:53:47+00:00","breadcrumb":{"@id":"https:\/\/portaldoestado.com.br\/index.php\/2026\/01\/25\/simone-mendes-emociona-sao-paulo-com-tributo-a-marilia-mendonca\/#breadcrumb"},"inLanguage":"pt-BR","potentialAction":[{"@type":"ReadAction","target":["https:\/\/portaldoestado.com.br\/index.php\/2026\/01\/25\/simone-mendes-emociona-sao-paulo-com-tributo-a-marilia-mendonca\/"]}]},{"@type":"ImageObject","inLanguage":"pt-BR","@id":"https:\/\/portaldoestado.com.br\/index.php\/2026\/01\/25\/simone-mendes-emociona-sao-paulo-com-tributo-a-marilia-mendonca\/#primaryimage","url":"https:\/\/portaldoestado.com.br\/wp-content\/uploads\/2026\/01\/WhatsApp-Image-2026-01-24-at-23.56.35.jpeg","contentUrl":"https:\/\/portaldoestado.com.br\/wp-content\/uploads\/2026\/01\/WhatsApp-Image-2026-01-24-at-23.56.35.jpeg","width":1200,"height":900},{"@type":"BreadcrumbList","@id":"https:\/\/portaldoestado.com.br\/index.php\/2026\/01\/25\/simone-mendes-emociona-sao-paulo-com-tributo-a-marilia-mendonca\/#breadcrumb","itemListElement":[{"@type":"ListItem","position":1,"name":"In\u00edcio","item":"https:\/\/portaldoestado.com.br\/"},{"@type":"ListItem","position":2,"name":"Simone Mendes emociona S\u00e3o Paulo com tributo a Mar\u00edlia Mendon\u00e7a"}]},{"@type":"WebSite","@id":"https:\/\/portaldoestado.com.br\/#website","url":"https:\/\/portaldoestado.com.br\/","name":"Portal do Estado","description":"","publisher":{"@id":"https:\/\/portaldoestado.com.br\/#organization"},"potentialAction":[{"@type":"SearchAction","target":{"@type":"EntryPoint","urlTemplate":"https:\/\/portaldoestado.com.br\/?s={search_term_string}"},"query-input":{"@type":"PropertyValueSpecification","valueRequired":true,"valueName":"search_term_string"}}],"inLanguage":"pt-BR"},{"@type":"Organization","@id":"https:\/\/portaldoestado.com.br\/#organization","name":"Portal do Estado","url":"https:\/\/portaldoestado.com.br\/","logo":{"@type":"ImageObject","inLanguage":"pt-BR","@id":"https:\/\/portaldoestado.com.br\/#\/schema\/logo\/image\/","url":"https:\/\/portaldoestado.com.br\/wp-content\/uploads\/2025\/04\/cropped-6f69b19a-6472-43bf-b1b3-e1910bbbd4e8.png","contentUrl":"https:\/\/portaldoestado.com.br\/wp-content\/uploads\/2025\/04\/cropped-6f69b19a-6472-43bf-b1b3-e1910bbbd4e8.png","width":1024,"height":350,"caption":"Portal do Estado"},"image":{"@id":"https:\/\/portaldoestado.com.br\/#\/schema\/logo\/image\/"}},{"@type":"Person","@id":"https:\/\/portaldoestado.com.br\/#\/schema\/person\/5ca0174f3c8c84b59da62ea14b698cb9","name":"assessoriadefamosos","image":{"@type":"ImageObject","inLanguage":"pt-BR","@id":"https:\/\/portaldoestado.com.br\/#\/schema\/person\/image\/","url":"https:\/\/secure.gravatar.com\/avatar\/a7acbdffcfbbae7240e59f47fe511ec5f5d8c252c779f0b8d9ab02a9e1d8c5ed?s=96&d=mm&r=g","contentUrl":"https:\/\/secure.gravatar.com\/avatar\/a7acbdffcfbbae7240e59f47fe511ec5f5d8c252c779f0b8d9ab02a9e1d8c5ed?s=96&d=mm&r=g","caption":"assessoriadefamosos"},"url":"https:\/\/portaldoestado.com.br\/index.php\/author\/assessoriadefamosos\/"}]}},"jetpack_featured_media_url":"https:\/\/portaldoestado.com.br\/wp-content\/uploads\/2026\/01\/WhatsApp-Image-2026-01-24-at-23.56.35.jpeg","_links":{"self":[{"href":"https:\/\/portaldoestado.com.br\/index.php\/wp-json\/wp\/v2\/posts\/6115","targetHints":{"allow":["GET"]}}],"collection":[{"href":"https:\/\/portaldoestado.com.br\/index.php\/wp-json\/wp\/v2\/posts"}],"about":[{"href":"https:\/\/portaldoestado.com.br\/index.php\/wp-json\/wp\/v2\/types\/post"}],"author":[{"embeddable":true,"href":"https:\/\/portaldoestado.com.br\/index.php\/wp-json\/wp\/v2\/users\/2"}],"replies":[{"embeddable":true,"href":"https:\/\/portaldoestado.com.br\/index.php\/wp-json\/wp\/v2\/comments?post=6115"}],"version-history":[{"count":1,"href":"https:\/\/portaldoestado.com.br\/index.php\/wp-json\/wp\/v2\/posts\/6115\/revisions"}],"predecessor-version":[{"id":6116,"href":"https:\/\/portaldoestado.com.br\/index.php\/wp-json\/wp\/v2\/posts\/6115\/revisions\/6116"}],"wp:featuredmedia":[{"embeddable":true,"href":"https:\/\/portaldoestado.com.br\/index.php\/wp-json\/wp\/v2\/media\/6114"}],"wp:attachment":[{"href":"https:\/\/portaldoestado.com.br\/index.php\/wp-json\/wp\/v2\/media?parent=6115"}],"wp:term":[{"taxonomy":"category","embeddable":true,"href":"https:\/\/portaldoestado.com.br\/index.php\/wp-json\/wp\/v2\/categories?post=6115"},{"taxonomy":"post_tag","embeddable":true,"href":"https:\/\/portaldoestado.com.br\/index.php\/wp-json\/wp\/v2\/tags?post=6115"}],"curies":[{"name":"wp","href":"https:\/\/api.w.org\/{rel}","templated":true}]}}