{"id":6112,"date":"2026-01-25T14:49:32","date_gmt":"2026-01-25T14:49:32","guid":{"rendered":"https:\/\/portaldoestado.com.br\/?p=6112"},"modified":"2026-01-25T14:49:32","modified_gmt":"2026-01-25T14:49:32","slug":"monica-carvalho-comeca-producao-do-longa-45-dias-sobre-roger-chedid","status":"publish","type":"post","link":"https:\/\/portaldoestado.com.br\/index.php\/2026\/01\/25\/monica-carvalho-comeca-producao-do-longa-45-dias-sobre-roger-chedid\/","title":{"rendered":"M\u00f4nica Carvalho come\u00e7a produ\u00e7\u00e3o do longa \u201c45 Dias\u201d sobre Roger Chedid"},"content":{"rendered":"\n<p>M\u00f4nica Carvalho, atriz e roteirista com longa trajet\u00f3ria em novelas e cinema, inicia a produ\u00e7\u00e3o do longa-metragem <strong>\u201c45 Dias\u201d<\/strong>, dirigido por Walther Neto. Al\u00e9m de atuar, M\u00f4nica assina a coprodu\u00e7\u00e3o ao lado da WN Produ\u00e7\u00f5es, Yva Filmes, Marc Films e PR9, com in\u00edcio das filmagens previsto para abril.<\/p>\n\n\n\n<p>O filme \u00e9 baseado na hist\u00f3ria real de <strong>Roger Chedid<\/strong>, multiatleta brasileiro que sobreviveu por 17 anos com o pesco\u00e7o quebrado ap\u00f3s um acidente esportivo. A narrativa acompanha sua carreira, marcada pelo talento em saltos ornamentais e artes marciais, e o desafio extremo que transformou sua vida.<\/p>\n\n\n\n<p>\u201c\u00c9 uma hist\u00f3ria sobre f\u00e9, resist\u00eancia e for\u00e7a humana. \u201845 Dias\u2019 me tocou profundamente, tanto como artista quanto como pessoa\u201d, afirma M\u00f4nica Carvalho.<\/p>\n\n\n\n<p>Ap\u00f3s o acidente, Roger conviveu com dores intensas, limita\u00e7\u00f5es f\u00edsicas e diagn\u00f3sticos equivocados, incluindo esclerose m\u00faltipla, enquanto enfrentava um processo de supera\u00e7\u00e3o sem precedentes. O longa promete explorar essa trajet\u00f3ria de coragem e determina\u00e7\u00e3o, unindo emo\u00e7\u00e3o e reflex\u00e3o.<\/p>\n","protected":false},"excerpt":{"rendered":"<p>M\u00f4nica Carvalho, atriz e roteirista com longa trajet\u00f3ria em novelas e cinema, inicia a produ\u00e7\u00e3o do longa-metragem \u201c45 Dias\u201d, dirigido por Walther Neto. Al\u00e9m de atuar, M\u00f4nica assina a coprodu\u00e7\u00e3o ao lado da WN Produ\u00e7\u00f5es, Yva Filmes, Marc Films e PR9, com in\u00edcio das filmagens previsto para abril. O filme \u00e9 baseado na hist\u00f3ria real \u2026<\/p>\n","protected":false},"author":2,"featured_media":6111,"comment_status":"closed","ping_status":"open","sticky":false,"template":"","format":"standard","meta":{"footnotes":""},"categories":[3],"tags":[],"class_list":["post-6112","post","type-post","status-publish","format-standard","has-post-thumbnail","hentry","category-famosos"],"yoast_head":"<!-- This site is optimized with the Yoast SEO plugin v25.5 - https:\/\/yoast.com\/wordpress\/plugins\/seo\/ -->\n<title>M\u00f4nica Carvalho come\u00e7a produ\u00e7\u00e3o do longa \u201c45 Dias\u201d sobre Roger Chedid - Portal do Estado<\/title>\n<meta name=\"robots\" content=\"index, follow, max-snippet:-1, max-image-preview:large, max-video-preview:-1\" \/>\n<link rel=\"canonical\" href=\"https:\/\/portaldoestado.com.br\/index.php\/2026\/01\/25\/monica-carvalho-comeca-producao-do-longa-45-dias-sobre-roger-chedid\/\" \/>\n<meta property=\"og:locale\" content=\"pt_BR\" \/>\n<meta property=\"og:type\" content=\"article\" \/>\n<meta property=\"og:title\" content=\"M\u00f4nica Carvalho come\u00e7a produ\u00e7\u00e3o do longa \u201c45 Dias\u201d sobre Roger Chedid - Portal do Estado\" \/>\n<meta property=\"og:description\" content=\"M\u00f4nica Carvalho, atriz e roteirista com longa trajet\u00f3ria em novelas e cinema, inicia a produ\u00e7\u00e3o do longa-metragem \u201c45 Dias\u201d, dirigido por Walther Neto. Al\u00e9m de atuar, M\u00f4nica assina a coprodu\u00e7\u00e3o ao lado da WN Produ\u00e7\u00f5es, Yva Filmes, Marc Films e PR9, com in\u00edcio das filmagens previsto para abril. O filme \u00e9 baseado na hist\u00f3ria real \u2026\" \/>\n<meta property=\"og:url\" content=\"https:\/\/portaldoestado.com.br\/index.php\/2026\/01\/25\/monica-carvalho-comeca-producao-do-longa-45-dias-sobre-roger-chedid\/\" \/>\n<meta property=\"og:site_name\" content=\"Portal do Estado\" \/>\n<meta property=\"article:published_time\" content=\"2026-01-25T14:49:32+00:00\" \/>\n<meta property=\"og:image\" content=\"https:\/\/portaldoestado.com.br\/wp-content\/uploads\/2026\/01\/monica-carvalho.jpg\" \/>\n\t<meta property=\"og:image:width\" content=\"1200\" \/>\n\t<meta property=\"og:image:height\" content=\"900\" \/>\n\t<meta property=\"og:image:type\" content=\"image\/jpeg\" \/>\n<meta name=\"author\" content=\"assessoriadefamosos\" \/>\n<meta name=\"twitter:card\" content=\"summary_large_image\" \/>\n<meta name=\"twitter:label1\" content=\"Escrito por\" \/>\n\t<meta name=\"twitter:data1\" content=\"assessoriadefamosos\" \/>\n\t<meta name=\"twitter:label2\" content=\"Est. tempo de leitura\" \/>\n\t<meta name=\"twitter:data2\" content=\"1 minuto\" \/>\n<script type=\"application\/ld+json\" class=\"yoast-schema-graph\">{\"@context\":\"https:\/\/schema.org\",\"@graph\":[{\"@type\":\"Article\",\"@id\":\"https:\/\/portaldoestado.com.br\/index.php\/2026\/01\/25\/monica-carvalho-comeca-producao-do-longa-45-dias-sobre-roger-chedid\/#article\",\"isPartOf\":{\"@id\":\"https:\/\/portaldoestado.com.br\/index.php\/2026\/01\/25\/monica-carvalho-comeca-producao-do-longa-45-dias-sobre-roger-chedid\/\"},\"author\":{\"name\":\"assessoriadefamosos\",\"@id\":\"https:\/\/portaldoestado.com.br\/#\/schema\/person\/5ca0174f3c8c84b59da62ea14b698cb9\"},\"headline\":\"M\u00f4nica Carvalho come\u00e7a produ\u00e7\u00e3o do longa \u201c45 Dias\u201d sobre Roger Chedid\",\"datePublished\":\"2026-01-25T14:49:32+00:00\",\"mainEntityOfPage\":{\"@id\":\"https:\/\/portaldoestado.com.br\/index.php\/2026\/01\/25\/monica-carvalho-comeca-producao-do-longa-45-dias-sobre-roger-chedid\/\"},\"wordCount\":189,\"publisher\":{\"@id\":\"https:\/\/portaldoestado.com.br\/#organization\"},\"image\":{\"@id\":\"https:\/\/portaldoestado.com.br\/index.php\/2026\/01\/25\/monica-carvalho-comeca-producao-do-longa-45-dias-sobre-roger-chedid\/#primaryimage\"},\"thumbnailUrl\":\"https:\/\/portaldoestado.com.br\/wp-content\/uploads\/2026\/01\/monica-carvalho.jpg\",\"articleSection\":[\"Famosos\"],\"inLanguage\":\"pt-BR\"},{\"@type\":\"WebPage\",\"@id\":\"https:\/\/portaldoestado.com.br\/index.php\/2026\/01\/25\/monica-carvalho-comeca-producao-do-longa-45-dias-sobre-roger-chedid\/\",\"url\":\"https:\/\/portaldoestado.com.br\/index.php\/2026\/01\/25\/monica-carvalho-comeca-producao-do-longa-45-dias-sobre-roger-chedid\/\",\"name\":\"M\u00f4nica Carvalho come\u00e7a produ\u00e7\u00e3o do longa \u201c45 Dias\u201d sobre Roger Chedid - Portal do Estado\",\"isPartOf\":{\"@id\":\"https:\/\/portaldoestado.com.br\/#website\"},\"primaryImageOfPage\":{\"@id\":\"https:\/\/portaldoestado.com.br\/index.php\/2026\/01\/25\/monica-carvalho-comeca-producao-do-longa-45-dias-sobre-roger-chedid\/#primaryimage\"},\"image\":{\"@id\":\"https:\/\/portaldoestado.com.br\/index.php\/2026\/01\/25\/monica-carvalho-comeca-producao-do-longa-45-dias-sobre-roger-chedid\/#primaryimage\"},\"thumbnailUrl\":\"https:\/\/portaldoestado.com.br\/wp-content\/uploads\/2026\/01\/monica-carvalho.jpg\",\"datePublished\":\"2026-01-25T14:49:32+00:00\",\"breadcrumb\":{\"@id\":\"https:\/\/portaldoestado.com.br\/index.php\/2026\/01\/25\/monica-carvalho-comeca-producao-do-longa-45-dias-sobre-roger-chedid\/#breadcrumb\"},\"inLanguage\":\"pt-BR\",\"potentialAction\":[{\"@type\":\"ReadAction\",\"target\":[\"https:\/\/portaldoestado.com.br\/index.php\/2026\/01\/25\/monica-carvalho-comeca-producao-do-longa-45-dias-sobre-roger-chedid\/\"]}]},{\"@type\":\"ImageObject\",\"inLanguage\":\"pt-BR\",\"@id\":\"https:\/\/portaldoestado.com.br\/index.php\/2026\/01\/25\/monica-carvalho-comeca-producao-do-longa-45-dias-sobre-roger-chedid\/#primaryimage\",\"url\":\"https:\/\/portaldoestado.com.br\/wp-content\/uploads\/2026\/01\/monica-carvalho.jpg\",\"contentUrl\":\"https:\/\/portaldoestado.com.br\/wp-content\/uploads\/2026\/01\/monica-carvalho.jpg\",\"width\":1200,\"height\":900},{\"@type\":\"BreadcrumbList\",\"@id\":\"https:\/\/portaldoestado.com.br\/index.php\/2026\/01\/25\/monica-carvalho-comeca-producao-do-longa-45-dias-sobre-roger-chedid\/#breadcrumb\",\"itemListElement\":[{\"@type\":\"ListItem\",\"position\":1,\"name\":\"In\u00edcio\",\"item\":\"https:\/\/portaldoestado.com.br\/\"},{\"@type\":\"ListItem\",\"position\":2,\"name\":\"M\u00f4nica Carvalho come\u00e7a produ\u00e7\u00e3o do longa \u201c45 Dias\u201d sobre Roger Chedid\"}]},{\"@type\":\"WebSite\",\"@id\":\"https:\/\/portaldoestado.com.br\/#website\",\"url\":\"https:\/\/portaldoestado.com.br\/\",\"name\":\"Portal do Estado\",\"description\":\"\",\"publisher\":{\"@id\":\"https:\/\/portaldoestado.com.br\/#organization\"},\"potentialAction\":[{\"@type\":\"SearchAction\",\"target\":{\"@type\":\"EntryPoint\",\"urlTemplate\":\"https:\/\/portaldoestado.com.br\/?s={search_term_string}\"},\"query-input\":{\"@type\":\"PropertyValueSpecification\",\"valueRequired\":true,\"valueName\":\"search_term_string\"}}],\"inLanguage\":\"pt-BR\"},{\"@type\":\"Organization\",\"@id\":\"https:\/\/portaldoestado.com.br\/#organization\",\"name\":\"Portal do Estado\",\"url\":\"https:\/\/portaldoestado.com.br\/\",\"logo\":{\"@type\":\"ImageObject\",\"inLanguage\":\"pt-BR\",\"@id\":\"https:\/\/portaldoestado.com.br\/#\/schema\/logo\/image\/\",\"url\":\"https:\/\/portaldoestado.com.br\/wp-content\/uploads\/2025\/04\/cropped-6f69b19a-6472-43bf-b1b3-e1910bbbd4e8.png\",\"contentUrl\":\"https:\/\/portaldoestado.com.br\/wp-content\/uploads\/2025\/04\/cropped-6f69b19a-6472-43bf-b1b3-e1910bbbd4e8.png\",\"width\":1024,\"height\":350,\"caption\":\"Portal do Estado\"},\"image\":{\"@id\":\"https:\/\/portaldoestado.com.br\/#\/schema\/logo\/image\/\"}},{\"@type\":\"Person\",\"@id\":\"https:\/\/portaldoestado.com.br\/#\/schema\/person\/5ca0174f3c8c84b59da62ea14b698cb9\",\"name\":\"assessoriadefamosos\",\"image\":{\"@type\":\"ImageObject\",\"inLanguage\":\"pt-BR\",\"@id\":\"https:\/\/portaldoestado.com.br\/#\/schema\/person\/image\/\",\"url\":\"https:\/\/secure.gravatar.com\/avatar\/a7acbdffcfbbae7240e59f47fe511ec5f5d8c252c779f0b8d9ab02a9e1d8c5ed?s=96&d=mm&r=g\",\"contentUrl\":\"https:\/\/secure.gravatar.com\/avatar\/a7acbdffcfbbae7240e59f47fe511ec5f5d8c252c779f0b8d9ab02a9e1d8c5ed?s=96&d=mm&r=g\",\"caption\":\"assessoriadefamosos\"},\"url\":\"https:\/\/portaldoestado.com.br\/index.php\/author\/assessoriadefamosos\/\"}]}<\/script>\n<!-- \/ Yoast SEO plugin. -->","yoast_head_json":{"title":"M\u00f4nica Carvalho come\u00e7a produ\u00e7\u00e3o do longa \u201c45 Dias\u201d sobre Roger Chedid - Portal do Estado","robots":{"index":"index","follow":"follow","max-snippet":"max-snippet:-1","max-image-preview":"max-image-preview:large","max-video-preview":"max-video-preview:-1"},"canonical":"https:\/\/portaldoestado.com.br\/index.php\/2026\/01\/25\/monica-carvalho-comeca-producao-do-longa-45-dias-sobre-roger-chedid\/","og_locale":"pt_BR","og_type":"article","og_title":"M\u00f4nica Carvalho come\u00e7a produ\u00e7\u00e3o do longa \u201c45 Dias\u201d sobre Roger Chedid - Portal do Estado","og_description":"M\u00f4nica Carvalho, atriz e roteirista com longa trajet\u00f3ria em novelas e cinema, inicia a produ\u00e7\u00e3o do longa-metragem \u201c45 Dias\u201d, dirigido por Walther Neto. Al\u00e9m de atuar, M\u00f4nica assina a coprodu\u00e7\u00e3o ao lado da WN Produ\u00e7\u00f5es, Yva Filmes, Marc Films e PR9, com in\u00edcio das filmagens previsto para abril. O filme \u00e9 baseado na hist\u00f3ria real \u2026","og_url":"https:\/\/portaldoestado.com.br\/index.php\/2026\/01\/25\/monica-carvalho-comeca-producao-do-longa-45-dias-sobre-roger-chedid\/","og_site_name":"Portal do Estado","article_published_time":"2026-01-25T14:49:32+00:00","og_image":[{"width":1200,"height":900,"url":"https:\/\/portaldoestado.com.br\/wp-content\/uploads\/2026\/01\/monica-carvalho.jpg","type":"image\/jpeg"}],"author":"assessoriadefamosos","twitter_card":"summary_large_image","twitter_misc":{"Escrito por":"assessoriadefamosos","Est. tempo de leitura":"1 minuto"},"schema":{"@context":"https:\/\/schema.org","@graph":[{"@type":"Article","@id":"https:\/\/portaldoestado.com.br\/index.php\/2026\/01\/25\/monica-carvalho-comeca-producao-do-longa-45-dias-sobre-roger-chedid\/#article","isPartOf":{"@id":"https:\/\/portaldoestado.com.br\/index.php\/2026\/01\/25\/monica-carvalho-comeca-producao-do-longa-45-dias-sobre-roger-chedid\/"},"author":{"name":"assessoriadefamosos","@id":"https:\/\/portaldoestado.com.br\/#\/schema\/person\/5ca0174f3c8c84b59da62ea14b698cb9"},"headline":"M\u00f4nica Carvalho come\u00e7a produ\u00e7\u00e3o do longa \u201c45 Dias\u201d sobre Roger Chedid","datePublished":"2026-01-25T14:49:32+00:00","mainEntityOfPage":{"@id":"https:\/\/portaldoestado.com.br\/index.php\/2026\/01\/25\/monica-carvalho-comeca-producao-do-longa-45-dias-sobre-roger-chedid\/"},"wordCount":189,"publisher":{"@id":"https:\/\/portaldoestado.com.br\/#organization"},"image":{"@id":"https:\/\/portaldoestado.com.br\/index.php\/2026\/01\/25\/monica-carvalho-comeca-producao-do-longa-45-dias-sobre-roger-chedid\/#primaryimage"},"thumbnailUrl":"https:\/\/portaldoestado.com.br\/wp-content\/uploads\/2026\/01\/monica-carvalho.jpg","articleSection":["Famosos"],"inLanguage":"pt-BR"},{"@type":"WebPage","@id":"https:\/\/portaldoestado.com.br\/index.php\/2026\/01\/25\/monica-carvalho-comeca-producao-do-longa-45-dias-sobre-roger-chedid\/","url":"https:\/\/portaldoestado.com.br\/index.php\/2026\/01\/25\/monica-carvalho-comeca-producao-do-longa-45-dias-sobre-roger-chedid\/","name":"M\u00f4nica Carvalho come\u00e7a produ\u00e7\u00e3o do longa \u201c45 Dias\u201d sobre Roger Chedid - Portal do Estado","isPartOf":{"@id":"https:\/\/portaldoestado.com.br\/#website"},"primaryImageOfPage":{"@id":"https:\/\/portaldoestado.com.br\/index.php\/2026\/01\/25\/monica-carvalho-comeca-producao-do-longa-45-dias-sobre-roger-chedid\/#primaryimage"},"image":{"@id":"https:\/\/portaldoestado.com.br\/index.php\/2026\/01\/25\/monica-carvalho-comeca-producao-do-longa-45-dias-sobre-roger-chedid\/#primaryimage"},"thumbnailUrl":"https:\/\/portaldoestado.com.br\/wp-content\/uploads\/2026\/01\/monica-carvalho.jpg","datePublished":"2026-01-25T14:49:32+00:00","breadcrumb":{"@id":"https:\/\/portaldoestado.com.br\/index.php\/2026\/01\/25\/monica-carvalho-comeca-producao-do-longa-45-dias-sobre-roger-chedid\/#breadcrumb"},"inLanguage":"pt-BR","potentialAction":[{"@type":"ReadAction","target":["https:\/\/portaldoestado.com.br\/index.php\/2026\/01\/25\/monica-carvalho-comeca-producao-do-longa-45-dias-sobre-roger-chedid\/"]}]},{"@type":"ImageObject","inLanguage":"pt-BR","@id":"https:\/\/portaldoestado.com.br\/index.php\/2026\/01\/25\/monica-carvalho-comeca-producao-do-longa-45-dias-sobre-roger-chedid\/#primaryimage","url":"https:\/\/portaldoestado.com.br\/wp-content\/uploads\/2026\/01\/monica-carvalho.jpg","contentUrl":"https:\/\/portaldoestado.com.br\/wp-content\/uploads\/2026\/01\/monica-carvalho.jpg","width":1200,"height":900},{"@type":"BreadcrumbList","@id":"https:\/\/portaldoestado.com.br\/index.php\/2026\/01\/25\/monica-carvalho-comeca-producao-do-longa-45-dias-sobre-roger-chedid\/#breadcrumb","itemListElement":[{"@type":"ListItem","position":1,"name":"In\u00edcio","item":"https:\/\/portaldoestado.com.br\/"},{"@type":"ListItem","position":2,"name":"M\u00f4nica Carvalho come\u00e7a produ\u00e7\u00e3o do longa \u201c45 Dias\u201d sobre Roger Chedid"}]},{"@type":"WebSite","@id":"https:\/\/portaldoestado.com.br\/#website","url":"https:\/\/portaldoestado.com.br\/","name":"Portal do Estado","description":"","publisher":{"@id":"https:\/\/portaldoestado.com.br\/#organization"},"potentialAction":[{"@type":"SearchAction","target":{"@type":"EntryPoint","urlTemplate":"https:\/\/portaldoestado.com.br\/?s={search_term_string}"},"query-input":{"@type":"PropertyValueSpecification","valueRequired":true,"valueName":"search_term_string"}}],"inLanguage":"pt-BR"},{"@type":"Organization","@id":"https:\/\/portaldoestado.com.br\/#organization","name":"Portal do Estado","url":"https:\/\/portaldoestado.com.br\/","logo":{"@type":"ImageObject","inLanguage":"pt-BR","@id":"https:\/\/portaldoestado.com.br\/#\/schema\/logo\/image\/","url":"https:\/\/portaldoestado.com.br\/wp-content\/uploads\/2025\/04\/cropped-6f69b19a-6472-43bf-b1b3-e1910bbbd4e8.png","contentUrl":"https:\/\/portaldoestado.com.br\/wp-content\/uploads\/2025\/04\/cropped-6f69b19a-6472-43bf-b1b3-e1910bbbd4e8.png","width":1024,"height":350,"caption":"Portal do Estado"},"image":{"@id":"https:\/\/portaldoestado.com.br\/#\/schema\/logo\/image\/"}},{"@type":"Person","@id":"https:\/\/portaldoestado.com.br\/#\/schema\/person\/5ca0174f3c8c84b59da62ea14b698cb9","name":"assessoriadefamosos","image":{"@type":"ImageObject","inLanguage":"pt-BR","@id":"https:\/\/portaldoestado.com.br\/#\/schema\/person\/image\/","url":"https:\/\/secure.gravatar.com\/avatar\/a7acbdffcfbbae7240e59f47fe511ec5f5d8c252c779f0b8d9ab02a9e1d8c5ed?s=96&d=mm&r=g","contentUrl":"https:\/\/secure.gravatar.com\/avatar\/a7acbdffcfbbae7240e59f47fe511ec5f5d8c252c779f0b8d9ab02a9e1d8c5ed?s=96&d=mm&r=g","caption":"assessoriadefamosos"},"url":"https:\/\/portaldoestado.com.br\/index.php\/author\/assessoriadefamosos\/"}]}},"jetpack_featured_media_url":"https:\/\/portaldoestado.com.br\/wp-content\/uploads\/2026\/01\/monica-carvalho.jpg","_links":{"self":[{"href":"https:\/\/portaldoestado.com.br\/index.php\/wp-json\/wp\/v2\/posts\/6112","targetHints":{"allow":["GET"]}}],"collection":[{"href":"https:\/\/portaldoestado.com.br\/index.php\/wp-json\/wp\/v2\/posts"}],"about":[{"href":"https:\/\/portaldoestado.com.br\/index.php\/wp-json\/wp\/v2\/types\/post"}],"author":[{"embeddable":true,"href":"https:\/\/portaldoestado.com.br\/index.php\/wp-json\/wp\/v2\/users\/2"}],"replies":[{"embeddable":true,"href":"https:\/\/portaldoestado.com.br\/index.php\/wp-json\/wp\/v2\/comments?post=6112"}],"version-history":[{"count":1,"href":"https:\/\/portaldoestado.com.br\/index.php\/wp-json\/wp\/v2\/posts\/6112\/revisions"}],"predecessor-version":[{"id":6113,"href":"https:\/\/portaldoestado.com.br\/index.php\/wp-json\/wp\/v2\/posts\/6112\/revisions\/6113"}],"wp:featuredmedia":[{"embeddable":true,"href":"https:\/\/portaldoestado.com.br\/index.php\/wp-json\/wp\/v2\/media\/6111"}],"wp:attachment":[{"href":"https:\/\/portaldoestado.com.br\/index.php\/wp-json\/wp\/v2\/media?parent=6112"}],"wp:term":[{"taxonomy":"category","embeddable":true,"href":"https:\/\/portaldoestado.com.br\/index.php\/wp-json\/wp\/v2\/categories?post=6112"},{"taxonomy":"post_tag","embeddable":true,"href":"https:\/\/portaldoestado.com.br\/index.php\/wp-json\/wp\/v2\/tags?post=6112"}],"curies":[{"name":"wp","href":"https:\/\/api.w.org\/{rel}","templated":true}]}}