{"id":6088,"date":"2026-01-25T01:12:58","date_gmt":"2026-01-25T01:12:58","guid":{"rendered":"https:\/\/portaldoestado.com.br\/?p=6088"},"modified":"2026-01-25T01:12:58","modified_gmt":"2026-01-25T01:12:58","slug":"8-coisas-que-quem-vive-em-maua-entende-e-comenta-no-dia-a-dia","status":"publish","type":"post","link":"https:\/\/portaldoestado.com.br\/index.php\/2026\/01\/25\/8-coisas-que-quem-vive-em-maua-entende-e-comenta-no-dia-a-dia\/","title":{"rendered":"8 coisas que quem vive em Mau\u00e1 entende e comenta no dia a dia"},"content":{"rendered":"\n<p>Sabe quando uma cidade \u00e9 colada em tudo, mas ainda assim tem uma identidade bem dela? Mau\u00e1 tem essa cara. Ela est\u00e1 ali no cora\u00e7\u00e3o do ABC, perto de muita coisa, mas quem mora sabe que a rotina tem particularidades que s\u00f3 quem vive entende.<\/p>\n\n\n\n<p>E n\u00e3o \u00e9 s\u00f3 sobre tr\u00e2nsito ou dist\u00e2ncia. \u00c9 o jeito como o bairro funciona, como as not\u00edcias locais impactam r\u00e1pido e como as mudan\u00e7as aparecem primeiro na vida real, antes de virarem conversa maior. Tem dia que voc\u00ea sente a cidade pulsando forte, e tem dia que parece que tudo est\u00e1 no mesmo ritmo de sempre, s\u00f3 que com um detalhe novo.<\/p>\n\n\n\n<p>Eu gosto de acompanhar esse tipo de movimento porque ele ajuda a entender melhor o lugar onde a gente vive. E para n\u00e3o ficar s\u00f3 no achismo, eu costumo olhar fontes locais como o <a href=\"https:\/\/portalmauaeregiao.com.br\/\">Portal Mau\u00e1 e Regi\u00e3o<\/a>, que trazem o que est\u00e1 acontecendo por a\u00ed de um jeito mais direto.<\/p>\n\n\n\n<h2 class=\"wp-block-heading\">A rotina gira muito em torno dos bairros<\/h2>\n\n\n\n<p>Mau\u00e1 \u00e9 daquelas cidades em que o bairro tem peso. Voc\u00ea resolve muita coisa perto de casa.<\/p>\n\n\n\n<p>Padaria, mercado, farm\u00e1cia, escola, o ponto do \u00f4nibus, o com\u00e9rcio mais tradicional. E isso cria uma sensa\u00e7\u00e3o de \u201cmapa mental\u201d bem forte. Voc\u00ea aprende r\u00e1pido onde tudo acontece.<\/p>\n\n\n\n<h2 class=\"wp-block-heading\">Tr\u00e2nsito e mobilidade viram assunto constante<\/h2>\n\n\n\n<p>Quem mora em cidade da regi\u00e3o metropolitana sabe como isso pesa. \u00c0s vezes o dia depende de um detalhe.<\/p>\n\n\n\n<p>Uma via travada, uma obra, um acidente, uma mudan\u00e7a de itiner\u00e1rio. E quando a cidade est\u00e1 com algum ajuste em andamento, parece que todo mundo fica atento ao caminho.<\/p>\n\n\n\n<h2 class=\"wp-block-heading\">A cidade muda de clima quando tem evento grande ou opera\u00e7\u00e3o<\/h2>\n\n\n\n<p>Tem \u00e9poca em que voc\u00ea sente a cidade mais agitada. Pode ser por evento, por fiscaliza\u00e7\u00e3o, por a\u00e7\u00e3o p\u00fablica, por movimenta\u00e7\u00e3o no com\u00e9rcio.<\/p>\n\n\n\n<p>E \u00e9 interessante como isso aparece primeiro na rua. O pessoal comenta, o movimento muda, e s\u00f3 depois vira not\u00edcia maior.<\/p>\n\n\n\n<h2 class=\"wp-block-heading\">Not\u00edcia local resolve problema real<\/h2>\n\n\n\n<p>N\u00e3o \u00e9 s\u00f3 para \u201cficar informado\u201d. \u00c9 para se organizar.<\/p>\n\n\n\n<p>Saber de obra, de interdi\u00e7\u00e3o, de campanha de sa\u00fade, de vacina\u00e7\u00e3o, de servi\u00e7os p\u00fablicos e at\u00e9 de oportunidades. Esse tipo de informa\u00e7\u00e3o ajuda a vida a andar.<\/p>\n\n\n\n<h2 class=\"wp-block-heading\">Mau\u00e1 tem um lado de comunidade que muita gente n\u00e3o imagina<\/h2>\n\n\n\n<p>Mesmo sendo uma cidade movimentada, ainda tem muita coisa com cara de encontro.<\/p>\n\n\n\n<p>Feira, pra\u00e7a, igreja, evento de escola, campeonato de bairro, a\u00e7\u00e3o solid\u00e1ria. E isso cria aquele sentimento de que voc\u00ea n\u00e3o est\u00e1 s\u00f3 vivendo no autom\u00e1tico.<\/p>\n\n\n\n<h2 class=\"wp-block-heading\">O com\u00e9rcio local \u00e9 mais forte do que parece<\/h2>\n\n\n\n<p>Tem gente que acha que precisa ir longe para resolver tudo, mas Mau\u00e1 tem muito servi\u00e7o bom e com\u00e9rcio que segura a rotina.<\/p>\n\n\n\n<p>E quando o com\u00e9rcio local est\u00e1 forte, a cidade fica mais pr\u00e1tica. Voc\u00ea resolve r\u00e1pido, conhece as pessoas, cria rela\u00e7\u00e3o.<\/p>\n\n\n\n<h2 class=\"wp-block-heading\">Seguran\u00e7a e cuidado com rotina entram na conta do dia<\/h2>\n\n\n\n<p>Como em toda cidade grande, tem assuntos que fazem parte do planejamento. Qual caminho \u00e9 melhor, qual hor\u00e1rio \u00e9 mais tranquilo, o que mudou na regi\u00e3o.<\/p>\n\n\n\n<p>E por isso informa\u00e7\u00e3o \u00e9 importante. Saber o que est\u00e1 acontecendo ajuda a tomar decis\u00e3o mais segura no cotidiano.<\/p>\n\n\n\n<h2 class=\"wp-block-heading\">Quem mora aprende a perceber as mudan\u00e7as antes de todo mundo<\/h2>\n\n\n\n<p>\u00c9 curioso isso. Quem vive a cidade percebe quando algo est\u00e1 diferente.<\/p>\n\n\n\n<p>\u00c0s vezes \u00e9 uma obra que come\u00e7ou, um ponto de \u00f4nibus que mudou, um lugar que ficou mais movimentado, um bairro que ganhou novidade. E esses detalhes v\u00e3o formando a sensa\u00e7\u00e3o de que a cidade est\u00e1 em movimento, mesmo quando parece igual.<\/p>\n\n\n\n<p>No fim, Mau\u00e1 \u00e9 esse tipo de cidade que se entende na pr\u00e1tica, no dia a dia, no bairro, no caminho, nas not\u00edcias que realmente mexem com a vida. E quando voc\u00ea acompanha o que est\u00e1 acontecendo por perto, a rotina fica mais organizada e a cidade faz mais sentido.<\/p>\n","protected":false},"excerpt":{"rendered":"<p>Sabe quando uma cidade \u00e9 colada em tudo, mas ainda assim tem uma identidade bem dela? Mau\u00e1 tem essa cara. Ela est\u00e1 ali no cora\u00e7\u00e3o do ABC, perto de muita coisa, mas quem mora sabe que a rotina tem particularidades que s\u00f3 quem vive entende. E n\u00e3o \u00e9 s\u00f3 sobre tr\u00e2nsito ou dist\u00e2ncia. \u00c9 o \u2026<\/p>\n","protected":false},"author":2,"featured_media":6087,"comment_status":"closed","ping_status":"open","sticky":false,"template":"","format":"standard","meta":{"footnotes":""},"categories":[4],"tags":[],"class_list":["post-6088","post","type-post","status-publish","format-standard","has-post-thumbnail","hentry","category-geral"],"yoast_head":"<!-- This site is optimized with the Yoast SEO plugin v25.5 - https:\/\/yoast.com\/wordpress\/plugins\/seo\/ -->\n<title>8 coisas que quem vive em Mau\u00e1 entende e comenta no dia a dia - Portal do Estado<\/title>\n<meta name=\"robots\" content=\"index, follow, max-snippet:-1, max-image-preview:large, max-video-preview:-1\" \/>\n<link rel=\"canonical\" href=\"https:\/\/portaldoestado.com.br\/index.php\/2026\/01\/25\/8-coisas-que-quem-vive-em-maua-entende-e-comenta-no-dia-a-dia\/\" \/>\n<meta property=\"og:locale\" content=\"pt_BR\" \/>\n<meta property=\"og:type\" content=\"article\" \/>\n<meta property=\"og:title\" content=\"8 coisas que quem vive em Mau\u00e1 entende e comenta no dia a dia - Portal do Estado\" \/>\n<meta property=\"og:description\" content=\"Sabe quando uma cidade \u00e9 colada em tudo, mas ainda assim tem uma identidade bem dela? Mau\u00e1 tem essa cara. Ela est\u00e1 ali no cora\u00e7\u00e3o do ABC, perto de muita coisa, mas quem mora sabe que a rotina tem particularidades que s\u00f3 quem vive entende. E n\u00e3o \u00e9 s\u00f3 sobre tr\u00e2nsito ou dist\u00e2ncia. \u00c9 o \u2026\" \/>\n<meta property=\"og:url\" content=\"https:\/\/portaldoestado.com.br\/index.php\/2026\/01\/25\/8-coisas-que-quem-vive-em-maua-entende-e-comenta-no-dia-a-dia\/\" \/>\n<meta property=\"og:site_name\" content=\"Portal do Estado\" \/>\n<meta property=\"article:published_time\" content=\"2026-01-25T01:12:58+00:00\" \/>\n<meta property=\"og:image\" content=\"https:\/\/portaldoestado.com.br\/wp-content\/uploads\/2026\/01\/maua.jpg\" \/>\n\t<meta property=\"og:image:width\" content=\"1200\" \/>\n\t<meta property=\"og:image:height\" content=\"800\" \/>\n\t<meta property=\"og:image:type\" content=\"image\/jpeg\" \/>\n<meta name=\"author\" content=\"assessoriadefamosos\" \/>\n<meta name=\"twitter:card\" content=\"summary_large_image\" \/>\n<meta name=\"twitter:label1\" content=\"Escrito por\" \/>\n\t<meta name=\"twitter:data1\" content=\"assessoriadefamosos\" \/>\n\t<meta name=\"twitter:label2\" content=\"Est. tempo de leitura\" \/>\n\t<meta name=\"twitter:data2\" content=\"3 minutos\" \/>\n<script type=\"application\/ld+json\" class=\"yoast-schema-graph\">{\"@context\":\"https:\/\/schema.org\",\"@graph\":[{\"@type\":\"Article\",\"@id\":\"https:\/\/portaldoestado.com.br\/index.php\/2026\/01\/25\/8-coisas-que-quem-vive-em-maua-entende-e-comenta-no-dia-a-dia\/#article\",\"isPartOf\":{\"@id\":\"https:\/\/portaldoestado.com.br\/index.php\/2026\/01\/25\/8-coisas-que-quem-vive-em-maua-entende-e-comenta-no-dia-a-dia\/\"},\"author\":{\"name\":\"assessoriadefamosos\",\"@id\":\"https:\/\/portaldoestado.com.br\/#\/schema\/person\/5ca0174f3c8c84b59da62ea14b698cb9\"},\"headline\":\"8 coisas que quem vive em Mau\u00e1 entende e comenta no dia a dia\",\"datePublished\":\"2026-01-25T01:12:58+00:00\",\"mainEntityOfPage\":{\"@id\":\"https:\/\/portaldoestado.com.br\/index.php\/2026\/01\/25\/8-coisas-que-quem-vive-em-maua-entende-e-comenta-no-dia-a-dia\/\"},\"wordCount\":689,\"publisher\":{\"@id\":\"https:\/\/portaldoestado.com.br\/#organization\"},\"image\":{\"@id\":\"https:\/\/portaldoestado.com.br\/index.php\/2026\/01\/25\/8-coisas-que-quem-vive-em-maua-entende-e-comenta-no-dia-a-dia\/#primaryimage\"},\"thumbnailUrl\":\"https:\/\/portaldoestado.com.br\/wp-content\/uploads\/2026\/01\/maua.jpg\",\"articleSection\":[\"Geral\"],\"inLanguage\":\"pt-BR\"},{\"@type\":\"WebPage\",\"@id\":\"https:\/\/portaldoestado.com.br\/index.php\/2026\/01\/25\/8-coisas-que-quem-vive-em-maua-entende-e-comenta-no-dia-a-dia\/\",\"url\":\"https:\/\/portaldoestado.com.br\/index.php\/2026\/01\/25\/8-coisas-que-quem-vive-em-maua-entende-e-comenta-no-dia-a-dia\/\",\"name\":\"8 coisas que quem vive em Mau\u00e1 entende e comenta no dia a dia - Portal do Estado\",\"isPartOf\":{\"@id\":\"https:\/\/portaldoestado.com.br\/#website\"},\"primaryImageOfPage\":{\"@id\":\"https:\/\/portaldoestado.com.br\/index.php\/2026\/01\/25\/8-coisas-que-quem-vive-em-maua-entende-e-comenta-no-dia-a-dia\/#primaryimage\"},\"image\":{\"@id\":\"https:\/\/portaldoestado.com.br\/index.php\/2026\/01\/25\/8-coisas-que-quem-vive-em-maua-entende-e-comenta-no-dia-a-dia\/#primaryimage\"},\"thumbnailUrl\":\"https:\/\/portaldoestado.com.br\/wp-content\/uploads\/2026\/01\/maua.jpg\",\"datePublished\":\"2026-01-25T01:12:58+00:00\",\"breadcrumb\":{\"@id\":\"https:\/\/portaldoestado.com.br\/index.php\/2026\/01\/25\/8-coisas-que-quem-vive-em-maua-entende-e-comenta-no-dia-a-dia\/#breadcrumb\"},\"inLanguage\":\"pt-BR\",\"potentialAction\":[{\"@type\":\"ReadAction\",\"target\":[\"https:\/\/portaldoestado.com.br\/index.php\/2026\/01\/25\/8-coisas-que-quem-vive-em-maua-entende-e-comenta-no-dia-a-dia\/\"]}]},{\"@type\":\"ImageObject\",\"inLanguage\":\"pt-BR\",\"@id\":\"https:\/\/portaldoestado.com.br\/index.php\/2026\/01\/25\/8-coisas-que-quem-vive-em-maua-entende-e-comenta-no-dia-a-dia\/#primaryimage\",\"url\":\"https:\/\/portaldoestado.com.br\/wp-content\/uploads\/2026\/01\/maua.jpg\",\"contentUrl\":\"https:\/\/portaldoestado.com.br\/wp-content\/uploads\/2026\/01\/maua.jpg\",\"width\":1200,\"height\":800},{\"@type\":\"BreadcrumbList\",\"@id\":\"https:\/\/portaldoestado.com.br\/index.php\/2026\/01\/25\/8-coisas-que-quem-vive-em-maua-entende-e-comenta-no-dia-a-dia\/#breadcrumb\",\"itemListElement\":[{\"@type\":\"ListItem\",\"position\":1,\"name\":\"In\u00edcio\",\"item\":\"https:\/\/portaldoestado.com.br\/\"},{\"@type\":\"ListItem\",\"position\":2,\"name\":\"8 coisas que quem vive em Mau\u00e1 entende e comenta no dia a dia\"}]},{\"@type\":\"WebSite\",\"@id\":\"https:\/\/portaldoestado.com.br\/#website\",\"url\":\"https:\/\/portaldoestado.com.br\/\",\"name\":\"Portal do Estado\",\"description\":\"\",\"publisher\":{\"@id\":\"https:\/\/portaldoestado.com.br\/#organization\"},\"potentialAction\":[{\"@type\":\"SearchAction\",\"target\":{\"@type\":\"EntryPoint\",\"urlTemplate\":\"https:\/\/portaldoestado.com.br\/?s={search_term_string}\"},\"query-input\":{\"@type\":\"PropertyValueSpecification\",\"valueRequired\":true,\"valueName\":\"search_term_string\"}}],\"inLanguage\":\"pt-BR\"},{\"@type\":\"Organization\",\"@id\":\"https:\/\/portaldoestado.com.br\/#organization\",\"name\":\"Portal do Estado\",\"url\":\"https:\/\/portaldoestado.com.br\/\",\"logo\":{\"@type\":\"ImageObject\",\"inLanguage\":\"pt-BR\",\"@id\":\"https:\/\/portaldoestado.com.br\/#\/schema\/logo\/image\/\",\"url\":\"https:\/\/portaldoestado.com.br\/wp-content\/uploads\/2025\/04\/cropped-6f69b19a-6472-43bf-b1b3-e1910bbbd4e8.png\",\"contentUrl\":\"https:\/\/portaldoestado.com.br\/wp-content\/uploads\/2025\/04\/cropped-6f69b19a-6472-43bf-b1b3-e1910bbbd4e8.png\",\"width\":1024,\"height\":350,\"caption\":\"Portal do Estado\"},\"image\":{\"@id\":\"https:\/\/portaldoestado.com.br\/#\/schema\/logo\/image\/\"}},{\"@type\":\"Person\",\"@id\":\"https:\/\/portaldoestado.com.br\/#\/schema\/person\/5ca0174f3c8c84b59da62ea14b698cb9\",\"name\":\"assessoriadefamosos\",\"image\":{\"@type\":\"ImageObject\",\"inLanguage\":\"pt-BR\",\"@id\":\"https:\/\/portaldoestado.com.br\/#\/schema\/person\/image\/\",\"url\":\"https:\/\/secure.gravatar.com\/avatar\/a7acbdffcfbbae7240e59f47fe511ec5f5d8c252c779f0b8d9ab02a9e1d8c5ed?s=96&d=mm&r=g\",\"contentUrl\":\"https:\/\/secure.gravatar.com\/avatar\/a7acbdffcfbbae7240e59f47fe511ec5f5d8c252c779f0b8d9ab02a9e1d8c5ed?s=96&d=mm&r=g\",\"caption\":\"assessoriadefamosos\"},\"url\":\"https:\/\/portaldoestado.com.br\/index.php\/author\/assessoriadefamosos\/\"}]}<\/script>\n<!-- \/ Yoast SEO plugin. -->","yoast_head_json":{"title":"8 coisas que quem vive em Mau\u00e1 entende e comenta no dia a dia - Portal do Estado","robots":{"index":"index","follow":"follow","max-snippet":"max-snippet:-1","max-image-preview":"max-image-preview:large","max-video-preview":"max-video-preview:-1"},"canonical":"https:\/\/portaldoestado.com.br\/index.php\/2026\/01\/25\/8-coisas-que-quem-vive-em-maua-entende-e-comenta-no-dia-a-dia\/","og_locale":"pt_BR","og_type":"article","og_title":"8 coisas que quem vive em Mau\u00e1 entende e comenta no dia a dia - Portal do Estado","og_description":"Sabe quando uma cidade \u00e9 colada em tudo, mas ainda assim tem uma identidade bem dela? Mau\u00e1 tem essa cara. Ela est\u00e1 ali no cora\u00e7\u00e3o do ABC, perto de muita coisa, mas quem mora sabe que a rotina tem particularidades que s\u00f3 quem vive entende. E n\u00e3o \u00e9 s\u00f3 sobre tr\u00e2nsito ou dist\u00e2ncia. \u00c9 o \u2026","og_url":"https:\/\/portaldoestado.com.br\/index.php\/2026\/01\/25\/8-coisas-que-quem-vive-em-maua-entende-e-comenta-no-dia-a-dia\/","og_site_name":"Portal do Estado","article_published_time":"2026-01-25T01:12:58+00:00","og_image":[{"width":1200,"height":800,"url":"https:\/\/portaldoestado.com.br\/wp-content\/uploads\/2026\/01\/maua.jpg","type":"image\/jpeg"}],"author":"assessoriadefamosos","twitter_card":"summary_large_image","twitter_misc":{"Escrito por":"assessoriadefamosos","Est. tempo de leitura":"3 minutos"},"schema":{"@context":"https:\/\/schema.org","@graph":[{"@type":"Article","@id":"https:\/\/portaldoestado.com.br\/index.php\/2026\/01\/25\/8-coisas-que-quem-vive-em-maua-entende-e-comenta-no-dia-a-dia\/#article","isPartOf":{"@id":"https:\/\/portaldoestado.com.br\/index.php\/2026\/01\/25\/8-coisas-que-quem-vive-em-maua-entende-e-comenta-no-dia-a-dia\/"},"author":{"name":"assessoriadefamosos","@id":"https:\/\/portaldoestado.com.br\/#\/schema\/person\/5ca0174f3c8c84b59da62ea14b698cb9"},"headline":"8 coisas que quem vive em Mau\u00e1 entende e comenta no dia a dia","datePublished":"2026-01-25T01:12:58+00:00","mainEntityOfPage":{"@id":"https:\/\/portaldoestado.com.br\/index.php\/2026\/01\/25\/8-coisas-que-quem-vive-em-maua-entende-e-comenta-no-dia-a-dia\/"},"wordCount":689,"publisher":{"@id":"https:\/\/portaldoestado.com.br\/#organization"},"image":{"@id":"https:\/\/portaldoestado.com.br\/index.php\/2026\/01\/25\/8-coisas-que-quem-vive-em-maua-entende-e-comenta-no-dia-a-dia\/#primaryimage"},"thumbnailUrl":"https:\/\/portaldoestado.com.br\/wp-content\/uploads\/2026\/01\/maua.jpg","articleSection":["Geral"],"inLanguage":"pt-BR"},{"@type":"WebPage","@id":"https:\/\/portaldoestado.com.br\/index.php\/2026\/01\/25\/8-coisas-que-quem-vive-em-maua-entende-e-comenta-no-dia-a-dia\/","url":"https:\/\/portaldoestado.com.br\/index.php\/2026\/01\/25\/8-coisas-que-quem-vive-em-maua-entende-e-comenta-no-dia-a-dia\/","name":"8 coisas que quem vive em Mau\u00e1 entende e comenta no dia a dia - Portal do Estado","isPartOf":{"@id":"https:\/\/portaldoestado.com.br\/#website"},"primaryImageOfPage":{"@id":"https:\/\/portaldoestado.com.br\/index.php\/2026\/01\/25\/8-coisas-que-quem-vive-em-maua-entende-e-comenta-no-dia-a-dia\/#primaryimage"},"image":{"@id":"https:\/\/portaldoestado.com.br\/index.php\/2026\/01\/25\/8-coisas-que-quem-vive-em-maua-entende-e-comenta-no-dia-a-dia\/#primaryimage"},"thumbnailUrl":"https:\/\/portaldoestado.com.br\/wp-content\/uploads\/2026\/01\/maua.jpg","datePublished":"2026-01-25T01:12:58+00:00","breadcrumb":{"@id":"https:\/\/portaldoestado.com.br\/index.php\/2026\/01\/25\/8-coisas-que-quem-vive-em-maua-entende-e-comenta-no-dia-a-dia\/#breadcrumb"},"inLanguage":"pt-BR","potentialAction":[{"@type":"ReadAction","target":["https:\/\/portaldoestado.com.br\/index.php\/2026\/01\/25\/8-coisas-que-quem-vive-em-maua-entende-e-comenta-no-dia-a-dia\/"]}]},{"@type":"ImageObject","inLanguage":"pt-BR","@id":"https:\/\/portaldoestado.com.br\/index.php\/2026\/01\/25\/8-coisas-que-quem-vive-em-maua-entende-e-comenta-no-dia-a-dia\/#primaryimage","url":"https:\/\/portaldoestado.com.br\/wp-content\/uploads\/2026\/01\/maua.jpg","contentUrl":"https:\/\/portaldoestado.com.br\/wp-content\/uploads\/2026\/01\/maua.jpg","width":1200,"height":800},{"@type":"BreadcrumbList","@id":"https:\/\/portaldoestado.com.br\/index.php\/2026\/01\/25\/8-coisas-que-quem-vive-em-maua-entende-e-comenta-no-dia-a-dia\/#breadcrumb","itemListElement":[{"@type":"ListItem","position":1,"name":"In\u00edcio","item":"https:\/\/portaldoestado.com.br\/"},{"@type":"ListItem","position":2,"name":"8 coisas que quem vive em Mau\u00e1 entende e comenta no dia a dia"}]},{"@type":"WebSite","@id":"https:\/\/portaldoestado.com.br\/#website","url":"https:\/\/portaldoestado.com.br\/","name":"Portal do Estado","description":"","publisher":{"@id":"https:\/\/portaldoestado.com.br\/#organization"},"potentialAction":[{"@type":"SearchAction","target":{"@type":"EntryPoint","urlTemplate":"https:\/\/portaldoestado.com.br\/?s={search_term_string}"},"query-input":{"@type":"PropertyValueSpecification","valueRequired":true,"valueName":"search_term_string"}}],"inLanguage":"pt-BR"},{"@type":"Organization","@id":"https:\/\/portaldoestado.com.br\/#organization","name":"Portal do Estado","url":"https:\/\/portaldoestado.com.br\/","logo":{"@type":"ImageObject","inLanguage":"pt-BR","@id":"https:\/\/portaldoestado.com.br\/#\/schema\/logo\/image\/","url":"https:\/\/portaldoestado.com.br\/wp-content\/uploads\/2025\/04\/cropped-6f69b19a-6472-43bf-b1b3-e1910bbbd4e8.png","contentUrl":"https:\/\/portaldoestado.com.br\/wp-content\/uploads\/2025\/04\/cropped-6f69b19a-6472-43bf-b1b3-e1910bbbd4e8.png","width":1024,"height":350,"caption":"Portal do Estado"},"image":{"@id":"https:\/\/portaldoestado.com.br\/#\/schema\/logo\/image\/"}},{"@type":"Person","@id":"https:\/\/portaldoestado.com.br\/#\/schema\/person\/5ca0174f3c8c84b59da62ea14b698cb9","name":"assessoriadefamosos","image":{"@type":"ImageObject","inLanguage":"pt-BR","@id":"https:\/\/portaldoestado.com.br\/#\/schema\/person\/image\/","url":"https:\/\/secure.gravatar.com\/avatar\/a7acbdffcfbbae7240e59f47fe511ec5f5d8c252c779f0b8d9ab02a9e1d8c5ed?s=96&d=mm&r=g","contentUrl":"https:\/\/secure.gravatar.com\/avatar\/a7acbdffcfbbae7240e59f47fe511ec5f5d8c252c779f0b8d9ab02a9e1d8c5ed?s=96&d=mm&r=g","caption":"assessoriadefamosos"},"url":"https:\/\/portaldoestado.com.br\/index.php\/author\/assessoriadefamosos\/"}]}},"jetpack_featured_media_url":"https:\/\/portaldoestado.com.br\/wp-content\/uploads\/2026\/01\/maua.jpg","_links":{"self":[{"href":"https:\/\/portaldoestado.com.br\/index.php\/wp-json\/wp\/v2\/posts\/6088","targetHints":{"allow":["GET"]}}],"collection":[{"href":"https:\/\/portaldoestado.com.br\/index.php\/wp-json\/wp\/v2\/posts"}],"about":[{"href":"https:\/\/portaldoestado.com.br\/index.php\/wp-json\/wp\/v2\/types\/post"}],"author":[{"embeddable":true,"href":"https:\/\/portaldoestado.com.br\/index.php\/wp-json\/wp\/v2\/users\/2"}],"replies":[{"embeddable":true,"href":"https:\/\/portaldoestado.com.br\/index.php\/wp-json\/wp\/v2\/comments?post=6088"}],"version-history":[{"count":1,"href":"https:\/\/portaldoestado.com.br\/index.php\/wp-json\/wp\/v2\/posts\/6088\/revisions"}],"predecessor-version":[{"id":6089,"href":"https:\/\/portaldoestado.com.br\/index.php\/wp-json\/wp\/v2\/posts\/6088\/revisions\/6089"}],"wp:featuredmedia":[{"embeddable":true,"href":"https:\/\/portaldoestado.com.br\/index.php\/wp-json\/wp\/v2\/media\/6087"}],"wp:attachment":[{"href":"https:\/\/portaldoestado.com.br\/index.php\/wp-json\/wp\/v2\/media?parent=6088"}],"wp:term":[{"taxonomy":"category","embeddable":true,"href":"https:\/\/portaldoestado.com.br\/index.php\/wp-json\/wp\/v2\/categories?post=6088"},{"taxonomy":"post_tag","embeddable":true,"href":"https:\/\/portaldoestado.com.br\/index.php\/wp-json\/wp\/v2\/tags?post=6088"}],"curies":[{"name":"wp","href":"https:\/\/api.w.org\/{rel}","templated":true}]}}