{"id":6040,"date":"2026-01-24T16:51:14","date_gmt":"2026-01-24T16:51:14","guid":{"rendered":"https:\/\/portaldoestado.com.br\/?p=6040"},"modified":"2026-01-24T16:51:14","modified_gmt":"2026-01-24T16:51:14","slug":"atitude-nas-redes-reacende-rumores-de-reaproximacao-entre-margareth-serrao-e-ex","status":"publish","type":"post","link":"https:\/\/portaldoestado.com.br\/index.php\/2026\/01\/24\/atitude-nas-redes-reacende-rumores-de-reaproximacao-entre-margareth-serrao-e-ex\/","title":{"rendered":"Atitude nas redes reacende rumores de reaproxima\u00e7\u00e3o entre Margareth Serr\u00e3o e ex"},"content":{"rendered":"\n<p>Uma mudan\u00e7a discreta, mas cheia de significado, voltou a colocar Margareth Serr\u00e3o no centro das aten\u00e7\u00f5es. A m\u00e3e da influenciadora Virginia Fonseca voltou a seguir o ex-namorado, Danilo Sanfoneiro, no Instagram nesta sexta-feira (23\/1), semanas ap\u00f3s o t\u00e9rmino do relacionamento.<\/p>\n\n\n\n<p>O gesto chamou aten\u00e7\u00e3o porque, logo depois da separa\u00e7\u00e3o, Margareth havia deixado de acompanhar o m\u00fasico na rede social, atitude interpretada pelos f\u00e3s como um rompimento definitivo. Agora, ao refazer o v\u00ednculo virtual \u2014 que tamb\u00e9m \u00e9 rec\u00edproco \u2014, ela reacende especula\u00e7\u00f5es sobre uma poss\u00edvel reaproxima\u00e7\u00e3o entre os dois.<\/p>\n\n\n\n<p>O relacionamento ganhou visibilidade ao longo de 2025 e foi assumido publicamente em fevereiro. Na \u00e9poca, Margareth confirmou o namoro com o sanfoneiro, que \u00e9 21 anos mais novo. Em agosto, Danilo tornou o compromisso ainda mais s\u00e9rio ao surpreend\u00ea-la durante sua festa de anivers\u00e1rio de 39 anos, quando oficializou o namoro com direito a alian\u00e7a.<\/p>\n\n\n\n<p>Apesar dos momentos p\u00fablicos de carinho, o casal tamb\u00e9m enfrentou per\u00edodos turbulentos. Um deles envolveu acusa\u00e7\u00f5es feitas por uma ex-companheira do m\u00fasico, que afirmou que ele seria pai de uma crian\u00e7a e que teria solicitado um teste de DNA. O assunto ganhou repercuss\u00e3o e foi esclarecido por Danilo naquele momento.<\/p>\n\n\n\n<p>O t\u00e9rmino foi anunciado no fim de 2025. Em 30 de dezembro, Margareth comunicou a separa\u00e7\u00e3o e ressaltou que a decis\u00e3o foi tomada de forma amig\u00e1vel. Danilo tamb\u00e9m se manifestou, agradeceu os quase 11 meses de relacionamento e disse que ambos seguiram caminhos diferentes de maneira respeitosa.<\/p>\n\n\n\n<p>A tranquilidade, por\u00e9m, durou pouco. No in\u00edcio deste ano, o p\u00f3s-t\u00e9rmino ganhou novos cap\u00edtulos, com relatos de um poss\u00edvel envolvimento do sanfoneiro com uma ex-ficante e desentendimentos envolvendo expectativas fora das redes sociais. As informa\u00e7\u00f5es foram confirmadas pelo pr\u00f3prio Danilo e culminaram no unfollow m\u00fatuo.<\/p>\n\n\n\n<p>Agora, a decis\u00e3o de Margareth de voltar a seguir o ex ocorre poucos dias ap\u00f3s outro epis\u00f3dio marcante: ela sofreu um acidente de carro em Goi\u00e2nia, sentiu dores no t\u00f3rax devido ao cinto de seguran\u00e7a e precisou passar por exames m\u00e9dicos, incluindo uma tomografia.<\/p>\n\n\n\n<p>At\u00e9 o momento, nenhum dos dois comentou publicamente se a movimenta\u00e7\u00e3o indica uma retomada do relacionamento. Enquanto isso, os f\u00e3s seguem atentos a cada novo sinal.<\/p>\n","protected":false},"excerpt":{"rendered":"<p>Uma mudan\u00e7a discreta, mas cheia de significado, voltou a colocar Margareth Serr\u00e3o no centro das aten\u00e7\u00f5es. A m\u00e3e da influenciadora Virginia Fonseca voltou a seguir o ex-namorado, Danilo Sanfoneiro, no Instagram nesta sexta-feira (23\/1), semanas ap\u00f3s o t\u00e9rmino do relacionamento. O gesto chamou aten\u00e7\u00e3o porque, logo depois da separa\u00e7\u00e3o, Margareth havia deixado de acompanhar o \u2026<\/p>\n","protected":false},"author":2,"featured_media":6039,"comment_status":"closed","ping_status":"open","sticky":false,"template":"","format":"standard","meta":{"footnotes":""},"categories":[3],"tags":[],"class_list":["post-6040","post","type-post","status-publish","format-standard","has-post-thumbnail","hentry","category-famosos"],"yoast_head":"<!-- This site is optimized with the Yoast SEO plugin v25.5 - https:\/\/yoast.com\/wordpress\/plugins\/seo\/ -->\n<title>Atitude nas redes reacende rumores de reaproxima\u00e7\u00e3o entre Margareth Serr\u00e3o e ex - Portal do Estado<\/title>\n<meta name=\"robots\" content=\"index, follow, max-snippet:-1, max-image-preview:large, max-video-preview:-1\" \/>\n<link rel=\"canonical\" href=\"https:\/\/portaldoestado.com.br\/index.php\/2026\/01\/24\/atitude-nas-redes-reacende-rumores-de-reaproximacao-entre-margareth-serrao-e-ex\/\" \/>\n<meta property=\"og:locale\" content=\"pt_BR\" \/>\n<meta property=\"og:type\" content=\"article\" \/>\n<meta property=\"og:title\" content=\"Atitude nas redes reacende rumores de reaproxima\u00e7\u00e3o entre Margareth Serr\u00e3o e ex - Portal do Estado\" \/>\n<meta property=\"og:description\" content=\"Uma mudan\u00e7a discreta, mas cheia de significado, voltou a colocar Margareth Serr\u00e3o no centro das aten\u00e7\u00f5es. A m\u00e3e da influenciadora Virginia Fonseca voltou a seguir o ex-namorado, Danilo Sanfoneiro, no Instagram nesta sexta-feira (23\/1), semanas ap\u00f3s o t\u00e9rmino do relacionamento. O gesto chamou aten\u00e7\u00e3o porque, logo depois da separa\u00e7\u00e3o, Margareth havia deixado de acompanhar o \u2026\" \/>\n<meta property=\"og:url\" content=\"https:\/\/portaldoestado.com.br\/index.php\/2026\/01\/24\/atitude-nas-redes-reacende-rumores-de-reaproximacao-entre-margareth-serrao-e-ex\/\" \/>\n<meta property=\"og:site_name\" content=\"Portal do Estado\" \/>\n<meta property=\"article:published_time\" content=\"2026-01-24T16:51:14+00:00\" \/>\n<meta property=\"og:image\" content=\"https:\/\/portaldoestado.com.br\/wp-content\/uploads\/2026\/01\/wsrxHQwz-Design-sem-nome-3.jpg\" \/>\n\t<meta property=\"og:image:width\" content=\"1200\" \/>\n\t<meta property=\"og:image:height\" content=\"900\" \/>\n\t<meta property=\"og:image:type\" content=\"image\/jpeg\" \/>\n<meta name=\"author\" content=\"assessoriadefamosos\" \/>\n<meta name=\"twitter:card\" content=\"summary_large_image\" \/>\n<meta name=\"twitter:label1\" content=\"Escrito por\" \/>\n\t<meta name=\"twitter:data1\" content=\"assessoriadefamosos\" \/>\n\t<meta name=\"twitter:label2\" content=\"Est. tempo de leitura\" \/>\n\t<meta name=\"twitter:data2\" content=\"2 minutos\" \/>\n<script type=\"application\/ld+json\" class=\"yoast-schema-graph\">{\"@context\":\"https:\/\/schema.org\",\"@graph\":[{\"@type\":\"Article\",\"@id\":\"https:\/\/portaldoestado.com.br\/index.php\/2026\/01\/24\/atitude-nas-redes-reacende-rumores-de-reaproximacao-entre-margareth-serrao-e-ex\/#article\",\"isPartOf\":{\"@id\":\"https:\/\/portaldoestado.com.br\/index.php\/2026\/01\/24\/atitude-nas-redes-reacende-rumores-de-reaproximacao-entre-margareth-serrao-e-ex\/\"},\"author\":{\"name\":\"assessoriadefamosos\",\"@id\":\"https:\/\/portaldoestado.com.br\/#\/schema\/person\/5ca0174f3c8c84b59da62ea14b698cb9\"},\"headline\":\"Atitude nas redes reacende rumores de reaproxima\u00e7\u00e3o entre Margareth Serr\u00e3o e ex\",\"datePublished\":\"2026-01-24T16:51:14+00:00\",\"mainEntityOfPage\":{\"@id\":\"https:\/\/portaldoestado.com.br\/index.php\/2026\/01\/24\/atitude-nas-redes-reacende-rumores-de-reaproximacao-entre-margareth-serrao-e-ex\/\"},\"wordCount\":410,\"publisher\":{\"@id\":\"https:\/\/portaldoestado.com.br\/#organization\"},\"image\":{\"@id\":\"https:\/\/portaldoestado.com.br\/index.php\/2026\/01\/24\/atitude-nas-redes-reacende-rumores-de-reaproximacao-entre-margareth-serrao-e-ex\/#primaryimage\"},\"thumbnailUrl\":\"https:\/\/portaldoestado.com.br\/wp-content\/uploads\/2026\/01\/wsrxHQwz-Design-sem-nome-3.jpg\",\"articleSection\":[\"Famosos\"],\"inLanguage\":\"pt-BR\"},{\"@type\":\"WebPage\",\"@id\":\"https:\/\/portaldoestado.com.br\/index.php\/2026\/01\/24\/atitude-nas-redes-reacende-rumores-de-reaproximacao-entre-margareth-serrao-e-ex\/\",\"url\":\"https:\/\/portaldoestado.com.br\/index.php\/2026\/01\/24\/atitude-nas-redes-reacende-rumores-de-reaproximacao-entre-margareth-serrao-e-ex\/\",\"name\":\"Atitude nas redes reacende rumores de reaproxima\u00e7\u00e3o entre Margareth Serr\u00e3o e ex - Portal do Estado\",\"isPartOf\":{\"@id\":\"https:\/\/portaldoestado.com.br\/#website\"},\"primaryImageOfPage\":{\"@id\":\"https:\/\/portaldoestado.com.br\/index.php\/2026\/01\/24\/atitude-nas-redes-reacende-rumores-de-reaproximacao-entre-margareth-serrao-e-ex\/#primaryimage\"},\"image\":{\"@id\":\"https:\/\/portaldoestado.com.br\/index.php\/2026\/01\/24\/atitude-nas-redes-reacende-rumores-de-reaproximacao-entre-margareth-serrao-e-ex\/#primaryimage\"},\"thumbnailUrl\":\"https:\/\/portaldoestado.com.br\/wp-content\/uploads\/2026\/01\/wsrxHQwz-Design-sem-nome-3.jpg\",\"datePublished\":\"2026-01-24T16:51:14+00:00\",\"breadcrumb\":{\"@id\":\"https:\/\/portaldoestado.com.br\/index.php\/2026\/01\/24\/atitude-nas-redes-reacende-rumores-de-reaproximacao-entre-margareth-serrao-e-ex\/#breadcrumb\"},\"inLanguage\":\"pt-BR\",\"potentialAction\":[{\"@type\":\"ReadAction\",\"target\":[\"https:\/\/portaldoestado.com.br\/index.php\/2026\/01\/24\/atitude-nas-redes-reacende-rumores-de-reaproximacao-entre-margareth-serrao-e-ex\/\"]}]},{\"@type\":\"ImageObject\",\"inLanguage\":\"pt-BR\",\"@id\":\"https:\/\/portaldoestado.com.br\/index.php\/2026\/01\/24\/atitude-nas-redes-reacende-rumores-de-reaproximacao-entre-margareth-serrao-e-ex\/#primaryimage\",\"url\":\"https:\/\/portaldoestado.com.br\/wp-content\/uploads\/2026\/01\/wsrxHQwz-Design-sem-nome-3.jpg\",\"contentUrl\":\"https:\/\/portaldoestado.com.br\/wp-content\/uploads\/2026\/01\/wsrxHQwz-Design-sem-nome-3.jpg\",\"width\":1200,\"height\":900},{\"@type\":\"BreadcrumbList\",\"@id\":\"https:\/\/portaldoestado.com.br\/index.php\/2026\/01\/24\/atitude-nas-redes-reacende-rumores-de-reaproximacao-entre-margareth-serrao-e-ex\/#breadcrumb\",\"itemListElement\":[{\"@type\":\"ListItem\",\"position\":1,\"name\":\"In\u00edcio\",\"item\":\"https:\/\/portaldoestado.com.br\/\"},{\"@type\":\"ListItem\",\"position\":2,\"name\":\"Atitude nas redes reacende rumores de reaproxima\u00e7\u00e3o entre Margareth Serr\u00e3o e ex\"}]},{\"@type\":\"WebSite\",\"@id\":\"https:\/\/portaldoestado.com.br\/#website\",\"url\":\"https:\/\/portaldoestado.com.br\/\",\"name\":\"Portal do Estado\",\"description\":\"\",\"publisher\":{\"@id\":\"https:\/\/portaldoestado.com.br\/#organization\"},\"potentialAction\":[{\"@type\":\"SearchAction\",\"target\":{\"@type\":\"EntryPoint\",\"urlTemplate\":\"https:\/\/portaldoestado.com.br\/?s={search_term_string}\"},\"query-input\":{\"@type\":\"PropertyValueSpecification\",\"valueRequired\":true,\"valueName\":\"search_term_string\"}}],\"inLanguage\":\"pt-BR\"},{\"@type\":\"Organization\",\"@id\":\"https:\/\/portaldoestado.com.br\/#organization\",\"name\":\"Portal do Estado\",\"url\":\"https:\/\/portaldoestado.com.br\/\",\"logo\":{\"@type\":\"ImageObject\",\"inLanguage\":\"pt-BR\",\"@id\":\"https:\/\/portaldoestado.com.br\/#\/schema\/logo\/image\/\",\"url\":\"https:\/\/portaldoestado.com.br\/wp-content\/uploads\/2025\/04\/cropped-6f69b19a-6472-43bf-b1b3-e1910bbbd4e8.png\",\"contentUrl\":\"https:\/\/portaldoestado.com.br\/wp-content\/uploads\/2025\/04\/cropped-6f69b19a-6472-43bf-b1b3-e1910bbbd4e8.png\",\"width\":1024,\"height\":350,\"caption\":\"Portal do Estado\"},\"image\":{\"@id\":\"https:\/\/portaldoestado.com.br\/#\/schema\/logo\/image\/\"}},{\"@type\":\"Person\",\"@id\":\"https:\/\/portaldoestado.com.br\/#\/schema\/person\/5ca0174f3c8c84b59da62ea14b698cb9\",\"name\":\"assessoriadefamosos\",\"image\":{\"@type\":\"ImageObject\",\"inLanguage\":\"pt-BR\",\"@id\":\"https:\/\/portaldoestado.com.br\/#\/schema\/person\/image\/\",\"url\":\"https:\/\/secure.gravatar.com\/avatar\/a7acbdffcfbbae7240e59f47fe511ec5f5d8c252c779f0b8d9ab02a9e1d8c5ed?s=96&d=mm&r=g\",\"contentUrl\":\"https:\/\/secure.gravatar.com\/avatar\/a7acbdffcfbbae7240e59f47fe511ec5f5d8c252c779f0b8d9ab02a9e1d8c5ed?s=96&d=mm&r=g\",\"caption\":\"assessoriadefamosos\"},\"url\":\"https:\/\/portaldoestado.com.br\/index.php\/author\/assessoriadefamosos\/\"}]}<\/script>\n<!-- \/ Yoast SEO plugin. -->","yoast_head_json":{"title":"Atitude nas redes reacende rumores de reaproxima\u00e7\u00e3o entre Margareth Serr\u00e3o e ex - Portal do Estado","robots":{"index":"index","follow":"follow","max-snippet":"max-snippet:-1","max-image-preview":"max-image-preview:large","max-video-preview":"max-video-preview:-1"},"canonical":"https:\/\/portaldoestado.com.br\/index.php\/2026\/01\/24\/atitude-nas-redes-reacende-rumores-de-reaproximacao-entre-margareth-serrao-e-ex\/","og_locale":"pt_BR","og_type":"article","og_title":"Atitude nas redes reacende rumores de reaproxima\u00e7\u00e3o entre Margareth Serr\u00e3o e ex - Portal do Estado","og_description":"Uma mudan\u00e7a discreta, mas cheia de significado, voltou a colocar Margareth Serr\u00e3o no centro das aten\u00e7\u00f5es. A m\u00e3e da influenciadora Virginia Fonseca voltou a seguir o ex-namorado, Danilo Sanfoneiro, no Instagram nesta sexta-feira (23\/1), semanas ap\u00f3s o t\u00e9rmino do relacionamento. O gesto chamou aten\u00e7\u00e3o porque, logo depois da separa\u00e7\u00e3o, Margareth havia deixado de acompanhar o \u2026","og_url":"https:\/\/portaldoestado.com.br\/index.php\/2026\/01\/24\/atitude-nas-redes-reacende-rumores-de-reaproximacao-entre-margareth-serrao-e-ex\/","og_site_name":"Portal do Estado","article_published_time":"2026-01-24T16:51:14+00:00","og_image":[{"width":1200,"height":900,"url":"https:\/\/portaldoestado.com.br\/wp-content\/uploads\/2026\/01\/wsrxHQwz-Design-sem-nome-3.jpg","type":"image\/jpeg"}],"author":"assessoriadefamosos","twitter_card":"summary_large_image","twitter_misc":{"Escrito por":"assessoriadefamosos","Est. tempo de leitura":"2 minutos"},"schema":{"@context":"https:\/\/schema.org","@graph":[{"@type":"Article","@id":"https:\/\/portaldoestado.com.br\/index.php\/2026\/01\/24\/atitude-nas-redes-reacende-rumores-de-reaproximacao-entre-margareth-serrao-e-ex\/#article","isPartOf":{"@id":"https:\/\/portaldoestado.com.br\/index.php\/2026\/01\/24\/atitude-nas-redes-reacende-rumores-de-reaproximacao-entre-margareth-serrao-e-ex\/"},"author":{"name":"assessoriadefamosos","@id":"https:\/\/portaldoestado.com.br\/#\/schema\/person\/5ca0174f3c8c84b59da62ea14b698cb9"},"headline":"Atitude nas redes reacende rumores de reaproxima\u00e7\u00e3o entre Margareth Serr\u00e3o e ex","datePublished":"2026-01-24T16:51:14+00:00","mainEntityOfPage":{"@id":"https:\/\/portaldoestado.com.br\/index.php\/2026\/01\/24\/atitude-nas-redes-reacende-rumores-de-reaproximacao-entre-margareth-serrao-e-ex\/"},"wordCount":410,"publisher":{"@id":"https:\/\/portaldoestado.com.br\/#organization"},"image":{"@id":"https:\/\/portaldoestado.com.br\/index.php\/2026\/01\/24\/atitude-nas-redes-reacende-rumores-de-reaproximacao-entre-margareth-serrao-e-ex\/#primaryimage"},"thumbnailUrl":"https:\/\/portaldoestado.com.br\/wp-content\/uploads\/2026\/01\/wsrxHQwz-Design-sem-nome-3.jpg","articleSection":["Famosos"],"inLanguage":"pt-BR"},{"@type":"WebPage","@id":"https:\/\/portaldoestado.com.br\/index.php\/2026\/01\/24\/atitude-nas-redes-reacende-rumores-de-reaproximacao-entre-margareth-serrao-e-ex\/","url":"https:\/\/portaldoestado.com.br\/index.php\/2026\/01\/24\/atitude-nas-redes-reacende-rumores-de-reaproximacao-entre-margareth-serrao-e-ex\/","name":"Atitude nas redes reacende rumores de reaproxima\u00e7\u00e3o entre Margareth Serr\u00e3o e ex - Portal do Estado","isPartOf":{"@id":"https:\/\/portaldoestado.com.br\/#website"},"primaryImageOfPage":{"@id":"https:\/\/portaldoestado.com.br\/index.php\/2026\/01\/24\/atitude-nas-redes-reacende-rumores-de-reaproximacao-entre-margareth-serrao-e-ex\/#primaryimage"},"image":{"@id":"https:\/\/portaldoestado.com.br\/index.php\/2026\/01\/24\/atitude-nas-redes-reacende-rumores-de-reaproximacao-entre-margareth-serrao-e-ex\/#primaryimage"},"thumbnailUrl":"https:\/\/portaldoestado.com.br\/wp-content\/uploads\/2026\/01\/wsrxHQwz-Design-sem-nome-3.jpg","datePublished":"2026-01-24T16:51:14+00:00","breadcrumb":{"@id":"https:\/\/portaldoestado.com.br\/index.php\/2026\/01\/24\/atitude-nas-redes-reacende-rumores-de-reaproximacao-entre-margareth-serrao-e-ex\/#breadcrumb"},"inLanguage":"pt-BR","potentialAction":[{"@type":"ReadAction","target":["https:\/\/portaldoestado.com.br\/index.php\/2026\/01\/24\/atitude-nas-redes-reacende-rumores-de-reaproximacao-entre-margareth-serrao-e-ex\/"]}]},{"@type":"ImageObject","inLanguage":"pt-BR","@id":"https:\/\/portaldoestado.com.br\/index.php\/2026\/01\/24\/atitude-nas-redes-reacende-rumores-de-reaproximacao-entre-margareth-serrao-e-ex\/#primaryimage","url":"https:\/\/portaldoestado.com.br\/wp-content\/uploads\/2026\/01\/wsrxHQwz-Design-sem-nome-3.jpg","contentUrl":"https:\/\/portaldoestado.com.br\/wp-content\/uploads\/2026\/01\/wsrxHQwz-Design-sem-nome-3.jpg","width":1200,"height":900},{"@type":"BreadcrumbList","@id":"https:\/\/portaldoestado.com.br\/index.php\/2026\/01\/24\/atitude-nas-redes-reacende-rumores-de-reaproximacao-entre-margareth-serrao-e-ex\/#breadcrumb","itemListElement":[{"@type":"ListItem","position":1,"name":"In\u00edcio","item":"https:\/\/portaldoestado.com.br\/"},{"@type":"ListItem","position":2,"name":"Atitude nas redes reacende rumores de reaproxima\u00e7\u00e3o entre Margareth Serr\u00e3o e ex"}]},{"@type":"WebSite","@id":"https:\/\/portaldoestado.com.br\/#website","url":"https:\/\/portaldoestado.com.br\/","name":"Portal do Estado","description":"","publisher":{"@id":"https:\/\/portaldoestado.com.br\/#organization"},"potentialAction":[{"@type":"SearchAction","target":{"@type":"EntryPoint","urlTemplate":"https:\/\/portaldoestado.com.br\/?s={search_term_string}"},"query-input":{"@type":"PropertyValueSpecification","valueRequired":true,"valueName":"search_term_string"}}],"inLanguage":"pt-BR"},{"@type":"Organization","@id":"https:\/\/portaldoestado.com.br\/#organization","name":"Portal do Estado","url":"https:\/\/portaldoestado.com.br\/","logo":{"@type":"ImageObject","inLanguage":"pt-BR","@id":"https:\/\/portaldoestado.com.br\/#\/schema\/logo\/image\/","url":"https:\/\/portaldoestado.com.br\/wp-content\/uploads\/2025\/04\/cropped-6f69b19a-6472-43bf-b1b3-e1910bbbd4e8.png","contentUrl":"https:\/\/portaldoestado.com.br\/wp-content\/uploads\/2025\/04\/cropped-6f69b19a-6472-43bf-b1b3-e1910bbbd4e8.png","width":1024,"height":350,"caption":"Portal do Estado"},"image":{"@id":"https:\/\/portaldoestado.com.br\/#\/schema\/logo\/image\/"}},{"@type":"Person","@id":"https:\/\/portaldoestado.com.br\/#\/schema\/person\/5ca0174f3c8c84b59da62ea14b698cb9","name":"assessoriadefamosos","image":{"@type":"ImageObject","inLanguage":"pt-BR","@id":"https:\/\/portaldoestado.com.br\/#\/schema\/person\/image\/","url":"https:\/\/secure.gravatar.com\/avatar\/a7acbdffcfbbae7240e59f47fe511ec5f5d8c252c779f0b8d9ab02a9e1d8c5ed?s=96&d=mm&r=g","contentUrl":"https:\/\/secure.gravatar.com\/avatar\/a7acbdffcfbbae7240e59f47fe511ec5f5d8c252c779f0b8d9ab02a9e1d8c5ed?s=96&d=mm&r=g","caption":"assessoriadefamosos"},"url":"https:\/\/portaldoestado.com.br\/index.php\/author\/assessoriadefamosos\/"}]}},"jetpack_featured_media_url":"https:\/\/portaldoestado.com.br\/wp-content\/uploads\/2026\/01\/wsrxHQwz-Design-sem-nome-3.jpg","_links":{"self":[{"href":"https:\/\/portaldoestado.com.br\/index.php\/wp-json\/wp\/v2\/posts\/6040","targetHints":{"allow":["GET"]}}],"collection":[{"href":"https:\/\/portaldoestado.com.br\/index.php\/wp-json\/wp\/v2\/posts"}],"about":[{"href":"https:\/\/portaldoestado.com.br\/index.php\/wp-json\/wp\/v2\/types\/post"}],"author":[{"embeddable":true,"href":"https:\/\/portaldoestado.com.br\/index.php\/wp-json\/wp\/v2\/users\/2"}],"replies":[{"embeddable":true,"href":"https:\/\/portaldoestado.com.br\/index.php\/wp-json\/wp\/v2\/comments?post=6040"}],"version-history":[{"count":1,"href":"https:\/\/portaldoestado.com.br\/index.php\/wp-json\/wp\/v2\/posts\/6040\/revisions"}],"predecessor-version":[{"id":6041,"href":"https:\/\/portaldoestado.com.br\/index.php\/wp-json\/wp\/v2\/posts\/6040\/revisions\/6041"}],"wp:featuredmedia":[{"embeddable":true,"href":"https:\/\/portaldoestado.com.br\/index.php\/wp-json\/wp\/v2\/media\/6039"}],"wp:attachment":[{"href":"https:\/\/portaldoestado.com.br\/index.php\/wp-json\/wp\/v2\/media?parent=6040"}],"wp:term":[{"taxonomy":"category","embeddable":true,"href":"https:\/\/portaldoestado.com.br\/index.php\/wp-json\/wp\/v2\/categories?post=6040"},{"taxonomy":"post_tag","embeddable":true,"href":"https:\/\/portaldoestado.com.br\/index.php\/wp-json\/wp\/v2\/tags?post=6040"}],"curies":[{"name":"wp","href":"https:\/\/api.w.org\/{rel}","templated":true}]}}