{"id":6037,"date":"2026-01-24T16:47:09","date_gmt":"2026-01-24T16:47:09","guid":{"rendered":"https:\/\/portaldoestado.com.br\/?p=6037"},"modified":"2026-01-24T16:47:09","modified_gmt":"2026-01-24T16:47:09","slug":"ex-vencedores-do-bbb-confirmam-luta-de-boxe-e-prometem-agitar-o-ringue","status":"publish","type":"post","link":"https:\/\/portaldoestado.com.br\/index.php\/2026\/01\/24\/ex-vencedores-do-bbb-confirmam-luta-de-boxe-e-prometem-agitar-o-ringue\/","title":{"rendered":"Ex-vencedores do BBB confirmam luta de boxe e prometem agitar o ringue"},"content":{"rendered":"\n<p>Um confronto improv\u00e1vel entre campe\u00f5es do <em>Big Brother Brasil<\/em> est\u00e1 oficialmente marcado e j\u00e1 vem dando o que falar. Davi Brito, vencedor do BBB24, e Kleber Bambam, campe\u00e3o da edi\u00e7\u00e3o inaugural do reality, confirmaram que ir\u00e3o se enfrentar em uma luta de boxe, anunciada nesta sexta-feira (23\/1) pela organiza\u00e7\u00e3o respons\u00e1vel pelo evento.<\/p>\n\n\n\n<p>O duelo far\u00e1 parte da oitava edi\u00e7\u00e3o de um dos maiores shows de lutas da Am\u00e9rica Latina, conhecido por misturar esporte, entretenimento e celebridades. Embora os contratos j\u00e1 tenham sido assinados, a data e o local do embate ainda n\u00e3o foram revelados.<\/p>\n\n\n\n<p>Desde a divulga\u00e7\u00e3o da luta, Bambam tem adotado um tom provocador nas redes sociais. Mesmo com a diferen\u00e7a de idade \u2014 ele completa 48 anos em fevereiro, enquanto Davi tem 24 \u2014, o ex-BBB garante que chega confiante e disposto a surpreender o rival dentro do ringue.<\/p>\n\n\n\n<p>Davi Brito, por sua vez, encara o desafio ap\u00f3s uma estreia complicada no boxe. Em novembro de 2025, ele foi derrotado por decis\u00e3o un\u00e2nime por Sacha Bali, campe\u00e3o de <em>A Fazenda 16<\/em>, em uma luta marcada por troca de farpas antes do confronto. Bambam tamb\u00e9m vem de um rev\u00e9s recente: no in\u00edcio de 2024, acabou nocauteado em apenas 36 segundos por Acelino \u201cPop\u00f3\u201d Freitas, em uma luta que repercutiu bastante.<\/p>\n\n\n\n<p>Al\u00e9m do embate entre os dois ex-BBBs, o evento contar\u00e1 com outro duelo envolvendo participantes de reality show. Luiz Mesquita e Matheus Martins, que integraram o elenco de <em>A Fazenda 17<\/em>, tamb\u00e9m subir\u00e3o ao ringue, ampliando a expectativa do p\u00fablico.<\/p>\n\n\n\n<p>Com nomes populares da TV, provoca\u00e7\u00f5es nas redes e hist\u00f3ricos recentes que aumentam a curiosidade, o espet\u00e1culo promete chamar a aten\u00e7\u00e3o tanto dos f\u00e3s de realities quanto dos admiradores de lutas de exibi\u00e7\u00e3o.<\/p>\n","protected":false},"excerpt":{"rendered":"<p>Um confronto improv\u00e1vel entre campe\u00f5es do Big Brother Brasil est\u00e1 oficialmente marcado e j\u00e1 vem dando o que falar. Davi Brito, vencedor do BBB24, e Kleber Bambam, campe\u00e3o da edi\u00e7\u00e3o inaugural do reality, confirmaram que ir\u00e3o se enfrentar em uma luta de boxe, anunciada nesta sexta-feira (23\/1) pela organiza\u00e7\u00e3o respons\u00e1vel pelo evento. O duelo far\u00e1 \u2026<\/p>\n","protected":false},"author":2,"featured_media":6036,"comment_status":"closed","ping_status":"open","sticky":false,"template":"","format":"standard","meta":{"footnotes":""},"categories":[3],"tags":[],"class_list":["post-6037","post","type-post","status-publish","format-standard","has-post-thumbnail","hentry","category-famosos"],"yoast_head":"<!-- This site is optimized with the Yoast SEO plugin v25.5 - https:\/\/yoast.com\/wordpress\/plugins\/seo\/ -->\n<title>Ex-vencedores do BBB confirmam luta de boxe e prometem agitar o ringue - Portal do Estado<\/title>\n<meta name=\"robots\" content=\"index, follow, max-snippet:-1, max-image-preview:large, max-video-preview:-1\" \/>\n<link rel=\"canonical\" href=\"https:\/\/portaldoestado.com.br\/index.php\/2026\/01\/24\/ex-vencedores-do-bbb-confirmam-luta-de-boxe-e-prometem-agitar-o-ringue\/\" \/>\n<meta property=\"og:locale\" content=\"pt_BR\" \/>\n<meta property=\"og:type\" content=\"article\" \/>\n<meta property=\"og:title\" content=\"Ex-vencedores do BBB confirmam luta de boxe e prometem agitar o ringue - Portal do Estado\" \/>\n<meta property=\"og:description\" content=\"Um confronto improv\u00e1vel entre campe\u00f5es do Big Brother Brasil est\u00e1 oficialmente marcado e j\u00e1 vem dando o que falar. Davi Brito, vencedor do BBB24, e Kleber Bambam, campe\u00e3o da edi\u00e7\u00e3o inaugural do reality, confirmaram que ir\u00e3o se enfrentar em uma luta de boxe, anunciada nesta sexta-feira (23\/1) pela organiza\u00e7\u00e3o respons\u00e1vel pelo evento. O duelo far\u00e1 \u2026\" \/>\n<meta property=\"og:url\" content=\"https:\/\/portaldoestado.com.br\/index.php\/2026\/01\/24\/ex-vencedores-do-bbb-confirmam-luta-de-boxe-e-prometem-agitar-o-ringue\/\" \/>\n<meta property=\"og:site_name\" content=\"Portal do Estado\" \/>\n<meta property=\"article:published_time\" content=\"2026-01-24T16:47:09+00:00\" \/>\n<meta property=\"og:image\" content=\"https:\/\/portaldoestado.com.br\/wp-content\/uploads\/2026\/01\/padrao-leo-2026-01-23T193209.200.jpg\" \/>\n\t<meta property=\"og:image:width\" content=\"1200\" \/>\n\t<meta property=\"og:image:height\" content=\"900\" \/>\n\t<meta property=\"og:image:type\" content=\"image\/jpeg\" \/>\n<meta name=\"author\" content=\"assessoriadefamosos\" \/>\n<meta name=\"twitter:card\" content=\"summary_large_image\" \/>\n<meta name=\"twitter:label1\" content=\"Escrito por\" \/>\n\t<meta name=\"twitter:data1\" content=\"assessoriadefamosos\" \/>\n\t<meta name=\"twitter:label2\" content=\"Est. tempo de leitura\" \/>\n\t<meta name=\"twitter:data2\" content=\"2 minutos\" \/>\n<script type=\"application\/ld+json\" class=\"yoast-schema-graph\">{\"@context\":\"https:\/\/schema.org\",\"@graph\":[{\"@type\":\"Article\",\"@id\":\"https:\/\/portaldoestado.com.br\/index.php\/2026\/01\/24\/ex-vencedores-do-bbb-confirmam-luta-de-boxe-e-prometem-agitar-o-ringue\/#article\",\"isPartOf\":{\"@id\":\"https:\/\/portaldoestado.com.br\/index.php\/2026\/01\/24\/ex-vencedores-do-bbb-confirmam-luta-de-boxe-e-prometem-agitar-o-ringue\/\"},\"author\":{\"name\":\"assessoriadefamosos\",\"@id\":\"https:\/\/portaldoestado.com.br\/#\/schema\/person\/5ca0174f3c8c84b59da62ea14b698cb9\"},\"headline\":\"Ex-vencedores do BBB confirmam luta de boxe e prometem agitar o ringue\",\"datePublished\":\"2026-01-24T16:47:09+00:00\",\"mainEntityOfPage\":{\"@id\":\"https:\/\/portaldoestado.com.br\/index.php\/2026\/01\/24\/ex-vencedores-do-bbb-confirmam-luta-de-boxe-e-prometem-agitar-o-ringue\/\"},\"wordCount\":315,\"publisher\":{\"@id\":\"https:\/\/portaldoestado.com.br\/#organization\"},\"image\":{\"@id\":\"https:\/\/portaldoestado.com.br\/index.php\/2026\/01\/24\/ex-vencedores-do-bbb-confirmam-luta-de-boxe-e-prometem-agitar-o-ringue\/#primaryimage\"},\"thumbnailUrl\":\"https:\/\/portaldoestado.com.br\/wp-content\/uploads\/2026\/01\/padrao-leo-2026-01-23T193209.200.jpg\",\"articleSection\":[\"Famosos\"],\"inLanguage\":\"pt-BR\"},{\"@type\":\"WebPage\",\"@id\":\"https:\/\/portaldoestado.com.br\/index.php\/2026\/01\/24\/ex-vencedores-do-bbb-confirmam-luta-de-boxe-e-prometem-agitar-o-ringue\/\",\"url\":\"https:\/\/portaldoestado.com.br\/index.php\/2026\/01\/24\/ex-vencedores-do-bbb-confirmam-luta-de-boxe-e-prometem-agitar-o-ringue\/\",\"name\":\"Ex-vencedores do BBB confirmam luta de boxe e prometem agitar o ringue - Portal do Estado\",\"isPartOf\":{\"@id\":\"https:\/\/portaldoestado.com.br\/#website\"},\"primaryImageOfPage\":{\"@id\":\"https:\/\/portaldoestado.com.br\/index.php\/2026\/01\/24\/ex-vencedores-do-bbb-confirmam-luta-de-boxe-e-prometem-agitar-o-ringue\/#primaryimage\"},\"image\":{\"@id\":\"https:\/\/portaldoestado.com.br\/index.php\/2026\/01\/24\/ex-vencedores-do-bbb-confirmam-luta-de-boxe-e-prometem-agitar-o-ringue\/#primaryimage\"},\"thumbnailUrl\":\"https:\/\/portaldoestado.com.br\/wp-content\/uploads\/2026\/01\/padrao-leo-2026-01-23T193209.200.jpg\",\"datePublished\":\"2026-01-24T16:47:09+00:00\",\"breadcrumb\":{\"@id\":\"https:\/\/portaldoestado.com.br\/index.php\/2026\/01\/24\/ex-vencedores-do-bbb-confirmam-luta-de-boxe-e-prometem-agitar-o-ringue\/#breadcrumb\"},\"inLanguage\":\"pt-BR\",\"potentialAction\":[{\"@type\":\"ReadAction\",\"target\":[\"https:\/\/portaldoestado.com.br\/index.php\/2026\/01\/24\/ex-vencedores-do-bbb-confirmam-luta-de-boxe-e-prometem-agitar-o-ringue\/\"]}]},{\"@type\":\"ImageObject\",\"inLanguage\":\"pt-BR\",\"@id\":\"https:\/\/portaldoestado.com.br\/index.php\/2026\/01\/24\/ex-vencedores-do-bbb-confirmam-luta-de-boxe-e-prometem-agitar-o-ringue\/#primaryimage\",\"url\":\"https:\/\/portaldoestado.com.br\/wp-content\/uploads\/2026\/01\/padrao-leo-2026-01-23T193209.200.jpg\",\"contentUrl\":\"https:\/\/portaldoestado.com.br\/wp-content\/uploads\/2026\/01\/padrao-leo-2026-01-23T193209.200.jpg\",\"width\":1200,\"height\":900},{\"@type\":\"BreadcrumbList\",\"@id\":\"https:\/\/portaldoestado.com.br\/index.php\/2026\/01\/24\/ex-vencedores-do-bbb-confirmam-luta-de-boxe-e-prometem-agitar-o-ringue\/#breadcrumb\",\"itemListElement\":[{\"@type\":\"ListItem\",\"position\":1,\"name\":\"In\u00edcio\",\"item\":\"https:\/\/portaldoestado.com.br\/\"},{\"@type\":\"ListItem\",\"position\":2,\"name\":\"Ex-vencedores do BBB confirmam luta de boxe e prometem agitar o ringue\"}]},{\"@type\":\"WebSite\",\"@id\":\"https:\/\/portaldoestado.com.br\/#website\",\"url\":\"https:\/\/portaldoestado.com.br\/\",\"name\":\"Portal do Estado\",\"description\":\"\",\"publisher\":{\"@id\":\"https:\/\/portaldoestado.com.br\/#organization\"},\"potentialAction\":[{\"@type\":\"SearchAction\",\"target\":{\"@type\":\"EntryPoint\",\"urlTemplate\":\"https:\/\/portaldoestado.com.br\/?s={search_term_string}\"},\"query-input\":{\"@type\":\"PropertyValueSpecification\",\"valueRequired\":true,\"valueName\":\"search_term_string\"}}],\"inLanguage\":\"pt-BR\"},{\"@type\":\"Organization\",\"@id\":\"https:\/\/portaldoestado.com.br\/#organization\",\"name\":\"Portal do Estado\",\"url\":\"https:\/\/portaldoestado.com.br\/\",\"logo\":{\"@type\":\"ImageObject\",\"inLanguage\":\"pt-BR\",\"@id\":\"https:\/\/portaldoestado.com.br\/#\/schema\/logo\/image\/\",\"url\":\"https:\/\/portaldoestado.com.br\/wp-content\/uploads\/2025\/04\/cropped-6f69b19a-6472-43bf-b1b3-e1910bbbd4e8.png\",\"contentUrl\":\"https:\/\/portaldoestado.com.br\/wp-content\/uploads\/2025\/04\/cropped-6f69b19a-6472-43bf-b1b3-e1910bbbd4e8.png\",\"width\":1024,\"height\":350,\"caption\":\"Portal do Estado\"},\"image\":{\"@id\":\"https:\/\/portaldoestado.com.br\/#\/schema\/logo\/image\/\"}},{\"@type\":\"Person\",\"@id\":\"https:\/\/portaldoestado.com.br\/#\/schema\/person\/5ca0174f3c8c84b59da62ea14b698cb9\",\"name\":\"assessoriadefamosos\",\"image\":{\"@type\":\"ImageObject\",\"inLanguage\":\"pt-BR\",\"@id\":\"https:\/\/portaldoestado.com.br\/#\/schema\/person\/image\/\",\"url\":\"https:\/\/secure.gravatar.com\/avatar\/a7acbdffcfbbae7240e59f47fe511ec5f5d8c252c779f0b8d9ab02a9e1d8c5ed?s=96&d=mm&r=g\",\"contentUrl\":\"https:\/\/secure.gravatar.com\/avatar\/a7acbdffcfbbae7240e59f47fe511ec5f5d8c252c779f0b8d9ab02a9e1d8c5ed?s=96&d=mm&r=g\",\"caption\":\"assessoriadefamosos\"},\"url\":\"https:\/\/portaldoestado.com.br\/index.php\/author\/assessoriadefamosos\/\"}]}<\/script>\n<!-- \/ Yoast SEO plugin. -->","yoast_head_json":{"title":"Ex-vencedores do BBB confirmam luta de boxe e prometem agitar o ringue - Portal do Estado","robots":{"index":"index","follow":"follow","max-snippet":"max-snippet:-1","max-image-preview":"max-image-preview:large","max-video-preview":"max-video-preview:-1"},"canonical":"https:\/\/portaldoestado.com.br\/index.php\/2026\/01\/24\/ex-vencedores-do-bbb-confirmam-luta-de-boxe-e-prometem-agitar-o-ringue\/","og_locale":"pt_BR","og_type":"article","og_title":"Ex-vencedores do BBB confirmam luta de boxe e prometem agitar o ringue - Portal do Estado","og_description":"Um confronto improv\u00e1vel entre campe\u00f5es do Big Brother Brasil est\u00e1 oficialmente marcado e j\u00e1 vem dando o que falar. Davi Brito, vencedor do BBB24, e Kleber Bambam, campe\u00e3o da edi\u00e7\u00e3o inaugural do reality, confirmaram que ir\u00e3o se enfrentar em uma luta de boxe, anunciada nesta sexta-feira (23\/1) pela organiza\u00e7\u00e3o respons\u00e1vel pelo evento. O duelo far\u00e1 \u2026","og_url":"https:\/\/portaldoestado.com.br\/index.php\/2026\/01\/24\/ex-vencedores-do-bbb-confirmam-luta-de-boxe-e-prometem-agitar-o-ringue\/","og_site_name":"Portal do Estado","article_published_time":"2026-01-24T16:47:09+00:00","og_image":[{"width":1200,"height":900,"url":"https:\/\/portaldoestado.com.br\/wp-content\/uploads\/2026\/01\/padrao-leo-2026-01-23T193209.200.jpg","type":"image\/jpeg"}],"author":"assessoriadefamosos","twitter_card":"summary_large_image","twitter_misc":{"Escrito por":"assessoriadefamosos","Est. tempo de leitura":"2 minutos"},"schema":{"@context":"https:\/\/schema.org","@graph":[{"@type":"Article","@id":"https:\/\/portaldoestado.com.br\/index.php\/2026\/01\/24\/ex-vencedores-do-bbb-confirmam-luta-de-boxe-e-prometem-agitar-o-ringue\/#article","isPartOf":{"@id":"https:\/\/portaldoestado.com.br\/index.php\/2026\/01\/24\/ex-vencedores-do-bbb-confirmam-luta-de-boxe-e-prometem-agitar-o-ringue\/"},"author":{"name":"assessoriadefamosos","@id":"https:\/\/portaldoestado.com.br\/#\/schema\/person\/5ca0174f3c8c84b59da62ea14b698cb9"},"headline":"Ex-vencedores do BBB confirmam luta de boxe e prometem agitar o ringue","datePublished":"2026-01-24T16:47:09+00:00","mainEntityOfPage":{"@id":"https:\/\/portaldoestado.com.br\/index.php\/2026\/01\/24\/ex-vencedores-do-bbb-confirmam-luta-de-boxe-e-prometem-agitar-o-ringue\/"},"wordCount":315,"publisher":{"@id":"https:\/\/portaldoestado.com.br\/#organization"},"image":{"@id":"https:\/\/portaldoestado.com.br\/index.php\/2026\/01\/24\/ex-vencedores-do-bbb-confirmam-luta-de-boxe-e-prometem-agitar-o-ringue\/#primaryimage"},"thumbnailUrl":"https:\/\/portaldoestado.com.br\/wp-content\/uploads\/2026\/01\/padrao-leo-2026-01-23T193209.200.jpg","articleSection":["Famosos"],"inLanguage":"pt-BR"},{"@type":"WebPage","@id":"https:\/\/portaldoestado.com.br\/index.php\/2026\/01\/24\/ex-vencedores-do-bbb-confirmam-luta-de-boxe-e-prometem-agitar-o-ringue\/","url":"https:\/\/portaldoestado.com.br\/index.php\/2026\/01\/24\/ex-vencedores-do-bbb-confirmam-luta-de-boxe-e-prometem-agitar-o-ringue\/","name":"Ex-vencedores do BBB confirmam luta de boxe e prometem agitar o ringue - Portal do Estado","isPartOf":{"@id":"https:\/\/portaldoestado.com.br\/#website"},"primaryImageOfPage":{"@id":"https:\/\/portaldoestado.com.br\/index.php\/2026\/01\/24\/ex-vencedores-do-bbb-confirmam-luta-de-boxe-e-prometem-agitar-o-ringue\/#primaryimage"},"image":{"@id":"https:\/\/portaldoestado.com.br\/index.php\/2026\/01\/24\/ex-vencedores-do-bbb-confirmam-luta-de-boxe-e-prometem-agitar-o-ringue\/#primaryimage"},"thumbnailUrl":"https:\/\/portaldoestado.com.br\/wp-content\/uploads\/2026\/01\/padrao-leo-2026-01-23T193209.200.jpg","datePublished":"2026-01-24T16:47:09+00:00","breadcrumb":{"@id":"https:\/\/portaldoestado.com.br\/index.php\/2026\/01\/24\/ex-vencedores-do-bbb-confirmam-luta-de-boxe-e-prometem-agitar-o-ringue\/#breadcrumb"},"inLanguage":"pt-BR","potentialAction":[{"@type":"ReadAction","target":["https:\/\/portaldoestado.com.br\/index.php\/2026\/01\/24\/ex-vencedores-do-bbb-confirmam-luta-de-boxe-e-prometem-agitar-o-ringue\/"]}]},{"@type":"ImageObject","inLanguage":"pt-BR","@id":"https:\/\/portaldoestado.com.br\/index.php\/2026\/01\/24\/ex-vencedores-do-bbb-confirmam-luta-de-boxe-e-prometem-agitar-o-ringue\/#primaryimage","url":"https:\/\/portaldoestado.com.br\/wp-content\/uploads\/2026\/01\/padrao-leo-2026-01-23T193209.200.jpg","contentUrl":"https:\/\/portaldoestado.com.br\/wp-content\/uploads\/2026\/01\/padrao-leo-2026-01-23T193209.200.jpg","width":1200,"height":900},{"@type":"BreadcrumbList","@id":"https:\/\/portaldoestado.com.br\/index.php\/2026\/01\/24\/ex-vencedores-do-bbb-confirmam-luta-de-boxe-e-prometem-agitar-o-ringue\/#breadcrumb","itemListElement":[{"@type":"ListItem","position":1,"name":"In\u00edcio","item":"https:\/\/portaldoestado.com.br\/"},{"@type":"ListItem","position":2,"name":"Ex-vencedores do BBB confirmam luta de boxe e prometem agitar o ringue"}]},{"@type":"WebSite","@id":"https:\/\/portaldoestado.com.br\/#website","url":"https:\/\/portaldoestado.com.br\/","name":"Portal do Estado","description":"","publisher":{"@id":"https:\/\/portaldoestado.com.br\/#organization"},"potentialAction":[{"@type":"SearchAction","target":{"@type":"EntryPoint","urlTemplate":"https:\/\/portaldoestado.com.br\/?s={search_term_string}"},"query-input":{"@type":"PropertyValueSpecification","valueRequired":true,"valueName":"search_term_string"}}],"inLanguage":"pt-BR"},{"@type":"Organization","@id":"https:\/\/portaldoestado.com.br\/#organization","name":"Portal do Estado","url":"https:\/\/portaldoestado.com.br\/","logo":{"@type":"ImageObject","inLanguage":"pt-BR","@id":"https:\/\/portaldoestado.com.br\/#\/schema\/logo\/image\/","url":"https:\/\/portaldoestado.com.br\/wp-content\/uploads\/2025\/04\/cropped-6f69b19a-6472-43bf-b1b3-e1910bbbd4e8.png","contentUrl":"https:\/\/portaldoestado.com.br\/wp-content\/uploads\/2025\/04\/cropped-6f69b19a-6472-43bf-b1b3-e1910bbbd4e8.png","width":1024,"height":350,"caption":"Portal do Estado"},"image":{"@id":"https:\/\/portaldoestado.com.br\/#\/schema\/logo\/image\/"}},{"@type":"Person","@id":"https:\/\/portaldoestado.com.br\/#\/schema\/person\/5ca0174f3c8c84b59da62ea14b698cb9","name":"assessoriadefamosos","image":{"@type":"ImageObject","inLanguage":"pt-BR","@id":"https:\/\/portaldoestado.com.br\/#\/schema\/person\/image\/","url":"https:\/\/secure.gravatar.com\/avatar\/a7acbdffcfbbae7240e59f47fe511ec5f5d8c252c779f0b8d9ab02a9e1d8c5ed?s=96&d=mm&r=g","contentUrl":"https:\/\/secure.gravatar.com\/avatar\/a7acbdffcfbbae7240e59f47fe511ec5f5d8c252c779f0b8d9ab02a9e1d8c5ed?s=96&d=mm&r=g","caption":"assessoriadefamosos"},"url":"https:\/\/portaldoestado.com.br\/index.php\/author\/assessoriadefamosos\/"}]}},"jetpack_featured_media_url":"https:\/\/portaldoestado.com.br\/wp-content\/uploads\/2026\/01\/padrao-leo-2026-01-23T193209.200.jpg","_links":{"self":[{"href":"https:\/\/portaldoestado.com.br\/index.php\/wp-json\/wp\/v2\/posts\/6037","targetHints":{"allow":["GET"]}}],"collection":[{"href":"https:\/\/portaldoestado.com.br\/index.php\/wp-json\/wp\/v2\/posts"}],"about":[{"href":"https:\/\/portaldoestado.com.br\/index.php\/wp-json\/wp\/v2\/types\/post"}],"author":[{"embeddable":true,"href":"https:\/\/portaldoestado.com.br\/index.php\/wp-json\/wp\/v2\/users\/2"}],"replies":[{"embeddable":true,"href":"https:\/\/portaldoestado.com.br\/index.php\/wp-json\/wp\/v2\/comments?post=6037"}],"version-history":[{"count":1,"href":"https:\/\/portaldoestado.com.br\/index.php\/wp-json\/wp\/v2\/posts\/6037\/revisions"}],"predecessor-version":[{"id":6038,"href":"https:\/\/portaldoestado.com.br\/index.php\/wp-json\/wp\/v2\/posts\/6037\/revisions\/6038"}],"wp:featuredmedia":[{"embeddable":true,"href":"https:\/\/portaldoestado.com.br\/index.php\/wp-json\/wp\/v2\/media\/6036"}],"wp:attachment":[{"href":"https:\/\/portaldoestado.com.br\/index.php\/wp-json\/wp\/v2\/media?parent=6037"}],"wp:term":[{"taxonomy":"category","embeddable":true,"href":"https:\/\/portaldoestado.com.br\/index.php\/wp-json\/wp\/v2\/categories?post=6037"},{"taxonomy":"post_tag","embeddable":true,"href":"https:\/\/portaldoestado.com.br\/index.php\/wp-json\/wp\/v2\/tags?post=6037"}],"curies":[{"name":"wp","href":"https:\/\/api.w.org\/{rel}","templated":true}]}}