{"id":6031,"date":"2026-01-23T15:57:10","date_gmt":"2026-01-23T15:57:10","guid":{"rendered":"https:\/\/portaldoestado.com.br\/?p=6031"},"modified":"2026-01-23T15:57:10","modified_gmt":"2026-01-23T15:57:10","slug":"a-dama-aposta-em-malvado-favorito-como-trilha-do-carnaval-2026","status":"publish","type":"post","link":"https:\/\/portaldoestado.com.br\/index.php\/2026\/01\/23\/a-dama-aposta-em-malvado-favorito-como-trilha-do-carnaval-2026\/","title":{"rendered":"A Dama aposta em \u201cMalvado Favorito\u201d como trilha do Carnaval 2026"},"content":{"rendered":"\n<p>A cantora A Dama apresentou \u201cMalvado Favorito\u201d como sua grande aposta para o Carnaval 2026. A m\u00fasica foi lan\u00e7ada na noite do \u00faltimo domingo (18), durante o encerramento da Mica Lauro, e j\u00e1 nasce com clima de hit, mirando os trios el\u00e9tricos e a folia de Salvador.<\/p>\n\n\n\n<p>A proposta da can\u00e7\u00e3o \u00e9 unir gera\u00e7\u00f5es em uma mesma vibra\u00e7\u00e3o carnavalesca. Para isso, A Dama apostou em uma combina\u00e7\u00e3o criativa: a cl\u00e1ssica cantiga de roda \u201cUni Duni T\u00ea\u201d, presente na mem\u00f3ria afetiva de diferentes gera\u00e7\u00f5es, com a refer\u00eancia ao personagem \u201cMalvado Favorito\u201d, figura popular entre as crian\u00e7as atualmente. O resultado \u00e9 uma m\u00fasica leve, dan\u00e7ante e pensada para ser cantada e coreografada por p\u00fablicos de todas as idades.<\/p>\n\n\n\n<p>\u201cQuero despertar a crian\u00e7a que existe dentro de cada um. Ver idosos dan\u00e7ando, adultos se divertindo e crian\u00e7as curtindo uma m\u00fasica que lembra brincadeiras como \u2018Uni Duni T\u00ea\u2019, \u2018Pula Corda\u2019 e \u2018Amarelinha\u2019. S\u00e3o experi\u00eancias que as gera\u00e7\u00f5es mais novas est\u00e3o perdendo\u201d, afirma a cantora.<\/p>\n\n\n\n<p><strong>Convite \u00e0 fantasia e \u00e0 divers\u00e3o<\/strong><\/p>\n\n\n\n<p>Al\u00e9m da m\u00fasica, \u201cMalvado Favorito\u201d tamb\u00e9m surge como um est\u00edmulo \u00e0 est\u00e9tica carnavalesca. A ideia \u00e9 incentivar o p\u00fablico a se fantasiar e viver o Carnaval de forma mais criativa e descontra\u00edda. \u201cA m\u00fasica tem tudo a ver com desenho e fantasia. D\u00e1 pra sair vestido de malvado favorito e arrasar nesse Carnaval\u201d, brinca A Dama.<\/p>\n\n\n\n<p><strong>Empoderamento feminino na letra<\/strong><\/p>\n\n\n\n<p>Apesar do tom l\u00fadico e da batida envolvente do pagod\u00e3o baiano, a letra traz uma mensagem clara de empoderamento feminino. Ao usar o \u201cUni Duni T\u00ea\u201d como met\u00e1fora para a escolha do \u201cmalvado\u201d, a artista refor\u00e7a o poder de decis\u00e3o da mulher em suas rela\u00e7\u00f5es.<\/p>\n\n\n\n<p>\u201cMulher pode ser o que quiser e escolher quem ela quer ao lado. Amor tem que ser escolha di\u00e1ria. Se traiu ou magoou, n\u00e3o merece. Quero mostrar que n\u00f3s temos o poder de decidir quem \u00e9 o nosso \u2018malvado favorito\u2019\u201d, conclui.<\/p>\n","protected":false},"excerpt":{"rendered":"<p>A cantora A Dama apresentou \u201cMalvado Favorito\u201d como sua grande aposta para o Carnaval 2026. A m\u00fasica foi lan\u00e7ada na noite do \u00faltimo domingo (18), durante o encerramento da Mica Lauro, e j\u00e1 nasce com clima de hit, mirando os trios el\u00e9tricos e a folia de Salvador. A proposta da can\u00e7\u00e3o \u00e9 unir gera\u00e7\u00f5es em \u2026<\/p>\n","protected":false},"author":2,"featured_media":6030,"comment_status":"closed","ping_status":"open","sticky":false,"template":"","format":"standard","meta":{"footnotes":""},"categories":[3],"tags":[],"class_list":["post-6031","post","type-post","status-publish","format-standard","has-post-thumbnail","hentry","category-famosos"],"yoast_head":"<!-- This site is optimized with the Yoast SEO plugin v25.5 - https:\/\/yoast.com\/wordpress\/plugins\/seo\/ -->\n<title>A Dama aposta em \u201cMalvado Favorito\u201d como trilha do Carnaval 2026 - Portal do Estado<\/title>\n<meta name=\"robots\" content=\"index, follow, max-snippet:-1, max-image-preview:large, max-video-preview:-1\" \/>\n<link rel=\"canonical\" href=\"https:\/\/portaldoestado.com.br\/index.php\/2026\/01\/23\/a-dama-aposta-em-malvado-favorito-como-trilha-do-carnaval-2026\/\" \/>\n<meta property=\"og:locale\" content=\"pt_BR\" \/>\n<meta property=\"og:type\" content=\"article\" \/>\n<meta property=\"og:title\" content=\"A Dama aposta em \u201cMalvado Favorito\u201d como trilha do Carnaval 2026 - Portal do Estado\" \/>\n<meta property=\"og:description\" content=\"A cantora A Dama apresentou \u201cMalvado Favorito\u201d como sua grande aposta para o Carnaval 2026. A m\u00fasica foi lan\u00e7ada na noite do \u00faltimo domingo (18), durante o encerramento da Mica Lauro, e j\u00e1 nasce com clima de hit, mirando os trios el\u00e9tricos e a folia de Salvador. A proposta da can\u00e7\u00e3o \u00e9 unir gera\u00e7\u00f5es em \u2026\" \/>\n<meta property=\"og:url\" content=\"https:\/\/portaldoestado.com.br\/index.php\/2026\/01\/23\/a-dama-aposta-em-malvado-favorito-como-trilha-do-carnaval-2026\/\" \/>\n<meta property=\"og:site_name\" content=\"Portal do Estado\" \/>\n<meta property=\"article:published_time\" content=\"2026-01-23T15:57:10+00:00\" \/>\n<meta property=\"og:image\" content=\"https:\/\/portaldoestado.com.br\/wp-content\/uploads\/2026\/01\/WhatsApp-Image-2026-01-23-at-12.37.56.jpeg\" \/>\n\t<meta property=\"og:image:width\" content=\"1600\" \/>\n\t<meta property=\"og:image:height\" content=\"1200\" \/>\n\t<meta property=\"og:image:type\" content=\"image\/jpeg\" \/>\n<meta name=\"author\" content=\"assessoriadefamosos\" \/>\n<meta name=\"twitter:card\" content=\"summary_large_image\" \/>\n<meta name=\"twitter:label1\" content=\"Escrito por\" \/>\n\t<meta name=\"twitter:data1\" content=\"assessoriadefamosos\" \/>\n\t<meta name=\"twitter:label2\" content=\"Est. tempo de leitura\" \/>\n\t<meta name=\"twitter:data2\" content=\"2 minutos\" \/>\n<script type=\"application\/ld+json\" class=\"yoast-schema-graph\">{\"@context\":\"https:\/\/schema.org\",\"@graph\":[{\"@type\":\"Article\",\"@id\":\"https:\/\/portaldoestado.com.br\/index.php\/2026\/01\/23\/a-dama-aposta-em-malvado-favorito-como-trilha-do-carnaval-2026\/#article\",\"isPartOf\":{\"@id\":\"https:\/\/portaldoestado.com.br\/index.php\/2026\/01\/23\/a-dama-aposta-em-malvado-favorito-como-trilha-do-carnaval-2026\/\"},\"author\":{\"name\":\"assessoriadefamosos\",\"@id\":\"https:\/\/portaldoestado.com.br\/#\/schema\/person\/5ca0174f3c8c84b59da62ea14b698cb9\"},\"headline\":\"A Dama aposta em \u201cMalvado Favorito\u201d como trilha do Carnaval 2026\",\"datePublished\":\"2026-01-23T15:57:10+00:00\",\"mainEntityOfPage\":{\"@id\":\"https:\/\/portaldoestado.com.br\/index.php\/2026\/01\/23\/a-dama-aposta-em-malvado-favorito-como-trilha-do-carnaval-2026\/\"},\"wordCount\":354,\"publisher\":{\"@id\":\"https:\/\/portaldoestado.com.br\/#organization\"},\"image\":{\"@id\":\"https:\/\/portaldoestado.com.br\/index.php\/2026\/01\/23\/a-dama-aposta-em-malvado-favorito-como-trilha-do-carnaval-2026\/#primaryimage\"},\"thumbnailUrl\":\"https:\/\/portaldoestado.com.br\/wp-content\/uploads\/2026\/01\/WhatsApp-Image-2026-01-23-at-12.37.56.jpeg\",\"articleSection\":[\"Famosos\"],\"inLanguage\":\"pt-BR\"},{\"@type\":\"WebPage\",\"@id\":\"https:\/\/portaldoestado.com.br\/index.php\/2026\/01\/23\/a-dama-aposta-em-malvado-favorito-como-trilha-do-carnaval-2026\/\",\"url\":\"https:\/\/portaldoestado.com.br\/index.php\/2026\/01\/23\/a-dama-aposta-em-malvado-favorito-como-trilha-do-carnaval-2026\/\",\"name\":\"A Dama aposta em \u201cMalvado Favorito\u201d como trilha do Carnaval 2026 - Portal do Estado\",\"isPartOf\":{\"@id\":\"https:\/\/portaldoestado.com.br\/#website\"},\"primaryImageOfPage\":{\"@id\":\"https:\/\/portaldoestado.com.br\/index.php\/2026\/01\/23\/a-dama-aposta-em-malvado-favorito-como-trilha-do-carnaval-2026\/#primaryimage\"},\"image\":{\"@id\":\"https:\/\/portaldoestado.com.br\/index.php\/2026\/01\/23\/a-dama-aposta-em-malvado-favorito-como-trilha-do-carnaval-2026\/#primaryimage\"},\"thumbnailUrl\":\"https:\/\/portaldoestado.com.br\/wp-content\/uploads\/2026\/01\/WhatsApp-Image-2026-01-23-at-12.37.56.jpeg\",\"datePublished\":\"2026-01-23T15:57:10+00:00\",\"breadcrumb\":{\"@id\":\"https:\/\/portaldoestado.com.br\/index.php\/2026\/01\/23\/a-dama-aposta-em-malvado-favorito-como-trilha-do-carnaval-2026\/#breadcrumb\"},\"inLanguage\":\"pt-BR\",\"potentialAction\":[{\"@type\":\"ReadAction\",\"target\":[\"https:\/\/portaldoestado.com.br\/index.php\/2026\/01\/23\/a-dama-aposta-em-malvado-favorito-como-trilha-do-carnaval-2026\/\"]}]},{\"@type\":\"ImageObject\",\"inLanguage\":\"pt-BR\",\"@id\":\"https:\/\/portaldoestado.com.br\/index.php\/2026\/01\/23\/a-dama-aposta-em-malvado-favorito-como-trilha-do-carnaval-2026\/#primaryimage\",\"url\":\"https:\/\/portaldoestado.com.br\/wp-content\/uploads\/2026\/01\/WhatsApp-Image-2026-01-23-at-12.37.56.jpeg\",\"contentUrl\":\"https:\/\/portaldoestado.com.br\/wp-content\/uploads\/2026\/01\/WhatsApp-Image-2026-01-23-at-12.37.56.jpeg\",\"width\":1600,\"height\":1200},{\"@type\":\"BreadcrumbList\",\"@id\":\"https:\/\/portaldoestado.com.br\/index.php\/2026\/01\/23\/a-dama-aposta-em-malvado-favorito-como-trilha-do-carnaval-2026\/#breadcrumb\",\"itemListElement\":[{\"@type\":\"ListItem\",\"position\":1,\"name\":\"In\u00edcio\",\"item\":\"https:\/\/portaldoestado.com.br\/\"},{\"@type\":\"ListItem\",\"position\":2,\"name\":\"A Dama aposta em \u201cMalvado Favorito\u201d como trilha do Carnaval 2026\"}]},{\"@type\":\"WebSite\",\"@id\":\"https:\/\/portaldoestado.com.br\/#website\",\"url\":\"https:\/\/portaldoestado.com.br\/\",\"name\":\"Portal do Estado\",\"description\":\"\",\"publisher\":{\"@id\":\"https:\/\/portaldoestado.com.br\/#organization\"},\"potentialAction\":[{\"@type\":\"SearchAction\",\"target\":{\"@type\":\"EntryPoint\",\"urlTemplate\":\"https:\/\/portaldoestado.com.br\/?s={search_term_string}\"},\"query-input\":{\"@type\":\"PropertyValueSpecification\",\"valueRequired\":true,\"valueName\":\"search_term_string\"}}],\"inLanguage\":\"pt-BR\"},{\"@type\":\"Organization\",\"@id\":\"https:\/\/portaldoestado.com.br\/#organization\",\"name\":\"Portal do Estado\",\"url\":\"https:\/\/portaldoestado.com.br\/\",\"logo\":{\"@type\":\"ImageObject\",\"inLanguage\":\"pt-BR\",\"@id\":\"https:\/\/portaldoestado.com.br\/#\/schema\/logo\/image\/\",\"url\":\"https:\/\/portaldoestado.com.br\/wp-content\/uploads\/2025\/04\/cropped-6f69b19a-6472-43bf-b1b3-e1910bbbd4e8.png\",\"contentUrl\":\"https:\/\/portaldoestado.com.br\/wp-content\/uploads\/2025\/04\/cropped-6f69b19a-6472-43bf-b1b3-e1910bbbd4e8.png\",\"width\":1024,\"height\":350,\"caption\":\"Portal do Estado\"},\"image\":{\"@id\":\"https:\/\/portaldoestado.com.br\/#\/schema\/logo\/image\/\"}},{\"@type\":\"Person\",\"@id\":\"https:\/\/portaldoestado.com.br\/#\/schema\/person\/5ca0174f3c8c84b59da62ea14b698cb9\",\"name\":\"assessoriadefamosos\",\"image\":{\"@type\":\"ImageObject\",\"inLanguage\":\"pt-BR\",\"@id\":\"https:\/\/portaldoestado.com.br\/#\/schema\/person\/image\/\",\"url\":\"https:\/\/secure.gravatar.com\/avatar\/a7acbdffcfbbae7240e59f47fe511ec5f5d8c252c779f0b8d9ab02a9e1d8c5ed?s=96&d=mm&r=g\",\"contentUrl\":\"https:\/\/secure.gravatar.com\/avatar\/a7acbdffcfbbae7240e59f47fe511ec5f5d8c252c779f0b8d9ab02a9e1d8c5ed?s=96&d=mm&r=g\",\"caption\":\"assessoriadefamosos\"},\"url\":\"https:\/\/portaldoestado.com.br\/index.php\/author\/assessoriadefamosos\/\"}]}<\/script>\n<!-- \/ Yoast SEO plugin. -->","yoast_head_json":{"title":"A Dama aposta em \u201cMalvado Favorito\u201d como trilha do Carnaval 2026 - Portal do Estado","robots":{"index":"index","follow":"follow","max-snippet":"max-snippet:-1","max-image-preview":"max-image-preview:large","max-video-preview":"max-video-preview:-1"},"canonical":"https:\/\/portaldoestado.com.br\/index.php\/2026\/01\/23\/a-dama-aposta-em-malvado-favorito-como-trilha-do-carnaval-2026\/","og_locale":"pt_BR","og_type":"article","og_title":"A Dama aposta em \u201cMalvado Favorito\u201d como trilha do Carnaval 2026 - Portal do Estado","og_description":"A cantora A Dama apresentou \u201cMalvado Favorito\u201d como sua grande aposta para o Carnaval 2026. A m\u00fasica foi lan\u00e7ada na noite do \u00faltimo domingo (18), durante o encerramento da Mica Lauro, e j\u00e1 nasce com clima de hit, mirando os trios el\u00e9tricos e a folia de Salvador. A proposta da can\u00e7\u00e3o \u00e9 unir gera\u00e7\u00f5es em \u2026","og_url":"https:\/\/portaldoestado.com.br\/index.php\/2026\/01\/23\/a-dama-aposta-em-malvado-favorito-como-trilha-do-carnaval-2026\/","og_site_name":"Portal do Estado","article_published_time":"2026-01-23T15:57:10+00:00","og_image":[{"width":1600,"height":1200,"url":"https:\/\/portaldoestado.com.br\/wp-content\/uploads\/2026\/01\/WhatsApp-Image-2026-01-23-at-12.37.56.jpeg","type":"image\/jpeg"}],"author":"assessoriadefamosos","twitter_card":"summary_large_image","twitter_misc":{"Escrito por":"assessoriadefamosos","Est. tempo de leitura":"2 minutos"},"schema":{"@context":"https:\/\/schema.org","@graph":[{"@type":"Article","@id":"https:\/\/portaldoestado.com.br\/index.php\/2026\/01\/23\/a-dama-aposta-em-malvado-favorito-como-trilha-do-carnaval-2026\/#article","isPartOf":{"@id":"https:\/\/portaldoestado.com.br\/index.php\/2026\/01\/23\/a-dama-aposta-em-malvado-favorito-como-trilha-do-carnaval-2026\/"},"author":{"name":"assessoriadefamosos","@id":"https:\/\/portaldoestado.com.br\/#\/schema\/person\/5ca0174f3c8c84b59da62ea14b698cb9"},"headline":"A Dama aposta em \u201cMalvado Favorito\u201d como trilha do Carnaval 2026","datePublished":"2026-01-23T15:57:10+00:00","mainEntityOfPage":{"@id":"https:\/\/portaldoestado.com.br\/index.php\/2026\/01\/23\/a-dama-aposta-em-malvado-favorito-como-trilha-do-carnaval-2026\/"},"wordCount":354,"publisher":{"@id":"https:\/\/portaldoestado.com.br\/#organization"},"image":{"@id":"https:\/\/portaldoestado.com.br\/index.php\/2026\/01\/23\/a-dama-aposta-em-malvado-favorito-como-trilha-do-carnaval-2026\/#primaryimage"},"thumbnailUrl":"https:\/\/portaldoestado.com.br\/wp-content\/uploads\/2026\/01\/WhatsApp-Image-2026-01-23-at-12.37.56.jpeg","articleSection":["Famosos"],"inLanguage":"pt-BR"},{"@type":"WebPage","@id":"https:\/\/portaldoestado.com.br\/index.php\/2026\/01\/23\/a-dama-aposta-em-malvado-favorito-como-trilha-do-carnaval-2026\/","url":"https:\/\/portaldoestado.com.br\/index.php\/2026\/01\/23\/a-dama-aposta-em-malvado-favorito-como-trilha-do-carnaval-2026\/","name":"A Dama aposta em \u201cMalvado Favorito\u201d como trilha do Carnaval 2026 - Portal do Estado","isPartOf":{"@id":"https:\/\/portaldoestado.com.br\/#website"},"primaryImageOfPage":{"@id":"https:\/\/portaldoestado.com.br\/index.php\/2026\/01\/23\/a-dama-aposta-em-malvado-favorito-como-trilha-do-carnaval-2026\/#primaryimage"},"image":{"@id":"https:\/\/portaldoestado.com.br\/index.php\/2026\/01\/23\/a-dama-aposta-em-malvado-favorito-como-trilha-do-carnaval-2026\/#primaryimage"},"thumbnailUrl":"https:\/\/portaldoestado.com.br\/wp-content\/uploads\/2026\/01\/WhatsApp-Image-2026-01-23-at-12.37.56.jpeg","datePublished":"2026-01-23T15:57:10+00:00","breadcrumb":{"@id":"https:\/\/portaldoestado.com.br\/index.php\/2026\/01\/23\/a-dama-aposta-em-malvado-favorito-como-trilha-do-carnaval-2026\/#breadcrumb"},"inLanguage":"pt-BR","potentialAction":[{"@type":"ReadAction","target":["https:\/\/portaldoestado.com.br\/index.php\/2026\/01\/23\/a-dama-aposta-em-malvado-favorito-como-trilha-do-carnaval-2026\/"]}]},{"@type":"ImageObject","inLanguage":"pt-BR","@id":"https:\/\/portaldoestado.com.br\/index.php\/2026\/01\/23\/a-dama-aposta-em-malvado-favorito-como-trilha-do-carnaval-2026\/#primaryimage","url":"https:\/\/portaldoestado.com.br\/wp-content\/uploads\/2026\/01\/WhatsApp-Image-2026-01-23-at-12.37.56.jpeg","contentUrl":"https:\/\/portaldoestado.com.br\/wp-content\/uploads\/2026\/01\/WhatsApp-Image-2026-01-23-at-12.37.56.jpeg","width":1600,"height":1200},{"@type":"BreadcrumbList","@id":"https:\/\/portaldoestado.com.br\/index.php\/2026\/01\/23\/a-dama-aposta-em-malvado-favorito-como-trilha-do-carnaval-2026\/#breadcrumb","itemListElement":[{"@type":"ListItem","position":1,"name":"In\u00edcio","item":"https:\/\/portaldoestado.com.br\/"},{"@type":"ListItem","position":2,"name":"A Dama aposta em \u201cMalvado Favorito\u201d como trilha do Carnaval 2026"}]},{"@type":"WebSite","@id":"https:\/\/portaldoestado.com.br\/#website","url":"https:\/\/portaldoestado.com.br\/","name":"Portal do Estado","description":"","publisher":{"@id":"https:\/\/portaldoestado.com.br\/#organization"},"potentialAction":[{"@type":"SearchAction","target":{"@type":"EntryPoint","urlTemplate":"https:\/\/portaldoestado.com.br\/?s={search_term_string}"},"query-input":{"@type":"PropertyValueSpecification","valueRequired":true,"valueName":"search_term_string"}}],"inLanguage":"pt-BR"},{"@type":"Organization","@id":"https:\/\/portaldoestado.com.br\/#organization","name":"Portal do Estado","url":"https:\/\/portaldoestado.com.br\/","logo":{"@type":"ImageObject","inLanguage":"pt-BR","@id":"https:\/\/portaldoestado.com.br\/#\/schema\/logo\/image\/","url":"https:\/\/portaldoestado.com.br\/wp-content\/uploads\/2025\/04\/cropped-6f69b19a-6472-43bf-b1b3-e1910bbbd4e8.png","contentUrl":"https:\/\/portaldoestado.com.br\/wp-content\/uploads\/2025\/04\/cropped-6f69b19a-6472-43bf-b1b3-e1910bbbd4e8.png","width":1024,"height":350,"caption":"Portal do Estado"},"image":{"@id":"https:\/\/portaldoestado.com.br\/#\/schema\/logo\/image\/"}},{"@type":"Person","@id":"https:\/\/portaldoestado.com.br\/#\/schema\/person\/5ca0174f3c8c84b59da62ea14b698cb9","name":"assessoriadefamosos","image":{"@type":"ImageObject","inLanguage":"pt-BR","@id":"https:\/\/portaldoestado.com.br\/#\/schema\/person\/image\/","url":"https:\/\/secure.gravatar.com\/avatar\/a7acbdffcfbbae7240e59f47fe511ec5f5d8c252c779f0b8d9ab02a9e1d8c5ed?s=96&d=mm&r=g","contentUrl":"https:\/\/secure.gravatar.com\/avatar\/a7acbdffcfbbae7240e59f47fe511ec5f5d8c252c779f0b8d9ab02a9e1d8c5ed?s=96&d=mm&r=g","caption":"assessoriadefamosos"},"url":"https:\/\/portaldoestado.com.br\/index.php\/author\/assessoriadefamosos\/"}]}},"jetpack_featured_media_url":"https:\/\/portaldoestado.com.br\/wp-content\/uploads\/2026\/01\/WhatsApp-Image-2026-01-23-at-12.37.56.jpeg","_links":{"self":[{"href":"https:\/\/portaldoestado.com.br\/index.php\/wp-json\/wp\/v2\/posts\/6031","targetHints":{"allow":["GET"]}}],"collection":[{"href":"https:\/\/portaldoestado.com.br\/index.php\/wp-json\/wp\/v2\/posts"}],"about":[{"href":"https:\/\/portaldoestado.com.br\/index.php\/wp-json\/wp\/v2\/types\/post"}],"author":[{"embeddable":true,"href":"https:\/\/portaldoestado.com.br\/index.php\/wp-json\/wp\/v2\/users\/2"}],"replies":[{"embeddable":true,"href":"https:\/\/portaldoestado.com.br\/index.php\/wp-json\/wp\/v2\/comments?post=6031"}],"version-history":[{"count":1,"href":"https:\/\/portaldoestado.com.br\/index.php\/wp-json\/wp\/v2\/posts\/6031\/revisions"}],"predecessor-version":[{"id":6032,"href":"https:\/\/portaldoestado.com.br\/index.php\/wp-json\/wp\/v2\/posts\/6031\/revisions\/6032"}],"wp:featuredmedia":[{"embeddable":true,"href":"https:\/\/portaldoestado.com.br\/index.php\/wp-json\/wp\/v2\/media\/6030"}],"wp:attachment":[{"href":"https:\/\/portaldoestado.com.br\/index.php\/wp-json\/wp\/v2\/media?parent=6031"}],"wp:term":[{"taxonomy":"category","embeddable":true,"href":"https:\/\/portaldoestado.com.br\/index.php\/wp-json\/wp\/v2\/categories?post=6031"},{"taxonomy":"post_tag","embeddable":true,"href":"https:\/\/portaldoestado.com.br\/index.php\/wp-json\/wp\/v2\/tags?post=6031"}],"curies":[{"name":"wp","href":"https:\/\/api.w.org\/{rel}","templated":true}]}}