{"id":6028,"date":"2026-01-23T15:52:33","date_gmt":"2026-01-23T15:52:33","guid":{"rendered":"https:\/\/portaldoestado.com.br\/?p=6028"},"modified":"2026-01-23T15:52:33","modified_gmt":"2026-01-23T15:52:33","slug":"absb-completa-15-anos-e-consolida-protagonismo-na-transformacao-do-setor-da-beleza-no-brasil","status":"publish","type":"post","link":"https:\/\/portaldoestado.com.br\/index.php\/2026\/01\/23\/absb-completa-15-anos-e-consolida-protagonismo-na-transformacao-do-setor-da-beleza-no-brasil\/","title":{"rendered":"ABSB completa 15 anos e consolida protagonismo na transforma\u00e7\u00e3o do setor da beleza no Brasil"},"content":{"rendered":"\n<p>A Associa\u00e7\u00e3o Brasileira de Sal\u00f5es de Beleza (ABSB) celebra 15 anos de atua\u00e7\u00e3o com um legado que mudou a forma como o setor da beleza se organiza, trabalha e se reconhece no pa\u00eds. Sob a presid\u00eancia de Jos\u00e9 Augusto Nascimento dos Santos, a entidade se tornou refer\u00eancia nacional ao liderar avan\u00e7os jur\u00eddicos e institucionais que trouxeram seguran\u00e7a, profissionaliza\u00e7\u00e3o e voz a um mercado historicamente marcado pela informalidade.<\/p>\n\n\n\n<p><strong>Um mercado forte que precisava de regras claras<\/strong>\nFormado majoritariamente por profissionais aut\u00f4nomos \u2014 como cabeleireiros, manicures, barbeiros e esteticistas \u2014, o setor da beleza sempre teve uma din\u00e2mica pr\u00f3pria, pouco contemplada pela legisla\u00e7\u00e3o trabalhista tradicional. A aus\u00eancia de amparo legal gerava inseguran\u00e7a para sal\u00f5es e trabalhadores. Foi nesse contexto que a ABSB surgiu, com a miss\u00e3o de organizar e representar um segmento que re\u00fane cerca de 100 mil estabelecimentos no Brasil.<\/p>\n\n\n\n<p><strong>Lei do Sal\u00e3o-Parceiro: um divisor de \u00e1guas<\/strong>\nO maior marco da trajet\u00f3ria da entidade foi a articula\u00e7\u00e3o para a aprova\u00e7\u00e3o da Lei 13.352\/2016, a Lei do Sal\u00e3o-Parceiro. A norma regulamentou a rela\u00e7\u00e3o de parceria entre sal\u00f5es e profissionais, permitindo contratos civis que preservam a autonomia do trabalhador e garantem seguran\u00e7a jur\u00eddica aos empreendedores.\nA ABSB teve papel decisivo na constru\u00e7\u00e3o do texto legal, atuando ao lado do Sebrae Nacional, juristas, sindicatos e representantes da categoria. Em 2021, o Supremo Tribunal Federal confirmou a constitucionalidade da lei ao julgar a ADI 5625, consolidando o modelo e estabelecendo precedente nacional.<\/p>\n\n\n\n<p><strong>Parcerias e fortalecimento institucional<\/strong>\nAo longo dos anos, a ABSB construiu uma rela\u00e7\u00e3o estrat\u00e9gica com o Sebrae Nacional, que resultou em estudos t\u00e9cnicos, apoio regulat\u00f3rio, pesquisas in\u00e9ditas e a\u00e7\u00f5es de suporte ao setor \u2014 especialmente durante a pandemia. A entidade tamb\u00e9m dialogou com a Anvisa para adequa\u00e7\u00f5es sanit\u00e1rias voltadas ao MEI Beleza e contribuiu para avan\u00e7os tribut\u00e1rios e normativos.<\/p>\n\n\n\n<p><strong>Um trabalho coletivo com impacto nacional<\/strong>\nA hist\u00f3ria da ABSB \u00e9 resultado da uni\u00e3o entre profissionais da beleza, gestores de sal\u00f5es, l\u00edderes associativos, ind\u00fastria cosm\u00e9tica, juristas e especialistas. Juntos, transformaram um setor informal em um mercado mais estruturado, competitivo e reconhecido.<\/p>\n\n\n\n<p><strong>15 anos de conquistas \u2014 e de futuro<\/strong>\nAo completar 15 anos, a ABSB reafirma seu papel como agente de transforma\u00e7\u00e3o do mercado da beleza no Brasil. A entidade segue essencial para o desenvolvimento sustent\u00e1vel do setor, convertendo desafios em avan\u00e7os e garantindo que milh\u00f5es de profissionais e empreendedores tenham seguran\u00e7a para crescer.<\/p>\n","protected":false},"excerpt":{"rendered":"<p>A Associa\u00e7\u00e3o Brasileira de Sal\u00f5es de Beleza (ABSB) celebra 15 anos de atua\u00e7\u00e3o com um legado que mudou a forma como o setor da beleza se organiza, trabalha e se reconhece no pa\u00eds. Sob a presid\u00eancia de Jos\u00e9 Augusto Nascimento dos Santos, a entidade se tornou refer\u00eancia nacional ao liderar avan\u00e7os jur\u00eddicos e institucionais que \u2026<\/p>\n","protected":false},"author":2,"featured_media":6027,"comment_status":"closed","ping_status":"open","sticky":false,"template":"","format":"standard","meta":{"footnotes":""},"categories":[3],"tags":[],"class_list":["post-6028","post","type-post","status-publish","format-standard","has-post-thumbnail","hentry","category-famosos"],"yoast_head":"<!-- This site is optimized with the Yoast SEO plugin v25.5 - https:\/\/yoast.com\/wordpress\/plugins\/seo\/ -->\n<title>ABSB completa 15 anos e consolida protagonismo na transforma\u00e7\u00e3o do setor da beleza no Brasil - Portal do Estado<\/title>\n<meta name=\"robots\" content=\"index, follow, max-snippet:-1, max-image-preview:large, max-video-preview:-1\" \/>\n<link rel=\"canonical\" href=\"https:\/\/portaldoestado.com.br\/index.php\/2026\/01\/23\/absb-completa-15-anos-e-consolida-protagonismo-na-transformacao-do-setor-da-beleza-no-brasil\/\" \/>\n<meta property=\"og:locale\" content=\"pt_BR\" \/>\n<meta property=\"og:type\" content=\"article\" \/>\n<meta property=\"og:title\" content=\"ABSB completa 15 anos e consolida protagonismo na transforma\u00e7\u00e3o do setor da beleza no Brasil - Portal do Estado\" \/>\n<meta property=\"og:description\" content=\"A Associa\u00e7\u00e3o Brasileira de Sal\u00f5es de Beleza (ABSB) celebra 15 anos de atua\u00e7\u00e3o com um legado que mudou a forma como o setor da beleza se organiza, trabalha e se reconhece no pa\u00eds. Sob a presid\u00eancia de Jos\u00e9 Augusto Nascimento dos Santos, a entidade se tornou refer\u00eancia nacional ao liderar avan\u00e7os jur\u00eddicos e institucionais que \u2026\" \/>\n<meta property=\"og:url\" content=\"https:\/\/portaldoestado.com.br\/index.php\/2026\/01\/23\/absb-completa-15-anos-e-consolida-protagonismo-na-transformacao-do-setor-da-beleza-no-brasil\/\" \/>\n<meta property=\"og:site_name\" content=\"Portal do Estado\" \/>\n<meta property=\"article:published_time\" content=\"2026-01-23T15:52:33+00:00\" \/>\n<meta property=\"og:image\" content=\"https:\/\/portaldoestado.com.br\/wp-content\/uploads\/2026\/01\/WhatsApp-Image-2026-01-23-at-12.34.36.jpeg\" \/>\n\t<meta property=\"og:image:width\" content=\"1600\" \/>\n\t<meta property=\"og:image:height\" content=\"968\" \/>\n\t<meta property=\"og:image:type\" content=\"image\/jpeg\" \/>\n<meta name=\"author\" content=\"assessoriadefamosos\" \/>\n<meta name=\"twitter:card\" content=\"summary_large_image\" \/>\n<meta name=\"twitter:label1\" content=\"Escrito por\" \/>\n\t<meta name=\"twitter:data1\" content=\"assessoriadefamosos\" \/>\n\t<meta name=\"twitter:label2\" content=\"Est. tempo de leitura\" \/>\n\t<meta name=\"twitter:data2\" content=\"2 minutos\" \/>\n<script type=\"application\/ld+json\" class=\"yoast-schema-graph\">{\"@context\":\"https:\/\/schema.org\",\"@graph\":[{\"@type\":\"Article\",\"@id\":\"https:\/\/portaldoestado.com.br\/index.php\/2026\/01\/23\/absb-completa-15-anos-e-consolida-protagonismo-na-transformacao-do-setor-da-beleza-no-brasil\/#article\",\"isPartOf\":{\"@id\":\"https:\/\/portaldoestado.com.br\/index.php\/2026\/01\/23\/absb-completa-15-anos-e-consolida-protagonismo-na-transformacao-do-setor-da-beleza-no-brasil\/\"},\"author\":{\"name\":\"assessoriadefamosos\",\"@id\":\"https:\/\/portaldoestado.com.br\/#\/schema\/person\/5ca0174f3c8c84b59da62ea14b698cb9\"},\"headline\":\"ABSB completa 15 anos e consolida protagonismo na transforma\u00e7\u00e3o do setor da beleza no Brasil\",\"datePublished\":\"2026-01-23T15:52:33+00:00\",\"mainEntityOfPage\":{\"@id\":\"https:\/\/portaldoestado.com.br\/index.php\/2026\/01\/23\/absb-completa-15-anos-e-consolida-protagonismo-na-transformacao-do-setor-da-beleza-no-brasil\/\"},\"wordCount\":444,\"publisher\":{\"@id\":\"https:\/\/portaldoestado.com.br\/#organization\"},\"image\":{\"@id\":\"https:\/\/portaldoestado.com.br\/index.php\/2026\/01\/23\/absb-completa-15-anos-e-consolida-protagonismo-na-transformacao-do-setor-da-beleza-no-brasil\/#primaryimage\"},\"thumbnailUrl\":\"https:\/\/portaldoestado.com.br\/wp-content\/uploads\/2026\/01\/WhatsApp-Image-2026-01-23-at-12.34.36.jpeg\",\"articleSection\":[\"Famosos\"],\"inLanguage\":\"pt-BR\"},{\"@type\":\"WebPage\",\"@id\":\"https:\/\/portaldoestado.com.br\/index.php\/2026\/01\/23\/absb-completa-15-anos-e-consolida-protagonismo-na-transformacao-do-setor-da-beleza-no-brasil\/\",\"url\":\"https:\/\/portaldoestado.com.br\/index.php\/2026\/01\/23\/absb-completa-15-anos-e-consolida-protagonismo-na-transformacao-do-setor-da-beleza-no-brasil\/\",\"name\":\"ABSB completa 15 anos e consolida protagonismo na transforma\u00e7\u00e3o do setor da beleza no Brasil - Portal do Estado\",\"isPartOf\":{\"@id\":\"https:\/\/portaldoestado.com.br\/#website\"},\"primaryImageOfPage\":{\"@id\":\"https:\/\/portaldoestado.com.br\/index.php\/2026\/01\/23\/absb-completa-15-anos-e-consolida-protagonismo-na-transformacao-do-setor-da-beleza-no-brasil\/#primaryimage\"},\"image\":{\"@id\":\"https:\/\/portaldoestado.com.br\/index.php\/2026\/01\/23\/absb-completa-15-anos-e-consolida-protagonismo-na-transformacao-do-setor-da-beleza-no-brasil\/#primaryimage\"},\"thumbnailUrl\":\"https:\/\/portaldoestado.com.br\/wp-content\/uploads\/2026\/01\/WhatsApp-Image-2026-01-23-at-12.34.36.jpeg\",\"datePublished\":\"2026-01-23T15:52:33+00:00\",\"breadcrumb\":{\"@id\":\"https:\/\/portaldoestado.com.br\/index.php\/2026\/01\/23\/absb-completa-15-anos-e-consolida-protagonismo-na-transformacao-do-setor-da-beleza-no-brasil\/#breadcrumb\"},\"inLanguage\":\"pt-BR\",\"potentialAction\":[{\"@type\":\"ReadAction\",\"target\":[\"https:\/\/portaldoestado.com.br\/index.php\/2026\/01\/23\/absb-completa-15-anos-e-consolida-protagonismo-na-transformacao-do-setor-da-beleza-no-brasil\/\"]}]},{\"@type\":\"ImageObject\",\"inLanguage\":\"pt-BR\",\"@id\":\"https:\/\/portaldoestado.com.br\/index.php\/2026\/01\/23\/absb-completa-15-anos-e-consolida-protagonismo-na-transformacao-do-setor-da-beleza-no-brasil\/#primaryimage\",\"url\":\"https:\/\/portaldoestado.com.br\/wp-content\/uploads\/2026\/01\/WhatsApp-Image-2026-01-23-at-12.34.36.jpeg\",\"contentUrl\":\"https:\/\/portaldoestado.com.br\/wp-content\/uploads\/2026\/01\/WhatsApp-Image-2026-01-23-at-12.34.36.jpeg\",\"width\":1600,\"height\":968},{\"@type\":\"BreadcrumbList\",\"@id\":\"https:\/\/portaldoestado.com.br\/index.php\/2026\/01\/23\/absb-completa-15-anos-e-consolida-protagonismo-na-transformacao-do-setor-da-beleza-no-brasil\/#breadcrumb\",\"itemListElement\":[{\"@type\":\"ListItem\",\"position\":1,\"name\":\"In\u00edcio\",\"item\":\"https:\/\/portaldoestado.com.br\/\"},{\"@type\":\"ListItem\",\"position\":2,\"name\":\"ABSB completa 15 anos e consolida protagonismo na transforma\u00e7\u00e3o do setor da beleza no Brasil\"}]},{\"@type\":\"WebSite\",\"@id\":\"https:\/\/portaldoestado.com.br\/#website\",\"url\":\"https:\/\/portaldoestado.com.br\/\",\"name\":\"Portal do Estado\",\"description\":\"\",\"publisher\":{\"@id\":\"https:\/\/portaldoestado.com.br\/#organization\"},\"potentialAction\":[{\"@type\":\"SearchAction\",\"target\":{\"@type\":\"EntryPoint\",\"urlTemplate\":\"https:\/\/portaldoestado.com.br\/?s={search_term_string}\"},\"query-input\":{\"@type\":\"PropertyValueSpecification\",\"valueRequired\":true,\"valueName\":\"search_term_string\"}}],\"inLanguage\":\"pt-BR\"},{\"@type\":\"Organization\",\"@id\":\"https:\/\/portaldoestado.com.br\/#organization\",\"name\":\"Portal do Estado\",\"url\":\"https:\/\/portaldoestado.com.br\/\",\"logo\":{\"@type\":\"ImageObject\",\"inLanguage\":\"pt-BR\",\"@id\":\"https:\/\/portaldoestado.com.br\/#\/schema\/logo\/image\/\",\"url\":\"https:\/\/portaldoestado.com.br\/wp-content\/uploads\/2025\/04\/cropped-6f69b19a-6472-43bf-b1b3-e1910bbbd4e8.png\",\"contentUrl\":\"https:\/\/portaldoestado.com.br\/wp-content\/uploads\/2025\/04\/cropped-6f69b19a-6472-43bf-b1b3-e1910bbbd4e8.png\",\"width\":1024,\"height\":350,\"caption\":\"Portal do Estado\"},\"image\":{\"@id\":\"https:\/\/portaldoestado.com.br\/#\/schema\/logo\/image\/\"}},{\"@type\":\"Person\",\"@id\":\"https:\/\/portaldoestado.com.br\/#\/schema\/person\/5ca0174f3c8c84b59da62ea14b698cb9\",\"name\":\"assessoriadefamosos\",\"image\":{\"@type\":\"ImageObject\",\"inLanguage\":\"pt-BR\",\"@id\":\"https:\/\/portaldoestado.com.br\/#\/schema\/person\/image\/\",\"url\":\"https:\/\/secure.gravatar.com\/avatar\/a7acbdffcfbbae7240e59f47fe511ec5f5d8c252c779f0b8d9ab02a9e1d8c5ed?s=96&d=mm&r=g\",\"contentUrl\":\"https:\/\/secure.gravatar.com\/avatar\/a7acbdffcfbbae7240e59f47fe511ec5f5d8c252c779f0b8d9ab02a9e1d8c5ed?s=96&d=mm&r=g\",\"caption\":\"assessoriadefamosos\"},\"url\":\"https:\/\/portaldoestado.com.br\/index.php\/author\/assessoriadefamosos\/\"}]}<\/script>\n<!-- \/ Yoast SEO plugin. -->","yoast_head_json":{"title":"ABSB completa 15 anos e consolida protagonismo na transforma\u00e7\u00e3o do setor da beleza no Brasil - Portal do Estado","robots":{"index":"index","follow":"follow","max-snippet":"max-snippet:-1","max-image-preview":"max-image-preview:large","max-video-preview":"max-video-preview:-1"},"canonical":"https:\/\/portaldoestado.com.br\/index.php\/2026\/01\/23\/absb-completa-15-anos-e-consolida-protagonismo-na-transformacao-do-setor-da-beleza-no-brasil\/","og_locale":"pt_BR","og_type":"article","og_title":"ABSB completa 15 anos e consolida protagonismo na transforma\u00e7\u00e3o do setor da beleza no Brasil - Portal do Estado","og_description":"A Associa\u00e7\u00e3o Brasileira de Sal\u00f5es de Beleza (ABSB) celebra 15 anos de atua\u00e7\u00e3o com um legado que mudou a forma como o setor da beleza se organiza, trabalha e se reconhece no pa\u00eds. Sob a presid\u00eancia de Jos\u00e9 Augusto Nascimento dos Santos, a entidade se tornou refer\u00eancia nacional ao liderar avan\u00e7os jur\u00eddicos e institucionais que \u2026","og_url":"https:\/\/portaldoestado.com.br\/index.php\/2026\/01\/23\/absb-completa-15-anos-e-consolida-protagonismo-na-transformacao-do-setor-da-beleza-no-brasil\/","og_site_name":"Portal do Estado","article_published_time":"2026-01-23T15:52:33+00:00","og_image":[{"width":1600,"height":968,"url":"https:\/\/portaldoestado.com.br\/wp-content\/uploads\/2026\/01\/WhatsApp-Image-2026-01-23-at-12.34.36.jpeg","type":"image\/jpeg"}],"author":"assessoriadefamosos","twitter_card":"summary_large_image","twitter_misc":{"Escrito por":"assessoriadefamosos","Est. tempo de leitura":"2 minutos"},"schema":{"@context":"https:\/\/schema.org","@graph":[{"@type":"Article","@id":"https:\/\/portaldoestado.com.br\/index.php\/2026\/01\/23\/absb-completa-15-anos-e-consolida-protagonismo-na-transformacao-do-setor-da-beleza-no-brasil\/#article","isPartOf":{"@id":"https:\/\/portaldoestado.com.br\/index.php\/2026\/01\/23\/absb-completa-15-anos-e-consolida-protagonismo-na-transformacao-do-setor-da-beleza-no-brasil\/"},"author":{"name":"assessoriadefamosos","@id":"https:\/\/portaldoestado.com.br\/#\/schema\/person\/5ca0174f3c8c84b59da62ea14b698cb9"},"headline":"ABSB completa 15 anos e consolida protagonismo na transforma\u00e7\u00e3o do setor da beleza no Brasil","datePublished":"2026-01-23T15:52:33+00:00","mainEntityOfPage":{"@id":"https:\/\/portaldoestado.com.br\/index.php\/2026\/01\/23\/absb-completa-15-anos-e-consolida-protagonismo-na-transformacao-do-setor-da-beleza-no-brasil\/"},"wordCount":444,"publisher":{"@id":"https:\/\/portaldoestado.com.br\/#organization"},"image":{"@id":"https:\/\/portaldoestado.com.br\/index.php\/2026\/01\/23\/absb-completa-15-anos-e-consolida-protagonismo-na-transformacao-do-setor-da-beleza-no-brasil\/#primaryimage"},"thumbnailUrl":"https:\/\/portaldoestado.com.br\/wp-content\/uploads\/2026\/01\/WhatsApp-Image-2026-01-23-at-12.34.36.jpeg","articleSection":["Famosos"],"inLanguage":"pt-BR"},{"@type":"WebPage","@id":"https:\/\/portaldoestado.com.br\/index.php\/2026\/01\/23\/absb-completa-15-anos-e-consolida-protagonismo-na-transformacao-do-setor-da-beleza-no-brasil\/","url":"https:\/\/portaldoestado.com.br\/index.php\/2026\/01\/23\/absb-completa-15-anos-e-consolida-protagonismo-na-transformacao-do-setor-da-beleza-no-brasil\/","name":"ABSB completa 15 anos e consolida protagonismo na transforma\u00e7\u00e3o do setor da beleza no Brasil - Portal do Estado","isPartOf":{"@id":"https:\/\/portaldoestado.com.br\/#website"},"primaryImageOfPage":{"@id":"https:\/\/portaldoestado.com.br\/index.php\/2026\/01\/23\/absb-completa-15-anos-e-consolida-protagonismo-na-transformacao-do-setor-da-beleza-no-brasil\/#primaryimage"},"image":{"@id":"https:\/\/portaldoestado.com.br\/index.php\/2026\/01\/23\/absb-completa-15-anos-e-consolida-protagonismo-na-transformacao-do-setor-da-beleza-no-brasil\/#primaryimage"},"thumbnailUrl":"https:\/\/portaldoestado.com.br\/wp-content\/uploads\/2026\/01\/WhatsApp-Image-2026-01-23-at-12.34.36.jpeg","datePublished":"2026-01-23T15:52:33+00:00","breadcrumb":{"@id":"https:\/\/portaldoestado.com.br\/index.php\/2026\/01\/23\/absb-completa-15-anos-e-consolida-protagonismo-na-transformacao-do-setor-da-beleza-no-brasil\/#breadcrumb"},"inLanguage":"pt-BR","potentialAction":[{"@type":"ReadAction","target":["https:\/\/portaldoestado.com.br\/index.php\/2026\/01\/23\/absb-completa-15-anos-e-consolida-protagonismo-na-transformacao-do-setor-da-beleza-no-brasil\/"]}]},{"@type":"ImageObject","inLanguage":"pt-BR","@id":"https:\/\/portaldoestado.com.br\/index.php\/2026\/01\/23\/absb-completa-15-anos-e-consolida-protagonismo-na-transformacao-do-setor-da-beleza-no-brasil\/#primaryimage","url":"https:\/\/portaldoestado.com.br\/wp-content\/uploads\/2026\/01\/WhatsApp-Image-2026-01-23-at-12.34.36.jpeg","contentUrl":"https:\/\/portaldoestado.com.br\/wp-content\/uploads\/2026\/01\/WhatsApp-Image-2026-01-23-at-12.34.36.jpeg","width":1600,"height":968},{"@type":"BreadcrumbList","@id":"https:\/\/portaldoestado.com.br\/index.php\/2026\/01\/23\/absb-completa-15-anos-e-consolida-protagonismo-na-transformacao-do-setor-da-beleza-no-brasil\/#breadcrumb","itemListElement":[{"@type":"ListItem","position":1,"name":"In\u00edcio","item":"https:\/\/portaldoestado.com.br\/"},{"@type":"ListItem","position":2,"name":"ABSB completa 15 anos e consolida protagonismo na transforma\u00e7\u00e3o do setor da beleza no Brasil"}]},{"@type":"WebSite","@id":"https:\/\/portaldoestado.com.br\/#website","url":"https:\/\/portaldoestado.com.br\/","name":"Portal do Estado","description":"","publisher":{"@id":"https:\/\/portaldoestado.com.br\/#organization"},"potentialAction":[{"@type":"SearchAction","target":{"@type":"EntryPoint","urlTemplate":"https:\/\/portaldoestado.com.br\/?s={search_term_string}"},"query-input":{"@type":"PropertyValueSpecification","valueRequired":true,"valueName":"search_term_string"}}],"inLanguage":"pt-BR"},{"@type":"Organization","@id":"https:\/\/portaldoestado.com.br\/#organization","name":"Portal do Estado","url":"https:\/\/portaldoestado.com.br\/","logo":{"@type":"ImageObject","inLanguage":"pt-BR","@id":"https:\/\/portaldoestado.com.br\/#\/schema\/logo\/image\/","url":"https:\/\/portaldoestado.com.br\/wp-content\/uploads\/2025\/04\/cropped-6f69b19a-6472-43bf-b1b3-e1910bbbd4e8.png","contentUrl":"https:\/\/portaldoestado.com.br\/wp-content\/uploads\/2025\/04\/cropped-6f69b19a-6472-43bf-b1b3-e1910bbbd4e8.png","width":1024,"height":350,"caption":"Portal do Estado"},"image":{"@id":"https:\/\/portaldoestado.com.br\/#\/schema\/logo\/image\/"}},{"@type":"Person","@id":"https:\/\/portaldoestado.com.br\/#\/schema\/person\/5ca0174f3c8c84b59da62ea14b698cb9","name":"assessoriadefamosos","image":{"@type":"ImageObject","inLanguage":"pt-BR","@id":"https:\/\/portaldoestado.com.br\/#\/schema\/person\/image\/","url":"https:\/\/secure.gravatar.com\/avatar\/a7acbdffcfbbae7240e59f47fe511ec5f5d8c252c779f0b8d9ab02a9e1d8c5ed?s=96&d=mm&r=g","contentUrl":"https:\/\/secure.gravatar.com\/avatar\/a7acbdffcfbbae7240e59f47fe511ec5f5d8c252c779f0b8d9ab02a9e1d8c5ed?s=96&d=mm&r=g","caption":"assessoriadefamosos"},"url":"https:\/\/portaldoestado.com.br\/index.php\/author\/assessoriadefamosos\/"}]}},"jetpack_featured_media_url":"https:\/\/portaldoestado.com.br\/wp-content\/uploads\/2026\/01\/WhatsApp-Image-2026-01-23-at-12.34.36.jpeg","_links":{"self":[{"href":"https:\/\/portaldoestado.com.br\/index.php\/wp-json\/wp\/v2\/posts\/6028","targetHints":{"allow":["GET"]}}],"collection":[{"href":"https:\/\/portaldoestado.com.br\/index.php\/wp-json\/wp\/v2\/posts"}],"about":[{"href":"https:\/\/portaldoestado.com.br\/index.php\/wp-json\/wp\/v2\/types\/post"}],"author":[{"embeddable":true,"href":"https:\/\/portaldoestado.com.br\/index.php\/wp-json\/wp\/v2\/users\/2"}],"replies":[{"embeddable":true,"href":"https:\/\/portaldoestado.com.br\/index.php\/wp-json\/wp\/v2\/comments?post=6028"}],"version-history":[{"count":1,"href":"https:\/\/portaldoestado.com.br\/index.php\/wp-json\/wp\/v2\/posts\/6028\/revisions"}],"predecessor-version":[{"id":6029,"href":"https:\/\/portaldoestado.com.br\/index.php\/wp-json\/wp\/v2\/posts\/6028\/revisions\/6029"}],"wp:featuredmedia":[{"embeddable":true,"href":"https:\/\/portaldoestado.com.br\/index.php\/wp-json\/wp\/v2\/media\/6027"}],"wp:attachment":[{"href":"https:\/\/portaldoestado.com.br\/index.php\/wp-json\/wp\/v2\/media?parent=6028"}],"wp:term":[{"taxonomy":"category","embeddable":true,"href":"https:\/\/portaldoestado.com.br\/index.php\/wp-json\/wp\/v2\/categories?post=6028"},{"taxonomy":"post_tag","embeddable":true,"href":"https:\/\/portaldoestado.com.br\/index.php\/wp-json\/wp\/v2\/tags?post=6028"}],"curies":[{"name":"wp","href":"https:\/\/api.w.org\/{rel}","templated":true}]}}