{"id":6019,"date":"2026-01-23T15:36:13","date_gmt":"2026-01-23T15:36:13","guid":{"rendered":"https:\/\/portaldoestado.com.br\/?p=6019"},"modified":"2026-01-23T15:36:13","modified_gmt":"2026-01-23T15:36:13","slug":"fabiana-justus-relembra-data-que-mudou-sua-vida-ao-completar-dois-anos-do-diagnostico-de-leucemia","status":"publish","type":"post","link":"https:\/\/portaldoestado.com.br\/index.php\/2026\/01\/23\/fabiana-justus-relembra-data-que-mudou-sua-vida-ao-completar-dois-anos-do-diagnostico-de-leucemia\/","title":{"rendered":"Fabiana Justus relembra data que mudou sua vida ao completar dois anos do diagn\u00f3stico de leucemia"},"content":{"rendered":"\n<p>Fabiana Justus voltou \u00e0s redes sociais nesta quinta-feira (22\/1) para lembrar um dos dias mais marcantes de sua hist\u00f3ria pessoal. H\u00e1 dois anos, a empres\u00e1ria iniciou uma jornada inesperada ap\u00f3s receber os primeiros ind\u00edcios de um diagn\u00f3stico de leucemia mieloide aguda, doen\u00e7a que, em 2025, entrou oficialmente em remiss\u00e3o.<\/p>\n\n\n\n<p>Em tom reflexivo, Fabiana contou que o dia 22 de janeiro de 2024 ficou gravado em sua mem\u00f3ria por ter sido o momento em que buscou ajuda m\u00e9dica diante de dores intensas. Ainda que a confirma\u00e7\u00e3o tenha ocorrido no dia seguinte, ela destacou que foi naquela data que ouviu, pela primeira vez, a possibilidade quase certa da doen\u00e7a \u2014 um impacto que descreveu como devastador.<\/p>\n\n\n\n<p>Segundo a empres\u00e1ria, aquele instante representou uma ruptura completa em sua rotina e na forma como enxergava a vida. No entanto, ao olhar para o presente, ela afirma que a lembran\u00e7a tamb\u00e9m carrega um significado poderoso: o da gratid\u00e3o por estar viva, saud\u00e1vel e cercada pela fam\u00edlia, vivendo experi\u00eancias que antes pareciam comuns, mas hoje s\u00e3o preciosas.<\/p>\n\n\n\n<p>Em outra publica\u00e7\u00e3o, Fabiana compartilhou um pensamento direcionado a si mesma, refletindo sobre a for\u00e7a constru\u00edda ao longo do tratamento. Ela afirmou que, se pudesse, diria \u00e0 mulher que foi naquele momento de medo para confiar no processo, pois a vida seguiria \u2014 mensagem que, segundo ela, foi sustentada pela f\u00e9 ao longo do caminho.<\/p>\n\n\n\n<p>A empres\u00e1ria destacou ainda que a doen\u00e7a mudou profundamente sua rela\u00e7\u00e3o com o tempo e com os afetos. Momentos simples, especialmente ao lado dos filhos, passaram a ter um valor incompar\u00e1vel. As f\u00e9rias recentes em fam\u00edlia, segundo ela, se transformaram em lembran\u00e7as que levar\u00e1 para sempre.<\/p>\n\n\n\n<p>Apesar da dor associada \u00e0 data, Fabiana ressaltou que n\u00e3o consegue ignorar o quanto a experi\u00eancia a transformou. Mais consciente, mais presente e ainda mais grata, ela afirma que o dia simboliza tanto a pior not\u00edcia de sua vida quanto o in\u00edcio de uma reconstru\u00e7\u00e3o pessoal profunda.<\/p>\n","protected":false},"excerpt":{"rendered":"<p>Fabiana Justus voltou \u00e0s redes sociais nesta quinta-feira (22\/1) para lembrar um dos dias mais marcantes de sua hist\u00f3ria pessoal. H\u00e1 dois anos, a empres\u00e1ria iniciou uma jornada inesperada ap\u00f3s receber os primeiros ind\u00edcios de um diagn\u00f3stico de leucemia mieloide aguda, doen\u00e7a que, em 2025, entrou oficialmente em remiss\u00e3o. Em tom reflexivo, Fabiana contou que \u2026<\/p>\n","protected":false},"author":2,"featured_media":6018,"comment_status":"closed","ping_status":"open","sticky":false,"template":"","format":"standard","meta":{"footnotes":""},"categories":[3],"tags":[],"class_list":["post-6019","post","type-post","status-publish","format-standard","has-post-thumbnail","hentry","category-famosos"],"yoast_head":"<!-- This site is optimized with the Yoast SEO plugin v25.5 - https:\/\/yoast.com\/wordpress\/plugins\/seo\/ -->\n<title>Fabiana Justus relembra data que mudou sua vida ao completar dois anos do diagn\u00f3stico de leucemia - Portal do Estado<\/title>\n<meta name=\"robots\" content=\"index, follow, max-snippet:-1, max-image-preview:large, max-video-preview:-1\" \/>\n<link rel=\"canonical\" href=\"https:\/\/portaldoestado.com.br\/index.php\/2026\/01\/23\/fabiana-justus-relembra-data-que-mudou-sua-vida-ao-completar-dois-anos-do-diagnostico-de-leucemia\/\" \/>\n<meta property=\"og:locale\" content=\"pt_BR\" \/>\n<meta property=\"og:type\" content=\"article\" \/>\n<meta property=\"og:title\" content=\"Fabiana Justus relembra data que mudou sua vida ao completar dois anos do diagn\u00f3stico de leucemia - Portal do Estado\" \/>\n<meta property=\"og:description\" content=\"Fabiana Justus voltou \u00e0s redes sociais nesta quinta-feira (22\/1) para lembrar um dos dias mais marcantes de sua hist\u00f3ria pessoal. H\u00e1 dois anos, a empres\u00e1ria iniciou uma jornada inesperada ap\u00f3s receber os primeiros ind\u00edcios de um diagn\u00f3stico de leucemia mieloide aguda, doen\u00e7a que, em 2025, entrou oficialmente em remiss\u00e3o. Em tom reflexivo, Fabiana contou que \u2026\" \/>\n<meta property=\"og:url\" content=\"https:\/\/portaldoestado.com.br\/index.php\/2026\/01\/23\/fabiana-justus-relembra-data-que-mudou-sua-vida-ao-completar-dois-anos-do-diagnostico-de-leucemia\/\" \/>\n<meta property=\"og:site_name\" content=\"Portal do Estado\" \/>\n<meta property=\"article:published_time\" content=\"2026-01-23T15:36:13+00:00\" \/>\n<meta property=\"og:image\" content=\"https:\/\/portaldoestado.com.br\/wp-content\/uploads\/2026\/01\/SJUBmR5o-Design-sem-nome-8.jpg\" \/>\n\t<meta property=\"og:image:width\" content=\"1200\" \/>\n\t<meta property=\"og:image:height\" content=\"900\" \/>\n\t<meta property=\"og:image:type\" content=\"image\/jpeg\" \/>\n<meta name=\"author\" content=\"assessoriadefamosos\" \/>\n<meta name=\"twitter:card\" content=\"summary_large_image\" \/>\n<meta name=\"twitter:label1\" content=\"Escrito por\" \/>\n\t<meta name=\"twitter:data1\" content=\"assessoriadefamosos\" \/>\n\t<meta name=\"twitter:label2\" content=\"Est. tempo de leitura\" \/>\n\t<meta name=\"twitter:data2\" content=\"2 minutos\" \/>\n<script type=\"application\/ld+json\" class=\"yoast-schema-graph\">{\"@context\":\"https:\/\/schema.org\",\"@graph\":[{\"@type\":\"Article\",\"@id\":\"https:\/\/portaldoestado.com.br\/index.php\/2026\/01\/23\/fabiana-justus-relembra-data-que-mudou-sua-vida-ao-completar-dois-anos-do-diagnostico-de-leucemia\/#article\",\"isPartOf\":{\"@id\":\"https:\/\/portaldoestado.com.br\/index.php\/2026\/01\/23\/fabiana-justus-relembra-data-que-mudou-sua-vida-ao-completar-dois-anos-do-diagnostico-de-leucemia\/\"},\"author\":{\"name\":\"assessoriadefamosos\",\"@id\":\"https:\/\/portaldoestado.com.br\/#\/schema\/person\/5ca0174f3c8c84b59da62ea14b698cb9\"},\"headline\":\"Fabiana Justus relembra data que mudou sua vida ao completar dois anos do diagn\u00f3stico de leucemia\",\"datePublished\":\"2026-01-23T15:36:13+00:00\",\"mainEntityOfPage\":{\"@id\":\"https:\/\/portaldoestado.com.br\/index.php\/2026\/01\/23\/fabiana-justus-relembra-data-que-mudou-sua-vida-ao-completar-dois-anos-do-diagnostico-de-leucemia\/\"},\"wordCount\":362,\"publisher\":{\"@id\":\"https:\/\/portaldoestado.com.br\/#organization\"},\"image\":{\"@id\":\"https:\/\/portaldoestado.com.br\/index.php\/2026\/01\/23\/fabiana-justus-relembra-data-que-mudou-sua-vida-ao-completar-dois-anos-do-diagnostico-de-leucemia\/#primaryimage\"},\"thumbnailUrl\":\"https:\/\/portaldoestado.com.br\/wp-content\/uploads\/2026\/01\/SJUBmR5o-Design-sem-nome-8.jpg\",\"articleSection\":[\"Famosos\"],\"inLanguage\":\"pt-BR\"},{\"@type\":\"WebPage\",\"@id\":\"https:\/\/portaldoestado.com.br\/index.php\/2026\/01\/23\/fabiana-justus-relembra-data-que-mudou-sua-vida-ao-completar-dois-anos-do-diagnostico-de-leucemia\/\",\"url\":\"https:\/\/portaldoestado.com.br\/index.php\/2026\/01\/23\/fabiana-justus-relembra-data-que-mudou-sua-vida-ao-completar-dois-anos-do-diagnostico-de-leucemia\/\",\"name\":\"Fabiana Justus relembra data que mudou sua vida ao completar dois anos do diagn\u00f3stico de leucemia - Portal do Estado\",\"isPartOf\":{\"@id\":\"https:\/\/portaldoestado.com.br\/#website\"},\"primaryImageOfPage\":{\"@id\":\"https:\/\/portaldoestado.com.br\/index.php\/2026\/01\/23\/fabiana-justus-relembra-data-que-mudou-sua-vida-ao-completar-dois-anos-do-diagnostico-de-leucemia\/#primaryimage\"},\"image\":{\"@id\":\"https:\/\/portaldoestado.com.br\/index.php\/2026\/01\/23\/fabiana-justus-relembra-data-que-mudou-sua-vida-ao-completar-dois-anos-do-diagnostico-de-leucemia\/#primaryimage\"},\"thumbnailUrl\":\"https:\/\/portaldoestado.com.br\/wp-content\/uploads\/2026\/01\/SJUBmR5o-Design-sem-nome-8.jpg\",\"datePublished\":\"2026-01-23T15:36:13+00:00\",\"breadcrumb\":{\"@id\":\"https:\/\/portaldoestado.com.br\/index.php\/2026\/01\/23\/fabiana-justus-relembra-data-que-mudou-sua-vida-ao-completar-dois-anos-do-diagnostico-de-leucemia\/#breadcrumb\"},\"inLanguage\":\"pt-BR\",\"potentialAction\":[{\"@type\":\"ReadAction\",\"target\":[\"https:\/\/portaldoestado.com.br\/index.php\/2026\/01\/23\/fabiana-justus-relembra-data-que-mudou-sua-vida-ao-completar-dois-anos-do-diagnostico-de-leucemia\/\"]}]},{\"@type\":\"ImageObject\",\"inLanguage\":\"pt-BR\",\"@id\":\"https:\/\/portaldoestado.com.br\/index.php\/2026\/01\/23\/fabiana-justus-relembra-data-que-mudou-sua-vida-ao-completar-dois-anos-do-diagnostico-de-leucemia\/#primaryimage\",\"url\":\"https:\/\/portaldoestado.com.br\/wp-content\/uploads\/2026\/01\/SJUBmR5o-Design-sem-nome-8.jpg\",\"contentUrl\":\"https:\/\/portaldoestado.com.br\/wp-content\/uploads\/2026\/01\/SJUBmR5o-Design-sem-nome-8.jpg\",\"width\":1200,\"height\":900},{\"@type\":\"BreadcrumbList\",\"@id\":\"https:\/\/portaldoestado.com.br\/index.php\/2026\/01\/23\/fabiana-justus-relembra-data-que-mudou-sua-vida-ao-completar-dois-anos-do-diagnostico-de-leucemia\/#breadcrumb\",\"itemListElement\":[{\"@type\":\"ListItem\",\"position\":1,\"name\":\"In\u00edcio\",\"item\":\"https:\/\/portaldoestado.com.br\/\"},{\"@type\":\"ListItem\",\"position\":2,\"name\":\"Fabiana Justus relembra data que mudou sua vida ao completar dois anos do diagn\u00f3stico de leucemia\"}]},{\"@type\":\"WebSite\",\"@id\":\"https:\/\/portaldoestado.com.br\/#website\",\"url\":\"https:\/\/portaldoestado.com.br\/\",\"name\":\"Portal do Estado\",\"description\":\"\",\"publisher\":{\"@id\":\"https:\/\/portaldoestado.com.br\/#organization\"},\"potentialAction\":[{\"@type\":\"SearchAction\",\"target\":{\"@type\":\"EntryPoint\",\"urlTemplate\":\"https:\/\/portaldoestado.com.br\/?s={search_term_string}\"},\"query-input\":{\"@type\":\"PropertyValueSpecification\",\"valueRequired\":true,\"valueName\":\"search_term_string\"}}],\"inLanguage\":\"pt-BR\"},{\"@type\":\"Organization\",\"@id\":\"https:\/\/portaldoestado.com.br\/#organization\",\"name\":\"Portal do Estado\",\"url\":\"https:\/\/portaldoestado.com.br\/\",\"logo\":{\"@type\":\"ImageObject\",\"inLanguage\":\"pt-BR\",\"@id\":\"https:\/\/portaldoestado.com.br\/#\/schema\/logo\/image\/\",\"url\":\"https:\/\/portaldoestado.com.br\/wp-content\/uploads\/2025\/04\/cropped-6f69b19a-6472-43bf-b1b3-e1910bbbd4e8.png\",\"contentUrl\":\"https:\/\/portaldoestado.com.br\/wp-content\/uploads\/2025\/04\/cropped-6f69b19a-6472-43bf-b1b3-e1910bbbd4e8.png\",\"width\":1024,\"height\":350,\"caption\":\"Portal do Estado\"},\"image\":{\"@id\":\"https:\/\/portaldoestado.com.br\/#\/schema\/logo\/image\/\"}},{\"@type\":\"Person\",\"@id\":\"https:\/\/portaldoestado.com.br\/#\/schema\/person\/5ca0174f3c8c84b59da62ea14b698cb9\",\"name\":\"assessoriadefamosos\",\"image\":{\"@type\":\"ImageObject\",\"inLanguage\":\"pt-BR\",\"@id\":\"https:\/\/portaldoestado.com.br\/#\/schema\/person\/image\/\",\"url\":\"https:\/\/secure.gravatar.com\/avatar\/a7acbdffcfbbae7240e59f47fe511ec5f5d8c252c779f0b8d9ab02a9e1d8c5ed?s=96&d=mm&r=g\",\"contentUrl\":\"https:\/\/secure.gravatar.com\/avatar\/a7acbdffcfbbae7240e59f47fe511ec5f5d8c252c779f0b8d9ab02a9e1d8c5ed?s=96&d=mm&r=g\",\"caption\":\"assessoriadefamosos\"},\"url\":\"https:\/\/portaldoestado.com.br\/index.php\/author\/assessoriadefamosos\/\"}]}<\/script>\n<!-- \/ Yoast SEO plugin. -->","yoast_head_json":{"title":"Fabiana Justus relembra data que mudou sua vida ao completar dois anos do diagn\u00f3stico de leucemia - Portal do Estado","robots":{"index":"index","follow":"follow","max-snippet":"max-snippet:-1","max-image-preview":"max-image-preview:large","max-video-preview":"max-video-preview:-1"},"canonical":"https:\/\/portaldoestado.com.br\/index.php\/2026\/01\/23\/fabiana-justus-relembra-data-que-mudou-sua-vida-ao-completar-dois-anos-do-diagnostico-de-leucemia\/","og_locale":"pt_BR","og_type":"article","og_title":"Fabiana Justus relembra data que mudou sua vida ao completar dois anos do diagn\u00f3stico de leucemia - Portal do Estado","og_description":"Fabiana Justus voltou \u00e0s redes sociais nesta quinta-feira (22\/1) para lembrar um dos dias mais marcantes de sua hist\u00f3ria pessoal. H\u00e1 dois anos, a empres\u00e1ria iniciou uma jornada inesperada ap\u00f3s receber os primeiros ind\u00edcios de um diagn\u00f3stico de leucemia mieloide aguda, doen\u00e7a que, em 2025, entrou oficialmente em remiss\u00e3o. Em tom reflexivo, Fabiana contou que \u2026","og_url":"https:\/\/portaldoestado.com.br\/index.php\/2026\/01\/23\/fabiana-justus-relembra-data-que-mudou-sua-vida-ao-completar-dois-anos-do-diagnostico-de-leucemia\/","og_site_name":"Portal do Estado","article_published_time":"2026-01-23T15:36:13+00:00","og_image":[{"width":1200,"height":900,"url":"https:\/\/portaldoestado.com.br\/wp-content\/uploads\/2026\/01\/SJUBmR5o-Design-sem-nome-8.jpg","type":"image\/jpeg"}],"author":"assessoriadefamosos","twitter_card":"summary_large_image","twitter_misc":{"Escrito por":"assessoriadefamosos","Est. tempo de leitura":"2 minutos"},"schema":{"@context":"https:\/\/schema.org","@graph":[{"@type":"Article","@id":"https:\/\/portaldoestado.com.br\/index.php\/2026\/01\/23\/fabiana-justus-relembra-data-que-mudou-sua-vida-ao-completar-dois-anos-do-diagnostico-de-leucemia\/#article","isPartOf":{"@id":"https:\/\/portaldoestado.com.br\/index.php\/2026\/01\/23\/fabiana-justus-relembra-data-que-mudou-sua-vida-ao-completar-dois-anos-do-diagnostico-de-leucemia\/"},"author":{"name":"assessoriadefamosos","@id":"https:\/\/portaldoestado.com.br\/#\/schema\/person\/5ca0174f3c8c84b59da62ea14b698cb9"},"headline":"Fabiana Justus relembra data que mudou sua vida ao completar dois anos do diagn\u00f3stico de leucemia","datePublished":"2026-01-23T15:36:13+00:00","mainEntityOfPage":{"@id":"https:\/\/portaldoestado.com.br\/index.php\/2026\/01\/23\/fabiana-justus-relembra-data-que-mudou-sua-vida-ao-completar-dois-anos-do-diagnostico-de-leucemia\/"},"wordCount":362,"publisher":{"@id":"https:\/\/portaldoestado.com.br\/#organization"},"image":{"@id":"https:\/\/portaldoestado.com.br\/index.php\/2026\/01\/23\/fabiana-justus-relembra-data-que-mudou-sua-vida-ao-completar-dois-anos-do-diagnostico-de-leucemia\/#primaryimage"},"thumbnailUrl":"https:\/\/portaldoestado.com.br\/wp-content\/uploads\/2026\/01\/SJUBmR5o-Design-sem-nome-8.jpg","articleSection":["Famosos"],"inLanguage":"pt-BR"},{"@type":"WebPage","@id":"https:\/\/portaldoestado.com.br\/index.php\/2026\/01\/23\/fabiana-justus-relembra-data-que-mudou-sua-vida-ao-completar-dois-anos-do-diagnostico-de-leucemia\/","url":"https:\/\/portaldoestado.com.br\/index.php\/2026\/01\/23\/fabiana-justus-relembra-data-que-mudou-sua-vida-ao-completar-dois-anos-do-diagnostico-de-leucemia\/","name":"Fabiana Justus relembra data que mudou sua vida ao completar dois anos do diagn\u00f3stico de leucemia - Portal do Estado","isPartOf":{"@id":"https:\/\/portaldoestado.com.br\/#website"},"primaryImageOfPage":{"@id":"https:\/\/portaldoestado.com.br\/index.php\/2026\/01\/23\/fabiana-justus-relembra-data-que-mudou-sua-vida-ao-completar-dois-anos-do-diagnostico-de-leucemia\/#primaryimage"},"image":{"@id":"https:\/\/portaldoestado.com.br\/index.php\/2026\/01\/23\/fabiana-justus-relembra-data-que-mudou-sua-vida-ao-completar-dois-anos-do-diagnostico-de-leucemia\/#primaryimage"},"thumbnailUrl":"https:\/\/portaldoestado.com.br\/wp-content\/uploads\/2026\/01\/SJUBmR5o-Design-sem-nome-8.jpg","datePublished":"2026-01-23T15:36:13+00:00","breadcrumb":{"@id":"https:\/\/portaldoestado.com.br\/index.php\/2026\/01\/23\/fabiana-justus-relembra-data-que-mudou-sua-vida-ao-completar-dois-anos-do-diagnostico-de-leucemia\/#breadcrumb"},"inLanguage":"pt-BR","potentialAction":[{"@type":"ReadAction","target":["https:\/\/portaldoestado.com.br\/index.php\/2026\/01\/23\/fabiana-justus-relembra-data-que-mudou-sua-vida-ao-completar-dois-anos-do-diagnostico-de-leucemia\/"]}]},{"@type":"ImageObject","inLanguage":"pt-BR","@id":"https:\/\/portaldoestado.com.br\/index.php\/2026\/01\/23\/fabiana-justus-relembra-data-que-mudou-sua-vida-ao-completar-dois-anos-do-diagnostico-de-leucemia\/#primaryimage","url":"https:\/\/portaldoestado.com.br\/wp-content\/uploads\/2026\/01\/SJUBmR5o-Design-sem-nome-8.jpg","contentUrl":"https:\/\/portaldoestado.com.br\/wp-content\/uploads\/2026\/01\/SJUBmR5o-Design-sem-nome-8.jpg","width":1200,"height":900},{"@type":"BreadcrumbList","@id":"https:\/\/portaldoestado.com.br\/index.php\/2026\/01\/23\/fabiana-justus-relembra-data-que-mudou-sua-vida-ao-completar-dois-anos-do-diagnostico-de-leucemia\/#breadcrumb","itemListElement":[{"@type":"ListItem","position":1,"name":"In\u00edcio","item":"https:\/\/portaldoestado.com.br\/"},{"@type":"ListItem","position":2,"name":"Fabiana Justus relembra data que mudou sua vida ao completar dois anos do diagn\u00f3stico de leucemia"}]},{"@type":"WebSite","@id":"https:\/\/portaldoestado.com.br\/#website","url":"https:\/\/portaldoestado.com.br\/","name":"Portal do Estado","description":"","publisher":{"@id":"https:\/\/portaldoestado.com.br\/#organization"},"potentialAction":[{"@type":"SearchAction","target":{"@type":"EntryPoint","urlTemplate":"https:\/\/portaldoestado.com.br\/?s={search_term_string}"},"query-input":{"@type":"PropertyValueSpecification","valueRequired":true,"valueName":"search_term_string"}}],"inLanguage":"pt-BR"},{"@type":"Organization","@id":"https:\/\/portaldoestado.com.br\/#organization","name":"Portal do Estado","url":"https:\/\/portaldoestado.com.br\/","logo":{"@type":"ImageObject","inLanguage":"pt-BR","@id":"https:\/\/portaldoestado.com.br\/#\/schema\/logo\/image\/","url":"https:\/\/portaldoestado.com.br\/wp-content\/uploads\/2025\/04\/cropped-6f69b19a-6472-43bf-b1b3-e1910bbbd4e8.png","contentUrl":"https:\/\/portaldoestado.com.br\/wp-content\/uploads\/2025\/04\/cropped-6f69b19a-6472-43bf-b1b3-e1910bbbd4e8.png","width":1024,"height":350,"caption":"Portal do Estado"},"image":{"@id":"https:\/\/portaldoestado.com.br\/#\/schema\/logo\/image\/"}},{"@type":"Person","@id":"https:\/\/portaldoestado.com.br\/#\/schema\/person\/5ca0174f3c8c84b59da62ea14b698cb9","name":"assessoriadefamosos","image":{"@type":"ImageObject","inLanguage":"pt-BR","@id":"https:\/\/portaldoestado.com.br\/#\/schema\/person\/image\/","url":"https:\/\/secure.gravatar.com\/avatar\/a7acbdffcfbbae7240e59f47fe511ec5f5d8c252c779f0b8d9ab02a9e1d8c5ed?s=96&d=mm&r=g","contentUrl":"https:\/\/secure.gravatar.com\/avatar\/a7acbdffcfbbae7240e59f47fe511ec5f5d8c252c779f0b8d9ab02a9e1d8c5ed?s=96&d=mm&r=g","caption":"assessoriadefamosos"},"url":"https:\/\/portaldoestado.com.br\/index.php\/author\/assessoriadefamosos\/"}]}},"jetpack_featured_media_url":"https:\/\/portaldoestado.com.br\/wp-content\/uploads\/2026\/01\/SJUBmR5o-Design-sem-nome-8.jpg","_links":{"self":[{"href":"https:\/\/portaldoestado.com.br\/index.php\/wp-json\/wp\/v2\/posts\/6019","targetHints":{"allow":["GET"]}}],"collection":[{"href":"https:\/\/portaldoestado.com.br\/index.php\/wp-json\/wp\/v2\/posts"}],"about":[{"href":"https:\/\/portaldoestado.com.br\/index.php\/wp-json\/wp\/v2\/types\/post"}],"author":[{"embeddable":true,"href":"https:\/\/portaldoestado.com.br\/index.php\/wp-json\/wp\/v2\/users\/2"}],"replies":[{"embeddable":true,"href":"https:\/\/portaldoestado.com.br\/index.php\/wp-json\/wp\/v2\/comments?post=6019"}],"version-history":[{"count":1,"href":"https:\/\/portaldoestado.com.br\/index.php\/wp-json\/wp\/v2\/posts\/6019\/revisions"}],"predecessor-version":[{"id":6020,"href":"https:\/\/portaldoestado.com.br\/index.php\/wp-json\/wp\/v2\/posts\/6019\/revisions\/6020"}],"wp:featuredmedia":[{"embeddable":true,"href":"https:\/\/portaldoestado.com.br\/index.php\/wp-json\/wp\/v2\/media\/6018"}],"wp:attachment":[{"href":"https:\/\/portaldoestado.com.br\/index.php\/wp-json\/wp\/v2\/media?parent=6019"}],"wp:term":[{"taxonomy":"category","embeddable":true,"href":"https:\/\/portaldoestado.com.br\/index.php\/wp-json\/wp\/v2\/categories?post=6019"},{"taxonomy":"post_tag","embeddable":true,"href":"https:\/\/portaldoestado.com.br\/index.php\/wp-json\/wp\/v2\/tags?post=6019"}],"curies":[{"name":"wp","href":"https:\/\/api.w.org\/{rel}","templated":true}]}}