{"id":6016,"date":"2026-01-23T15:31:56","date_gmt":"2026-01-23T15:31:56","guid":{"rendered":"https:\/\/portaldoestado.com.br\/?p=6016"},"modified":"2026-01-23T15:31:56","modified_gmt":"2026-01-23T15:31:56","slug":"ludmilla-expoe-entraves-no-lancamento-de-bota-e-diz-nao-se-surpreender-com-dificuldades-nos-bastidores","status":"publish","type":"post","link":"https:\/\/portaldoestado.com.br\/index.php\/2026\/01\/23\/ludmilla-expoe-entraves-no-lancamento-de-bota-e-diz-nao-se-surpreender-com-dificuldades-nos-bastidores\/","title":{"rendered":"Ludmilla exp\u00f5e entraves no lan\u00e7amento de \u201cBOTA\u201d e diz n\u00e3o se surpreender com dificuldades nos bastidores"},"content":{"rendered":"\n<p>O lan\u00e7amento do single \u201cBOTA\u201d, parceria de Ludmilla com as cantoras internacionais Latto e Emilia, foi marcado por tens\u00e3o e desabafo. Na noite desta quinta-feira (22\/1), a artista usou as redes sociais para relatar problemas envolvendo a distribui\u00e7\u00e3o da faixa e sugeriu que o projeto enfrenta resist\u00eancia nos bastidores da ind\u00fastria musical.<\/p>\n\n\n\n<p>Segundo a cantora, a m\u00fasica n\u00e3o apareceu de forma autom\u00e1tica em seu perfil nem nos das artistas parceiras nas plataformas de streaming, ficando acess\u00edvel apenas por meio de busca direta. Para Ludmilla, a situa\u00e7\u00e3o compromete o alcance do single logo no momento mais estrat\u00e9gico de lan\u00e7amento.<\/p>\n\n\n\n<p>Apesar da frustra\u00e7\u00e3o, a artista afirmou que n\u00e3o permitir\u00e1 que o epis\u00f3dio abale sua trajet\u00f3ria. Em mensagem direta aos f\u00e3s, refor\u00e7ou que j\u00e1 enfrentou situa\u00e7\u00f5es semelhantes ao longo da carreira e que est\u00e1 determinada a superar mais esse obst\u00e1culo.<\/p>\n\n\n\n<p>A aus\u00eancia de Latto na divulga\u00e7\u00e3o do single tamb\u00e9m gerou questionamentos entre o p\u00fablico. De acordo com informa\u00e7\u00f5es apuradas, o sil\u00eancio n\u00e3o est\u00e1 ligado a falta de interesse. Pessoas pr\u00f3ximas \u00e0 rapper afirmam que ela estava animada com a colabora\u00e7\u00e3o e enxergava a parceria como um passo importante para fortalecer sua presen\u00e7a no mercado brasileiro, aproveitando a for\u00e7a e a proje\u00e7\u00e3o de Ludmilla na Am\u00e9rica Latina.<\/p>\n\n\n\n<p>O plano inicial inclu\u00eda a\u00e7\u00f5es promocionais de grande porte, como a possibilidade de Latto vir ao Brasil, participar do bloco de Carnaval de Ludmilla no Rio de Janeiro e gravar conte\u00fados conjuntos. No entanto, o cronograma foi impactado por um problema t\u00e9cnico envolvendo a distribuidora da cantora, a ADA.<\/p>\n\n\n\n<p>A faixa \u201cBOTA\u201d, que deveria permanecer bloqueada dentro do \u00e1lbum <em>Fragmentos<\/em>, lan\u00e7ado em novembro, acabou sendo disponibilizada antes da data prevista. Mesmo com a r\u00e1pida tentativa de corre\u00e7\u00e3o, o vazamento antecipado gerou desgaste e comprometeu uma estrat\u00e9gia que vinha sendo tratada como prioridade.<\/p>\n\n\n\n<p>O epis\u00f3dio teria causado frustra\u00e7\u00e3o especialmente para Latto, j\u00e1 que o lan\u00e7amento fazia parte de um planejamento cuidadoso. A quebra do timing acabou interferindo no engajamento inicial e esfriou parte do entusiasmo em torno da divulga\u00e7\u00e3o.<\/p>\n\n\n\n<p>Em ocasi\u00f5es anteriores, Ludmilla j\u00e1 havia comentado publicamente sobre a falta de promo\u00e7\u00e3o estruturada em seus projetos e sobre dificuldades herdadas de contratos antigos. Desde o fim de 2023, a cantora passou a lan\u00e7ar seus trabalhos por meio de um selo pr\u00f3prio, ap\u00f3s mais de uma d\u00e9cada vinculada \u00e0 Warner Music. Atualmente, mant\u00e9m rela\u00e7\u00e3o com o grupo apenas por meio da editora Warner Chappell, respons\u00e1vel pela gest\u00e3o de seu cat\u00e1logo mais antigo.<\/p>\n","protected":false},"excerpt":{"rendered":"<p>O lan\u00e7amento do single \u201cBOTA\u201d, parceria de Ludmilla com as cantoras internacionais Latto e Emilia, foi marcado por tens\u00e3o e desabafo. Na noite desta quinta-feira (22\/1), a artista usou as redes sociais para relatar problemas envolvendo a distribui\u00e7\u00e3o da faixa e sugeriu que o projeto enfrenta resist\u00eancia nos bastidores da ind\u00fastria musical. Segundo a cantora, \u2026<\/p>\n","protected":false},"author":2,"featured_media":6015,"comment_status":"closed","ping_status":"open","sticky":false,"template":"","format":"standard","meta":{"footnotes":""},"categories":[3],"tags":[],"class_list":["post-6016","post","type-post","status-publish","format-standard","has-post-thumbnail","hentry","category-famosos"],"yoast_head":"<!-- This site is optimized with the Yoast SEO plugin v25.5 - https:\/\/yoast.com\/wordpress\/plugins\/seo\/ -->\n<title>Ludmilla exp\u00f5e entraves no lan\u00e7amento de \u201cBOTA\u201d e diz n\u00e3o se surpreender com dificuldades nos bastidores - Portal do Estado<\/title>\n<meta name=\"robots\" content=\"index, follow, max-snippet:-1, max-image-preview:large, max-video-preview:-1\" \/>\n<link rel=\"canonical\" href=\"https:\/\/portaldoestado.com.br\/index.php\/2026\/01\/23\/ludmilla-expoe-entraves-no-lancamento-de-bota-e-diz-nao-se-surpreender-com-dificuldades-nos-bastidores\/\" \/>\n<meta property=\"og:locale\" content=\"pt_BR\" \/>\n<meta property=\"og:type\" content=\"article\" \/>\n<meta property=\"og:title\" content=\"Ludmilla exp\u00f5e entraves no lan\u00e7amento de \u201cBOTA\u201d e diz n\u00e3o se surpreender com dificuldades nos bastidores - Portal do Estado\" \/>\n<meta property=\"og:description\" content=\"O lan\u00e7amento do single \u201cBOTA\u201d, parceria de Ludmilla com as cantoras internacionais Latto e Emilia, foi marcado por tens\u00e3o e desabafo. Na noite desta quinta-feira (22\/1), a artista usou as redes sociais para relatar problemas envolvendo a distribui\u00e7\u00e3o da faixa e sugeriu que o projeto enfrenta resist\u00eancia nos bastidores da ind\u00fastria musical. Segundo a cantora, \u2026\" \/>\n<meta property=\"og:url\" content=\"https:\/\/portaldoestado.com.br\/index.php\/2026\/01\/23\/ludmilla-expoe-entraves-no-lancamento-de-bota-e-diz-nao-se-surpreender-com-dificuldades-nos-bastidores\/\" \/>\n<meta property=\"og:site_name\" content=\"Portal do Estado\" \/>\n<meta property=\"article:published_time\" content=\"2026-01-23T15:31:56+00:00\" \/>\n<meta property=\"og:image\" content=\"https:\/\/portaldoestado.com.br\/wp-content\/uploads\/2026\/01\/EMv6AodD-Design-sem-nome-6.jpg\" \/>\n\t<meta property=\"og:image:width\" content=\"1200\" \/>\n\t<meta property=\"og:image:height\" content=\"900\" \/>\n\t<meta property=\"og:image:type\" content=\"image\/jpeg\" \/>\n<meta name=\"author\" content=\"assessoriadefamosos\" \/>\n<meta name=\"twitter:card\" content=\"summary_large_image\" \/>\n<meta name=\"twitter:label1\" content=\"Escrito por\" \/>\n\t<meta name=\"twitter:data1\" content=\"assessoriadefamosos\" \/>\n\t<meta name=\"twitter:label2\" content=\"Est. tempo de leitura\" \/>\n\t<meta name=\"twitter:data2\" content=\"2 minutos\" \/>\n<script type=\"application\/ld+json\" class=\"yoast-schema-graph\">{\"@context\":\"https:\/\/schema.org\",\"@graph\":[{\"@type\":\"Article\",\"@id\":\"https:\/\/portaldoestado.com.br\/index.php\/2026\/01\/23\/ludmilla-expoe-entraves-no-lancamento-de-bota-e-diz-nao-se-surpreender-com-dificuldades-nos-bastidores\/#article\",\"isPartOf\":{\"@id\":\"https:\/\/portaldoestado.com.br\/index.php\/2026\/01\/23\/ludmilla-expoe-entraves-no-lancamento-de-bota-e-diz-nao-se-surpreender-com-dificuldades-nos-bastidores\/\"},\"author\":{\"name\":\"assessoriadefamosos\",\"@id\":\"https:\/\/portaldoestado.com.br\/#\/schema\/person\/5ca0174f3c8c84b59da62ea14b698cb9\"},\"headline\":\"Ludmilla exp\u00f5e entraves no lan\u00e7amento de \u201cBOTA\u201d e diz n\u00e3o se surpreender com dificuldades nos bastidores\",\"datePublished\":\"2026-01-23T15:31:56+00:00\",\"mainEntityOfPage\":{\"@id\":\"https:\/\/portaldoestado.com.br\/index.php\/2026\/01\/23\/ludmilla-expoe-entraves-no-lancamento-de-bota-e-diz-nao-se-surpreender-com-dificuldades-nos-bastidores\/\"},\"wordCount\":474,\"publisher\":{\"@id\":\"https:\/\/portaldoestado.com.br\/#organization\"},\"image\":{\"@id\":\"https:\/\/portaldoestado.com.br\/index.php\/2026\/01\/23\/ludmilla-expoe-entraves-no-lancamento-de-bota-e-diz-nao-se-surpreender-com-dificuldades-nos-bastidores\/#primaryimage\"},\"thumbnailUrl\":\"https:\/\/portaldoestado.com.br\/wp-content\/uploads\/2026\/01\/EMv6AodD-Design-sem-nome-6.jpg\",\"articleSection\":[\"Famosos\"],\"inLanguage\":\"pt-BR\"},{\"@type\":\"WebPage\",\"@id\":\"https:\/\/portaldoestado.com.br\/index.php\/2026\/01\/23\/ludmilla-expoe-entraves-no-lancamento-de-bota-e-diz-nao-se-surpreender-com-dificuldades-nos-bastidores\/\",\"url\":\"https:\/\/portaldoestado.com.br\/index.php\/2026\/01\/23\/ludmilla-expoe-entraves-no-lancamento-de-bota-e-diz-nao-se-surpreender-com-dificuldades-nos-bastidores\/\",\"name\":\"Ludmilla exp\u00f5e entraves no lan\u00e7amento de \u201cBOTA\u201d e diz n\u00e3o se surpreender com dificuldades nos bastidores - Portal do Estado\",\"isPartOf\":{\"@id\":\"https:\/\/portaldoestado.com.br\/#website\"},\"primaryImageOfPage\":{\"@id\":\"https:\/\/portaldoestado.com.br\/index.php\/2026\/01\/23\/ludmilla-expoe-entraves-no-lancamento-de-bota-e-diz-nao-se-surpreender-com-dificuldades-nos-bastidores\/#primaryimage\"},\"image\":{\"@id\":\"https:\/\/portaldoestado.com.br\/index.php\/2026\/01\/23\/ludmilla-expoe-entraves-no-lancamento-de-bota-e-diz-nao-se-surpreender-com-dificuldades-nos-bastidores\/#primaryimage\"},\"thumbnailUrl\":\"https:\/\/portaldoestado.com.br\/wp-content\/uploads\/2026\/01\/EMv6AodD-Design-sem-nome-6.jpg\",\"datePublished\":\"2026-01-23T15:31:56+00:00\",\"breadcrumb\":{\"@id\":\"https:\/\/portaldoestado.com.br\/index.php\/2026\/01\/23\/ludmilla-expoe-entraves-no-lancamento-de-bota-e-diz-nao-se-surpreender-com-dificuldades-nos-bastidores\/#breadcrumb\"},\"inLanguage\":\"pt-BR\",\"potentialAction\":[{\"@type\":\"ReadAction\",\"target\":[\"https:\/\/portaldoestado.com.br\/index.php\/2026\/01\/23\/ludmilla-expoe-entraves-no-lancamento-de-bota-e-diz-nao-se-surpreender-com-dificuldades-nos-bastidores\/\"]}]},{\"@type\":\"ImageObject\",\"inLanguage\":\"pt-BR\",\"@id\":\"https:\/\/portaldoestado.com.br\/index.php\/2026\/01\/23\/ludmilla-expoe-entraves-no-lancamento-de-bota-e-diz-nao-se-surpreender-com-dificuldades-nos-bastidores\/#primaryimage\",\"url\":\"https:\/\/portaldoestado.com.br\/wp-content\/uploads\/2026\/01\/EMv6AodD-Design-sem-nome-6.jpg\",\"contentUrl\":\"https:\/\/portaldoestado.com.br\/wp-content\/uploads\/2026\/01\/EMv6AodD-Design-sem-nome-6.jpg\",\"width\":1200,\"height\":900},{\"@type\":\"BreadcrumbList\",\"@id\":\"https:\/\/portaldoestado.com.br\/index.php\/2026\/01\/23\/ludmilla-expoe-entraves-no-lancamento-de-bota-e-diz-nao-se-surpreender-com-dificuldades-nos-bastidores\/#breadcrumb\",\"itemListElement\":[{\"@type\":\"ListItem\",\"position\":1,\"name\":\"In\u00edcio\",\"item\":\"https:\/\/portaldoestado.com.br\/\"},{\"@type\":\"ListItem\",\"position\":2,\"name\":\"Ludmilla exp\u00f5e entraves no lan\u00e7amento de \u201cBOTA\u201d e diz n\u00e3o se surpreender com dificuldades nos bastidores\"}]},{\"@type\":\"WebSite\",\"@id\":\"https:\/\/portaldoestado.com.br\/#website\",\"url\":\"https:\/\/portaldoestado.com.br\/\",\"name\":\"Portal do Estado\",\"description\":\"\",\"publisher\":{\"@id\":\"https:\/\/portaldoestado.com.br\/#organization\"},\"potentialAction\":[{\"@type\":\"SearchAction\",\"target\":{\"@type\":\"EntryPoint\",\"urlTemplate\":\"https:\/\/portaldoestado.com.br\/?s={search_term_string}\"},\"query-input\":{\"@type\":\"PropertyValueSpecification\",\"valueRequired\":true,\"valueName\":\"search_term_string\"}}],\"inLanguage\":\"pt-BR\"},{\"@type\":\"Organization\",\"@id\":\"https:\/\/portaldoestado.com.br\/#organization\",\"name\":\"Portal do Estado\",\"url\":\"https:\/\/portaldoestado.com.br\/\",\"logo\":{\"@type\":\"ImageObject\",\"inLanguage\":\"pt-BR\",\"@id\":\"https:\/\/portaldoestado.com.br\/#\/schema\/logo\/image\/\",\"url\":\"https:\/\/portaldoestado.com.br\/wp-content\/uploads\/2025\/04\/cropped-6f69b19a-6472-43bf-b1b3-e1910bbbd4e8.png\",\"contentUrl\":\"https:\/\/portaldoestado.com.br\/wp-content\/uploads\/2025\/04\/cropped-6f69b19a-6472-43bf-b1b3-e1910bbbd4e8.png\",\"width\":1024,\"height\":350,\"caption\":\"Portal do Estado\"},\"image\":{\"@id\":\"https:\/\/portaldoestado.com.br\/#\/schema\/logo\/image\/\"}},{\"@type\":\"Person\",\"@id\":\"https:\/\/portaldoestado.com.br\/#\/schema\/person\/5ca0174f3c8c84b59da62ea14b698cb9\",\"name\":\"assessoriadefamosos\",\"image\":{\"@type\":\"ImageObject\",\"inLanguage\":\"pt-BR\",\"@id\":\"https:\/\/portaldoestado.com.br\/#\/schema\/person\/image\/\",\"url\":\"https:\/\/secure.gravatar.com\/avatar\/a7acbdffcfbbae7240e59f47fe511ec5f5d8c252c779f0b8d9ab02a9e1d8c5ed?s=96&d=mm&r=g\",\"contentUrl\":\"https:\/\/secure.gravatar.com\/avatar\/a7acbdffcfbbae7240e59f47fe511ec5f5d8c252c779f0b8d9ab02a9e1d8c5ed?s=96&d=mm&r=g\",\"caption\":\"assessoriadefamosos\"},\"url\":\"https:\/\/portaldoestado.com.br\/index.php\/author\/assessoriadefamosos\/\"}]}<\/script>\n<!-- \/ Yoast SEO plugin. -->","yoast_head_json":{"title":"Ludmilla exp\u00f5e entraves no lan\u00e7amento de \u201cBOTA\u201d e diz n\u00e3o se surpreender com dificuldades nos bastidores - Portal do Estado","robots":{"index":"index","follow":"follow","max-snippet":"max-snippet:-1","max-image-preview":"max-image-preview:large","max-video-preview":"max-video-preview:-1"},"canonical":"https:\/\/portaldoestado.com.br\/index.php\/2026\/01\/23\/ludmilla-expoe-entraves-no-lancamento-de-bota-e-diz-nao-se-surpreender-com-dificuldades-nos-bastidores\/","og_locale":"pt_BR","og_type":"article","og_title":"Ludmilla exp\u00f5e entraves no lan\u00e7amento de \u201cBOTA\u201d e diz n\u00e3o se surpreender com dificuldades nos bastidores - Portal do Estado","og_description":"O lan\u00e7amento do single \u201cBOTA\u201d, parceria de Ludmilla com as cantoras internacionais Latto e Emilia, foi marcado por tens\u00e3o e desabafo. Na noite desta quinta-feira (22\/1), a artista usou as redes sociais para relatar problemas envolvendo a distribui\u00e7\u00e3o da faixa e sugeriu que o projeto enfrenta resist\u00eancia nos bastidores da ind\u00fastria musical. Segundo a cantora, \u2026","og_url":"https:\/\/portaldoestado.com.br\/index.php\/2026\/01\/23\/ludmilla-expoe-entraves-no-lancamento-de-bota-e-diz-nao-se-surpreender-com-dificuldades-nos-bastidores\/","og_site_name":"Portal do Estado","article_published_time":"2026-01-23T15:31:56+00:00","og_image":[{"width":1200,"height":900,"url":"https:\/\/portaldoestado.com.br\/wp-content\/uploads\/2026\/01\/EMv6AodD-Design-sem-nome-6.jpg","type":"image\/jpeg"}],"author":"assessoriadefamosos","twitter_card":"summary_large_image","twitter_misc":{"Escrito por":"assessoriadefamosos","Est. tempo de leitura":"2 minutos"},"schema":{"@context":"https:\/\/schema.org","@graph":[{"@type":"Article","@id":"https:\/\/portaldoestado.com.br\/index.php\/2026\/01\/23\/ludmilla-expoe-entraves-no-lancamento-de-bota-e-diz-nao-se-surpreender-com-dificuldades-nos-bastidores\/#article","isPartOf":{"@id":"https:\/\/portaldoestado.com.br\/index.php\/2026\/01\/23\/ludmilla-expoe-entraves-no-lancamento-de-bota-e-diz-nao-se-surpreender-com-dificuldades-nos-bastidores\/"},"author":{"name":"assessoriadefamosos","@id":"https:\/\/portaldoestado.com.br\/#\/schema\/person\/5ca0174f3c8c84b59da62ea14b698cb9"},"headline":"Ludmilla exp\u00f5e entraves no lan\u00e7amento de \u201cBOTA\u201d e diz n\u00e3o se surpreender com dificuldades nos bastidores","datePublished":"2026-01-23T15:31:56+00:00","mainEntityOfPage":{"@id":"https:\/\/portaldoestado.com.br\/index.php\/2026\/01\/23\/ludmilla-expoe-entraves-no-lancamento-de-bota-e-diz-nao-se-surpreender-com-dificuldades-nos-bastidores\/"},"wordCount":474,"publisher":{"@id":"https:\/\/portaldoestado.com.br\/#organization"},"image":{"@id":"https:\/\/portaldoestado.com.br\/index.php\/2026\/01\/23\/ludmilla-expoe-entraves-no-lancamento-de-bota-e-diz-nao-se-surpreender-com-dificuldades-nos-bastidores\/#primaryimage"},"thumbnailUrl":"https:\/\/portaldoestado.com.br\/wp-content\/uploads\/2026\/01\/EMv6AodD-Design-sem-nome-6.jpg","articleSection":["Famosos"],"inLanguage":"pt-BR"},{"@type":"WebPage","@id":"https:\/\/portaldoestado.com.br\/index.php\/2026\/01\/23\/ludmilla-expoe-entraves-no-lancamento-de-bota-e-diz-nao-se-surpreender-com-dificuldades-nos-bastidores\/","url":"https:\/\/portaldoestado.com.br\/index.php\/2026\/01\/23\/ludmilla-expoe-entraves-no-lancamento-de-bota-e-diz-nao-se-surpreender-com-dificuldades-nos-bastidores\/","name":"Ludmilla exp\u00f5e entraves no lan\u00e7amento de \u201cBOTA\u201d e diz n\u00e3o se surpreender com dificuldades nos bastidores - Portal do Estado","isPartOf":{"@id":"https:\/\/portaldoestado.com.br\/#website"},"primaryImageOfPage":{"@id":"https:\/\/portaldoestado.com.br\/index.php\/2026\/01\/23\/ludmilla-expoe-entraves-no-lancamento-de-bota-e-diz-nao-se-surpreender-com-dificuldades-nos-bastidores\/#primaryimage"},"image":{"@id":"https:\/\/portaldoestado.com.br\/index.php\/2026\/01\/23\/ludmilla-expoe-entraves-no-lancamento-de-bota-e-diz-nao-se-surpreender-com-dificuldades-nos-bastidores\/#primaryimage"},"thumbnailUrl":"https:\/\/portaldoestado.com.br\/wp-content\/uploads\/2026\/01\/EMv6AodD-Design-sem-nome-6.jpg","datePublished":"2026-01-23T15:31:56+00:00","breadcrumb":{"@id":"https:\/\/portaldoestado.com.br\/index.php\/2026\/01\/23\/ludmilla-expoe-entraves-no-lancamento-de-bota-e-diz-nao-se-surpreender-com-dificuldades-nos-bastidores\/#breadcrumb"},"inLanguage":"pt-BR","potentialAction":[{"@type":"ReadAction","target":["https:\/\/portaldoestado.com.br\/index.php\/2026\/01\/23\/ludmilla-expoe-entraves-no-lancamento-de-bota-e-diz-nao-se-surpreender-com-dificuldades-nos-bastidores\/"]}]},{"@type":"ImageObject","inLanguage":"pt-BR","@id":"https:\/\/portaldoestado.com.br\/index.php\/2026\/01\/23\/ludmilla-expoe-entraves-no-lancamento-de-bota-e-diz-nao-se-surpreender-com-dificuldades-nos-bastidores\/#primaryimage","url":"https:\/\/portaldoestado.com.br\/wp-content\/uploads\/2026\/01\/EMv6AodD-Design-sem-nome-6.jpg","contentUrl":"https:\/\/portaldoestado.com.br\/wp-content\/uploads\/2026\/01\/EMv6AodD-Design-sem-nome-6.jpg","width":1200,"height":900},{"@type":"BreadcrumbList","@id":"https:\/\/portaldoestado.com.br\/index.php\/2026\/01\/23\/ludmilla-expoe-entraves-no-lancamento-de-bota-e-diz-nao-se-surpreender-com-dificuldades-nos-bastidores\/#breadcrumb","itemListElement":[{"@type":"ListItem","position":1,"name":"In\u00edcio","item":"https:\/\/portaldoestado.com.br\/"},{"@type":"ListItem","position":2,"name":"Ludmilla exp\u00f5e entraves no lan\u00e7amento de \u201cBOTA\u201d e diz n\u00e3o se surpreender com dificuldades nos bastidores"}]},{"@type":"WebSite","@id":"https:\/\/portaldoestado.com.br\/#website","url":"https:\/\/portaldoestado.com.br\/","name":"Portal do Estado","description":"","publisher":{"@id":"https:\/\/portaldoestado.com.br\/#organization"},"potentialAction":[{"@type":"SearchAction","target":{"@type":"EntryPoint","urlTemplate":"https:\/\/portaldoestado.com.br\/?s={search_term_string}"},"query-input":{"@type":"PropertyValueSpecification","valueRequired":true,"valueName":"search_term_string"}}],"inLanguage":"pt-BR"},{"@type":"Organization","@id":"https:\/\/portaldoestado.com.br\/#organization","name":"Portal do Estado","url":"https:\/\/portaldoestado.com.br\/","logo":{"@type":"ImageObject","inLanguage":"pt-BR","@id":"https:\/\/portaldoestado.com.br\/#\/schema\/logo\/image\/","url":"https:\/\/portaldoestado.com.br\/wp-content\/uploads\/2025\/04\/cropped-6f69b19a-6472-43bf-b1b3-e1910bbbd4e8.png","contentUrl":"https:\/\/portaldoestado.com.br\/wp-content\/uploads\/2025\/04\/cropped-6f69b19a-6472-43bf-b1b3-e1910bbbd4e8.png","width":1024,"height":350,"caption":"Portal do Estado"},"image":{"@id":"https:\/\/portaldoestado.com.br\/#\/schema\/logo\/image\/"}},{"@type":"Person","@id":"https:\/\/portaldoestado.com.br\/#\/schema\/person\/5ca0174f3c8c84b59da62ea14b698cb9","name":"assessoriadefamosos","image":{"@type":"ImageObject","inLanguage":"pt-BR","@id":"https:\/\/portaldoestado.com.br\/#\/schema\/person\/image\/","url":"https:\/\/secure.gravatar.com\/avatar\/a7acbdffcfbbae7240e59f47fe511ec5f5d8c252c779f0b8d9ab02a9e1d8c5ed?s=96&d=mm&r=g","contentUrl":"https:\/\/secure.gravatar.com\/avatar\/a7acbdffcfbbae7240e59f47fe511ec5f5d8c252c779f0b8d9ab02a9e1d8c5ed?s=96&d=mm&r=g","caption":"assessoriadefamosos"},"url":"https:\/\/portaldoestado.com.br\/index.php\/author\/assessoriadefamosos\/"}]}},"jetpack_featured_media_url":"https:\/\/portaldoestado.com.br\/wp-content\/uploads\/2026\/01\/EMv6AodD-Design-sem-nome-6.jpg","_links":{"self":[{"href":"https:\/\/portaldoestado.com.br\/index.php\/wp-json\/wp\/v2\/posts\/6016","targetHints":{"allow":["GET"]}}],"collection":[{"href":"https:\/\/portaldoestado.com.br\/index.php\/wp-json\/wp\/v2\/posts"}],"about":[{"href":"https:\/\/portaldoestado.com.br\/index.php\/wp-json\/wp\/v2\/types\/post"}],"author":[{"embeddable":true,"href":"https:\/\/portaldoestado.com.br\/index.php\/wp-json\/wp\/v2\/users\/2"}],"replies":[{"embeddable":true,"href":"https:\/\/portaldoestado.com.br\/index.php\/wp-json\/wp\/v2\/comments?post=6016"}],"version-history":[{"count":1,"href":"https:\/\/portaldoestado.com.br\/index.php\/wp-json\/wp\/v2\/posts\/6016\/revisions"}],"predecessor-version":[{"id":6017,"href":"https:\/\/portaldoestado.com.br\/index.php\/wp-json\/wp\/v2\/posts\/6016\/revisions\/6017"}],"wp:featuredmedia":[{"embeddable":true,"href":"https:\/\/portaldoestado.com.br\/index.php\/wp-json\/wp\/v2\/media\/6015"}],"wp:attachment":[{"href":"https:\/\/portaldoestado.com.br\/index.php\/wp-json\/wp\/v2\/media?parent=6016"}],"wp:term":[{"taxonomy":"category","embeddable":true,"href":"https:\/\/portaldoestado.com.br\/index.php\/wp-json\/wp\/v2\/categories?post=6016"},{"taxonomy":"post_tag","embeddable":true,"href":"https:\/\/portaldoestado.com.br\/index.php\/wp-json\/wp\/v2\/tags?post=6016"}],"curies":[{"name":"wp","href":"https:\/\/api.w.org\/{rel}","templated":true}]}}