{"id":6013,"date":"2026-01-23T15:29:40","date_gmt":"2026-01-23T15:29:40","guid":{"rendered":"https:\/\/portaldoestado.com.br\/?p=6013"},"modified":"2026-01-23T15:29:40","modified_gmt":"2026-01-23T15:29:40","slug":"fernanda-torres-comemora-indicacoes-historicas-de-o-agente-secreto-ao-oscar-2026","status":"publish","type":"post","link":"https:\/\/portaldoestado.com.br\/index.php\/2026\/01\/23\/fernanda-torres-comemora-indicacoes-historicas-de-o-agente-secreto-ao-oscar-2026\/","title":{"rendered":"Fernanda Torres comemora indica\u00e7\u00f5es hist\u00f3ricas de \u201cO Agente Secreto\u201d ao Oscar 2026"},"content":{"rendered":"\n<p>Fernanda Torres celebrou com entusiasmo as indica\u00e7\u00f5es de \u201cO Agente Secreto\u201d ao Oscar 2026. O filme brasileiro conquistou quatro nomea\u00e7\u00f5es na principal premia\u00e7\u00e3o do cinema mundial, incluindo categorias centrais como <strong>Melhor Filme<\/strong> e <strong>Melhor Ator<\/strong>, com Wagner Moura, refor\u00e7ando a for\u00e7a do Brasil na disputa internacional.<\/p>\n\n\n\n<p>A atriz compartilhou a conquista nas redes sociais ao publicar uma montagem com cenas e personagens do longa, acompanhada de uma mensagem vibrante em apoio ao cinema nacional. Em tom de celebra\u00e7\u00e3o, ela destacou o momento vivido pelo Brasil e marcou a Academia de Artes e Ci\u00eancias Cinematogr\u00e1ficas.<\/p>\n\n\n\n<p>Al\u00e9m do destaque para \u201cO Agente Secreto\u201d, Fernanda tamb\u00e9m chamou aten\u00e7\u00e3o para outra indica\u00e7\u00e3o ligada a profissionais brasileiros. O filme \u201cSonhos de Trem\u201d, produ\u00e7\u00e3o estrangeira, garantiu ao brasileiro Adolpho Veloso uma nomea\u00e7\u00e3o na categoria <strong>Melhor Fotografia<\/strong>, ampliando a presen\u00e7a do pa\u00eds na cerim\u00f4nia.<\/p>\n\n\n\n<p>Dirigido por Kleber Mendon\u00e7a Filho, o thriller \u00e9 ambientado no Recife dos anos 1970 e se destacou por ir al\u00e9m da tradicional disputa de filmes internacionais, figurando entre os t\u00edtulos mais relevantes da temporada. A campanha de Wagner Moura, elogiada pela cr\u00edtica, tem sido apontada como um dos pontos altos da corrida ao Oscar.<\/p>\n\n\n\n<p>A comemora\u00e7\u00e3o marca mais um cap\u00edtulo importante na trajet\u00f3ria de Fernanda Torres. Na edi\u00e7\u00e3o anterior da premia\u00e7\u00e3o, a atriz esteve entre as indicadas a <strong>Melhor Atriz<\/strong> por sua atua\u00e7\u00e3o em \u201cAinda Estou Aqui\u201d, filme que acabou vencedor na categoria <strong>Melhor Filme Internacional<\/strong>.<\/p>\n\n\n\n<p>A cerim\u00f4nia do Oscar 2026 acontece no dia <strong>15 de mar\u00e7o<\/strong>, em Los Angeles, e promete uma noite significativa para o cinema brasileiro, que chega \u00e0 disputa com forte visibilidade e reconhecimento.<\/p>\n","protected":false},"excerpt":{"rendered":"<p>Fernanda Torres celebrou com entusiasmo as indica\u00e7\u00f5es de \u201cO Agente Secreto\u201d ao Oscar 2026. O filme brasileiro conquistou quatro nomea\u00e7\u00f5es na principal premia\u00e7\u00e3o do cinema mundial, incluindo categorias centrais como Melhor Filme e Melhor Ator, com Wagner Moura, refor\u00e7ando a for\u00e7a do Brasil na disputa internacional. A atriz compartilhou a conquista nas redes sociais ao \u2026<\/p>\n","protected":false},"author":2,"featured_media":6012,"comment_status":"closed","ping_status":"open","sticky":false,"template":"","format":"standard","meta":{"footnotes":""},"categories":[3],"tags":[],"class_list":["post-6013","post","type-post","status-publish","format-standard","has-post-thumbnail","hentry","category-famosos"],"yoast_head":"<!-- This site is optimized with the Yoast SEO plugin v25.5 - https:\/\/yoast.com\/wordpress\/plugins\/seo\/ -->\n<title>Fernanda Torres comemora indica\u00e7\u00f5es hist\u00f3ricas de \u201cO Agente Secreto\u201d ao Oscar 2026 - Portal do Estado<\/title>\n<meta name=\"robots\" content=\"index, follow, max-snippet:-1, max-image-preview:large, max-video-preview:-1\" \/>\n<link rel=\"canonical\" href=\"https:\/\/portaldoestado.com.br\/index.php\/2026\/01\/23\/fernanda-torres-comemora-indicacoes-historicas-de-o-agente-secreto-ao-oscar-2026\/\" \/>\n<meta property=\"og:locale\" content=\"pt_BR\" \/>\n<meta property=\"og:type\" content=\"article\" \/>\n<meta property=\"og:title\" content=\"Fernanda Torres comemora indica\u00e7\u00f5es hist\u00f3ricas de \u201cO Agente Secreto\u201d ao Oscar 2026 - Portal do Estado\" \/>\n<meta property=\"og:description\" content=\"Fernanda Torres celebrou com entusiasmo as indica\u00e7\u00f5es de \u201cO Agente Secreto\u201d ao Oscar 2026. O filme brasileiro conquistou quatro nomea\u00e7\u00f5es na principal premia\u00e7\u00e3o do cinema mundial, incluindo categorias centrais como Melhor Filme e Melhor Ator, com Wagner Moura, refor\u00e7ando a for\u00e7a do Brasil na disputa internacional. A atriz compartilhou a conquista nas redes sociais ao \u2026\" \/>\n<meta property=\"og:url\" content=\"https:\/\/portaldoestado.com.br\/index.php\/2026\/01\/23\/fernanda-torres-comemora-indicacoes-historicas-de-o-agente-secreto-ao-oscar-2026\/\" \/>\n<meta property=\"og:site_name\" content=\"Portal do Estado\" \/>\n<meta property=\"article:published_time\" content=\"2026-01-23T15:29:40+00:00\" \/>\n<meta property=\"og:image\" content=\"https:\/\/portaldoestado.com.br\/wp-content\/uploads\/2026\/01\/ccRMgL3I-Backup-capa-1-foto.png\" \/>\n\t<meta property=\"og:image:width\" content=\"1200\" \/>\n\t<meta property=\"og:image:height\" content=\"900\" \/>\n\t<meta property=\"og:image:type\" content=\"image\/png\" \/>\n<meta name=\"author\" content=\"assessoriadefamosos\" \/>\n<meta name=\"twitter:card\" content=\"summary_large_image\" \/>\n<meta name=\"twitter:label1\" content=\"Escrito por\" \/>\n\t<meta name=\"twitter:data1\" content=\"assessoriadefamosos\" \/>\n\t<meta name=\"twitter:label2\" content=\"Est. tempo de leitura\" \/>\n\t<meta name=\"twitter:data2\" content=\"1 minuto\" \/>\n<script type=\"application\/ld+json\" class=\"yoast-schema-graph\">{\"@context\":\"https:\/\/schema.org\",\"@graph\":[{\"@type\":\"Article\",\"@id\":\"https:\/\/portaldoestado.com.br\/index.php\/2026\/01\/23\/fernanda-torres-comemora-indicacoes-historicas-de-o-agente-secreto-ao-oscar-2026\/#article\",\"isPartOf\":{\"@id\":\"https:\/\/portaldoestado.com.br\/index.php\/2026\/01\/23\/fernanda-torres-comemora-indicacoes-historicas-de-o-agente-secreto-ao-oscar-2026\/\"},\"author\":{\"name\":\"assessoriadefamosos\",\"@id\":\"https:\/\/portaldoestado.com.br\/#\/schema\/person\/5ca0174f3c8c84b59da62ea14b698cb9\"},\"headline\":\"Fernanda Torres comemora indica\u00e7\u00f5es hist\u00f3ricas de \u201cO Agente Secreto\u201d ao Oscar 2026\",\"datePublished\":\"2026-01-23T15:29:40+00:00\",\"mainEntityOfPage\":{\"@id\":\"https:\/\/portaldoestado.com.br\/index.php\/2026\/01\/23\/fernanda-torres-comemora-indicacoes-historicas-de-o-agente-secreto-ao-oscar-2026\/\"},\"wordCount\":301,\"publisher\":{\"@id\":\"https:\/\/portaldoestado.com.br\/#organization\"},\"image\":{\"@id\":\"https:\/\/portaldoestado.com.br\/index.php\/2026\/01\/23\/fernanda-torres-comemora-indicacoes-historicas-de-o-agente-secreto-ao-oscar-2026\/#primaryimage\"},\"thumbnailUrl\":\"https:\/\/portaldoestado.com.br\/wp-content\/uploads\/2026\/01\/ccRMgL3I-Backup-capa-1-foto.png\",\"articleSection\":[\"Famosos\"],\"inLanguage\":\"pt-BR\"},{\"@type\":\"WebPage\",\"@id\":\"https:\/\/portaldoestado.com.br\/index.php\/2026\/01\/23\/fernanda-torres-comemora-indicacoes-historicas-de-o-agente-secreto-ao-oscar-2026\/\",\"url\":\"https:\/\/portaldoestado.com.br\/index.php\/2026\/01\/23\/fernanda-torres-comemora-indicacoes-historicas-de-o-agente-secreto-ao-oscar-2026\/\",\"name\":\"Fernanda Torres comemora indica\u00e7\u00f5es hist\u00f3ricas de \u201cO Agente Secreto\u201d ao Oscar 2026 - Portal do Estado\",\"isPartOf\":{\"@id\":\"https:\/\/portaldoestado.com.br\/#website\"},\"primaryImageOfPage\":{\"@id\":\"https:\/\/portaldoestado.com.br\/index.php\/2026\/01\/23\/fernanda-torres-comemora-indicacoes-historicas-de-o-agente-secreto-ao-oscar-2026\/#primaryimage\"},\"image\":{\"@id\":\"https:\/\/portaldoestado.com.br\/index.php\/2026\/01\/23\/fernanda-torres-comemora-indicacoes-historicas-de-o-agente-secreto-ao-oscar-2026\/#primaryimage\"},\"thumbnailUrl\":\"https:\/\/portaldoestado.com.br\/wp-content\/uploads\/2026\/01\/ccRMgL3I-Backup-capa-1-foto.png\",\"datePublished\":\"2026-01-23T15:29:40+00:00\",\"breadcrumb\":{\"@id\":\"https:\/\/portaldoestado.com.br\/index.php\/2026\/01\/23\/fernanda-torres-comemora-indicacoes-historicas-de-o-agente-secreto-ao-oscar-2026\/#breadcrumb\"},\"inLanguage\":\"pt-BR\",\"potentialAction\":[{\"@type\":\"ReadAction\",\"target\":[\"https:\/\/portaldoestado.com.br\/index.php\/2026\/01\/23\/fernanda-torres-comemora-indicacoes-historicas-de-o-agente-secreto-ao-oscar-2026\/\"]}]},{\"@type\":\"ImageObject\",\"inLanguage\":\"pt-BR\",\"@id\":\"https:\/\/portaldoestado.com.br\/index.php\/2026\/01\/23\/fernanda-torres-comemora-indicacoes-historicas-de-o-agente-secreto-ao-oscar-2026\/#primaryimage\",\"url\":\"https:\/\/portaldoestado.com.br\/wp-content\/uploads\/2026\/01\/ccRMgL3I-Backup-capa-1-foto.png\",\"contentUrl\":\"https:\/\/portaldoestado.com.br\/wp-content\/uploads\/2026\/01\/ccRMgL3I-Backup-capa-1-foto.png\",\"width\":1200,\"height\":900},{\"@type\":\"BreadcrumbList\",\"@id\":\"https:\/\/portaldoestado.com.br\/index.php\/2026\/01\/23\/fernanda-torres-comemora-indicacoes-historicas-de-o-agente-secreto-ao-oscar-2026\/#breadcrumb\",\"itemListElement\":[{\"@type\":\"ListItem\",\"position\":1,\"name\":\"In\u00edcio\",\"item\":\"https:\/\/portaldoestado.com.br\/\"},{\"@type\":\"ListItem\",\"position\":2,\"name\":\"Fernanda Torres comemora indica\u00e7\u00f5es hist\u00f3ricas de \u201cO Agente Secreto\u201d ao Oscar 2026\"}]},{\"@type\":\"WebSite\",\"@id\":\"https:\/\/portaldoestado.com.br\/#website\",\"url\":\"https:\/\/portaldoestado.com.br\/\",\"name\":\"Portal do Estado\",\"description\":\"\",\"publisher\":{\"@id\":\"https:\/\/portaldoestado.com.br\/#organization\"},\"potentialAction\":[{\"@type\":\"SearchAction\",\"target\":{\"@type\":\"EntryPoint\",\"urlTemplate\":\"https:\/\/portaldoestado.com.br\/?s={search_term_string}\"},\"query-input\":{\"@type\":\"PropertyValueSpecification\",\"valueRequired\":true,\"valueName\":\"search_term_string\"}}],\"inLanguage\":\"pt-BR\"},{\"@type\":\"Organization\",\"@id\":\"https:\/\/portaldoestado.com.br\/#organization\",\"name\":\"Portal do Estado\",\"url\":\"https:\/\/portaldoestado.com.br\/\",\"logo\":{\"@type\":\"ImageObject\",\"inLanguage\":\"pt-BR\",\"@id\":\"https:\/\/portaldoestado.com.br\/#\/schema\/logo\/image\/\",\"url\":\"https:\/\/portaldoestado.com.br\/wp-content\/uploads\/2025\/04\/cropped-6f69b19a-6472-43bf-b1b3-e1910bbbd4e8.png\",\"contentUrl\":\"https:\/\/portaldoestado.com.br\/wp-content\/uploads\/2025\/04\/cropped-6f69b19a-6472-43bf-b1b3-e1910bbbd4e8.png\",\"width\":1024,\"height\":350,\"caption\":\"Portal do Estado\"},\"image\":{\"@id\":\"https:\/\/portaldoestado.com.br\/#\/schema\/logo\/image\/\"}},{\"@type\":\"Person\",\"@id\":\"https:\/\/portaldoestado.com.br\/#\/schema\/person\/5ca0174f3c8c84b59da62ea14b698cb9\",\"name\":\"assessoriadefamosos\",\"image\":{\"@type\":\"ImageObject\",\"inLanguage\":\"pt-BR\",\"@id\":\"https:\/\/portaldoestado.com.br\/#\/schema\/person\/image\/\",\"url\":\"https:\/\/secure.gravatar.com\/avatar\/a7acbdffcfbbae7240e59f47fe511ec5f5d8c252c779f0b8d9ab02a9e1d8c5ed?s=96&d=mm&r=g\",\"contentUrl\":\"https:\/\/secure.gravatar.com\/avatar\/a7acbdffcfbbae7240e59f47fe511ec5f5d8c252c779f0b8d9ab02a9e1d8c5ed?s=96&d=mm&r=g\",\"caption\":\"assessoriadefamosos\"},\"url\":\"https:\/\/portaldoestado.com.br\/index.php\/author\/assessoriadefamosos\/\"}]}<\/script>\n<!-- \/ Yoast SEO plugin. -->","yoast_head_json":{"title":"Fernanda Torres comemora indica\u00e7\u00f5es hist\u00f3ricas de \u201cO Agente Secreto\u201d ao Oscar 2026 - Portal do Estado","robots":{"index":"index","follow":"follow","max-snippet":"max-snippet:-1","max-image-preview":"max-image-preview:large","max-video-preview":"max-video-preview:-1"},"canonical":"https:\/\/portaldoestado.com.br\/index.php\/2026\/01\/23\/fernanda-torres-comemora-indicacoes-historicas-de-o-agente-secreto-ao-oscar-2026\/","og_locale":"pt_BR","og_type":"article","og_title":"Fernanda Torres comemora indica\u00e7\u00f5es hist\u00f3ricas de \u201cO Agente Secreto\u201d ao Oscar 2026 - Portal do Estado","og_description":"Fernanda Torres celebrou com entusiasmo as indica\u00e7\u00f5es de \u201cO Agente Secreto\u201d ao Oscar 2026. O filme brasileiro conquistou quatro nomea\u00e7\u00f5es na principal premia\u00e7\u00e3o do cinema mundial, incluindo categorias centrais como Melhor Filme e Melhor Ator, com Wagner Moura, refor\u00e7ando a for\u00e7a do Brasil na disputa internacional. A atriz compartilhou a conquista nas redes sociais ao \u2026","og_url":"https:\/\/portaldoestado.com.br\/index.php\/2026\/01\/23\/fernanda-torres-comemora-indicacoes-historicas-de-o-agente-secreto-ao-oscar-2026\/","og_site_name":"Portal do Estado","article_published_time":"2026-01-23T15:29:40+00:00","og_image":[{"width":1200,"height":900,"url":"https:\/\/portaldoestado.com.br\/wp-content\/uploads\/2026\/01\/ccRMgL3I-Backup-capa-1-foto.png","type":"image\/png"}],"author":"assessoriadefamosos","twitter_card":"summary_large_image","twitter_misc":{"Escrito por":"assessoriadefamosos","Est. tempo de leitura":"1 minuto"},"schema":{"@context":"https:\/\/schema.org","@graph":[{"@type":"Article","@id":"https:\/\/portaldoestado.com.br\/index.php\/2026\/01\/23\/fernanda-torres-comemora-indicacoes-historicas-de-o-agente-secreto-ao-oscar-2026\/#article","isPartOf":{"@id":"https:\/\/portaldoestado.com.br\/index.php\/2026\/01\/23\/fernanda-torres-comemora-indicacoes-historicas-de-o-agente-secreto-ao-oscar-2026\/"},"author":{"name":"assessoriadefamosos","@id":"https:\/\/portaldoestado.com.br\/#\/schema\/person\/5ca0174f3c8c84b59da62ea14b698cb9"},"headline":"Fernanda Torres comemora indica\u00e7\u00f5es hist\u00f3ricas de \u201cO Agente Secreto\u201d ao Oscar 2026","datePublished":"2026-01-23T15:29:40+00:00","mainEntityOfPage":{"@id":"https:\/\/portaldoestado.com.br\/index.php\/2026\/01\/23\/fernanda-torres-comemora-indicacoes-historicas-de-o-agente-secreto-ao-oscar-2026\/"},"wordCount":301,"publisher":{"@id":"https:\/\/portaldoestado.com.br\/#organization"},"image":{"@id":"https:\/\/portaldoestado.com.br\/index.php\/2026\/01\/23\/fernanda-torres-comemora-indicacoes-historicas-de-o-agente-secreto-ao-oscar-2026\/#primaryimage"},"thumbnailUrl":"https:\/\/portaldoestado.com.br\/wp-content\/uploads\/2026\/01\/ccRMgL3I-Backup-capa-1-foto.png","articleSection":["Famosos"],"inLanguage":"pt-BR"},{"@type":"WebPage","@id":"https:\/\/portaldoestado.com.br\/index.php\/2026\/01\/23\/fernanda-torres-comemora-indicacoes-historicas-de-o-agente-secreto-ao-oscar-2026\/","url":"https:\/\/portaldoestado.com.br\/index.php\/2026\/01\/23\/fernanda-torres-comemora-indicacoes-historicas-de-o-agente-secreto-ao-oscar-2026\/","name":"Fernanda Torres comemora indica\u00e7\u00f5es hist\u00f3ricas de \u201cO Agente Secreto\u201d ao Oscar 2026 - Portal do Estado","isPartOf":{"@id":"https:\/\/portaldoestado.com.br\/#website"},"primaryImageOfPage":{"@id":"https:\/\/portaldoestado.com.br\/index.php\/2026\/01\/23\/fernanda-torres-comemora-indicacoes-historicas-de-o-agente-secreto-ao-oscar-2026\/#primaryimage"},"image":{"@id":"https:\/\/portaldoestado.com.br\/index.php\/2026\/01\/23\/fernanda-torres-comemora-indicacoes-historicas-de-o-agente-secreto-ao-oscar-2026\/#primaryimage"},"thumbnailUrl":"https:\/\/portaldoestado.com.br\/wp-content\/uploads\/2026\/01\/ccRMgL3I-Backup-capa-1-foto.png","datePublished":"2026-01-23T15:29:40+00:00","breadcrumb":{"@id":"https:\/\/portaldoestado.com.br\/index.php\/2026\/01\/23\/fernanda-torres-comemora-indicacoes-historicas-de-o-agente-secreto-ao-oscar-2026\/#breadcrumb"},"inLanguage":"pt-BR","potentialAction":[{"@type":"ReadAction","target":["https:\/\/portaldoestado.com.br\/index.php\/2026\/01\/23\/fernanda-torres-comemora-indicacoes-historicas-de-o-agente-secreto-ao-oscar-2026\/"]}]},{"@type":"ImageObject","inLanguage":"pt-BR","@id":"https:\/\/portaldoestado.com.br\/index.php\/2026\/01\/23\/fernanda-torres-comemora-indicacoes-historicas-de-o-agente-secreto-ao-oscar-2026\/#primaryimage","url":"https:\/\/portaldoestado.com.br\/wp-content\/uploads\/2026\/01\/ccRMgL3I-Backup-capa-1-foto.png","contentUrl":"https:\/\/portaldoestado.com.br\/wp-content\/uploads\/2026\/01\/ccRMgL3I-Backup-capa-1-foto.png","width":1200,"height":900},{"@type":"BreadcrumbList","@id":"https:\/\/portaldoestado.com.br\/index.php\/2026\/01\/23\/fernanda-torres-comemora-indicacoes-historicas-de-o-agente-secreto-ao-oscar-2026\/#breadcrumb","itemListElement":[{"@type":"ListItem","position":1,"name":"In\u00edcio","item":"https:\/\/portaldoestado.com.br\/"},{"@type":"ListItem","position":2,"name":"Fernanda Torres comemora indica\u00e7\u00f5es hist\u00f3ricas de \u201cO Agente Secreto\u201d ao Oscar 2026"}]},{"@type":"WebSite","@id":"https:\/\/portaldoestado.com.br\/#website","url":"https:\/\/portaldoestado.com.br\/","name":"Portal do Estado","description":"","publisher":{"@id":"https:\/\/portaldoestado.com.br\/#organization"},"potentialAction":[{"@type":"SearchAction","target":{"@type":"EntryPoint","urlTemplate":"https:\/\/portaldoestado.com.br\/?s={search_term_string}"},"query-input":{"@type":"PropertyValueSpecification","valueRequired":true,"valueName":"search_term_string"}}],"inLanguage":"pt-BR"},{"@type":"Organization","@id":"https:\/\/portaldoestado.com.br\/#organization","name":"Portal do Estado","url":"https:\/\/portaldoestado.com.br\/","logo":{"@type":"ImageObject","inLanguage":"pt-BR","@id":"https:\/\/portaldoestado.com.br\/#\/schema\/logo\/image\/","url":"https:\/\/portaldoestado.com.br\/wp-content\/uploads\/2025\/04\/cropped-6f69b19a-6472-43bf-b1b3-e1910bbbd4e8.png","contentUrl":"https:\/\/portaldoestado.com.br\/wp-content\/uploads\/2025\/04\/cropped-6f69b19a-6472-43bf-b1b3-e1910bbbd4e8.png","width":1024,"height":350,"caption":"Portal do Estado"},"image":{"@id":"https:\/\/portaldoestado.com.br\/#\/schema\/logo\/image\/"}},{"@type":"Person","@id":"https:\/\/portaldoestado.com.br\/#\/schema\/person\/5ca0174f3c8c84b59da62ea14b698cb9","name":"assessoriadefamosos","image":{"@type":"ImageObject","inLanguage":"pt-BR","@id":"https:\/\/portaldoestado.com.br\/#\/schema\/person\/image\/","url":"https:\/\/secure.gravatar.com\/avatar\/a7acbdffcfbbae7240e59f47fe511ec5f5d8c252c779f0b8d9ab02a9e1d8c5ed?s=96&d=mm&r=g","contentUrl":"https:\/\/secure.gravatar.com\/avatar\/a7acbdffcfbbae7240e59f47fe511ec5f5d8c252c779f0b8d9ab02a9e1d8c5ed?s=96&d=mm&r=g","caption":"assessoriadefamosos"},"url":"https:\/\/portaldoestado.com.br\/index.php\/author\/assessoriadefamosos\/"}]}},"jetpack_featured_media_url":"https:\/\/portaldoestado.com.br\/wp-content\/uploads\/2026\/01\/ccRMgL3I-Backup-capa-1-foto.png","_links":{"self":[{"href":"https:\/\/portaldoestado.com.br\/index.php\/wp-json\/wp\/v2\/posts\/6013","targetHints":{"allow":["GET"]}}],"collection":[{"href":"https:\/\/portaldoestado.com.br\/index.php\/wp-json\/wp\/v2\/posts"}],"about":[{"href":"https:\/\/portaldoestado.com.br\/index.php\/wp-json\/wp\/v2\/types\/post"}],"author":[{"embeddable":true,"href":"https:\/\/portaldoestado.com.br\/index.php\/wp-json\/wp\/v2\/users\/2"}],"replies":[{"embeddable":true,"href":"https:\/\/portaldoestado.com.br\/index.php\/wp-json\/wp\/v2\/comments?post=6013"}],"version-history":[{"count":1,"href":"https:\/\/portaldoestado.com.br\/index.php\/wp-json\/wp\/v2\/posts\/6013\/revisions"}],"predecessor-version":[{"id":6014,"href":"https:\/\/portaldoestado.com.br\/index.php\/wp-json\/wp\/v2\/posts\/6013\/revisions\/6014"}],"wp:featuredmedia":[{"embeddable":true,"href":"https:\/\/portaldoestado.com.br\/index.php\/wp-json\/wp\/v2\/media\/6012"}],"wp:attachment":[{"href":"https:\/\/portaldoestado.com.br\/index.php\/wp-json\/wp\/v2\/media?parent=6013"}],"wp:term":[{"taxonomy":"category","embeddable":true,"href":"https:\/\/portaldoestado.com.br\/index.php\/wp-json\/wp\/v2\/categories?post=6013"},{"taxonomy":"post_tag","embeddable":true,"href":"https:\/\/portaldoestado.com.br\/index.php\/wp-json\/wp\/v2\/tags?post=6013"}],"curies":[{"name":"wp","href":"https:\/\/api.w.org\/{rel}","templated":true}]}}