{"id":6004,"date":"2026-01-23T15:17:49","date_gmt":"2026-01-23T15:17:49","guid":{"rendered":"https:\/\/portaldoestado.com.br\/?p=6004"},"modified":"2026-01-23T15:17:49","modified_gmt":"2026-01-23T15:17:49","slug":"cacau-protasio-estreia-na-portela-apos-deixar-o-salgueiro-e-celebra-recomeco-no-carnaval","status":"publish","type":"post","link":"https:\/\/portaldoestado.com.br\/index.php\/2026\/01\/23\/cacau-protasio-estreia-na-portela-apos-deixar-o-salgueiro-e-celebra-recomeco-no-carnaval\/","title":{"rendered":"Cacau Prot\u00e1sio estreia na Portela ap\u00f3s deixar o Salgueiro e celebra recome\u00e7o no Carnaval"},"content":{"rendered":"\n<p>Cacau Prot\u00e1sio iniciou oficialmente uma nova etapa no Carnaval ao participar de seu primeiro ensaio na Portela. A atriz e humorista marcou presen\u00e7a na quadra da escola, em Madureira, poucos meses antes do Carnaval 2026, e aproveitou o momento para comemorar o recome\u00e7o, deixando no ar uma mensagem indireta sobre sua sa\u00edda do Salgueiro.<\/p>\n\n\n\n<p>Depois de ter sido anunciada como musa da escola vermelha e branca e, posteriormente, retirada do posto, Cacau encontrou na Portela o espa\u00e7o que, segundo ela, trouxe novamente o entusiasmo para desfilar. Nas redes sociais, a artista falou sobre o carinho recebido pela comunidade e pelas demais musas, ressaltando o sentimento de pertencimento logo nos primeiros contatos com a nova agremia\u00e7\u00e3o.<\/p>\n\n\n\n<p>Em seu relato, Cacau revelou que viveu dias de incerteza ao imaginar que poderia ficar fora da folia neste ano. Emocionada, contou que o primeiro ensaio foi intenso e marcante, despertando sentimentos que a fizeram ter certeza de que havia tomado a decis\u00e3o certa ao aceitar o convite da escola azul e branca.<\/p>\n\n\n\n<p>Sem citar diretamente o Salgueiro, a atriz refletiu sobre o encerramento de ciclos e a import\u00e2ncia de reconhecer quando n\u00e3o se \u00e9 mais bem-vinda em determinado espa\u00e7o. Para ela, saber sair \u00e9 t\u00e3o necess\u00e1rio quanto saber chegar, e novos caminhos se abrem quando h\u00e1 respeito e acolhimento.<\/p>\n\n\n\n<p>A humorista tamb\u00e9m destacou que preza por rela\u00e7\u00f5es profissionais baseadas na reciprocidade. Disse que n\u00e3o costuma responder a atitudes negativas, mas acredita que considera\u00e7\u00e3o precisa ser uma via de m\u00e3o dupla. A decis\u00e3o de integrar a Portela, segundo ela, veio ap\u00f3s muita reflex\u00e3o e do entendimento de que ali sua trajet\u00f3ria seria valorizada.<\/p>\n\n\n\n<p>Ao falar sobre a antiga escola, Cacau refor\u00e7ou que n\u00e3o guarda ressentimentos. Disse que foi feliz durante o per\u00edodo em que esteve no Salgueiro e que leva consigo o carinho de pessoas importantes, mas deixou claro que aquele ciclo se encerrou. Agora, o foco est\u00e1 no futuro e na expectativa de construir uma longa hist\u00f3ria com a Portela.<\/p>\n\n\n\n<p>A movimenta\u00e7\u00e3o acontece a poucos meses do Carnaval 2026 e se soma a outros epis\u00f3dios recentes da trajet\u00f3ria da atriz na folia. Em 2025, Cacau tamb\u00e9m optou por n\u00e3o desfilar pela Uni\u00e3o da Ilha do Governador ap\u00f3s relatar diverg\u00eancias com a dire\u00e7\u00e3o da escola e dificuldades relacionadas \u00e0 defini\u00e7\u00e3o de sua fantasia.<\/p>\n","protected":false},"excerpt":{"rendered":"<p>Cacau Prot\u00e1sio iniciou oficialmente uma nova etapa no Carnaval ao participar de seu primeiro ensaio na Portela. A atriz e humorista marcou presen\u00e7a na quadra da escola, em Madureira, poucos meses antes do Carnaval 2026, e aproveitou o momento para comemorar o recome\u00e7o, deixando no ar uma mensagem indireta sobre sua sa\u00edda do Salgueiro. Depois \u2026<\/p>\n","protected":false},"author":2,"featured_media":6003,"comment_status":"closed","ping_status":"open","sticky":false,"template":"","format":"standard","meta":{"footnotes":""},"categories":[3],"tags":[],"class_list":["post-6004","post","type-post","status-publish","format-standard","has-post-thumbnail","hentry","category-famosos"],"yoast_head":"<!-- This site is optimized with the Yoast SEO plugin v25.5 - https:\/\/yoast.com\/wordpress\/plugins\/seo\/ -->\n<title>Cacau Prot\u00e1sio estreia na Portela ap\u00f3s deixar o Salgueiro e celebra recome\u00e7o no Carnaval - Portal do Estado<\/title>\n<meta name=\"robots\" content=\"index, follow, max-snippet:-1, max-image-preview:large, max-video-preview:-1\" \/>\n<link rel=\"canonical\" href=\"https:\/\/portaldoestado.com.br\/index.php\/2026\/01\/23\/cacau-protasio-estreia-na-portela-apos-deixar-o-salgueiro-e-celebra-recomeco-no-carnaval\/\" \/>\n<meta property=\"og:locale\" content=\"pt_BR\" \/>\n<meta property=\"og:type\" content=\"article\" \/>\n<meta property=\"og:title\" content=\"Cacau Prot\u00e1sio estreia na Portela ap\u00f3s deixar o Salgueiro e celebra recome\u00e7o no Carnaval - Portal do Estado\" \/>\n<meta property=\"og:description\" content=\"Cacau Prot\u00e1sio iniciou oficialmente uma nova etapa no Carnaval ao participar de seu primeiro ensaio na Portela. A atriz e humorista marcou presen\u00e7a na quadra da escola, em Madureira, poucos meses antes do Carnaval 2026, e aproveitou o momento para comemorar o recome\u00e7o, deixando no ar uma mensagem indireta sobre sua sa\u00edda do Salgueiro. Depois \u2026\" \/>\n<meta property=\"og:url\" content=\"https:\/\/portaldoestado.com.br\/index.php\/2026\/01\/23\/cacau-protasio-estreia-na-portela-apos-deixar-o-salgueiro-e-celebra-recomeco-no-carnaval\/\" \/>\n<meta property=\"og:site_name\" content=\"Portal do Estado\" \/>\n<meta property=\"article:published_time\" content=\"2026-01-23T15:17:49+00:00\" \/>\n<meta property=\"og:image\" content=\"https:\/\/portaldoestado.com.br\/wp-content\/uploads\/2026\/01\/9Sm7Uxvp-Padrao-para-Portal-LeoDias-1.jpg\" \/>\n\t<meta property=\"og:image:width\" content=\"1200\" \/>\n\t<meta property=\"og:image:height\" content=\"900\" \/>\n\t<meta property=\"og:image:type\" content=\"image\/jpeg\" \/>\n<meta name=\"author\" content=\"assessoriadefamosos\" \/>\n<meta name=\"twitter:card\" content=\"summary_large_image\" \/>\n<meta name=\"twitter:label1\" content=\"Escrito por\" \/>\n\t<meta name=\"twitter:data1\" content=\"assessoriadefamosos\" \/>\n\t<meta name=\"twitter:label2\" content=\"Est. tempo de leitura\" \/>\n\t<meta name=\"twitter:data2\" content=\"2 minutos\" \/>\n<script type=\"application\/ld+json\" class=\"yoast-schema-graph\">{\"@context\":\"https:\/\/schema.org\",\"@graph\":[{\"@type\":\"Article\",\"@id\":\"https:\/\/portaldoestado.com.br\/index.php\/2026\/01\/23\/cacau-protasio-estreia-na-portela-apos-deixar-o-salgueiro-e-celebra-recomeco-no-carnaval\/#article\",\"isPartOf\":{\"@id\":\"https:\/\/portaldoestado.com.br\/index.php\/2026\/01\/23\/cacau-protasio-estreia-na-portela-apos-deixar-o-salgueiro-e-celebra-recomeco-no-carnaval\/\"},\"author\":{\"name\":\"assessoriadefamosos\",\"@id\":\"https:\/\/portaldoestado.com.br\/#\/schema\/person\/5ca0174f3c8c84b59da62ea14b698cb9\"},\"headline\":\"Cacau Prot\u00e1sio estreia na Portela ap\u00f3s deixar o Salgueiro e celebra recome\u00e7o no Carnaval\",\"datePublished\":\"2026-01-23T15:17:49+00:00\",\"mainEntityOfPage\":{\"@id\":\"https:\/\/portaldoestado.com.br\/index.php\/2026\/01\/23\/cacau-protasio-estreia-na-portela-apos-deixar-o-salgueiro-e-celebra-recomeco-no-carnaval\/\"},\"wordCount\":424,\"publisher\":{\"@id\":\"https:\/\/portaldoestado.com.br\/#organization\"},\"image\":{\"@id\":\"https:\/\/portaldoestado.com.br\/index.php\/2026\/01\/23\/cacau-protasio-estreia-na-portela-apos-deixar-o-salgueiro-e-celebra-recomeco-no-carnaval\/#primaryimage\"},\"thumbnailUrl\":\"https:\/\/portaldoestado.com.br\/wp-content\/uploads\/2026\/01\/9Sm7Uxvp-Padrao-para-Portal-LeoDias-1.jpg\",\"articleSection\":[\"Famosos\"],\"inLanguage\":\"pt-BR\"},{\"@type\":\"WebPage\",\"@id\":\"https:\/\/portaldoestado.com.br\/index.php\/2026\/01\/23\/cacau-protasio-estreia-na-portela-apos-deixar-o-salgueiro-e-celebra-recomeco-no-carnaval\/\",\"url\":\"https:\/\/portaldoestado.com.br\/index.php\/2026\/01\/23\/cacau-protasio-estreia-na-portela-apos-deixar-o-salgueiro-e-celebra-recomeco-no-carnaval\/\",\"name\":\"Cacau Prot\u00e1sio estreia na Portela ap\u00f3s deixar o Salgueiro e celebra recome\u00e7o no Carnaval - Portal do Estado\",\"isPartOf\":{\"@id\":\"https:\/\/portaldoestado.com.br\/#website\"},\"primaryImageOfPage\":{\"@id\":\"https:\/\/portaldoestado.com.br\/index.php\/2026\/01\/23\/cacau-protasio-estreia-na-portela-apos-deixar-o-salgueiro-e-celebra-recomeco-no-carnaval\/#primaryimage\"},\"image\":{\"@id\":\"https:\/\/portaldoestado.com.br\/index.php\/2026\/01\/23\/cacau-protasio-estreia-na-portela-apos-deixar-o-salgueiro-e-celebra-recomeco-no-carnaval\/#primaryimage\"},\"thumbnailUrl\":\"https:\/\/portaldoestado.com.br\/wp-content\/uploads\/2026\/01\/9Sm7Uxvp-Padrao-para-Portal-LeoDias-1.jpg\",\"datePublished\":\"2026-01-23T15:17:49+00:00\",\"breadcrumb\":{\"@id\":\"https:\/\/portaldoestado.com.br\/index.php\/2026\/01\/23\/cacau-protasio-estreia-na-portela-apos-deixar-o-salgueiro-e-celebra-recomeco-no-carnaval\/#breadcrumb\"},\"inLanguage\":\"pt-BR\",\"potentialAction\":[{\"@type\":\"ReadAction\",\"target\":[\"https:\/\/portaldoestado.com.br\/index.php\/2026\/01\/23\/cacau-protasio-estreia-na-portela-apos-deixar-o-salgueiro-e-celebra-recomeco-no-carnaval\/\"]}]},{\"@type\":\"ImageObject\",\"inLanguage\":\"pt-BR\",\"@id\":\"https:\/\/portaldoestado.com.br\/index.php\/2026\/01\/23\/cacau-protasio-estreia-na-portela-apos-deixar-o-salgueiro-e-celebra-recomeco-no-carnaval\/#primaryimage\",\"url\":\"https:\/\/portaldoestado.com.br\/wp-content\/uploads\/2026\/01\/9Sm7Uxvp-Padrao-para-Portal-LeoDias-1.jpg\",\"contentUrl\":\"https:\/\/portaldoestado.com.br\/wp-content\/uploads\/2026\/01\/9Sm7Uxvp-Padrao-para-Portal-LeoDias-1.jpg\",\"width\":1200,\"height\":900},{\"@type\":\"BreadcrumbList\",\"@id\":\"https:\/\/portaldoestado.com.br\/index.php\/2026\/01\/23\/cacau-protasio-estreia-na-portela-apos-deixar-o-salgueiro-e-celebra-recomeco-no-carnaval\/#breadcrumb\",\"itemListElement\":[{\"@type\":\"ListItem\",\"position\":1,\"name\":\"In\u00edcio\",\"item\":\"https:\/\/portaldoestado.com.br\/\"},{\"@type\":\"ListItem\",\"position\":2,\"name\":\"Cacau Prot\u00e1sio estreia na Portela ap\u00f3s deixar o Salgueiro e celebra recome\u00e7o no Carnaval\"}]},{\"@type\":\"WebSite\",\"@id\":\"https:\/\/portaldoestado.com.br\/#website\",\"url\":\"https:\/\/portaldoestado.com.br\/\",\"name\":\"Portal do Estado\",\"description\":\"\",\"publisher\":{\"@id\":\"https:\/\/portaldoestado.com.br\/#organization\"},\"potentialAction\":[{\"@type\":\"SearchAction\",\"target\":{\"@type\":\"EntryPoint\",\"urlTemplate\":\"https:\/\/portaldoestado.com.br\/?s={search_term_string}\"},\"query-input\":{\"@type\":\"PropertyValueSpecification\",\"valueRequired\":true,\"valueName\":\"search_term_string\"}}],\"inLanguage\":\"pt-BR\"},{\"@type\":\"Organization\",\"@id\":\"https:\/\/portaldoestado.com.br\/#organization\",\"name\":\"Portal do Estado\",\"url\":\"https:\/\/portaldoestado.com.br\/\",\"logo\":{\"@type\":\"ImageObject\",\"inLanguage\":\"pt-BR\",\"@id\":\"https:\/\/portaldoestado.com.br\/#\/schema\/logo\/image\/\",\"url\":\"https:\/\/portaldoestado.com.br\/wp-content\/uploads\/2025\/04\/cropped-6f69b19a-6472-43bf-b1b3-e1910bbbd4e8.png\",\"contentUrl\":\"https:\/\/portaldoestado.com.br\/wp-content\/uploads\/2025\/04\/cropped-6f69b19a-6472-43bf-b1b3-e1910bbbd4e8.png\",\"width\":1024,\"height\":350,\"caption\":\"Portal do Estado\"},\"image\":{\"@id\":\"https:\/\/portaldoestado.com.br\/#\/schema\/logo\/image\/\"}},{\"@type\":\"Person\",\"@id\":\"https:\/\/portaldoestado.com.br\/#\/schema\/person\/5ca0174f3c8c84b59da62ea14b698cb9\",\"name\":\"assessoriadefamosos\",\"image\":{\"@type\":\"ImageObject\",\"inLanguage\":\"pt-BR\",\"@id\":\"https:\/\/portaldoestado.com.br\/#\/schema\/person\/image\/\",\"url\":\"https:\/\/secure.gravatar.com\/avatar\/a7acbdffcfbbae7240e59f47fe511ec5f5d8c252c779f0b8d9ab02a9e1d8c5ed?s=96&d=mm&r=g\",\"contentUrl\":\"https:\/\/secure.gravatar.com\/avatar\/a7acbdffcfbbae7240e59f47fe511ec5f5d8c252c779f0b8d9ab02a9e1d8c5ed?s=96&d=mm&r=g\",\"caption\":\"assessoriadefamosos\"},\"url\":\"https:\/\/portaldoestado.com.br\/index.php\/author\/assessoriadefamosos\/\"}]}<\/script>\n<!-- \/ Yoast SEO plugin. -->","yoast_head_json":{"title":"Cacau Prot\u00e1sio estreia na Portela ap\u00f3s deixar o Salgueiro e celebra recome\u00e7o no Carnaval - Portal do Estado","robots":{"index":"index","follow":"follow","max-snippet":"max-snippet:-1","max-image-preview":"max-image-preview:large","max-video-preview":"max-video-preview:-1"},"canonical":"https:\/\/portaldoestado.com.br\/index.php\/2026\/01\/23\/cacau-protasio-estreia-na-portela-apos-deixar-o-salgueiro-e-celebra-recomeco-no-carnaval\/","og_locale":"pt_BR","og_type":"article","og_title":"Cacau Prot\u00e1sio estreia na Portela ap\u00f3s deixar o Salgueiro e celebra recome\u00e7o no Carnaval - Portal do Estado","og_description":"Cacau Prot\u00e1sio iniciou oficialmente uma nova etapa no Carnaval ao participar de seu primeiro ensaio na Portela. A atriz e humorista marcou presen\u00e7a na quadra da escola, em Madureira, poucos meses antes do Carnaval 2026, e aproveitou o momento para comemorar o recome\u00e7o, deixando no ar uma mensagem indireta sobre sua sa\u00edda do Salgueiro. Depois \u2026","og_url":"https:\/\/portaldoestado.com.br\/index.php\/2026\/01\/23\/cacau-protasio-estreia-na-portela-apos-deixar-o-salgueiro-e-celebra-recomeco-no-carnaval\/","og_site_name":"Portal do Estado","article_published_time":"2026-01-23T15:17:49+00:00","og_image":[{"width":1200,"height":900,"url":"https:\/\/portaldoestado.com.br\/wp-content\/uploads\/2026\/01\/9Sm7Uxvp-Padrao-para-Portal-LeoDias-1.jpg","type":"image\/jpeg"}],"author":"assessoriadefamosos","twitter_card":"summary_large_image","twitter_misc":{"Escrito por":"assessoriadefamosos","Est. tempo de leitura":"2 minutos"},"schema":{"@context":"https:\/\/schema.org","@graph":[{"@type":"Article","@id":"https:\/\/portaldoestado.com.br\/index.php\/2026\/01\/23\/cacau-protasio-estreia-na-portela-apos-deixar-o-salgueiro-e-celebra-recomeco-no-carnaval\/#article","isPartOf":{"@id":"https:\/\/portaldoestado.com.br\/index.php\/2026\/01\/23\/cacau-protasio-estreia-na-portela-apos-deixar-o-salgueiro-e-celebra-recomeco-no-carnaval\/"},"author":{"name":"assessoriadefamosos","@id":"https:\/\/portaldoestado.com.br\/#\/schema\/person\/5ca0174f3c8c84b59da62ea14b698cb9"},"headline":"Cacau Prot\u00e1sio estreia na Portela ap\u00f3s deixar o Salgueiro e celebra recome\u00e7o no Carnaval","datePublished":"2026-01-23T15:17:49+00:00","mainEntityOfPage":{"@id":"https:\/\/portaldoestado.com.br\/index.php\/2026\/01\/23\/cacau-protasio-estreia-na-portela-apos-deixar-o-salgueiro-e-celebra-recomeco-no-carnaval\/"},"wordCount":424,"publisher":{"@id":"https:\/\/portaldoestado.com.br\/#organization"},"image":{"@id":"https:\/\/portaldoestado.com.br\/index.php\/2026\/01\/23\/cacau-protasio-estreia-na-portela-apos-deixar-o-salgueiro-e-celebra-recomeco-no-carnaval\/#primaryimage"},"thumbnailUrl":"https:\/\/portaldoestado.com.br\/wp-content\/uploads\/2026\/01\/9Sm7Uxvp-Padrao-para-Portal-LeoDias-1.jpg","articleSection":["Famosos"],"inLanguage":"pt-BR"},{"@type":"WebPage","@id":"https:\/\/portaldoestado.com.br\/index.php\/2026\/01\/23\/cacau-protasio-estreia-na-portela-apos-deixar-o-salgueiro-e-celebra-recomeco-no-carnaval\/","url":"https:\/\/portaldoestado.com.br\/index.php\/2026\/01\/23\/cacau-protasio-estreia-na-portela-apos-deixar-o-salgueiro-e-celebra-recomeco-no-carnaval\/","name":"Cacau Prot\u00e1sio estreia na Portela ap\u00f3s deixar o Salgueiro e celebra recome\u00e7o no Carnaval - Portal do Estado","isPartOf":{"@id":"https:\/\/portaldoestado.com.br\/#website"},"primaryImageOfPage":{"@id":"https:\/\/portaldoestado.com.br\/index.php\/2026\/01\/23\/cacau-protasio-estreia-na-portela-apos-deixar-o-salgueiro-e-celebra-recomeco-no-carnaval\/#primaryimage"},"image":{"@id":"https:\/\/portaldoestado.com.br\/index.php\/2026\/01\/23\/cacau-protasio-estreia-na-portela-apos-deixar-o-salgueiro-e-celebra-recomeco-no-carnaval\/#primaryimage"},"thumbnailUrl":"https:\/\/portaldoestado.com.br\/wp-content\/uploads\/2026\/01\/9Sm7Uxvp-Padrao-para-Portal-LeoDias-1.jpg","datePublished":"2026-01-23T15:17:49+00:00","breadcrumb":{"@id":"https:\/\/portaldoestado.com.br\/index.php\/2026\/01\/23\/cacau-protasio-estreia-na-portela-apos-deixar-o-salgueiro-e-celebra-recomeco-no-carnaval\/#breadcrumb"},"inLanguage":"pt-BR","potentialAction":[{"@type":"ReadAction","target":["https:\/\/portaldoestado.com.br\/index.php\/2026\/01\/23\/cacau-protasio-estreia-na-portela-apos-deixar-o-salgueiro-e-celebra-recomeco-no-carnaval\/"]}]},{"@type":"ImageObject","inLanguage":"pt-BR","@id":"https:\/\/portaldoestado.com.br\/index.php\/2026\/01\/23\/cacau-protasio-estreia-na-portela-apos-deixar-o-salgueiro-e-celebra-recomeco-no-carnaval\/#primaryimage","url":"https:\/\/portaldoestado.com.br\/wp-content\/uploads\/2026\/01\/9Sm7Uxvp-Padrao-para-Portal-LeoDias-1.jpg","contentUrl":"https:\/\/portaldoestado.com.br\/wp-content\/uploads\/2026\/01\/9Sm7Uxvp-Padrao-para-Portal-LeoDias-1.jpg","width":1200,"height":900},{"@type":"BreadcrumbList","@id":"https:\/\/portaldoestado.com.br\/index.php\/2026\/01\/23\/cacau-protasio-estreia-na-portela-apos-deixar-o-salgueiro-e-celebra-recomeco-no-carnaval\/#breadcrumb","itemListElement":[{"@type":"ListItem","position":1,"name":"In\u00edcio","item":"https:\/\/portaldoestado.com.br\/"},{"@type":"ListItem","position":2,"name":"Cacau Prot\u00e1sio estreia na Portela ap\u00f3s deixar o Salgueiro e celebra recome\u00e7o no Carnaval"}]},{"@type":"WebSite","@id":"https:\/\/portaldoestado.com.br\/#website","url":"https:\/\/portaldoestado.com.br\/","name":"Portal do Estado","description":"","publisher":{"@id":"https:\/\/portaldoestado.com.br\/#organization"},"potentialAction":[{"@type":"SearchAction","target":{"@type":"EntryPoint","urlTemplate":"https:\/\/portaldoestado.com.br\/?s={search_term_string}"},"query-input":{"@type":"PropertyValueSpecification","valueRequired":true,"valueName":"search_term_string"}}],"inLanguage":"pt-BR"},{"@type":"Organization","@id":"https:\/\/portaldoestado.com.br\/#organization","name":"Portal do Estado","url":"https:\/\/portaldoestado.com.br\/","logo":{"@type":"ImageObject","inLanguage":"pt-BR","@id":"https:\/\/portaldoestado.com.br\/#\/schema\/logo\/image\/","url":"https:\/\/portaldoestado.com.br\/wp-content\/uploads\/2025\/04\/cropped-6f69b19a-6472-43bf-b1b3-e1910bbbd4e8.png","contentUrl":"https:\/\/portaldoestado.com.br\/wp-content\/uploads\/2025\/04\/cropped-6f69b19a-6472-43bf-b1b3-e1910bbbd4e8.png","width":1024,"height":350,"caption":"Portal do Estado"},"image":{"@id":"https:\/\/portaldoestado.com.br\/#\/schema\/logo\/image\/"}},{"@type":"Person","@id":"https:\/\/portaldoestado.com.br\/#\/schema\/person\/5ca0174f3c8c84b59da62ea14b698cb9","name":"assessoriadefamosos","image":{"@type":"ImageObject","inLanguage":"pt-BR","@id":"https:\/\/portaldoestado.com.br\/#\/schema\/person\/image\/","url":"https:\/\/secure.gravatar.com\/avatar\/a7acbdffcfbbae7240e59f47fe511ec5f5d8c252c779f0b8d9ab02a9e1d8c5ed?s=96&d=mm&r=g","contentUrl":"https:\/\/secure.gravatar.com\/avatar\/a7acbdffcfbbae7240e59f47fe511ec5f5d8c252c779f0b8d9ab02a9e1d8c5ed?s=96&d=mm&r=g","caption":"assessoriadefamosos"},"url":"https:\/\/portaldoestado.com.br\/index.php\/author\/assessoriadefamosos\/"}]}},"jetpack_featured_media_url":"https:\/\/portaldoestado.com.br\/wp-content\/uploads\/2026\/01\/9Sm7Uxvp-Padrao-para-Portal-LeoDias-1.jpg","_links":{"self":[{"href":"https:\/\/portaldoestado.com.br\/index.php\/wp-json\/wp\/v2\/posts\/6004","targetHints":{"allow":["GET"]}}],"collection":[{"href":"https:\/\/portaldoestado.com.br\/index.php\/wp-json\/wp\/v2\/posts"}],"about":[{"href":"https:\/\/portaldoestado.com.br\/index.php\/wp-json\/wp\/v2\/types\/post"}],"author":[{"embeddable":true,"href":"https:\/\/portaldoestado.com.br\/index.php\/wp-json\/wp\/v2\/users\/2"}],"replies":[{"embeddable":true,"href":"https:\/\/portaldoestado.com.br\/index.php\/wp-json\/wp\/v2\/comments?post=6004"}],"version-history":[{"count":1,"href":"https:\/\/portaldoestado.com.br\/index.php\/wp-json\/wp\/v2\/posts\/6004\/revisions"}],"predecessor-version":[{"id":6005,"href":"https:\/\/portaldoestado.com.br\/index.php\/wp-json\/wp\/v2\/posts\/6004\/revisions\/6005"}],"wp:featuredmedia":[{"embeddable":true,"href":"https:\/\/portaldoestado.com.br\/index.php\/wp-json\/wp\/v2\/media\/6003"}],"wp:attachment":[{"href":"https:\/\/portaldoestado.com.br\/index.php\/wp-json\/wp\/v2\/media?parent=6004"}],"wp:term":[{"taxonomy":"category","embeddable":true,"href":"https:\/\/portaldoestado.com.br\/index.php\/wp-json\/wp\/v2\/categories?post=6004"},{"taxonomy":"post_tag","embeddable":true,"href":"https:\/\/portaldoestado.com.br\/index.php\/wp-json\/wp\/v2\/tags?post=6004"}],"curies":[{"name":"wp","href":"https:\/\/api.w.org\/{rel}","templated":true}]}}