{"id":6001,"date":"2026-01-23T15:14:43","date_gmt":"2026-01-23T15:14:43","guid":{"rendered":"https:\/\/portaldoestado.com.br\/?p=6001"},"modified":"2026-01-23T15:14:43","modified_gmt":"2026-01-23T15:14:43","slug":"mariana-rios-comemora-um-mes-do-filho-palo-com-homenagem-delicada-e-cheia-de-significado","status":"publish","type":"post","link":"https:\/\/portaldoestado.com.br\/index.php\/2026\/01\/23\/mariana-rios-comemora-um-mes-do-filho-palo-com-homenagem-delicada-e-cheia-de-significado\/","title":{"rendered":"Mariana Rios comemora um m\u00eas do filho Palo com homenagem delicada e cheia de significado"},"content":{"rendered":"\n<p>Mariana Rios est\u00e1 vivendo uma fase transformadora desde a chegada de Palo, seu primeiro filho com o economista e triatleta Juca Diniz. O beb\u00ea completou um m\u00eas de vida nesta quinta-feira (22\/1), e a data foi celebrada pela atriz e empres\u00e1ria com uma homenagem especial nas redes sociais.<\/p>\n\n\n\n<p>Discreta em rela\u00e7\u00e3o \u00e0 exposi\u00e7\u00e3o do filho, Mariana optou por n\u00e3o mostrar o rosto do beb\u00ea, mas dividiu com seus seguidores momentos simb\u00f3licos do m\u00easvers\u00e1rio. As imagens revelam uma comemora\u00e7\u00e3o \u00edntima, feita em fam\u00edlia, marcada pela simplicidade e pelo afeto \u2014 sem produ\u00e7\u00f5es elaboradas, mas carregada de emo\u00e7\u00e3o.<\/p>\n\n\n\n<p>Em uma das mensagens publicadas, a artista se declarou ao pequeno com palavras cheias de ternura, celebrando o primeiro m\u00eas do que definiu como o maior amor de sua vida. Um v\u00eddeo tamb\u00e9m foi compartilhado, reunindo cenas da gesta\u00e7\u00e3o e acompanhando um texto reflexivo sobre o impacto da maternidade em sua vida.<\/p>\n\n\n\n<p>Na declara\u00e7\u00e3o, Mariana fala sobre como ser m\u00e3e muda a forma de enxergar o mundo. Para ela, a maternidade n\u00e3o apaga quem a mulher \u00e9, mas reorganiza prioridades, deslocando o foco do individual para o coletivo. Esse movimento, segundo a atriz, revelou uma for\u00e7a interna que ela ainda n\u00e3o conhecia.<\/p>\n\n\n\n<p>Ela tamb\u00e9m descreveu o filho como um grande mestre silencioso, que chegou ensinando a import\u00e2ncia de viver o presente, sem controle excessivo, sem resist\u00eancia e sem fuga \u2014 apenas aceitando a vida como ela se apresenta.<\/p>\n\n\n\n<p>Mariana e Juca Diniz assumiram o relacionamento em 2023. Palo nasceu em 22 de dezembro de 2025, em uma tradicional maternidade de S\u00e3o Paulo, ap\u00f3s a atriz engravidar por meio de fertiliza\u00e7\u00e3o in vitro. Desde ent\u00e3o, a nova m\u00e3e tem compartilhado reflex\u00f5es profundas sobre esse novo cap\u00edtulo, sempre com sensibilidade e respeito \u00e0 privacidade da fam\u00edlia.<\/p>\n","protected":false},"excerpt":{"rendered":"<p>Mariana Rios est\u00e1 vivendo uma fase transformadora desde a chegada de Palo, seu primeiro filho com o economista e triatleta Juca Diniz. O beb\u00ea completou um m\u00eas de vida nesta quinta-feira (22\/1), e a data foi celebrada pela atriz e empres\u00e1ria com uma homenagem especial nas redes sociais. Discreta em rela\u00e7\u00e3o \u00e0 exposi\u00e7\u00e3o do filho, \u2026<\/p>\n","protected":false},"author":2,"featured_media":6000,"comment_status":"closed","ping_status":"open","sticky":false,"template":"","format":"standard","meta":{"footnotes":""},"categories":[3],"tags":[],"class_list":["post-6001","post","type-post","status-publish","format-standard","has-post-thumbnail","hentry","category-famosos"],"yoast_head":"<!-- This site is optimized with the Yoast SEO plugin v25.5 - https:\/\/yoast.com\/wordpress\/plugins\/seo\/ -->\n<title>Mariana Rios comemora um m\u00eas do filho Palo com homenagem delicada e cheia de significado - Portal do Estado<\/title>\n<meta name=\"robots\" content=\"index, follow, max-snippet:-1, max-image-preview:large, max-video-preview:-1\" \/>\n<link rel=\"canonical\" href=\"https:\/\/portaldoestado.com.br\/index.php\/2026\/01\/23\/mariana-rios-comemora-um-mes-do-filho-palo-com-homenagem-delicada-e-cheia-de-significado\/\" \/>\n<meta property=\"og:locale\" content=\"pt_BR\" \/>\n<meta property=\"og:type\" content=\"article\" \/>\n<meta property=\"og:title\" content=\"Mariana Rios comemora um m\u00eas do filho Palo com homenagem delicada e cheia de significado - Portal do Estado\" \/>\n<meta property=\"og:description\" content=\"Mariana Rios est\u00e1 vivendo uma fase transformadora desde a chegada de Palo, seu primeiro filho com o economista e triatleta Juca Diniz. O beb\u00ea completou um m\u00eas de vida nesta quinta-feira (22\/1), e a data foi celebrada pela atriz e empres\u00e1ria com uma homenagem especial nas redes sociais. Discreta em rela\u00e7\u00e3o \u00e0 exposi\u00e7\u00e3o do filho, \u2026\" \/>\n<meta property=\"og:url\" content=\"https:\/\/portaldoestado.com.br\/index.php\/2026\/01\/23\/mariana-rios-comemora-um-mes-do-filho-palo-com-homenagem-delicada-e-cheia-de-significado\/\" \/>\n<meta property=\"og:site_name\" content=\"Portal do Estado\" \/>\n<meta property=\"article:published_time\" content=\"2026-01-23T15:14:43+00:00\" \/>\n<meta property=\"og:image\" content=\"https:\/\/portaldoestado.com.br\/wp-content\/uploads\/2026\/01\/mZxXvJpT-Backup-Capa-2-fotos-1024x768.png\" \/>\n\t<meta property=\"og:image:width\" content=\"1024\" \/>\n\t<meta property=\"og:image:height\" content=\"768\" \/>\n\t<meta property=\"og:image:type\" content=\"image\/png\" \/>\n<meta name=\"author\" content=\"assessoriadefamosos\" \/>\n<meta name=\"twitter:card\" content=\"summary_large_image\" \/>\n<meta name=\"twitter:label1\" content=\"Escrito por\" \/>\n\t<meta name=\"twitter:data1\" content=\"assessoriadefamosos\" \/>\n\t<meta name=\"twitter:label2\" content=\"Est. tempo de leitura\" \/>\n\t<meta name=\"twitter:data2\" content=\"2 minutos\" \/>\n<script type=\"application\/ld+json\" class=\"yoast-schema-graph\">{\"@context\":\"https:\/\/schema.org\",\"@graph\":[{\"@type\":\"Article\",\"@id\":\"https:\/\/portaldoestado.com.br\/index.php\/2026\/01\/23\/mariana-rios-comemora-um-mes-do-filho-palo-com-homenagem-delicada-e-cheia-de-significado\/#article\",\"isPartOf\":{\"@id\":\"https:\/\/portaldoestado.com.br\/index.php\/2026\/01\/23\/mariana-rios-comemora-um-mes-do-filho-palo-com-homenagem-delicada-e-cheia-de-significado\/\"},\"author\":{\"name\":\"assessoriadefamosos\",\"@id\":\"https:\/\/portaldoestado.com.br\/#\/schema\/person\/5ca0174f3c8c84b59da62ea14b698cb9\"},\"headline\":\"Mariana Rios comemora um m\u00eas do filho Palo com homenagem delicada e cheia de significado\",\"datePublished\":\"2026-01-23T15:14:43+00:00\",\"mainEntityOfPage\":{\"@id\":\"https:\/\/portaldoestado.com.br\/index.php\/2026\/01\/23\/mariana-rios-comemora-um-mes-do-filho-palo-com-homenagem-delicada-e-cheia-de-significado\/\"},\"wordCount\":329,\"publisher\":{\"@id\":\"https:\/\/portaldoestado.com.br\/#organization\"},\"image\":{\"@id\":\"https:\/\/portaldoestado.com.br\/index.php\/2026\/01\/23\/mariana-rios-comemora-um-mes-do-filho-palo-com-homenagem-delicada-e-cheia-de-significado\/#primaryimage\"},\"thumbnailUrl\":\"https:\/\/portaldoestado.com.br\/wp-content\/uploads\/2026\/01\/mZxXvJpT-Backup-Capa-2-fotos.png\",\"articleSection\":[\"Famosos\"],\"inLanguage\":\"pt-BR\"},{\"@type\":\"WebPage\",\"@id\":\"https:\/\/portaldoestado.com.br\/index.php\/2026\/01\/23\/mariana-rios-comemora-um-mes-do-filho-palo-com-homenagem-delicada-e-cheia-de-significado\/\",\"url\":\"https:\/\/portaldoestado.com.br\/index.php\/2026\/01\/23\/mariana-rios-comemora-um-mes-do-filho-palo-com-homenagem-delicada-e-cheia-de-significado\/\",\"name\":\"Mariana Rios comemora um m\u00eas do filho Palo com homenagem delicada e cheia de significado - Portal do Estado\",\"isPartOf\":{\"@id\":\"https:\/\/portaldoestado.com.br\/#website\"},\"primaryImageOfPage\":{\"@id\":\"https:\/\/portaldoestado.com.br\/index.php\/2026\/01\/23\/mariana-rios-comemora-um-mes-do-filho-palo-com-homenagem-delicada-e-cheia-de-significado\/#primaryimage\"},\"image\":{\"@id\":\"https:\/\/portaldoestado.com.br\/index.php\/2026\/01\/23\/mariana-rios-comemora-um-mes-do-filho-palo-com-homenagem-delicada-e-cheia-de-significado\/#primaryimage\"},\"thumbnailUrl\":\"https:\/\/portaldoestado.com.br\/wp-content\/uploads\/2026\/01\/mZxXvJpT-Backup-Capa-2-fotos.png\",\"datePublished\":\"2026-01-23T15:14:43+00:00\",\"breadcrumb\":{\"@id\":\"https:\/\/portaldoestado.com.br\/index.php\/2026\/01\/23\/mariana-rios-comemora-um-mes-do-filho-palo-com-homenagem-delicada-e-cheia-de-significado\/#breadcrumb\"},\"inLanguage\":\"pt-BR\",\"potentialAction\":[{\"@type\":\"ReadAction\",\"target\":[\"https:\/\/portaldoestado.com.br\/index.php\/2026\/01\/23\/mariana-rios-comemora-um-mes-do-filho-palo-com-homenagem-delicada-e-cheia-de-significado\/\"]}]},{\"@type\":\"ImageObject\",\"inLanguage\":\"pt-BR\",\"@id\":\"https:\/\/portaldoestado.com.br\/index.php\/2026\/01\/23\/mariana-rios-comemora-um-mes-do-filho-palo-com-homenagem-delicada-e-cheia-de-significado\/#primaryimage\",\"url\":\"https:\/\/portaldoestado.com.br\/wp-content\/uploads\/2026\/01\/mZxXvJpT-Backup-Capa-2-fotos.png\",\"contentUrl\":\"https:\/\/portaldoestado.com.br\/wp-content\/uploads\/2026\/01\/mZxXvJpT-Backup-Capa-2-fotos.png\",\"width\":1200,\"height\":900},{\"@type\":\"BreadcrumbList\",\"@id\":\"https:\/\/portaldoestado.com.br\/index.php\/2026\/01\/23\/mariana-rios-comemora-um-mes-do-filho-palo-com-homenagem-delicada-e-cheia-de-significado\/#breadcrumb\",\"itemListElement\":[{\"@type\":\"ListItem\",\"position\":1,\"name\":\"In\u00edcio\",\"item\":\"https:\/\/portaldoestado.com.br\/\"},{\"@type\":\"ListItem\",\"position\":2,\"name\":\"Mariana Rios comemora um m\u00eas do filho Palo com homenagem delicada e cheia de significado\"}]},{\"@type\":\"WebSite\",\"@id\":\"https:\/\/portaldoestado.com.br\/#website\",\"url\":\"https:\/\/portaldoestado.com.br\/\",\"name\":\"Portal do Estado\",\"description\":\"\",\"publisher\":{\"@id\":\"https:\/\/portaldoestado.com.br\/#organization\"},\"potentialAction\":[{\"@type\":\"SearchAction\",\"target\":{\"@type\":\"EntryPoint\",\"urlTemplate\":\"https:\/\/portaldoestado.com.br\/?s={search_term_string}\"},\"query-input\":{\"@type\":\"PropertyValueSpecification\",\"valueRequired\":true,\"valueName\":\"search_term_string\"}}],\"inLanguage\":\"pt-BR\"},{\"@type\":\"Organization\",\"@id\":\"https:\/\/portaldoestado.com.br\/#organization\",\"name\":\"Portal do Estado\",\"url\":\"https:\/\/portaldoestado.com.br\/\",\"logo\":{\"@type\":\"ImageObject\",\"inLanguage\":\"pt-BR\",\"@id\":\"https:\/\/portaldoestado.com.br\/#\/schema\/logo\/image\/\",\"url\":\"https:\/\/portaldoestado.com.br\/wp-content\/uploads\/2025\/04\/cropped-6f69b19a-6472-43bf-b1b3-e1910bbbd4e8.png\",\"contentUrl\":\"https:\/\/portaldoestado.com.br\/wp-content\/uploads\/2025\/04\/cropped-6f69b19a-6472-43bf-b1b3-e1910bbbd4e8.png\",\"width\":1024,\"height\":350,\"caption\":\"Portal do Estado\"},\"image\":{\"@id\":\"https:\/\/portaldoestado.com.br\/#\/schema\/logo\/image\/\"}},{\"@type\":\"Person\",\"@id\":\"https:\/\/portaldoestado.com.br\/#\/schema\/person\/5ca0174f3c8c84b59da62ea14b698cb9\",\"name\":\"assessoriadefamosos\",\"image\":{\"@type\":\"ImageObject\",\"inLanguage\":\"pt-BR\",\"@id\":\"https:\/\/portaldoestado.com.br\/#\/schema\/person\/image\/\",\"url\":\"https:\/\/secure.gravatar.com\/avatar\/a7acbdffcfbbae7240e59f47fe511ec5f5d8c252c779f0b8d9ab02a9e1d8c5ed?s=96&d=mm&r=g\",\"contentUrl\":\"https:\/\/secure.gravatar.com\/avatar\/a7acbdffcfbbae7240e59f47fe511ec5f5d8c252c779f0b8d9ab02a9e1d8c5ed?s=96&d=mm&r=g\",\"caption\":\"assessoriadefamosos\"},\"url\":\"https:\/\/portaldoestado.com.br\/index.php\/author\/assessoriadefamosos\/\"}]}<\/script>\n<!-- \/ Yoast SEO plugin. -->","yoast_head_json":{"title":"Mariana Rios comemora um m\u00eas do filho Palo com homenagem delicada e cheia de significado - Portal do Estado","robots":{"index":"index","follow":"follow","max-snippet":"max-snippet:-1","max-image-preview":"max-image-preview:large","max-video-preview":"max-video-preview:-1"},"canonical":"https:\/\/portaldoestado.com.br\/index.php\/2026\/01\/23\/mariana-rios-comemora-um-mes-do-filho-palo-com-homenagem-delicada-e-cheia-de-significado\/","og_locale":"pt_BR","og_type":"article","og_title":"Mariana Rios comemora um m\u00eas do filho Palo com homenagem delicada e cheia de significado - Portal do Estado","og_description":"Mariana Rios est\u00e1 vivendo uma fase transformadora desde a chegada de Palo, seu primeiro filho com o economista e triatleta Juca Diniz. O beb\u00ea completou um m\u00eas de vida nesta quinta-feira (22\/1), e a data foi celebrada pela atriz e empres\u00e1ria com uma homenagem especial nas redes sociais. Discreta em rela\u00e7\u00e3o \u00e0 exposi\u00e7\u00e3o do filho, \u2026","og_url":"https:\/\/portaldoestado.com.br\/index.php\/2026\/01\/23\/mariana-rios-comemora-um-mes-do-filho-palo-com-homenagem-delicada-e-cheia-de-significado\/","og_site_name":"Portal do Estado","article_published_time":"2026-01-23T15:14:43+00:00","og_image":[{"width":1024,"height":768,"url":"https:\/\/portaldoestado.com.br\/wp-content\/uploads\/2026\/01\/mZxXvJpT-Backup-Capa-2-fotos-1024x768.png","type":"image\/png"}],"author":"assessoriadefamosos","twitter_card":"summary_large_image","twitter_misc":{"Escrito por":"assessoriadefamosos","Est. tempo de leitura":"2 minutos"},"schema":{"@context":"https:\/\/schema.org","@graph":[{"@type":"Article","@id":"https:\/\/portaldoestado.com.br\/index.php\/2026\/01\/23\/mariana-rios-comemora-um-mes-do-filho-palo-com-homenagem-delicada-e-cheia-de-significado\/#article","isPartOf":{"@id":"https:\/\/portaldoestado.com.br\/index.php\/2026\/01\/23\/mariana-rios-comemora-um-mes-do-filho-palo-com-homenagem-delicada-e-cheia-de-significado\/"},"author":{"name":"assessoriadefamosos","@id":"https:\/\/portaldoestado.com.br\/#\/schema\/person\/5ca0174f3c8c84b59da62ea14b698cb9"},"headline":"Mariana Rios comemora um m\u00eas do filho Palo com homenagem delicada e cheia de significado","datePublished":"2026-01-23T15:14:43+00:00","mainEntityOfPage":{"@id":"https:\/\/portaldoestado.com.br\/index.php\/2026\/01\/23\/mariana-rios-comemora-um-mes-do-filho-palo-com-homenagem-delicada-e-cheia-de-significado\/"},"wordCount":329,"publisher":{"@id":"https:\/\/portaldoestado.com.br\/#organization"},"image":{"@id":"https:\/\/portaldoestado.com.br\/index.php\/2026\/01\/23\/mariana-rios-comemora-um-mes-do-filho-palo-com-homenagem-delicada-e-cheia-de-significado\/#primaryimage"},"thumbnailUrl":"https:\/\/portaldoestado.com.br\/wp-content\/uploads\/2026\/01\/mZxXvJpT-Backup-Capa-2-fotos.png","articleSection":["Famosos"],"inLanguage":"pt-BR"},{"@type":"WebPage","@id":"https:\/\/portaldoestado.com.br\/index.php\/2026\/01\/23\/mariana-rios-comemora-um-mes-do-filho-palo-com-homenagem-delicada-e-cheia-de-significado\/","url":"https:\/\/portaldoestado.com.br\/index.php\/2026\/01\/23\/mariana-rios-comemora-um-mes-do-filho-palo-com-homenagem-delicada-e-cheia-de-significado\/","name":"Mariana Rios comemora um m\u00eas do filho Palo com homenagem delicada e cheia de significado - Portal do Estado","isPartOf":{"@id":"https:\/\/portaldoestado.com.br\/#website"},"primaryImageOfPage":{"@id":"https:\/\/portaldoestado.com.br\/index.php\/2026\/01\/23\/mariana-rios-comemora-um-mes-do-filho-palo-com-homenagem-delicada-e-cheia-de-significado\/#primaryimage"},"image":{"@id":"https:\/\/portaldoestado.com.br\/index.php\/2026\/01\/23\/mariana-rios-comemora-um-mes-do-filho-palo-com-homenagem-delicada-e-cheia-de-significado\/#primaryimage"},"thumbnailUrl":"https:\/\/portaldoestado.com.br\/wp-content\/uploads\/2026\/01\/mZxXvJpT-Backup-Capa-2-fotos.png","datePublished":"2026-01-23T15:14:43+00:00","breadcrumb":{"@id":"https:\/\/portaldoestado.com.br\/index.php\/2026\/01\/23\/mariana-rios-comemora-um-mes-do-filho-palo-com-homenagem-delicada-e-cheia-de-significado\/#breadcrumb"},"inLanguage":"pt-BR","potentialAction":[{"@type":"ReadAction","target":["https:\/\/portaldoestado.com.br\/index.php\/2026\/01\/23\/mariana-rios-comemora-um-mes-do-filho-palo-com-homenagem-delicada-e-cheia-de-significado\/"]}]},{"@type":"ImageObject","inLanguage":"pt-BR","@id":"https:\/\/portaldoestado.com.br\/index.php\/2026\/01\/23\/mariana-rios-comemora-um-mes-do-filho-palo-com-homenagem-delicada-e-cheia-de-significado\/#primaryimage","url":"https:\/\/portaldoestado.com.br\/wp-content\/uploads\/2026\/01\/mZxXvJpT-Backup-Capa-2-fotos.png","contentUrl":"https:\/\/portaldoestado.com.br\/wp-content\/uploads\/2026\/01\/mZxXvJpT-Backup-Capa-2-fotos.png","width":1200,"height":900},{"@type":"BreadcrumbList","@id":"https:\/\/portaldoestado.com.br\/index.php\/2026\/01\/23\/mariana-rios-comemora-um-mes-do-filho-palo-com-homenagem-delicada-e-cheia-de-significado\/#breadcrumb","itemListElement":[{"@type":"ListItem","position":1,"name":"In\u00edcio","item":"https:\/\/portaldoestado.com.br\/"},{"@type":"ListItem","position":2,"name":"Mariana Rios comemora um m\u00eas do filho Palo com homenagem delicada e cheia de significado"}]},{"@type":"WebSite","@id":"https:\/\/portaldoestado.com.br\/#website","url":"https:\/\/portaldoestado.com.br\/","name":"Portal do Estado","description":"","publisher":{"@id":"https:\/\/portaldoestado.com.br\/#organization"},"potentialAction":[{"@type":"SearchAction","target":{"@type":"EntryPoint","urlTemplate":"https:\/\/portaldoestado.com.br\/?s={search_term_string}"},"query-input":{"@type":"PropertyValueSpecification","valueRequired":true,"valueName":"search_term_string"}}],"inLanguage":"pt-BR"},{"@type":"Organization","@id":"https:\/\/portaldoestado.com.br\/#organization","name":"Portal do Estado","url":"https:\/\/portaldoestado.com.br\/","logo":{"@type":"ImageObject","inLanguage":"pt-BR","@id":"https:\/\/portaldoestado.com.br\/#\/schema\/logo\/image\/","url":"https:\/\/portaldoestado.com.br\/wp-content\/uploads\/2025\/04\/cropped-6f69b19a-6472-43bf-b1b3-e1910bbbd4e8.png","contentUrl":"https:\/\/portaldoestado.com.br\/wp-content\/uploads\/2025\/04\/cropped-6f69b19a-6472-43bf-b1b3-e1910bbbd4e8.png","width":1024,"height":350,"caption":"Portal do Estado"},"image":{"@id":"https:\/\/portaldoestado.com.br\/#\/schema\/logo\/image\/"}},{"@type":"Person","@id":"https:\/\/portaldoestado.com.br\/#\/schema\/person\/5ca0174f3c8c84b59da62ea14b698cb9","name":"assessoriadefamosos","image":{"@type":"ImageObject","inLanguage":"pt-BR","@id":"https:\/\/portaldoestado.com.br\/#\/schema\/person\/image\/","url":"https:\/\/secure.gravatar.com\/avatar\/a7acbdffcfbbae7240e59f47fe511ec5f5d8c252c779f0b8d9ab02a9e1d8c5ed?s=96&d=mm&r=g","contentUrl":"https:\/\/secure.gravatar.com\/avatar\/a7acbdffcfbbae7240e59f47fe511ec5f5d8c252c779f0b8d9ab02a9e1d8c5ed?s=96&d=mm&r=g","caption":"assessoriadefamosos"},"url":"https:\/\/portaldoestado.com.br\/index.php\/author\/assessoriadefamosos\/"}]}},"jetpack_featured_media_url":"https:\/\/portaldoestado.com.br\/wp-content\/uploads\/2026\/01\/mZxXvJpT-Backup-Capa-2-fotos.png","_links":{"self":[{"href":"https:\/\/portaldoestado.com.br\/index.php\/wp-json\/wp\/v2\/posts\/6001","targetHints":{"allow":["GET"]}}],"collection":[{"href":"https:\/\/portaldoestado.com.br\/index.php\/wp-json\/wp\/v2\/posts"}],"about":[{"href":"https:\/\/portaldoestado.com.br\/index.php\/wp-json\/wp\/v2\/types\/post"}],"author":[{"embeddable":true,"href":"https:\/\/portaldoestado.com.br\/index.php\/wp-json\/wp\/v2\/users\/2"}],"replies":[{"embeddable":true,"href":"https:\/\/portaldoestado.com.br\/index.php\/wp-json\/wp\/v2\/comments?post=6001"}],"version-history":[{"count":1,"href":"https:\/\/portaldoestado.com.br\/index.php\/wp-json\/wp\/v2\/posts\/6001\/revisions"}],"predecessor-version":[{"id":6002,"href":"https:\/\/portaldoestado.com.br\/index.php\/wp-json\/wp\/v2\/posts\/6001\/revisions\/6002"}],"wp:featuredmedia":[{"embeddable":true,"href":"https:\/\/portaldoestado.com.br\/index.php\/wp-json\/wp\/v2\/media\/6000"}],"wp:attachment":[{"href":"https:\/\/portaldoestado.com.br\/index.php\/wp-json\/wp\/v2\/media?parent=6001"}],"wp:term":[{"taxonomy":"category","embeddable":true,"href":"https:\/\/portaldoestado.com.br\/index.php\/wp-json\/wp\/v2\/categories?post=6001"},{"taxonomy":"post_tag","embeddable":true,"href":"https:\/\/portaldoestado.com.br\/index.php\/wp-json\/wp\/v2\/tags?post=6001"}],"curies":[{"name":"wp","href":"https:\/\/api.w.org\/{rel}","templated":true}]}}