{"id":5995,"date":"2026-01-22T15:35:39","date_gmt":"2026-01-22T15:35:39","guid":{"rendered":"https:\/\/portaldoestado.com.br\/?p=5995"},"modified":"2026-01-22T15:35:39","modified_gmt":"2026-01-22T15:35:39","slug":"o-molho-nao-acaba-wagner-moura-e-indicado-a-premio-nacional-de-teatro","status":"publish","type":"post","link":"https:\/\/portaldoestado.com.br\/index.php\/2026\/01\/22\/o-molho-nao-acaba-wagner-moura-e-indicado-a-premio-nacional-de-teatro\/","title":{"rendered":"O molho n\u00e3o acaba! Wagner Moura \u00e9 indicado a pr\u00eamio nacional de teatro"},"content":{"rendered":"\n<p>Wagner Moura segue em alta e voltou a chamar aten\u00e7\u00e3o no cen\u00e1rio cultural brasileiro nesta quarta-feira (21\/1). O ator foi indicado ao 20\u00ba Pr\u00eamio APTR de Teatro na categoria <strong>Ator em Papel Protagonista<\/strong>, por sua performance no espet\u00e1culo <em>\u201cUm Julgamento \u2013 Depois do Inimigo do Povo\u201d<\/em>, uma das montagens mais comentadas da atual temporada.<\/p>\n\n\n\n<p>Com dire\u00e7\u00e3o de Christiane Jatahy, a pe\u00e7a revisita o cl\u00e1ssico de Henrik Ibsen sob uma \u00f3tica contempor\u00e2nea e provocadora. Em cena, o ator baiano d\u00e1 vida a Thomas Stockmann, um m\u00e9dico que descobre a contamina\u00e7\u00e3o das \u00e1guas termais da cidade onde vive. Ao tentar expor o problema, o personagem entra em rota de colis\u00e3o com autoridades e interesses econ\u00f4micos locais, passando rapidamente de her\u00f3i a alvo de persegui\u00e7\u00f5es e cr\u00edticas.<\/p>\n\n\n\n<p>A encena\u00e7\u00e3o se destaca pelo formato n\u00e3o convencional, que inclui intera\u00e7\u00e3o direta com o p\u00fablico e desfechos alternativos, ampliando o debate \u00e9tico e pol\u00edtico proposto pelo texto. A ousadia da proposta e a intensidade da atua\u00e7\u00e3o de Wagner contribu\u00edram para consolidar o espet\u00e1culo como um dos grandes destaques do teatro brasileiro recente.<\/p>\n\n\n\n<p>A indica\u00e7\u00e3o ao APTR refor\u00e7a uma fase especialmente favor\u00e1vel na carreira do ator. Al\u00e9m do reconhecimento nos palcos, Wagner Moura mant\u00e9m forte presen\u00e7a no cen\u00e1rio internacional, \u00e9 citado entre poss\u00edveis nomes para o Oscar 2026 e celebrou recentemente a conquista do Globo de Ouro de Melhor Ator em Drama, ampliando ainda mais seu prest\u00edgio.<\/p>\n\n\n\n<p>Na categoria, ele disputa o pr\u00eamio com nomes consagrados da dramaturgia nacional, como Alan Rocha, Diogo Vilela, Eduardo Moscovis, Greg\u00f3rio Duvivier e Jo\u00e3o C\u00f4rtes, em uma das competi\u00e7\u00f5es mais disputadas desta edi\u00e7\u00e3o.<\/p>\n\n\n\n<p>A cerim\u00f4nia de premia\u00e7\u00e3o ainda n\u00e3o teve data e local divulgados, mas a lista de indicados j\u00e1 movimenta o meio art\u00edstico e reafirma o momento aquecido vivido pelo teatro no Brasil.<\/p>\n","protected":false},"excerpt":{"rendered":"<p>Wagner Moura segue em alta e voltou a chamar aten\u00e7\u00e3o no cen\u00e1rio cultural brasileiro nesta quarta-feira (21\/1). O ator foi indicado ao 20\u00ba Pr\u00eamio APTR de Teatro na categoria Ator em Papel Protagonista, por sua performance no espet\u00e1culo \u201cUm Julgamento \u2013 Depois do Inimigo do Povo\u201d, uma das montagens mais comentadas da atual temporada. Com \u2026<\/p>\n","protected":false},"author":2,"featured_media":5994,"comment_status":"closed","ping_status":"open","sticky":false,"template":"","format":"standard","meta":{"footnotes":""},"categories":[3],"tags":[],"class_list":["post-5995","post","type-post","status-publish","format-standard","has-post-thumbnail","hentry","category-famosos"],"yoast_head":"<!-- This site is optimized with the Yoast SEO plugin v25.5 - https:\/\/yoast.com\/wordpress\/plugins\/seo\/ -->\n<title>O molho n\u00e3o acaba! Wagner Moura \u00e9 indicado a pr\u00eamio nacional de teatro - Portal do Estado<\/title>\n<meta name=\"robots\" content=\"index, follow, max-snippet:-1, max-image-preview:large, max-video-preview:-1\" \/>\n<link rel=\"canonical\" href=\"https:\/\/portaldoestado.com.br\/index.php\/2026\/01\/22\/o-molho-nao-acaba-wagner-moura-e-indicado-a-premio-nacional-de-teatro\/\" \/>\n<meta property=\"og:locale\" content=\"pt_BR\" \/>\n<meta property=\"og:type\" content=\"article\" \/>\n<meta property=\"og:title\" content=\"O molho n\u00e3o acaba! Wagner Moura \u00e9 indicado a pr\u00eamio nacional de teatro - Portal do Estado\" \/>\n<meta property=\"og:description\" content=\"Wagner Moura segue em alta e voltou a chamar aten\u00e7\u00e3o no cen\u00e1rio cultural brasileiro nesta quarta-feira (21\/1). O ator foi indicado ao 20\u00ba Pr\u00eamio APTR de Teatro na categoria Ator em Papel Protagonista, por sua performance no espet\u00e1culo \u201cUm Julgamento \u2013 Depois do Inimigo do Povo\u201d, uma das montagens mais comentadas da atual temporada. Com \u2026\" \/>\n<meta property=\"og:url\" content=\"https:\/\/portaldoestado.com.br\/index.php\/2026\/01\/22\/o-molho-nao-acaba-wagner-moura-e-indicado-a-premio-nacional-de-teatro\/\" \/>\n<meta property=\"og:site_name\" content=\"Portal do Estado\" \/>\n<meta property=\"article:published_time\" content=\"2026-01-22T15:35:39+00:00\" \/>\n<meta property=\"og:image\" content=\"https:\/\/portaldoestado.com.br\/wp-content\/uploads\/2026\/01\/DO6f9nkZ-Padrao-para-Portal-LeoDias.jpg\" \/>\n\t<meta property=\"og:image:width\" content=\"1200\" \/>\n\t<meta property=\"og:image:height\" content=\"900\" \/>\n\t<meta property=\"og:image:type\" content=\"image\/jpeg\" \/>\n<meta name=\"author\" content=\"assessoriadefamosos\" \/>\n<meta name=\"twitter:card\" content=\"summary_large_image\" \/>\n<meta name=\"twitter:label1\" content=\"Escrito por\" \/>\n\t<meta name=\"twitter:data1\" content=\"assessoriadefamosos\" \/>\n\t<meta name=\"twitter:label2\" content=\"Est. tempo de leitura\" \/>\n\t<meta name=\"twitter:data2\" content=\"2 minutos\" \/>\n<script type=\"application\/ld+json\" class=\"yoast-schema-graph\">{\"@context\":\"https:\/\/schema.org\",\"@graph\":[{\"@type\":\"Article\",\"@id\":\"https:\/\/portaldoestado.com.br\/index.php\/2026\/01\/22\/o-molho-nao-acaba-wagner-moura-e-indicado-a-premio-nacional-de-teatro\/#article\",\"isPartOf\":{\"@id\":\"https:\/\/portaldoestado.com.br\/index.php\/2026\/01\/22\/o-molho-nao-acaba-wagner-moura-e-indicado-a-premio-nacional-de-teatro\/\"},\"author\":{\"name\":\"assessoriadefamosos\",\"@id\":\"https:\/\/portaldoestado.com.br\/#\/schema\/person\/5ca0174f3c8c84b59da62ea14b698cb9\"},\"headline\":\"O molho n\u00e3o acaba! Wagner Moura \u00e9 indicado a pr\u00eamio nacional de teatro\",\"datePublished\":\"2026-01-22T15:35:39+00:00\",\"mainEntityOfPage\":{\"@id\":\"https:\/\/portaldoestado.com.br\/index.php\/2026\/01\/22\/o-molho-nao-acaba-wagner-moura-e-indicado-a-premio-nacional-de-teatro\/\"},\"wordCount\":344,\"publisher\":{\"@id\":\"https:\/\/portaldoestado.com.br\/#organization\"},\"image\":{\"@id\":\"https:\/\/portaldoestado.com.br\/index.php\/2026\/01\/22\/o-molho-nao-acaba-wagner-moura-e-indicado-a-premio-nacional-de-teatro\/#primaryimage\"},\"thumbnailUrl\":\"https:\/\/portaldoestado.com.br\/wp-content\/uploads\/2026\/01\/DO6f9nkZ-Padrao-para-Portal-LeoDias.jpg\",\"articleSection\":[\"Famosos\"],\"inLanguage\":\"pt-BR\"},{\"@type\":\"WebPage\",\"@id\":\"https:\/\/portaldoestado.com.br\/index.php\/2026\/01\/22\/o-molho-nao-acaba-wagner-moura-e-indicado-a-premio-nacional-de-teatro\/\",\"url\":\"https:\/\/portaldoestado.com.br\/index.php\/2026\/01\/22\/o-molho-nao-acaba-wagner-moura-e-indicado-a-premio-nacional-de-teatro\/\",\"name\":\"O molho n\u00e3o acaba! Wagner Moura \u00e9 indicado a pr\u00eamio nacional de teatro - Portal do Estado\",\"isPartOf\":{\"@id\":\"https:\/\/portaldoestado.com.br\/#website\"},\"primaryImageOfPage\":{\"@id\":\"https:\/\/portaldoestado.com.br\/index.php\/2026\/01\/22\/o-molho-nao-acaba-wagner-moura-e-indicado-a-premio-nacional-de-teatro\/#primaryimage\"},\"image\":{\"@id\":\"https:\/\/portaldoestado.com.br\/index.php\/2026\/01\/22\/o-molho-nao-acaba-wagner-moura-e-indicado-a-premio-nacional-de-teatro\/#primaryimage\"},\"thumbnailUrl\":\"https:\/\/portaldoestado.com.br\/wp-content\/uploads\/2026\/01\/DO6f9nkZ-Padrao-para-Portal-LeoDias.jpg\",\"datePublished\":\"2026-01-22T15:35:39+00:00\",\"breadcrumb\":{\"@id\":\"https:\/\/portaldoestado.com.br\/index.php\/2026\/01\/22\/o-molho-nao-acaba-wagner-moura-e-indicado-a-premio-nacional-de-teatro\/#breadcrumb\"},\"inLanguage\":\"pt-BR\",\"potentialAction\":[{\"@type\":\"ReadAction\",\"target\":[\"https:\/\/portaldoestado.com.br\/index.php\/2026\/01\/22\/o-molho-nao-acaba-wagner-moura-e-indicado-a-premio-nacional-de-teatro\/\"]}]},{\"@type\":\"ImageObject\",\"inLanguage\":\"pt-BR\",\"@id\":\"https:\/\/portaldoestado.com.br\/index.php\/2026\/01\/22\/o-molho-nao-acaba-wagner-moura-e-indicado-a-premio-nacional-de-teatro\/#primaryimage\",\"url\":\"https:\/\/portaldoestado.com.br\/wp-content\/uploads\/2026\/01\/DO6f9nkZ-Padrao-para-Portal-LeoDias.jpg\",\"contentUrl\":\"https:\/\/portaldoestado.com.br\/wp-content\/uploads\/2026\/01\/DO6f9nkZ-Padrao-para-Portal-LeoDias.jpg\",\"width\":1200,\"height\":900},{\"@type\":\"BreadcrumbList\",\"@id\":\"https:\/\/portaldoestado.com.br\/index.php\/2026\/01\/22\/o-molho-nao-acaba-wagner-moura-e-indicado-a-premio-nacional-de-teatro\/#breadcrumb\",\"itemListElement\":[{\"@type\":\"ListItem\",\"position\":1,\"name\":\"In\u00edcio\",\"item\":\"https:\/\/portaldoestado.com.br\/\"},{\"@type\":\"ListItem\",\"position\":2,\"name\":\"O molho n\u00e3o acaba! Wagner Moura \u00e9 indicado a pr\u00eamio nacional de teatro\"}]},{\"@type\":\"WebSite\",\"@id\":\"https:\/\/portaldoestado.com.br\/#website\",\"url\":\"https:\/\/portaldoestado.com.br\/\",\"name\":\"Portal do Estado\",\"description\":\"\",\"publisher\":{\"@id\":\"https:\/\/portaldoestado.com.br\/#organization\"},\"potentialAction\":[{\"@type\":\"SearchAction\",\"target\":{\"@type\":\"EntryPoint\",\"urlTemplate\":\"https:\/\/portaldoestado.com.br\/?s={search_term_string}\"},\"query-input\":{\"@type\":\"PropertyValueSpecification\",\"valueRequired\":true,\"valueName\":\"search_term_string\"}}],\"inLanguage\":\"pt-BR\"},{\"@type\":\"Organization\",\"@id\":\"https:\/\/portaldoestado.com.br\/#organization\",\"name\":\"Portal do Estado\",\"url\":\"https:\/\/portaldoestado.com.br\/\",\"logo\":{\"@type\":\"ImageObject\",\"inLanguage\":\"pt-BR\",\"@id\":\"https:\/\/portaldoestado.com.br\/#\/schema\/logo\/image\/\",\"url\":\"https:\/\/portaldoestado.com.br\/wp-content\/uploads\/2025\/04\/cropped-6f69b19a-6472-43bf-b1b3-e1910bbbd4e8.png\",\"contentUrl\":\"https:\/\/portaldoestado.com.br\/wp-content\/uploads\/2025\/04\/cropped-6f69b19a-6472-43bf-b1b3-e1910bbbd4e8.png\",\"width\":1024,\"height\":350,\"caption\":\"Portal do Estado\"},\"image\":{\"@id\":\"https:\/\/portaldoestado.com.br\/#\/schema\/logo\/image\/\"}},{\"@type\":\"Person\",\"@id\":\"https:\/\/portaldoestado.com.br\/#\/schema\/person\/5ca0174f3c8c84b59da62ea14b698cb9\",\"name\":\"assessoriadefamosos\",\"image\":{\"@type\":\"ImageObject\",\"inLanguage\":\"pt-BR\",\"@id\":\"https:\/\/portaldoestado.com.br\/#\/schema\/person\/image\/\",\"url\":\"https:\/\/secure.gravatar.com\/avatar\/a7acbdffcfbbae7240e59f47fe511ec5f5d8c252c779f0b8d9ab02a9e1d8c5ed?s=96&d=mm&r=g\",\"contentUrl\":\"https:\/\/secure.gravatar.com\/avatar\/a7acbdffcfbbae7240e59f47fe511ec5f5d8c252c779f0b8d9ab02a9e1d8c5ed?s=96&d=mm&r=g\",\"caption\":\"assessoriadefamosos\"},\"url\":\"https:\/\/portaldoestado.com.br\/index.php\/author\/assessoriadefamosos\/\"}]}<\/script>\n<!-- \/ Yoast SEO plugin. -->","yoast_head_json":{"title":"O molho n\u00e3o acaba! Wagner Moura \u00e9 indicado a pr\u00eamio nacional de teatro - Portal do Estado","robots":{"index":"index","follow":"follow","max-snippet":"max-snippet:-1","max-image-preview":"max-image-preview:large","max-video-preview":"max-video-preview:-1"},"canonical":"https:\/\/portaldoestado.com.br\/index.php\/2026\/01\/22\/o-molho-nao-acaba-wagner-moura-e-indicado-a-premio-nacional-de-teatro\/","og_locale":"pt_BR","og_type":"article","og_title":"O molho n\u00e3o acaba! Wagner Moura \u00e9 indicado a pr\u00eamio nacional de teatro - Portal do Estado","og_description":"Wagner Moura segue em alta e voltou a chamar aten\u00e7\u00e3o no cen\u00e1rio cultural brasileiro nesta quarta-feira (21\/1). O ator foi indicado ao 20\u00ba Pr\u00eamio APTR de Teatro na categoria Ator em Papel Protagonista, por sua performance no espet\u00e1culo \u201cUm Julgamento \u2013 Depois do Inimigo do Povo\u201d, uma das montagens mais comentadas da atual temporada. Com \u2026","og_url":"https:\/\/portaldoestado.com.br\/index.php\/2026\/01\/22\/o-molho-nao-acaba-wagner-moura-e-indicado-a-premio-nacional-de-teatro\/","og_site_name":"Portal do Estado","article_published_time":"2026-01-22T15:35:39+00:00","og_image":[{"width":1200,"height":900,"url":"https:\/\/portaldoestado.com.br\/wp-content\/uploads\/2026\/01\/DO6f9nkZ-Padrao-para-Portal-LeoDias.jpg","type":"image\/jpeg"}],"author":"assessoriadefamosos","twitter_card":"summary_large_image","twitter_misc":{"Escrito por":"assessoriadefamosos","Est. tempo de leitura":"2 minutos"},"schema":{"@context":"https:\/\/schema.org","@graph":[{"@type":"Article","@id":"https:\/\/portaldoestado.com.br\/index.php\/2026\/01\/22\/o-molho-nao-acaba-wagner-moura-e-indicado-a-premio-nacional-de-teatro\/#article","isPartOf":{"@id":"https:\/\/portaldoestado.com.br\/index.php\/2026\/01\/22\/o-molho-nao-acaba-wagner-moura-e-indicado-a-premio-nacional-de-teatro\/"},"author":{"name":"assessoriadefamosos","@id":"https:\/\/portaldoestado.com.br\/#\/schema\/person\/5ca0174f3c8c84b59da62ea14b698cb9"},"headline":"O molho n\u00e3o acaba! Wagner Moura \u00e9 indicado a pr\u00eamio nacional de teatro","datePublished":"2026-01-22T15:35:39+00:00","mainEntityOfPage":{"@id":"https:\/\/portaldoestado.com.br\/index.php\/2026\/01\/22\/o-molho-nao-acaba-wagner-moura-e-indicado-a-premio-nacional-de-teatro\/"},"wordCount":344,"publisher":{"@id":"https:\/\/portaldoestado.com.br\/#organization"},"image":{"@id":"https:\/\/portaldoestado.com.br\/index.php\/2026\/01\/22\/o-molho-nao-acaba-wagner-moura-e-indicado-a-premio-nacional-de-teatro\/#primaryimage"},"thumbnailUrl":"https:\/\/portaldoestado.com.br\/wp-content\/uploads\/2026\/01\/DO6f9nkZ-Padrao-para-Portal-LeoDias.jpg","articleSection":["Famosos"],"inLanguage":"pt-BR"},{"@type":"WebPage","@id":"https:\/\/portaldoestado.com.br\/index.php\/2026\/01\/22\/o-molho-nao-acaba-wagner-moura-e-indicado-a-premio-nacional-de-teatro\/","url":"https:\/\/portaldoestado.com.br\/index.php\/2026\/01\/22\/o-molho-nao-acaba-wagner-moura-e-indicado-a-premio-nacional-de-teatro\/","name":"O molho n\u00e3o acaba! Wagner Moura \u00e9 indicado a pr\u00eamio nacional de teatro - Portal do Estado","isPartOf":{"@id":"https:\/\/portaldoestado.com.br\/#website"},"primaryImageOfPage":{"@id":"https:\/\/portaldoestado.com.br\/index.php\/2026\/01\/22\/o-molho-nao-acaba-wagner-moura-e-indicado-a-premio-nacional-de-teatro\/#primaryimage"},"image":{"@id":"https:\/\/portaldoestado.com.br\/index.php\/2026\/01\/22\/o-molho-nao-acaba-wagner-moura-e-indicado-a-premio-nacional-de-teatro\/#primaryimage"},"thumbnailUrl":"https:\/\/portaldoestado.com.br\/wp-content\/uploads\/2026\/01\/DO6f9nkZ-Padrao-para-Portal-LeoDias.jpg","datePublished":"2026-01-22T15:35:39+00:00","breadcrumb":{"@id":"https:\/\/portaldoestado.com.br\/index.php\/2026\/01\/22\/o-molho-nao-acaba-wagner-moura-e-indicado-a-premio-nacional-de-teatro\/#breadcrumb"},"inLanguage":"pt-BR","potentialAction":[{"@type":"ReadAction","target":["https:\/\/portaldoestado.com.br\/index.php\/2026\/01\/22\/o-molho-nao-acaba-wagner-moura-e-indicado-a-premio-nacional-de-teatro\/"]}]},{"@type":"ImageObject","inLanguage":"pt-BR","@id":"https:\/\/portaldoestado.com.br\/index.php\/2026\/01\/22\/o-molho-nao-acaba-wagner-moura-e-indicado-a-premio-nacional-de-teatro\/#primaryimage","url":"https:\/\/portaldoestado.com.br\/wp-content\/uploads\/2026\/01\/DO6f9nkZ-Padrao-para-Portal-LeoDias.jpg","contentUrl":"https:\/\/portaldoestado.com.br\/wp-content\/uploads\/2026\/01\/DO6f9nkZ-Padrao-para-Portal-LeoDias.jpg","width":1200,"height":900},{"@type":"BreadcrumbList","@id":"https:\/\/portaldoestado.com.br\/index.php\/2026\/01\/22\/o-molho-nao-acaba-wagner-moura-e-indicado-a-premio-nacional-de-teatro\/#breadcrumb","itemListElement":[{"@type":"ListItem","position":1,"name":"In\u00edcio","item":"https:\/\/portaldoestado.com.br\/"},{"@type":"ListItem","position":2,"name":"O molho n\u00e3o acaba! Wagner Moura \u00e9 indicado a pr\u00eamio nacional de teatro"}]},{"@type":"WebSite","@id":"https:\/\/portaldoestado.com.br\/#website","url":"https:\/\/portaldoestado.com.br\/","name":"Portal do Estado","description":"","publisher":{"@id":"https:\/\/portaldoestado.com.br\/#organization"},"potentialAction":[{"@type":"SearchAction","target":{"@type":"EntryPoint","urlTemplate":"https:\/\/portaldoestado.com.br\/?s={search_term_string}"},"query-input":{"@type":"PropertyValueSpecification","valueRequired":true,"valueName":"search_term_string"}}],"inLanguage":"pt-BR"},{"@type":"Organization","@id":"https:\/\/portaldoestado.com.br\/#organization","name":"Portal do Estado","url":"https:\/\/portaldoestado.com.br\/","logo":{"@type":"ImageObject","inLanguage":"pt-BR","@id":"https:\/\/portaldoestado.com.br\/#\/schema\/logo\/image\/","url":"https:\/\/portaldoestado.com.br\/wp-content\/uploads\/2025\/04\/cropped-6f69b19a-6472-43bf-b1b3-e1910bbbd4e8.png","contentUrl":"https:\/\/portaldoestado.com.br\/wp-content\/uploads\/2025\/04\/cropped-6f69b19a-6472-43bf-b1b3-e1910bbbd4e8.png","width":1024,"height":350,"caption":"Portal do Estado"},"image":{"@id":"https:\/\/portaldoestado.com.br\/#\/schema\/logo\/image\/"}},{"@type":"Person","@id":"https:\/\/portaldoestado.com.br\/#\/schema\/person\/5ca0174f3c8c84b59da62ea14b698cb9","name":"assessoriadefamosos","image":{"@type":"ImageObject","inLanguage":"pt-BR","@id":"https:\/\/portaldoestado.com.br\/#\/schema\/person\/image\/","url":"https:\/\/secure.gravatar.com\/avatar\/a7acbdffcfbbae7240e59f47fe511ec5f5d8c252c779f0b8d9ab02a9e1d8c5ed?s=96&d=mm&r=g","contentUrl":"https:\/\/secure.gravatar.com\/avatar\/a7acbdffcfbbae7240e59f47fe511ec5f5d8c252c779f0b8d9ab02a9e1d8c5ed?s=96&d=mm&r=g","caption":"assessoriadefamosos"},"url":"https:\/\/portaldoestado.com.br\/index.php\/author\/assessoriadefamosos\/"}]}},"jetpack_featured_media_url":"https:\/\/portaldoestado.com.br\/wp-content\/uploads\/2026\/01\/DO6f9nkZ-Padrao-para-Portal-LeoDias.jpg","_links":{"self":[{"href":"https:\/\/portaldoestado.com.br\/index.php\/wp-json\/wp\/v2\/posts\/5995","targetHints":{"allow":["GET"]}}],"collection":[{"href":"https:\/\/portaldoestado.com.br\/index.php\/wp-json\/wp\/v2\/posts"}],"about":[{"href":"https:\/\/portaldoestado.com.br\/index.php\/wp-json\/wp\/v2\/types\/post"}],"author":[{"embeddable":true,"href":"https:\/\/portaldoestado.com.br\/index.php\/wp-json\/wp\/v2\/users\/2"}],"replies":[{"embeddable":true,"href":"https:\/\/portaldoestado.com.br\/index.php\/wp-json\/wp\/v2\/comments?post=5995"}],"version-history":[{"count":1,"href":"https:\/\/portaldoestado.com.br\/index.php\/wp-json\/wp\/v2\/posts\/5995\/revisions"}],"predecessor-version":[{"id":5996,"href":"https:\/\/portaldoestado.com.br\/index.php\/wp-json\/wp\/v2\/posts\/5995\/revisions\/5996"}],"wp:featuredmedia":[{"embeddable":true,"href":"https:\/\/portaldoestado.com.br\/index.php\/wp-json\/wp\/v2\/media\/5994"}],"wp:attachment":[{"href":"https:\/\/portaldoestado.com.br\/index.php\/wp-json\/wp\/v2\/media?parent=5995"}],"wp:term":[{"taxonomy":"category","embeddable":true,"href":"https:\/\/portaldoestado.com.br\/index.php\/wp-json\/wp\/v2\/categories?post=5995"},{"taxonomy":"post_tag","embeddable":true,"href":"https:\/\/portaldoestado.com.br\/index.php\/wp-json\/wp\/v2\/tags?post=5995"}],"curies":[{"name":"wp","href":"https:\/\/api.w.org\/{rel}","templated":true}]}}