{"id":5992,"date":"2026-01-22T14:52:39","date_gmt":"2026-01-22T14:52:39","guid":{"rendered":"https:\/\/portaldoestado.com.br\/?p=5992"},"modified":"2026-01-22T14:52:39","modified_gmt":"2026-01-22T14:52:39","slug":"loteamentos-irregulares-trazem-prejuizo-ao-erario-publico-e-a-favelizacao-em-areas-paradisiacas","status":"publish","type":"post","link":"https:\/\/portaldoestado.com.br\/index.php\/2026\/01\/22\/loteamentos-irregulares-trazem-prejuizo-ao-erario-publico-e-a-favelizacao-em-areas-paradisiacas\/","title":{"rendered":"Loteamentos Irregulares trazem preju\u00edzo ao er\u00e1rio p\u00fablico e a faveliza\u00e7\u00e3o em \u00e1reas paradis\u00edacas"},"content":{"rendered":"\n<p>Documentos oficiais, relat\u00f3rios municipais e imagens de sat\u00e9lite colocaram sob apura\u00e7\u00e3o uma s\u00e9rie de parcelamentos de terra realizados sem respaldo legal na regi\u00e3o de Cara\u00edva e Nova Cara\u00edva, no extremo sul da Bahia. A \u00e1rea, conhecida nacionalmente pelo turismo e por atrair visitantes do Brasil e do exterior, passou a concentrar notifica\u00e7\u00f5es administrativas relacionadas a ocupa\u00e7\u00f5es e vendas de lotes sem registro imobili\u00e1rio.<\/p>\n\n\n\n<p>Segundo certid\u00f5es do Cart\u00f3rio de Registro de Im\u00f3veis e informa\u00e7\u00f5es constantes em relat\u00f3rios da Prefeitura de Porto Seguro, uma propriedade rural denominada Fazenda Bela Vista, situada nas proximidades do distrito de Cara\u00edva, estaria sendo fracionada e comercializada sem aprova\u00e7\u00e3o dos \u00f3rg\u00e3os p\u00fablicos competentes. A matr\u00edcula do im\u00f3vel apresenta averba\u00e7\u00e3o de bloqueio determinada pela Receita Federal desde 2020, o que, conforme a legisla\u00e7\u00e3o, restringe sua aliena\u00e7\u00e3o ou parcelamento.<\/p>\n\n\n\n<p>Ainda de acordo com os documentos analisados, os lotes v\u00eam sendo ofertados por meio de contratos particulares, sem registro formal e sem a apresenta\u00e7\u00e3o de projetos urban\u00edsticos, ambientais ou de infraestrutura b\u00e1sica aprovados pelos \u00f3rg\u00e3os respons\u00e1veis. N\u00e3o constam autoriza\u00e7\u00f5es da Prefeitura, do INEMA, do IBAMA ou de inst\u00e2ncias ambientais federais para o parcelamento e ocupa\u00e7\u00e3o da \u00e1rea.<\/p>\n\n\n\n<p>A administra\u00e7\u00e3o municipal informou, em relat\u00f3rios internos, que vem adotando medidas administrativas, como notifica\u00e7\u00f5es e levantamentos t\u00e9cnicos, com o objetivo de conter ocupa\u00e7\u00f5es consideradas irregulares e preservar o ordenamento urbano e ambiental da regi\u00e3o. T\u00e9cnicos alertam que a expans\u00e3o desse tipo de pr\u00e1tica pode gerar impactos diretos na arrecada\u00e7\u00e3o p\u00fablica, al\u00e9m de inseguran\u00e7a jur\u00eddica para compradores.<\/p>\n\n\n\n<p>Outra frente de aten\u00e7\u00e3o envolve \u00e1reas pr\u00f3ximas \u00e0 Aldeia Xand\u00f3, territ\u00f3rio de ocupa\u00e7\u00e3o ind\u00edgena localizado na Vila de Cara\u00edva. Reportagens de alcance nacional j\u00e1 apontaram a exist\u00eancia de explora\u00e7\u00f5es imobili\u00e1rias e tur\u00edsticas em \u00e1reas ind\u00edgenas sem autoriza\u00e7\u00e3o dos \u00f3rg\u00e3os federais. Por for\u00e7a da Constitui\u00e7\u00e3o, esses territ\u00f3rios pertencem \u00e0 Uni\u00e3o e qualquer tipo de explora\u00e7\u00e3o depende de autoriza\u00e7\u00e3o expressa da FUNAI.<\/p>\n\n\n\n<p>Especialistas em direito urban\u00edstico e ambiental explicam que o loteamento irregular \u00e9 tipificado na legisla\u00e7\u00e3o brasileira e pode envolver infra\u00e7\u00f5es administrativas e penais previstas, entre outras normas, na Lei n\u00ba 6.766\/1979, que regula o parcelamento do solo urbano.<\/p>\n\n\n\n<p>Al\u00e9m do dano ambiental, esse tipo de pr\u00e1tica compromete o planejamento urbano e pode resultar em nulidade dos contratos firmados.<\/p>\n\n\n\n<p>Imagens de sat\u00e9lite comparativas entre os anos de 2016 e 2024 mostram altera\u00e7\u00f5es significativas na \u00e1rea, com abertura de vias e subdivis\u00e3o do terreno, o que refor\u00e7a a necessidade de apura\u00e7\u00e3o t\u00e9cnica detalhada por parte dos \u00f3rg\u00e3os de controle.<\/p>\n\n\n\n<p>Para especialistas, o caso de Cara\u00edva evidencia um problema que ultrapassa os limites do sul da Bahia. Em regi\u00f5es tur\u00edsticas valorizadas, a press\u00e3o imobili\u00e1ria associada a falhas de fiscaliza\u00e7\u00e3o pode favorecer a expans\u00e3o de ocupa\u00e7\u00f5es sem respaldo legal, tornando essencial a integra\u00e7\u00e3o entre \u00f3rg\u00e3os ambientais, fiscais e fundi\u00e1rios.<\/p>\n\n\n\n<p>Procurados, \u00f3rg\u00e3os p\u00fablicos informaram que os fatos est\u00e3o sendo analisados dentro das compet\u00eancias legais e que eventuais responsabilidades ser\u00e3o apuradas conforme a legisla\u00e7\u00e3o vigente. Enquanto isso, t\u00e9cnicos refor\u00e7am a import\u00e2ncia da informa\u00e7\u00e3o p\u00fablica e da fiscaliza\u00e7\u00e3o cont\u00ednua como instrumentos fundamentais para a prote\u00e7\u00e3o do patrim\u00f4nio ambiental e coletivo.<\/p>\n","protected":false},"excerpt":{"rendered":"<p>Documentos oficiais, relat\u00f3rios municipais e imagens de sat\u00e9lite colocaram sob apura\u00e7\u00e3o uma s\u00e9rie de parcelamentos de terra realizados sem respaldo legal na regi\u00e3o de Cara\u00edva e Nova Cara\u00edva, no extremo sul da Bahia. A \u00e1rea, conhecida nacionalmente pelo turismo e por atrair visitantes do Brasil e do exterior, passou a concentrar notifica\u00e7\u00f5es administrativas relacionadas a \u2026<\/p>\n","protected":false},"author":2,"featured_media":5991,"comment_status":"closed","ping_status":"open","sticky":false,"template":"","format":"standard","meta":{"footnotes":""},"categories":[4],"tags":[],"class_list":["post-5992","post","type-post","status-publish","format-standard","has-post-thumbnail","hentry","category-geral"],"yoast_head":"<!-- This site is optimized with the Yoast SEO plugin v25.5 - https:\/\/yoast.com\/wordpress\/plugins\/seo\/ -->\n<title>Loteamentos Irregulares trazem preju\u00edzo ao er\u00e1rio p\u00fablico e a faveliza\u00e7\u00e3o em \u00e1reas paradis\u00edacas - Portal do Estado<\/title>\n<meta name=\"robots\" content=\"index, follow, max-snippet:-1, max-image-preview:large, max-video-preview:-1\" \/>\n<link rel=\"canonical\" href=\"https:\/\/portaldoestado.com.br\/index.php\/2026\/01\/22\/loteamentos-irregulares-trazem-prejuizo-ao-erario-publico-e-a-favelizacao-em-areas-paradisiacas\/\" \/>\n<meta property=\"og:locale\" content=\"pt_BR\" \/>\n<meta property=\"og:type\" content=\"article\" \/>\n<meta property=\"og:title\" content=\"Loteamentos Irregulares trazem preju\u00edzo ao er\u00e1rio p\u00fablico e a faveliza\u00e7\u00e3o em \u00e1reas paradis\u00edacas - Portal do Estado\" \/>\n<meta property=\"og:description\" content=\"Documentos oficiais, relat\u00f3rios municipais e imagens de sat\u00e9lite colocaram sob apura\u00e7\u00e3o uma s\u00e9rie de parcelamentos de terra realizados sem respaldo legal na regi\u00e3o de Cara\u00edva e Nova Cara\u00edva, no extremo sul da Bahia. A \u00e1rea, conhecida nacionalmente pelo turismo e por atrair visitantes do Brasil e do exterior, passou a concentrar notifica\u00e7\u00f5es administrativas relacionadas a \u2026\" \/>\n<meta property=\"og:url\" content=\"https:\/\/portaldoestado.com.br\/index.php\/2026\/01\/22\/loteamentos-irregulares-trazem-prejuizo-ao-erario-publico-e-a-favelizacao-em-areas-paradisiacas\/\" \/>\n<meta property=\"og:site_name\" content=\"Portal do Estado\" \/>\n<meta property=\"article:published_time\" content=\"2026-01-22T14:52:39+00:00\" \/>\n<meta property=\"og:image\" content=\"https:\/\/portaldoestado.com.br\/wp-content\/uploads\/2026\/01\/47c46efb-3dd9-43f7-b694-dd971e32639d.jpeg\" \/>\n\t<meta property=\"og:image:width\" content=\"1184\" \/>\n\t<meta property=\"og:image:height\" content=\"1280\" \/>\n\t<meta property=\"og:image:type\" content=\"image\/jpeg\" \/>\n<meta name=\"author\" content=\"assessoriadefamosos\" \/>\n<meta name=\"twitter:card\" content=\"summary_large_image\" \/>\n<meta name=\"twitter:label1\" content=\"Escrito por\" \/>\n\t<meta name=\"twitter:data1\" content=\"assessoriadefamosos\" \/>\n\t<meta name=\"twitter:label2\" content=\"Est. tempo de leitura\" \/>\n\t<meta name=\"twitter:data2\" content=\"3 minutos\" \/>\n<script type=\"application\/ld+json\" class=\"yoast-schema-graph\">{\"@context\":\"https:\/\/schema.org\",\"@graph\":[{\"@type\":\"Article\",\"@id\":\"https:\/\/portaldoestado.com.br\/index.php\/2026\/01\/22\/loteamentos-irregulares-trazem-prejuizo-ao-erario-publico-e-a-favelizacao-em-areas-paradisiacas\/#article\",\"isPartOf\":{\"@id\":\"https:\/\/portaldoestado.com.br\/index.php\/2026\/01\/22\/loteamentos-irregulares-trazem-prejuizo-ao-erario-publico-e-a-favelizacao-em-areas-paradisiacas\/\"},\"author\":{\"name\":\"assessoriadefamosos\",\"@id\":\"https:\/\/portaldoestado.com.br\/#\/schema\/person\/5ca0174f3c8c84b59da62ea14b698cb9\"},\"headline\":\"Loteamentos Irregulares trazem preju\u00edzo ao er\u00e1rio p\u00fablico e a faveliza\u00e7\u00e3o em \u00e1reas paradis\u00edacas\",\"datePublished\":\"2026-01-22T14:52:39+00:00\",\"mainEntityOfPage\":{\"@id\":\"https:\/\/portaldoestado.com.br\/index.php\/2026\/01\/22\/loteamentos-irregulares-trazem-prejuizo-ao-erario-publico-e-a-favelizacao-em-areas-paradisiacas\/\"},\"wordCount\":612,\"publisher\":{\"@id\":\"https:\/\/portaldoestado.com.br\/#organization\"},\"image\":{\"@id\":\"https:\/\/portaldoestado.com.br\/index.php\/2026\/01\/22\/loteamentos-irregulares-trazem-prejuizo-ao-erario-publico-e-a-favelizacao-em-areas-paradisiacas\/#primaryimage\"},\"thumbnailUrl\":\"https:\/\/portaldoestado.com.br\/wp-content\/uploads\/2026\/01\/47c46efb-3dd9-43f7-b694-dd971e32639d.jpeg\",\"articleSection\":[\"Geral\"],\"inLanguage\":\"pt-BR\"},{\"@type\":\"WebPage\",\"@id\":\"https:\/\/portaldoestado.com.br\/index.php\/2026\/01\/22\/loteamentos-irregulares-trazem-prejuizo-ao-erario-publico-e-a-favelizacao-em-areas-paradisiacas\/\",\"url\":\"https:\/\/portaldoestado.com.br\/index.php\/2026\/01\/22\/loteamentos-irregulares-trazem-prejuizo-ao-erario-publico-e-a-favelizacao-em-areas-paradisiacas\/\",\"name\":\"Loteamentos Irregulares trazem preju\u00edzo ao er\u00e1rio p\u00fablico e a faveliza\u00e7\u00e3o em \u00e1reas paradis\u00edacas - Portal do Estado\",\"isPartOf\":{\"@id\":\"https:\/\/portaldoestado.com.br\/#website\"},\"primaryImageOfPage\":{\"@id\":\"https:\/\/portaldoestado.com.br\/index.php\/2026\/01\/22\/loteamentos-irregulares-trazem-prejuizo-ao-erario-publico-e-a-favelizacao-em-areas-paradisiacas\/#primaryimage\"},\"image\":{\"@id\":\"https:\/\/portaldoestado.com.br\/index.php\/2026\/01\/22\/loteamentos-irregulares-trazem-prejuizo-ao-erario-publico-e-a-favelizacao-em-areas-paradisiacas\/#primaryimage\"},\"thumbnailUrl\":\"https:\/\/portaldoestado.com.br\/wp-content\/uploads\/2026\/01\/47c46efb-3dd9-43f7-b694-dd971e32639d.jpeg\",\"datePublished\":\"2026-01-22T14:52:39+00:00\",\"breadcrumb\":{\"@id\":\"https:\/\/portaldoestado.com.br\/index.php\/2026\/01\/22\/loteamentos-irregulares-trazem-prejuizo-ao-erario-publico-e-a-favelizacao-em-areas-paradisiacas\/#breadcrumb\"},\"inLanguage\":\"pt-BR\",\"potentialAction\":[{\"@type\":\"ReadAction\",\"target\":[\"https:\/\/portaldoestado.com.br\/index.php\/2026\/01\/22\/loteamentos-irregulares-trazem-prejuizo-ao-erario-publico-e-a-favelizacao-em-areas-paradisiacas\/\"]}]},{\"@type\":\"ImageObject\",\"inLanguage\":\"pt-BR\",\"@id\":\"https:\/\/portaldoestado.com.br\/index.php\/2026\/01\/22\/loteamentos-irregulares-trazem-prejuizo-ao-erario-publico-e-a-favelizacao-em-areas-paradisiacas\/#primaryimage\",\"url\":\"https:\/\/portaldoestado.com.br\/wp-content\/uploads\/2026\/01\/47c46efb-3dd9-43f7-b694-dd971e32639d.jpeg\",\"contentUrl\":\"https:\/\/portaldoestado.com.br\/wp-content\/uploads\/2026\/01\/47c46efb-3dd9-43f7-b694-dd971e32639d.jpeg\",\"width\":1184,\"height\":1280},{\"@type\":\"BreadcrumbList\",\"@id\":\"https:\/\/portaldoestado.com.br\/index.php\/2026\/01\/22\/loteamentos-irregulares-trazem-prejuizo-ao-erario-publico-e-a-favelizacao-em-areas-paradisiacas\/#breadcrumb\",\"itemListElement\":[{\"@type\":\"ListItem\",\"position\":1,\"name\":\"In\u00edcio\",\"item\":\"https:\/\/portaldoestado.com.br\/\"},{\"@type\":\"ListItem\",\"position\":2,\"name\":\"Loteamentos Irregulares trazem preju\u00edzo ao er\u00e1rio p\u00fablico e a faveliza\u00e7\u00e3o em \u00e1reas paradis\u00edacas\"}]},{\"@type\":\"WebSite\",\"@id\":\"https:\/\/portaldoestado.com.br\/#website\",\"url\":\"https:\/\/portaldoestado.com.br\/\",\"name\":\"Portal do Estado\",\"description\":\"\",\"publisher\":{\"@id\":\"https:\/\/portaldoestado.com.br\/#organization\"},\"potentialAction\":[{\"@type\":\"SearchAction\",\"target\":{\"@type\":\"EntryPoint\",\"urlTemplate\":\"https:\/\/portaldoestado.com.br\/?s={search_term_string}\"},\"query-input\":{\"@type\":\"PropertyValueSpecification\",\"valueRequired\":true,\"valueName\":\"search_term_string\"}}],\"inLanguage\":\"pt-BR\"},{\"@type\":\"Organization\",\"@id\":\"https:\/\/portaldoestado.com.br\/#organization\",\"name\":\"Portal do Estado\",\"url\":\"https:\/\/portaldoestado.com.br\/\",\"logo\":{\"@type\":\"ImageObject\",\"inLanguage\":\"pt-BR\",\"@id\":\"https:\/\/portaldoestado.com.br\/#\/schema\/logo\/image\/\",\"url\":\"https:\/\/portaldoestado.com.br\/wp-content\/uploads\/2025\/04\/cropped-6f69b19a-6472-43bf-b1b3-e1910bbbd4e8.png\",\"contentUrl\":\"https:\/\/portaldoestado.com.br\/wp-content\/uploads\/2025\/04\/cropped-6f69b19a-6472-43bf-b1b3-e1910bbbd4e8.png\",\"width\":1024,\"height\":350,\"caption\":\"Portal do Estado\"},\"image\":{\"@id\":\"https:\/\/portaldoestado.com.br\/#\/schema\/logo\/image\/\"}},{\"@type\":\"Person\",\"@id\":\"https:\/\/portaldoestado.com.br\/#\/schema\/person\/5ca0174f3c8c84b59da62ea14b698cb9\",\"name\":\"assessoriadefamosos\",\"image\":{\"@type\":\"ImageObject\",\"inLanguage\":\"pt-BR\",\"@id\":\"https:\/\/portaldoestado.com.br\/#\/schema\/person\/image\/\",\"url\":\"https:\/\/secure.gravatar.com\/avatar\/a7acbdffcfbbae7240e59f47fe511ec5f5d8c252c779f0b8d9ab02a9e1d8c5ed?s=96&d=mm&r=g\",\"contentUrl\":\"https:\/\/secure.gravatar.com\/avatar\/a7acbdffcfbbae7240e59f47fe511ec5f5d8c252c779f0b8d9ab02a9e1d8c5ed?s=96&d=mm&r=g\",\"caption\":\"assessoriadefamosos\"},\"url\":\"https:\/\/portaldoestado.com.br\/index.php\/author\/assessoriadefamosos\/\"}]}<\/script>\n<!-- \/ Yoast SEO plugin. -->","yoast_head_json":{"title":"Loteamentos Irregulares trazem preju\u00edzo ao er\u00e1rio p\u00fablico e a faveliza\u00e7\u00e3o em \u00e1reas paradis\u00edacas - Portal do Estado","robots":{"index":"index","follow":"follow","max-snippet":"max-snippet:-1","max-image-preview":"max-image-preview:large","max-video-preview":"max-video-preview:-1"},"canonical":"https:\/\/portaldoestado.com.br\/index.php\/2026\/01\/22\/loteamentos-irregulares-trazem-prejuizo-ao-erario-publico-e-a-favelizacao-em-areas-paradisiacas\/","og_locale":"pt_BR","og_type":"article","og_title":"Loteamentos Irregulares trazem preju\u00edzo ao er\u00e1rio p\u00fablico e a faveliza\u00e7\u00e3o em \u00e1reas paradis\u00edacas - Portal do Estado","og_description":"Documentos oficiais, relat\u00f3rios municipais e imagens de sat\u00e9lite colocaram sob apura\u00e7\u00e3o uma s\u00e9rie de parcelamentos de terra realizados sem respaldo legal na regi\u00e3o de Cara\u00edva e Nova Cara\u00edva, no extremo sul da Bahia. A \u00e1rea, conhecida nacionalmente pelo turismo e por atrair visitantes do Brasil e do exterior, passou a concentrar notifica\u00e7\u00f5es administrativas relacionadas a \u2026","og_url":"https:\/\/portaldoestado.com.br\/index.php\/2026\/01\/22\/loteamentos-irregulares-trazem-prejuizo-ao-erario-publico-e-a-favelizacao-em-areas-paradisiacas\/","og_site_name":"Portal do Estado","article_published_time":"2026-01-22T14:52:39+00:00","og_image":[{"width":1184,"height":1280,"url":"https:\/\/portaldoestado.com.br\/wp-content\/uploads\/2026\/01\/47c46efb-3dd9-43f7-b694-dd971e32639d.jpeg","type":"image\/jpeg"}],"author":"assessoriadefamosos","twitter_card":"summary_large_image","twitter_misc":{"Escrito por":"assessoriadefamosos","Est. tempo de leitura":"3 minutos"},"schema":{"@context":"https:\/\/schema.org","@graph":[{"@type":"Article","@id":"https:\/\/portaldoestado.com.br\/index.php\/2026\/01\/22\/loteamentos-irregulares-trazem-prejuizo-ao-erario-publico-e-a-favelizacao-em-areas-paradisiacas\/#article","isPartOf":{"@id":"https:\/\/portaldoestado.com.br\/index.php\/2026\/01\/22\/loteamentos-irregulares-trazem-prejuizo-ao-erario-publico-e-a-favelizacao-em-areas-paradisiacas\/"},"author":{"name":"assessoriadefamosos","@id":"https:\/\/portaldoestado.com.br\/#\/schema\/person\/5ca0174f3c8c84b59da62ea14b698cb9"},"headline":"Loteamentos Irregulares trazem preju\u00edzo ao er\u00e1rio p\u00fablico e a faveliza\u00e7\u00e3o em \u00e1reas paradis\u00edacas","datePublished":"2026-01-22T14:52:39+00:00","mainEntityOfPage":{"@id":"https:\/\/portaldoestado.com.br\/index.php\/2026\/01\/22\/loteamentos-irregulares-trazem-prejuizo-ao-erario-publico-e-a-favelizacao-em-areas-paradisiacas\/"},"wordCount":612,"publisher":{"@id":"https:\/\/portaldoestado.com.br\/#organization"},"image":{"@id":"https:\/\/portaldoestado.com.br\/index.php\/2026\/01\/22\/loteamentos-irregulares-trazem-prejuizo-ao-erario-publico-e-a-favelizacao-em-areas-paradisiacas\/#primaryimage"},"thumbnailUrl":"https:\/\/portaldoestado.com.br\/wp-content\/uploads\/2026\/01\/47c46efb-3dd9-43f7-b694-dd971e32639d.jpeg","articleSection":["Geral"],"inLanguage":"pt-BR"},{"@type":"WebPage","@id":"https:\/\/portaldoestado.com.br\/index.php\/2026\/01\/22\/loteamentos-irregulares-trazem-prejuizo-ao-erario-publico-e-a-favelizacao-em-areas-paradisiacas\/","url":"https:\/\/portaldoestado.com.br\/index.php\/2026\/01\/22\/loteamentos-irregulares-trazem-prejuizo-ao-erario-publico-e-a-favelizacao-em-areas-paradisiacas\/","name":"Loteamentos Irregulares trazem preju\u00edzo ao er\u00e1rio p\u00fablico e a faveliza\u00e7\u00e3o em \u00e1reas paradis\u00edacas - Portal do Estado","isPartOf":{"@id":"https:\/\/portaldoestado.com.br\/#website"},"primaryImageOfPage":{"@id":"https:\/\/portaldoestado.com.br\/index.php\/2026\/01\/22\/loteamentos-irregulares-trazem-prejuizo-ao-erario-publico-e-a-favelizacao-em-areas-paradisiacas\/#primaryimage"},"image":{"@id":"https:\/\/portaldoestado.com.br\/index.php\/2026\/01\/22\/loteamentos-irregulares-trazem-prejuizo-ao-erario-publico-e-a-favelizacao-em-areas-paradisiacas\/#primaryimage"},"thumbnailUrl":"https:\/\/portaldoestado.com.br\/wp-content\/uploads\/2026\/01\/47c46efb-3dd9-43f7-b694-dd971e32639d.jpeg","datePublished":"2026-01-22T14:52:39+00:00","breadcrumb":{"@id":"https:\/\/portaldoestado.com.br\/index.php\/2026\/01\/22\/loteamentos-irregulares-trazem-prejuizo-ao-erario-publico-e-a-favelizacao-em-areas-paradisiacas\/#breadcrumb"},"inLanguage":"pt-BR","potentialAction":[{"@type":"ReadAction","target":["https:\/\/portaldoestado.com.br\/index.php\/2026\/01\/22\/loteamentos-irregulares-trazem-prejuizo-ao-erario-publico-e-a-favelizacao-em-areas-paradisiacas\/"]}]},{"@type":"ImageObject","inLanguage":"pt-BR","@id":"https:\/\/portaldoestado.com.br\/index.php\/2026\/01\/22\/loteamentos-irregulares-trazem-prejuizo-ao-erario-publico-e-a-favelizacao-em-areas-paradisiacas\/#primaryimage","url":"https:\/\/portaldoestado.com.br\/wp-content\/uploads\/2026\/01\/47c46efb-3dd9-43f7-b694-dd971e32639d.jpeg","contentUrl":"https:\/\/portaldoestado.com.br\/wp-content\/uploads\/2026\/01\/47c46efb-3dd9-43f7-b694-dd971e32639d.jpeg","width":1184,"height":1280},{"@type":"BreadcrumbList","@id":"https:\/\/portaldoestado.com.br\/index.php\/2026\/01\/22\/loteamentos-irregulares-trazem-prejuizo-ao-erario-publico-e-a-favelizacao-em-areas-paradisiacas\/#breadcrumb","itemListElement":[{"@type":"ListItem","position":1,"name":"In\u00edcio","item":"https:\/\/portaldoestado.com.br\/"},{"@type":"ListItem","position":2,"name":"Loteamentos Irregulares trazem preju\u00edzo ao er\u00e1rio p\u00fablico e a faveliza\u00e7\u00e3o em \u00e1reas paradis\u00edacas"}]},{"@type":"WebSite","@id":"https:\/\/portaldoestado.com.br\/#website","url":"https:\/\/portaldoestado.com.br\/","name":"Portal do Estado","description":"","publisher":{"@id":"https:\/\/portaldoestado.com.br\/#organization"},"potentialAction":[{"@type":"SearchAction","target":{"@type":"EntryPoint","urlTemplate":"https:\/\/portaldoestado.com.br\/?s={search_term_string}"},"query-input":{"@type":"PropertyValueSpecification","valueRequired":true,"valueName":"search_term_string"}}],"inLanguage":"pt-BR"},{"@type":"Organization","@id":"https:\/\/portaldoestado.com.br\/#organization","name":"Portal do Estado","url":"https:\/\/portaldoestado.com.br\/","logo":{"@type":"ImageObject","inLanguage":"pt-BR","@id":"https:\/\/portaldoestado.com.br\/#\/schema\/logo\/image\/","url":"https:\/\/portaldoestado.com.br\/wp-content\/uploads\/2025\/04\/cropped-6f69b19a-6472-43bf-b1b3-e1910bbbd4e8.png","contentUrl":"https:\/\/portaldoestado.com.br\/wp-content\/uploads\/2025\/04\/cropped-6f69b19a-6472-43bf-b1b3-e1910bbbd4e8.png","width":1024,"height":350,"caption":"Portal do Estado"},"image":{"@id":"https:\/\/portaldoestado.com.br\/#\/schema\/logo\/image\/"}},{"@type":"Person","@id":"https:\/\/portaldoestado.com.br\/#\/schema\/person\/5ca0174f3c8c84b59da62ea14b698cb9","name":"assessoriadefamosos","image":{"@type":"ImageObject","inLanguage":"pt-BR","@id":"https:\/\/portaldoestado.com.br\/#\/schema\/person\/image\/","url":"https:\/\/secure.gravatar.com\/avatar\/a7acbdffcfbbae7240e59f47fe511ec5f5d8c252c779f0b8d9ab02a9e1d8c5ed?s=96&d=mm&r=g","contentUrl":"https:\/\/secure.gravatar.com\/avatar\/a7acbdffcfbbae7240e59f47fe511ec5f5d8c252c779f0b8d9ab02a9e1d8c5ed?s=96&d=mm&r=g","caption":"assessoriadefamosos"},"url":"https:\/\/portaldoestado.com.br\/index.php\/author\/assessoriadefamosos\/"}]}},"jetpack_featured_media_url":"https:\/\/portaldoestado.com.br\/wp-content\/uploads\/2026\/01\/47c46efb-3dd9-43f7-b694-dd971e32639d.jpeg","_links":{"self":[{"href":"https:\/\/portaldoestado.com.br\/index.php\/wp-json\/wp\/v2\/posts\/5992","targetHints":{"allow":["GET"]}}],"collection":[{"href":"https:\/\/portaldoestado.com.br\/index.php\/wp-json\/wp\/v2\/posts"}],"about":[{"href":"https:\/\/portaldoestado.com.br\/index.php\/wp-json\/wp\/v2\/types\/post"}],"author":[{"embeddable":true,"href":"https:\/\/portaldoestado.com.br\/index.php\/wp-json\/wp\/v2\/users\/2"}],"replies":[{"embeddable":true,"href":"https:\/\/portaldoestado.com.br\/index.php\/wp-json\/wp\/v2\/comments?post=5992"}],"version-history":[{"count":1,"href":"https:\/\/portaldoestado.com.br\/index.php\/wp-json\/wp\/v2\/posts\/5992\/revisions"}],"predecessor-version":[{"id":5993,"href":"https:\/\/portaldoestado.com.br\/index.php\/wp-json\/wp\/v2\/posts\/5992\/revisions\/5993"}],"wp:featuredmedia":[{"embeddable":true,"href":"https:\/\/portaldoestado.com.br\/index.php\/wp-json\/wp\/v2\/media\/5991"}],"wp:attachment":[{"href":"https:\/\/portaldoestado.com.br\/index.php\/wp-json\/wp\/v2\/media?parent=5992"}],"wp:term":[{"taxonomy":"category","embeddable":true,"href":"https:\/\/portaldoestado.com.br\/index.php\/wp-json\/wp\/v2\/categories?post=5992"},{"taxonomy":"post_tag","embeddable":true,"href":"https:\/\/portaldoestado.com.br\/index.php\/wp-json\/wp\/v2\/tags?post=5992"}],"curies":[{"name":"wp","href":"https:\/\/api.w.org\/{rel}","templated":true}]}}