{"id":5989,"date":"2026-01-22T06:50:25","date_gmt":"2026-01-22T06:50:25","guid":{"rendered":"https:\/\/portaldoestado.com.br\/?p=5989"},"modified":"2026-01-22T06:50:25","modified_gmt":"2026-01-22T06:50:25","slug":"vic-landim-consolida-sucesso-multiplataforma-e-inicia-2026-com-novos-projetos-no-old-rio","status":"publish","type":"post","link":"https:\/\/portaldoestado.com.br\/index.php\/2026\/01\/22\/vic-landim-consolida-sucesso-multiplataforma-e-inicia-2026-com-novos-projetos-no-old-rio\/","title":{"rendered":"Vic Landim consolida sucesso multiplataforma e inicia 2026 com novos projetos no Old Rio"},"content":{"rendered":"\n<p>Com uma trajet\u00f3ria marcada por credibilidade e grande alcance, Vic Landim inicia 2026 em um dos melhores momentos de sua carreira. \u00c0 frente do projeto Old Rio com Vic Landim, ele vem conquistando p\u00fablico e engajamento ao unir mem\u00f3ria, hist\u00f3ria e atualidade em conte\u00fados que valorizam a ess\u00eancia do Rio de Janeiro.<\/p>\n\n\n\n<p>O reconhecimento n\u00e3o \u00e9 recente. Vic Landim teve passagem de destaque como colunista do portal tonafama.ig.com.br, onde alcan\u00e7ou n\u00fameros expressivos de audi\u00eancia. Durante o per\u00edodo em que integrou o portal, sua coluna figurou entre as mais acessadas, tornando-se refer\u00eancia pelo conte\u00fado exclusivo e pelo olhar diferenciado sobre a cultura e os acontecimentos do Rio.<\/p>\n\n\n\n<p>Na televis\u00e3o, o sucesso se repetiu com o quadro Old Rio com Vic Landim, exibido em programas de grande visibilidade. O projeto integrou o T\u00f4 Na Fama, da RedeTV!, e o Balan\u00e7o da Fama, da Record \/ TV Cidade BBL, conquistando telespectadores com reportagens especiais, resgates hist\u00f3ricos e coberturas culturais.<\/p>\n\n\n\n<p>Vic Landim tamb\u00e9m ampliou sua atua\u00e7\u00e3o ao integrar o programa T\u00f4 No SBT, exibido pelo SBT Barra do Gar\u00e7as, levando seu trabalho para novas audi\u00eancias e consolidando sua presen\u00e7a em diferentes pra\u00e7as do pa\u00eds.<\/p>\n\n\n\n<p>Agora, em 2026, o Old Rio com Vic Landim vive uma fase de crescimento e fortalecimento. O projeto segue com coberturas de eventos, resgate da mem\u00f3ria carioca e conte\u00fados in\u00e9ditos, al\u00e9m da promessa de novas surpresas, formatos inovadores e parcerias estrat\u00e9gicas ao longo do ano.<\/p>\n\n\n\n<p>Com uma trajet\u00f3ria s\u00f3lida e um olhar apaixonado pelo Rio de Janeiro, Vic Landim reafirma seu compromisso com a comunica\u00e7\u00e3o, a cultura e a preserva\u00e7\u00e3o da hist\u00f3ria, consolidando o Old Rio como uma marca forte e respeitada no cen\u00e1rio digital e televisivo.<\/p>\n","protected":false},"excerpt":{"rendered":"<p>Com uma trajet\u00f3ria marcada por credibilidade e grande alcance, Vic Landim inicia 2026 em um dos melhores momentos de sua carreira. \u00c0 frente do projeto Old Rio com Vic Landim, ele vem conquistando p\u00fablico e engajamento ao unir mem\u00f3ria, hist\u00f3ria e atualidade em conte\u00fados que valorizam a ess\u00eancia do Rio de Janeiro. O reconhecimento n\u00e3o \u2026<\/p>\n","protected":false},"author":2,"featured_media":5988,"comment_status":"closed","ping_status":"open","sticky":false,"template":"","format":"standard","meta":{"footnotes":""},"categories":[3],"tags":[],"class_list":["post-5989","post","type-post","status-publish","format-standard","has-post-thumbnail","hentry","category-famosos"],"yoast_head":"<!-- This site is optimized with the Yoast SEO plugin v25.5 - https:\/\/yoast.com\/wordpress\/plugins\/seo\/ -->\n<title>Vic Landim consolida sucesso multiplataforma e inicia 2026 com novos projetos no Old Rio - Portal do Estado<\/title>\n<meta name=\"robots\" content=\"index, follow, max-snippet:-1, max-image-preview:large, max-video-preview:-1\" \/>\n<link rel=\"canonical\" href=\"https:\/\/portaldoestado.com.br\/index.php\/2026\/01\/22\/vic-landim-consolida-sucesso-multiplataforma-e-inicia-2026-com-novos-projetos-no-old-rio\/\" \/>\n<meta property=\"og:locale\" content=\"pt_BR\" \/>\n<meta property=\"og:type\" content=\"article\" \/>\n<meta property=\"og:title\" content=\"Vic Landim consolida sucesso multiplataforma e inicia 2026 com novos projetos no Old Rio - Portal do Estado\" \/>\n<meta property=\"og:description\" content=\"Com uma trajet\u00f3ria marcada por credibilidade e grande alcance, Vic Landim inicia 2026 em um dos melhores momentos de sua carreira. \u00c0 frente do projeto Old Rio com Vic Landim, ele vem conquistando p\u00fablico e engajamento ao unir mem\u00f3ria, hist\u00f3ria e atualidade em conte\u00fados que valorizam a ess\u00eancia do Rio de Janeiro. O reconhecimento n\u00e3o \u2026\" \/>\n<meta property=\"og:url\" content=\"https:\/\/portaldoestado.com.br\/index.php\/2026\/01\/22\/vic-landim-consolida-sucesso-multiplataforma-e-inicia-2026-com-novos-projetos-no-old-rio\/\" \/>\n<meta property=\"og:site_name\" content=\"Portal do Estado\" \/>\n<meta property=\"article:published_time\" content=\"2026-01-22T06:50:25+00:00\" \/>\n<meta property=\"og:image\" content=\"https:\/\/portaldoestado.com.br\/wp-content\/uploads\/2026\/01\/IMG_3616.jpeg\" \/>\n\t<meta property=\"og:image:width\" content=\"1320\" \/>\n\t<meta property=\"og:image:height\" content=\"773\" \/>\n\t<meta property=\"og:image:type\" content=\"image\/jpeg\" \/>\n<meta name=\"author\" content=\"assessoriadefamosos\" \/>\n<meta name=\"twitter:card\" content=\"summary_large_image\" \/>\n<meta name=\"twitter:label1\" content=\"Escrito por\" \/>\n\t<meta name=\"twitter:data1\" content=\"assessoriadefamosos\" \/>\n\t<meta name=\"twitter:label2\" content=\"Est. tempo de leitura\" \/>\n\t<meta name=\"twitter:data2\" content=\"2 minutos\" \/>\n<script type=\"application\/ld+json\" class=\"yoast-schema-graph\">{\"@context\":\"https:\/\/schema.org\",\"@graph\":[{\"@type\":\"Article\",\"@id\":\"https:\/\/portaldoestado.com.br\/index.php\/2026\/01\/22\/vic-landim-consolida-sucesso-multiplataforma-e-inicia-2026-com-novos-projetos-no-old-rio\/#article\",\"isPartOf\":{\"@id\":\"https:\/\/portaldoestado.com.br\/index.php\/2026\/01\/22\/vic-landim-consolida-sucesso-multiplataforma-e-inicia-2026-com-novos-projetos-no-old-rio\/\"},\"author\":{\"name\":\"assessoriadefamosos\",\"@id\":\"https:\/\/portaldoestado.com.br\/#\/schema\/person\/5ca0174f3c8c84b59da62ea14b698cb9\"},\"headline\":\"Vic Landim consolida sucesso multiplataforma e inicia 2026 com novos projetos no Old Rio\",\"datePublished\":\"2026-01-22T06:50:25+00:00\",\"mainEntityOfPage\":{\"@id\":\"https:\/\/portaldoestado.com.br\/index.php\/2026\/01\/22\/vic-landim-consolida-sucesso-multiplataforma-e-inicia-2026-com-novos-projetos-no-old-rio\/\"},\"wordCount\":322,\"publisher\":{\"@id\":\"https:\/\/portaldoestado.com.br\/#organization\"},\"image\":{\"@id\":\"https:\/\/portaldoestado.com.br\/index.php\/2026\/01\/22\/vic-landim-consolida-sucesso-multiplataforma-e-inicia-2026-com-novos-projetos-no-old-rio\/#primaryimage\"},\"thumbnailUrl\":\"https:\/\/portaldoestado.com.br\/wp-content\/uploads\/2026\/01\/IMG_3616.jpeg\",\"articleSection\":[\"Famosos\"],\"inLanguage\":\"pt-BR\"},{\"@type\":\"WebPage\",\"@id\":\"https:\/\/portaldoestado.com.br\/index.php\/2026\/01\/22\/vic-landim-consolida-sucesso-multiplataforma-e-inicia-2026-com-novos-projetos-no-old-rio\/\",\"url\":\"https:\/\/portaldoestado.com.br\/index.php\/2026\/01\/22\/vic-landim-consolida-sucesso-multiplataforma-e-inicia-2026-com-novos-projetos-no-old-rio\/\",\"name\":\"Vic Landim consolida sucesso multiplataforma e inicia 2026 com novos projetos no Old Rio - Portal do Estado\",\"isPartOf\":{\"@id\":\"https:\/\/portaldoestado.com.br\/#website\"},\"primaryImageOfPage\":{\"@id\":\"https:\/\/portaldoestado.com.br\/index.php\/2026\/01\/22\/vic-landim-consolida-sucesso-multiplataforma-e-inicia-2026-com-novos-projetos-no-old-rio\/#primaryimage\"},\"image\":{\"@id\":\"https:\/\/portaldoestado.com.br\/index.php\/2026\/01\/22\/vic-landim-consolida-sucesso-multiplataforma-e-inicia-2026-com-novos-projetos-no-old-rio\/#primaryimage\"},\"thumbnailUrl\":\"https:\/\/portaldoestado.com.br\/wp-content\/uploads\/2026\/01\/IMG_3616.jpeg\",\"datePublished\":\"2026-01-22T06:50:25+00:00\",\"breadcrumb\":{\"@id\":\"https:\/\/portaldoestado.com.br\/index.php\/2026\/01\/22\/vic-landim-consolida-sucesso-multiplataforma-e-inicia-2026-com-novos-projetos-no-old-rio\/#breadcrumb\"},\"inLanguage\":\"pt-BR\",\"potentialAction\":[{\"@type\":\"ReadAction\",\"target\":[\"https:\/\/portaldoestado.com.br\/index.php\/2026\/01\/22\/vic-landim-consolida-sucesso-multiplataforma-e-inicia-2026-com-novos-projetos-no-old-rio\/\"]}]},{\"@type\":\"ImageObject\",\"inLanguage\":\"pt-BR\",\"@id\":\"https:\/\/portaldoestado.com.br\/index.php\/2026\/01\/22\/vic-landim-consolida-sucesso-multiplataforma-e-inicia-2026-com-novos-projetos-no-old-rio\/#primaryimage\",\"url\":\"https:\/\/portaldoestado.com.br\/wp-content\/uploads\/2026\/01\/IMG_3616.jpeg\",\"contentUrl\":\"https:\/\/portaldoestado.com.br\/wp-content\/uploads\/2026\/01\/IMG_3616.jpeg\",\"width\":1320,\"height\":773},{\"@type\":\"BreadcrumbList\",\"@id\":\"https:\/\/portaldoestado.com.br\/index.php\/2026\/01\/22\/vic-landim-consolida-sucesso-multiplataforma-e-inicia-2026-com-novos-projetos-no-old-rio\/#breadcrumb\",\"itemListElement\":[{\"@type\":\"ListItem\",\"position\":1,\"name\":\"In\u00edcio\",\"item\":\"https:\/\/portaldoestado.com.br\/\"},{\"@type\":\"ListItem\",\"position\":2,\"name\":\"Vic Landim consolida sucesso multiplataforma e inicia 2026 com novos projetos no Old Rio\"}]},{\"@type\":\"WebSite\",\"@id\":\"https:\/\/portaldoestado.com.br\/#website\",\"url\":\"https:\/\/portaldoestado.com.br\/\",\"name\":\"Portal do Estado\",\"description\":\"\",\"publisher\":{\"@id\":\"https:\/\/portaldoestado.com.br\/#organization\"},\"potentialAction\":[{\"@type\":\"SearchAction\",\"target\":{\"@type\":\"EntryPoint\",\"urlTemplate\":\"https:\/\/portaldoestado.com.br\/?s={search_term_string}\"},\"query-input\":{\"@type\":\"PropertyValueSpecification\",\"valueRequired\":true,\"valueName\":\"search_term_string\"}}],\"inLanguage\":\"pt-BR\"},{\"@type\":\"Organization\",\"@id\":\"https:\/\/portaldoestado.com.br\/#organization\",\"name\":\"Portal do Estado\",\"url\":\"https:\/\/portaldoestado.com.br\/\",\"logo\":{\"@type\":\"ImageObject\",\"inLanguage\":\"pt-BR\",\"@id\":\"https:\/\/portaldoestado.com.br\/#\/schema\/logo\/image\/\",\"url\":\"https:\/\/portaldoestado.com.br\/wp-content\/uploads\/2025\/04\/cropped-6f69b19a-6472-43bf-b1b3-e1910bbbd4e8.png\",\"contentUrl\":\"https:\/\/portaldoestado.com.br\/wp-content\/uploads\/2025\/04\/cropped-6f69b19a-6472-43bf-b1b3-e1910bbbd4e8.png\",\"width\":1024,\"height\":350,\"caption\":\"Portal do Estado\"},\"image\":{\"@id\":\"https:\/\/portaldoestado.com.br\/#\/schema\/logo\/image\/\"}},{\"@type\":\"Person\",\"@id\":\"https:\/\/portaldoestado.com.br\/#\/schema\/person\/5ca0174f3c8c84b59da62ea14b698cb9\",\"name\":\"assessoriadefamosos\",\"image\":{\"@type\":\"ImageObject\",\"inLanguage\":\"pt-BR\",\"@id\":\"https:\/\/portaldoestado.com.br\/#\/schema\/person\/image\/\",\"url\":\"https:\/\/secure.gravatar.com\/avatar\/a7acbdffcfbbae7240e59f47fe511ec5f5d8c252c779f0b8d9ab02a9e1d8c5ed?s=96&d=mm&r=g\",\"contentUrl\":\"https:\/\/secure.gravatar.com\/avatar\/a7acbdffcfbbae7240e59f47fe511ec5f5d8c252c779f0b8d9ab02a9e1d8c5ed?s=96&d=mm&r=g\",\"caption\":\"assessoriadefamosos\"},\"url\":\"https:\/\/portaldoestado.com.br\/index.php\/author\/assessoriadefamosos\/\"}]}<\/script>\n<!-- \/ Yoast SEO plugin. -->","yoast_head_json":{"title":"Vic Landim consolida sucesso multiplataforma e inicia 2026 com novos projetos no Old Rio - Portal do Estado","robots":{"index":"index","follow":"follow","max-snippet":"max-snippet:-1","max-image-preview":"max-image-preview:large","max-video-preview":"max-video-preview:-1"},"canonical":"https:\/\/portaldoestado.com.br\/index.php\/2026\/01\/22\/vic-landim-consolida-sucesso-multiplataforma-e-inicia-2026-com-novos-projetos-no-old-rio\/","og_locale":"pt_BR","og_type":"article","og_title":"Vic Landim consolida sucesso multiplataforma e inicia 2026 com novos projetos no Old Rio - Portal do Estado","og_description":"Com uma trajet\u00f3ria marcada por credibilidade e grande alcance, Vic Landim inicia 2026 em um dos melhores momentos de sua carreira. \u00c0 frente do projeto Old Rio com Vic Landim, ele vem conquistando p\u00fablico e engajamento ao unir mem\u00f3ria, hist\u00f3ria e atualidade em conte\u00fados que valorizam a ess\u00eancia do Rio de Janeiro. O reconhecimento n\u00e3o \u2026","og_url":"https:\/\/portaldoestado.com.br\/index.php\/2026\/01\/22\/vic-landim-consolida-sucesso-multiplataforma-e-inicia-2026-com-novos-projetos-no-old-rio\/","og_site_name":"Portal do Estado","article_published_time":"2026-01-22T06:50:25+00:00","og_image":[{"width":1320,"height":773,"url":"https:\/\/portaldoestado.com.br\/wp-content\/uploads\/2026\/01\/IMG_3616.jpeg","type":"image\/jpeg"}],"author":"assessoriadefamosos","twitter_card":"summary_large_image","twitter_misc":{"Escrito por":"assessoriadefamosos","Est. tempo de leitura":"2 minutos"},"schema":{"@context":"https:\/\/schema.org","@graph":[{"@type":"Article","@id":"https:\/\/portaldoestado.com.br\/index.php\/2026\/01\/22\/vic-landim-consolida-sucesso-multiplataforma-e-inicia-2026-com-novos-projetos-no-old-rio\/#article","isPartOf":{"@id":"https:\/\/portaldoestado.com.br\/index.php\/2026\/01\/22\/vic-landim-consolida-sucesso-multiplataforma-e-inicia-2026-com-novos-projetos-no-old-rio\/"},"author":{"name":"assessoriadefamosos","@id":"https:\/\/portaldoestado.com.br\/#\/schema\/person\/5ca0174f3c8c84b59da62ea14b698cb9"},"headline":"Vic Landim consolida sucesso multiplataforma e inicia 2026 com novos projetos no Old Rio","datePublished":"2026-01-22T06:50:25+00:00","mainEntityOfPage":{"@id":"https:\/\/portaldoestado.com.br\/index.php\/2026\/01\/22\/vic-landim-consolida-sucesso-multiplataforma-e-inicia-2026-com-novos-projetos-no-old-rio\/"},"wordCount":322,"publisher":{"@id":"https:\/\/portaldoestado.com.br\/#organization"},"image":{"@id":"https:\/\/portaldoestado.com.br\/index.php\/2026\/01\/22\/vic-landim-consolida-sucesso-multiplataforma-e-inicia-2026-com-novos-projetos-no-old-rio\/#primaryimage"},"thumbnailUrl":"https:\/\/portaldoestado.com.br\/wp-content\/uploads\/2026\/01\/IMG_3616.jpeg","articleSection":["Famosos"],"inLanguage":"pt-BR"},{"@type":"WebPage","@id":"https:\/\/portaldoestado.com.br\/index.php\/2026\/01\/22\/vic-landim-consolida-sucesso-multiplataforma-e-inicia-2026-com-novos-projetos-no-old-rio\/","url":"https:\/\/portaldoestado.com.br\/index.php\/2026\/01\/22\/vic-landim-consolida-sucesso-multiplataforma-e-inicia-2026-com-novos-projetos-no-old-rio\/","name":"Vic Landim consolida sucesso multiplataforma e inicia 2026 com novos projetos no Old Rio - Portal do Estado","isPartOf":{"@id":"https:\/\/portaldoestado.com.br\/#website"},"primaryImageOfPage":{"@id":"https:\/\/portaldoestado.com.br\/index.php\/2026\/01\/22\/vic-landim-consolida-sucesso-multiplataforma-e-inicia-2026-com-novos-projetos-no-old-rio\/#primaryimage"},"image":{"@id":"https:\/\/portaldoestado.com.br\/index.php\/2026\/01\/22\/vic-landim-consolida-sucesso-multiplataforma-e-inicia-2026-com-novos-projetos-no-old-rio\/#primaryimage"},"thumbnailUrl":"https:\/\/portaldoestado.com.br\/wp-content\/uploads\/2026\/01\/IMG_3616.jpeg","datePublished":"2026-01-22T06:50:25+00:00","breadcrumb":{"@id":"https:\/\/portaldoestado.com.br\/index.php\/2026\/01\/22\/vic-landim-consolida-sucesso-multiplataforma-e-inicia-2026-com-novos-projetos-no-old-rio\/#breadcrumb"},"inLanguage":"pt-BR","potentialAction":[{"@type":"ReadAction","target":["https:\/\/portaldoestado.com.br\/index.php\/2026\/01\/22\/vic-landim-consolida-sucesso-multiplataforma-e-inicia-2026-com-novos-projetos-no-old-rio\/"]}]},{"@type":"ImageObject","inLanguage":"pt-BR","@id":"https:\/\/portaldoestado.com.br\/index.php\/2026\/01\/22\/vic-landim-consolida-sucesso-multiplataforma-e-inicia-2026-com-novos-projetos-no-old-rio\/#primaryimage","url":"https:\/\/portaldoestado.com.br\/wp-content\/uploads\/2026\/01\/IMG_3616.jpeg","contentUrl":"https:\/\/portaldoestado.com.br\/wp-content\/uploads\/2026\/01\/IMG_3616.jpeg","width":1320,"height":773},{"@type":"BreadcrumbList","@id":"https:\/\/portaldoestado.com.br\/index.php\/2026\/01\/22\/vic-landim-consolida-sucesso-multiplataforma-e-inicia-2026-com-novos-projetos-no-old-rio\/#breadcrumb","itemListElement":[{"@type":"ListItem","position":1,"name":"In\u00edcio","item":"https:\/\/portaldoestado.com.br\/"},{"@type":"ListItem","position":2,"name":"Vic Landim consolida sucesso multiplataforma e inicia 2026 com novos projetos no Old Rio"}]},{"@type":"WebSite","@id":"https:\/\/portaldoestado.com.br\/#website","url":"https:\/\/portaldoestado.com.br\/","name":"Portal do Estado","description":"","publisher":{"@id":"https:\/\/portaldoestado.com.br\/#organization"},"potentialAction":[{"@type":"SearchAction","target":{"@type":"EntryPoint","urlTemplate":"https:\/\/portaldoestado.com.br\/?s={search_term_string}"},"query-input":{"@type":"PropertyValueSpecification","valueRequired":true,"valueName":"search_term_string"}}],"inLanguage":"pt-BR"},{"@type":"Organization","@id":"https:\/\/portaldoestado.com.br\/#organization","name":"Portal do Estado","url":"https:\/\/portaldoestado.com.br\/","logo":{"@type":"ImageObject","inLanguage":"pt-BR","@id":"https:\/\/portaldoestado.com.br\/#\/schema\/logo\/image\/","url":"https:\/\/portaldoestado.com.br\/wp-content\/uploads\/2025\/04\/cropped-6f69b19a-6472-43bf-b1b3-e1910bbbd4e8.png","contentUrl":"https:\/\/portaldoestado.com.br\/wp-content\/uploads\/2025\/04\/cropped-6f69b19a-6472-43bf-b1b3-e1910bbbd4e8.png","width":1024,"height":350,"caption":"Portal do Estado"},"image":{"@id":"https:\/\/portaldoestado.com.br\/#\/schema\/logo\/image\/"}},{"@type":"Person","@id":"https:\/\/portaldoestado.com.br\/#\/schema\/person\/5ca0174f3c8c84b59da62ea14b698cb9","name":"assessoriadefamosos","image":{"@type":"ImageObject","inLanguage":"pt-BR","@id":"https:\/\/portaldoestado.com.br\/#\/schema\/person\/image\/","url":"https:\/\/secure.gravatar.com\/avatar\/a7acbdffcfbbae7240e59f47fe511ec5f5d8c252c779f0b8d9ab02a9e1d8c5ed?s=96&d=mm&r=g","contentUrl":"https:\/\/secure.gravatar.com\/avatar\/a7acbdffcfbbae7240e59f47fe511ec5f5d8c252c779f0b8d9ab02a9e1d8c5ed?s=96&d=mm&r=g","caption":"assessoriadefamosos"},"url":"https:\/\/portaldoestado.com.br\/index.php\/author\/assessoriadefamosos\/"}]}},"jetpack_featured_media_url":"https:\/\/portaldoestado.com.br\/wp-content\/uploads\/2026\/01\/IMG_3616.jpeg","_links":{"self":[{"href":"https:\/\/portaldoestado.com.br\/index.php\/wp-json\/wp\/v2\/posts\/5989","targetHints":{"allow":["GET"]}}],"collection":[{"href":"https:\/\/portaldoestado.com.br\/index.php\/wp-json\/wp\/v2\/posts"}],"about":[{"href":"https:\/\/portaldoestado.com.br\/index.php\/wp-json\/wp\/v2\/types\/post"}],"author":[{"embeddable":true,"href":"https:\/\/portaldoestado.com.br\/index.php\/wp-json\/wp\/v2\/users\/2"}],"replies":[{"embeddable":true,"href":"https:\/\/portaldoestado.com.br\/index.php\/wp-json\/wp\/v2\/comments?post=5989"}],"version-history":[{"count":1,"href":"https:\/\/portaldoestado.com.br\/index.php\/wp-json\/wp\/v2\/posts\/5989\/revisions"}],"predecessor-version":[{"id":5990,"href":"https:\/\/portaldoestado.com.br\/index.php\/wp-json\/wp\/v2\/posts\/5989\/revisions\/5990"}],"wp:featuredmedia":[{"embeddable":true,"href":"https:\/\/portaldoestado.com.br\/index.php\/wp-json\/wp\/v2\/media\/5988"}],"wp:attachment":[{"href":"https:\/\/portaldoestado.com.br\/index.php\/wp-json\/wp\/v2\/media?parent=5989"}],"wp:term":[{"taxonomy":"category","embeddable":true,"href":"https:\/\/portaldoestado.com.br\/index.php\/wp-json\/wp\/v2\/categories?post=5989"},{"taxonomy":"post_tag","embeddable":true,"href":"https:\/\/portaldoestado.com.br\/index.php\/wp-json\/wp\/v2\/tags?post=5989"}],"curies":[{"name":"wp","href":"https:\/\/api.w.org\/{rel}","templated":true}]}}