{"id":5986,"date":"2026-01-22T05:56:18","date_gmt":"2026-01-22T05:56:18","guid":{"rendered":"https:\/\/portaldoestado.com.br\/?p=5986"},"modified":"2026-01-22T05:56:18","modified_gmt":"2026-01-22T05:56:18","slug":"a-dr-vidal-detail-referencia-em-alto-padrao-automotivo-lanca-a-vidal-rent-motors","status":"publish","type":"post","link":"https:\/\/portaldoestado.com.br\/index.php\/2026\/01\/22\/a-dr-vidal-detail-referencia-em-alto-padrao-automotivo-lanca-a-vidal-rent-motors\/","title":{"rendered":"A Dr. Vidal Detail, refer\u00eancia em alto padr\u00e3o automotivo, lan\u00e7a a Vidal Rent Motors"},"content":{"rendered":"\n<p>Diego Vidal CEO do Hospital automotivo, Reconhecido por atender artistas, jogadores de futebol, empres\u00e1rios de alto n\u00edvel, advogados renomados e nomes influentes da m\u00fasica e do entretenimento como Mel Maia, Poze, Oruam, Chefinho e Major RD, a Dr. Vidal Detail construiu sua hist\u00f3ria baseada em excel\u00eancia, disciplina e autoridade no mercado automotivo premium.\nN\u00e3o \u00e9 apenas uma est\u00e9tica automotiva. \u00c9 uma marca que representa padr\u00e3o, processo e respeito absoluto ao cliente.<\/p>\n\n\n\n<p>Agora, essa mesma autoridade nasce com um novo prop\u00f3sito: transformar vidas fora do luxo.<\/p>\n\n\n\n<p>A Dr. Vidal Detail acaba de lan\u00e7ar a Vidal Rent Motors, uma empresa criada para quebrar o ciclo do aluguel eterno e levar pessoas comuns \u00e0 conquista real da pr\u00f3pria moto.<\/p>\n\n\n\n<p>Enquanto o mercado tradicional empurra o aluguel como destino final, a Vidal Rent Motors surge com um posicionamento claro e direto:\naqui o aluguel \u00e9 apenas uma fase. O objetivo \u00e9 a conquista.<\/p>\n\n\n\n<p>A proposta n\u00e3o \u00e9 criar depend\u00eancia mensal.\n\u00c9 construir um caminho para que pessoas que hoje n\u00e3o t\u00eam acesso a cr\u00e9dito, financiamento ou entrada alta consigam sair do aluguel e se tornem donas do pr\u00f3prio ve\u00edculo.<\/p>\n\n\n\n<p>A Vidal Rent Motors nasce com um pensamento oposto ao sistema comum:\n\u2022 N\u00e3o prender.\n\u2022 N\u00e3o explorar.\n\u2022 N\u00e3o iludir.<\/p>\n\n\n\n<p>Ela nasce para estruturar, educar financeiramente e transformar o aluguel em ponte para a independ\u00eancia.<\/p>\n\n\n\n<p>Porque liberdade n\u00e3o \u00e9 pagar todo m\u00eas.\nLiberdade \u00e9 ter o que \u00e9 seu.<\/p>\n\n\n\n<p>PROP\u00d3SITO<\/p>\n\n\n\n<p>Fazer com que pessoas deixem de alugar e passem a conquistar.<\/p>\n\n\n\n<p>MISS\u00c3O<\/p>\n\n\n\n<p>Criar oportunidades reais para que pessoas sem acesso ao sistema tradicional de financiamento conquistem sua primeira moto pr\u00f3pria com dignidade, organiza\u00e7\u00e3o e transpar\u00eancia.<\/p>\n\n\n\n<p>VIS\u00c3O<\/p>\n\n\n\n<p>Ser a maior refer\u00eancia do Rio de Janeiro na transi\u00e7\u00e3o do aluguel para a conquista, tornando-se modelo nacional de mobilidade acess\u00edvel e consciente.<\/p>\n\n\n\n<p>VALORES\n\u2022 Conquista acima da depend\u00eancia\nO aluguel n\u00e3o \u00e9 fim. \u00c9 o come\u00e7o.\n\u2022 Dignidade acima do lucro\nPessoas v\u00eam antes do faturamento.\n\u2022 Transpar\u00eancia total\nSem promessas falsas. Sem letra mi\u00fada. Sem armadilhas.\n\u2022 Disciplina e processo\nNada acontece no improviso. Tudo \u00e9 constru\u00eddo com m\u00e9todo.\n\u2022 Autoridade com responsabilidade\nQuem vem do alto padr\u00e3o sabe o peso que tem quando cria algo para a base.<\/p>\n\n\n\n<p>POSICIONAMENTO FINAL com palavras de Diego Vidal:<\/p>\n\n\n\n<p>A Dr. Vidal Detail domina o luxo.\nA Vidal Rent Motors vai dominar a transforma\u00e7\u00e3o social.<\/p>\n","protected":false},"excerpt":{"rendered":"<p>Diego Vidal CEO do Hospital automotivo, Reconhecido por atender artistas, jogadores de futebol, empres\u00e1rios de alto n\u00edvel, advogados renomados e nomes influentes da m\u00fasica e do entretenimento como Mel Maia, Poze, Oruam, Chefinho e Major RD, a Dr. Vidal Detail construiu sua hist\u00f3ria baseada em excel\u00eancia, disciplina e autoridade no mercado automotivo premium.N\u00e3o \u00e9 apenas \u2026<\/p>\n","protected":false},"author":2,"featured_media":5985,"comment_status":"closed","ping_status":"open","sticky":false,"template":"","format":"standard","meta":{"footnotes":""},"categories":[4],"tags":[],"class_list":["post-5986","post","type-post","status-publish","format-standard","has-post-thumbnail","hentry","category-geral"],"yoast_head":"<!-- This site is optimized with the Yoast SEO plugin v25.5 - https:\/\/yoast.com\/wordpress\/plugins\/seo\/ -->\n<title>A Dr. Vidal Detail, refer\u00eancia em alto padr\u00e3o automotivo, lan\u00e7a a Vidal Rent Motors - Portal do Estado<\/title>\n<meta name=\"robots\" content=\"index, follow, max-snippet:-1, max-image-preview:large, max-video-preview:-1\" \/>\n<link rel=\"canonical\" href=\"https:\/\/portaldoestado.com.br\/index.php\/2026\/01\/22\/a-dr-vidal-detail-referencia-em-alto-padrao-automotivo-lanca-a-vidal-rent-motors\/\" \/>\n<meta property=\"og:locale\" content=\"pt_BR\" \/>\n<meta property=\"og:type\" content=\"article\" \/>\n<meta property=\"og:title\" content=\"A Dr. Vidal Detail, refer\u00eancia em alto padr\u00e3o automotivo, lan\u00e7a a Vidal Rent Motors - Portal do Estado\" \/>\n<meta property=\"og:description\" content=\"Diego Vidal CEO do Hospital automotivo, Reconhecido por atender artistas, jogadores de futebol, empres\u00e1rios de alto n\u00edvel, advogados renomados e nomes influentes da m\u00fasica e do entretenimento como Mel Maia, Poze, Oruam, Chefinho e Major RD, a Dr. Vidal Detail construiu sua hist\u00f3ria baseada em excel\u00eancia, disciplina e autoridade no mercado automotivo premium.N\u00e3o \u00e9 apenas \u2026\" \/>\n<meta property=\"og:url\" content=\"https:\/\/portaldoestado.com.br\/index.php\/2026\/01\/22\/a-dr-vidal-detail-referencia-em-alto-padrao-automotivo-lanca-a-vidal-rent-motors\/\" \/>\n<meta property=\"og:site_name\" content=\"Portal do Estado\" \/>\n<meta property=\"article:published_time\" content=\"2026-01-22T05:56:18+00:00\" \/>\n<meta property=\"og:image\" content=\"https:\/\/portaldoestado.com.br\/wp-content\/uploads\/2026\/01\/Captura-de-tela-2026-01-22-025124.png\" \/>\n\t<meta property=\"og:image:width\" content=\"443\" \/>\n\t<meta property=\"og:image:height\" content=\"276\" \/>\n\t<meta property=\"og:image:type\" content=\"image\/png\" \/>\n<meta name=\"author\" content=\"assessoriadefamosos\" \/>\n<meta name=\"twitter:card\" content=\"summary_large_image\" \/>\n<meta name=\"twitter:label1\" content=\"Escrito por\" \/>\n\t<meta name=\"twitter:data1\" content=\"assessoriadefamosos\" \/>\n\t<meta name=\"twitter:label2\" content=\"Est. tempo de leitura\" \/>\n\t<meta name=\"twitter:data2\" content=\"2 minutos\" \/>\n<script type=\"application\/ld+json\" class=\"yoast-schema-graph\">{\"@context\":\"https:\/\/schema.org\",\"@graph\":[{\"@type\":\"Article\",\"@id\":\"https:\/\/portaldoestado.com.br\/index.php\/2026\/01\/22\/a-dr-vidal-detail-referencia-em-alto-padrao-automotivo-lanca-a-vidal-rent-motors\/#article\",\"isPartOf\":{\"@id\":\"https:\/\/portaldoestado.com.br\/index.php\/2026\/01\/22\/a-dr-vidal-detail-referencia-em-alto-padrao-automotivo-lanca-a-vidal-rent-motors\/\"},\"author\":{\"name\":\"assessoriadefamosos\",\"@id\":\"https:\/\/portaldoestado.com.br\/#\/schema\/person\/5ca0174f3c8c84b59da62ea14b698cb9\"},\"headline\":\"A Dr. Vidal Detail, refer\u00eancia em alto padr\u00e3o automotivo, lan\u00e7a a Vidal Rent Motors\",\"datePublished\":\"2026-01-22T05:56:18+00:00\",\"mainEntityOfPage\":{\"@id\":\"https:\/\/portaldoestado.com.br\/index.php\/2026\/01\/22\/a-dr-vidal-detail-referencia-em-alto-padrao-automotivo-lanca-a-vidal-rent-motors\/\"},\"wordCount\":425,\"publisher\":{\"@id\":\"https:\/\/portaldoestado.com.br\/#organization\"},\"image\":{\"@id\":\"https:\/\/portaldoestado.com.br\/index.php\/2026\/01\/22\/a-dr-vidal-detail-referencia-em-alto-padrao-automotivo-lanca-a-vidal-rent-motors\/#primaryimage\"},\"thumbnailUrl\":\"https:\/\/portaldoestado.com.br\/wp-content\/uploads\/2026\/01\/Captura-de-tela-2026-01-22-025124.png\",\"articleSection\":[\"Geral\"],\"inLanguage\":\"pt-BR\"},{\"@type\":\"WebPage\",\"@id\":\"https:\/\/portaldoestado.com.br\/index.php\/2026\/01\/22\/a-dr-vidal-detail-referencia-em-alto-padrao-automotivo-lanca-a-vidal-rent-motors\/\",\"url\":\"https:\/\/portaldoestado.com.br\/index.php\/2026\/01\/22\/a-dr-vidal-detail-referencia-em-alto-padrao-automotivo-lanca-a-vidal-rent-motors\/\",\"name\":\"A Dr. Vidal Detail, refer\u00eancia em alto padr\u00e3o automotivo, lan\u00e7a a Vidal Rent Motors - Portal do Estado\",\"isPartOf\":{\"@id\":\"https:\/\/portaldoestado.com.br\/#website\"},\"primaryImageOfPage\":{\"@id\":\"https:\/\/portaldoestado.com.br\/index.php\/2026\/01\/22\/a-dr-vidal-detail-referencia-em-alto-padrao-automotivo-lanca-a-vidal-rent-motors\/#primaryimage\"},\"image\":{\"@id\":\"https:\/\/portaldoestado.com.br\/index.php\/2026\/01\/22\/a-dr-vidal-detail-referencia-em-alto-padrao-automotivo-lanca-a-vidal-rent-motors\/#primaryimage\"},\"thumbnailUrl\":\"https:\/\/portaldoestado.com.br\/wp-content\/uploads\/2026\/01\/Captura-de-tela-2026-01-22-025124.png\",\"datePublished\":\"2026-01-22T05:56:18+00:00\",\"breadcrumb\":{\"@id\":\"https:\/\/portaldoestado.com.br\/index.php\/2026\/01\/22\/a-dr-vidal-detail-referencia-em-alto-padrao-automotivo-lanca-a-vidal-rent-motors\/#breadcrumb\"},\"inLanguage\":\"pt-BR\",\"potentialAction\":[{\"@type\":\"ReadAction\",\"target\":[\"https:\/\/portaldoestado.com.br\/index.php\/2026\/01\/22\/a-dr-vidal-detail-referencia-em-alto-padrao-automotivo-lanca-a-vidal-rent-motors\/\"]}]},{\"@type\":\"ImageObject\",\"inLanguage\":\"pt-BR\",\"@id\":\"https:\/\/portaldoestado.com.br\/index.php\/2026\/01\/22\/a-dr-vidal-detail-referencia-em-alto-padrao-automotivo-lanca-a-vidal-rent-motors\/#primaryimage\",\"url\":\"https:\/\/portaldoestado.com.br\/wp-content\/uploads\/2026\/01\/Captura-de-tela-2026-01-22-025124.png\",\"contentUrl\":\"https:\/\/portaldoestado.com.br\/wp-content\/uploads\/2026\/01\/Captura-de-tela-2026-01-22-025124.png\",\"width\":443,\"height\":276},{\"@type\":\"BreadcrumbList\",\"@id\":\"https:\/\/portaldoestado.com.br\/index.php\/2026\/01\/22\/a-dr-vidal-detail-referencia-em-alto-padrao-automotivo-lanca-a-vidal-rent-motors\/#breadcrumb\",\"itemListElement\":[{\"@type\":\"ListItem\",\"position\":1,\"name\":\"In\u00edcio\",\"item\":\"https:\/\/portaldoestado.com.br\/\"},{\"@type\":\"ListItem\",\"position\":2,\"name\":\"A Dr. Vidal Detail, refer\u00eancia em alto padr\u00e3o automotivo, lan\u00e7a a Vidal Rent Motors\"}]},{\"@type\":\"WebSite\",\"@id\":\"https:\/\/portaldoestado.com.br\/#website\",\"url\":\"https:\/\/portaldoestado.com.br\/\",\"name\":\"Portal do Estado\",\"description\":\"\",\"publisher\":{\"@id\":\"https:\/\/portaldoestado.com.br\/#organization\"},\"potentialAction\":[{\"@type\":\"SearchAction\",\"target\":{\"@type\":\"EntryPoint\",\"urlTemplate\":\"https:\/\/portaldoestado.com.br\/?s={search_term_string}\"},\"query-input\":{\"@type\":\"PropertyValueSpecification\",\"valueRequired\":true,\"valueName\":\"search_term_string\"}}],\"inLanguage\":\"pt-BR\"},{\"@type\":\"Organization\",\"@id\":\"https:\/\/portaldoestado.com.br\/#organization\",\"name\":\"Portal do Estado\",\"url\":\"https:\/\/portaldoestado.com.br\/\",\"logo\":{\"@type\":\"ImageObject\",\"inLanguage\":\"pt-BR\",\"@id\":\"https:\/\/portaldoestado.com.br\/#\/schema\/logo\/image\/\",\"url\":\"https:\/\/portaldoestado.com.br\/wp-content\/uploads\/2025\/04\/cropped-6f69b19a-6472-43bf-b1b3-e1910bbbd4e8.png\",\"contentUrl\":\"https:\/\/portaldoestado.com.br\/wp-content\/uploads\/2025\/04\/cropped-6f69b19a-6472-43bf-b1b3-e1910bbbd4e8.png\",\"width\":1024,\"height\":350,\"caption\":\"Portal do Estado\"},\"image\":{\"@id\":\"https:\/\/portaldoestado.com.br\/#\/schema\/logo\/image\/\"}},{\"@type\":\"Person\",\"@id\":\"https:\/\/portaldoestado.com.br\/#\/schema\/person\/5ca0174f3c8c84b59da62ea14b698cb9\",\"name\":\"assessoriadefamosos\",\"image\":{\"@type\":\"ImageObject\",\"inLanguage\":\"pt-BR\",\"@id\":\"https:\/\/portaldoestado.com.br\/#\/schema\/person\/image\/\",\"url\":\"https:\/\/secure.gravatar.com\/avatar\/a7acbdffcfbbae7240e59f47fe511ec5f5d8c252c779f0b8d9ab02a9e1d8c5ed?s=96&d=mm&r=g\",\"contentUrl\":\"https:\/\/secure.gravatar.com\/avatar\/a7acbdffcfbbae7240e59f47fe511ec5f5d8c252c779f0b8d9ab02a9e1d8c5ed?s=96&d=mm&r=g\",\"caption\":\"assessoriadefamosos\"},\"url\":\"https:\/\/portaldoestado.com.br\/index.php\/author\/assessoriadefamosos\/\"}]}<\/script>\n<!-- \/ Yoast SEO plugin. -->","yoast_head_json":{"title":"A Dr. Vidal Detail, refer\u00eancia em alto padr\u00e3o automotivo, lan\u00e7a a Vidal Rent Motors - Portal do Estado","robots":{"index":"index","follow":"follow","max-snippet":"max-snippet:-1","max-image-preview":"max-image-preview:large","max-video-preview":"max-video-preview:-1"},"canonical":"https:\/\/portaldoestado.com.br\/index.php\/2026\/01\/22\/a-dr-vidal-detail-referencia-em-alto-padrao-automotivo-lanca-a-vidal-rent-motors\/","og_locale":"pt_BR","og_type":"article","og_title":"A Dr. Vidal Detail, refer\u00eancia em alto padr\u00e3o automotivo, lan\u00e7a a Vidal Rent Motors - Portal do Estado","og_description":"Diego Vidal CEO do Hospital automotivo, Reconhecido por atender artistas, jogadores de futebol, empres\u00e1rios de alto n\u00edvel, advogados renomados e nomes influentes da m\u00fasica e do entretenimento como Mel Maia, Poze, Oruam, Chefinho e Major RD, a Dr. Vidal Detail construiu sua hist\u00f3ria baseada em excel\u00eancia, disciplina e autoridade no mercado automotivo premium.N\u00e3o \u00e9 apenas \u2026","og_url":"https:\/\/portaldoestado.com.br\/index.php\/2026\/01\/22\/a-dr-vidal-detail-referencia-em-alto-padrao-automotivo-lanca-a-vidal-rent-motors\/","og_site_name":"Portal do Estado","article_published_time":"2026-01-22T05:56:18+00:00","og_image":[{"width":443,"height":276,"url":"https:\/\/portaldoestado.com.br\/wp-content\/uploads\/2026\/01\/Captura-de-tela-2026-01-22-025124.png","type":"image\/png"}],"author":"assessoriadefamosos","twitter_card":"summary_large_image","twitter_misc":{"Escrito por":"assessoriadefamosos","Est. tempo de leitura":"2 minutos"},"schema":{"@context":"https:\/\/schema.org","@graph":[{"@type":"Article","@id":"https:\/\/portaldoestado.com.br\/index.php\/2026\/01\/22\/a-dr-vidal-detail-referencia-em-alto-padrao-automotivo-lanca-a-vidal-rent-motors\/#article","isPartOf":{"@id":"https:\/\/portaldoestado.com.br\/index.php\/2026\/01\/22\/a-dr-vidal-detail-referencia-em-alto-padrao-automotivo-lanca-a-vidal-rent-motors\/"},"author":{"name":"assessoriadefamosos","@id":"https:\/\/portaldoestado.com.br\/#\/schema\/person\/5ca0174f3c8c84b59da62ea14b698cb9"},"headline":"A Dr. Vidal Detail, refer\u00eancia em alto padr\u00e3o automotivo, lan\u00e7a a Vidal Rent Motors","datePublished":"2026-01-22T05:56:18+00:00","mainEntityOfPage":{"@id":"https:\/\/portaldoestado.com.br\/index.php\/2026\/01\/22\/a-dr-vidal-detail-referencia-em-alto-padrao-automotivo-lanca-a-vidal-rent-motors\/"},"wordCount":425,"publisher":{"@id":"https:\/\/portaldoestado.com.br\/#organization"},"image":{"@id":"https:\/\/portaldoestado.com.br\/index.php\/2026\/01\/22\/a-dr-vidal-detail-referencia-em-alto-padrao-automotivo-lanca-a-vidal-rent-motors\/#primaryimage"},"thumbnailUrl":"https:\/\/portaldoestado.com.br\/wp-content\/uploads\/2026\/01\/Captura-de-tela-2026-01-22-025124.png","articleSection":["Geral"],"inLanguage":"pt-BR"},{"@type":"WebPage","@id":"https:\/\/portaldoestado.com.br\/index.php\/2026\/01\/22\/a-dr-vidal-detail-referencia-em-alto-padrao-automotivo-lanca-a-vidal-rent-motors\/","url":"https:\/\/portaldoestado.com.br\/index.php\/2026\/01\/22\/a-dr-vidal-detail-referencia-em-alto-padrao-automotivo-lanca-a-vidal-rent-motors\/","name":"A Dr. Vidal Detail, refer\u00eancia em alto padr\u00e3o automotivo, lan\u00e7a a Vidal Rent Motors - Portal do Estado","isPartOf":{"@id":"https:\/\/portaldoestado.com.br\/#website"},"primaryImageOfPage":{"@id":"https:\/\/portaldoestado.com.br\/index.php\/2026\/01\/22\/a-dr-vidal-detail-referencia-em-alto-padrao-automotivo-lanca-a-vidal-rent-motors\/#primaryimage"},"image":{"@id":"https:\/\/portaldoestado.com.br\/index.php\/2026\/01\/22\/a-dr-vidal-detail-referencia-em-alto-padrao-automotivo-lanca-a-vidal-rent-motors\/#primaryimage"},"thumbnailUrl":"https:\/\/portaldoestado.com.br\/wp-content\/uploads\/2026\/01\/Captura-de-tela-2026-01-22-025124.png","datePublished":"2026-01-22T05:56:18+00:00","breadcrumb":{"@id":"https:\/\/portaldoestado.com.br\/index.php\/2026\/01\/22\/a-dr-vidal-detail-referencia-em-alto-padrao-automotivo-lanca-a-vidal-rent-motors\/#breadcrumb"},"inLanguage":"pt-BR","potentialAction":[{"@type":"ReadAction","target":["https:\/\/portaldoestado.com.br\/index.php\/2026\/01\/22\/a-dr-vidal-detail-referencia-em-alto-padrao-automotivo-lanca-a-vidal-rent-motors\/"]}]},{"@type":"ImageObject","inLanguage":"pt-BR","@id":"https:\/\/portaldoestado.com.br\/index.php\/2026\/01\/22\/a-dr-vidal-detail-referencia-em-alto-padrao-automotivo-lanca-a-vidal-rent-motors\/#primaryimage","url":"https:\/\/portaldoestado.com.br\/wp-content\/uploads\/2026\/01\/Captura-de-tela-2026-01-22-025124.png","contentUrl":"https:\/\/portaldoestado.com.br\/wp-content\/uploads\/2026\/01\/Captura-de-tela-2026-01-22-025124.png","width":443,"height":276},{"@type":"BreadcrumbList","@id":"https:\/\/portaldoestado.com.br\/index.php\/2026\/01\/22\/a-dr-vidal-detail-referencia-em-alto-padrao-automotivo-lanca-a-vidal-rent-motors\/#breadcrumb","itemListElement":[{"@type":"ListItem","position":1,"name":"In\u00edcio","item":"https:\/\/portaldoestado.com.br\/"},{"@type":"ListItem","position":2,"name":"A Dr. Vidal Detail, refer\u00eancia em alto padr\u00e3o automotivo, lan\u00e7a a Vidal Rent Motors"}]},{"@type":"WebSite","@id":"https:\/\/portaldoestado.com.br\/#website","url":"https:\/\/portaldoestado.com.br\/","name":"Portal do Estado","description":"","publisher":{"@id":"https:\/\/portaldoestado.com.br\/#organization"},"potentialAction":[{"@type":"SearchAction","target":{"@type":"EntryPoint","urlTemplate":"https:\/\/portaldoestado.com.br\/?s={search_term_string}"},"query-input":{"@type":"PropertyValueSpecification","valueRequired":true,"valueName":"search_term_string"}}],"inLanguage":"pt-BR"},{"@type":"Organization","@id":"https:\/\/portaldoestado.com.br\/#organization","name":"Portal do Estado","url":"https:\/\/portaldoestado.com.br\/","logo":{"@type":"ImageObject","inLanguage":"pt-BR","@id":"https:\/\/portaldoestado.com.br\/#\/schema\/logo\/image\/","url":"https:\/\/portaldoestado.com.br\/wp-content\/uploads\/2025\/04\/cropped-6f69b19a-6472-43bf-b1b3-e1910bbbd4e8.png","contentUrl":"https:\/\/portaldoestado.com.br\/wp-content\/uploads\/2025\/04\/cropped-6f69b19a-6472-43bf-b1b3-e1910bbbd4e8.png","width":1024,"height":350,"caption":"Portal do Estado"},"image":{"@id":"https:\/\/portaldoestado.com.br\/#\/schema\/logo\/image\/"}},{"@type":"Person","@id":"https:\/\/portaldoestado.com.br\/#\/schema\/person\/5ca0174f3c8c84b59da62ea14b698cb9","name":"assessoriadefamosos","image":{"@type":"ImageObject","inLanguage":"pt-BR","@id":"https:\/\/portaldoestado.com.br\/#\/schema\/person\/image\/","url":"https:\/\/secure.gravatar.com\/avatar\/a7acbdffcfbbae7240e59f47fe511ec5f5d8c252c779f0b8d9ab02a9e1d8c5ed?s=96&d=mm&r=g","contentUrl":"https:\/\/secure.gravatar.com\/avatar\/a7acbdffcfbbae7240e59f47fe511ec5f5d8c252c779f0b8d9ab02a9e1d8c5ed?s=96&d=mm&r=g","caption":"assessoriadefamosos"},"url":"https:\/\/portaldoestado.com.br\/index.php\/author\/assessoriadefamosos\/"}]}},"jetpack_featured_media_url":"https:\/\/portaldoestado.com.br\/wp-content\/uploads\/2026\/01\/Captura-de-tela-2026-01-22-025124.png","_links":{"self":[{"href":"https:\/\/portaldoestado.com.br\/index.php\/wp-json\/wp\/v2\/posts\/5986","targetHints":{"allow":["GET"]}}],"collection":[{"href":"https:\/\/portaldoestado.com.br\/index.php\/wp-json\/wp\/v2\/posts"}],"about":[{"href":"https:\/\/portaldoestado.com.br\/index.php\/wp-json\/wp\/v2\/types\/post"}],"author":[{"embeddable":true,"href":"https:\/\/portaldoestado.com.br\/index.php\/wp-json\/wp\/v2\/users\/2"}],"replies":[{"embeddable":true,"href":"https:\/\/portaldoestado.com.br\/index.php\/wp-json\/wp\/v2\/comments?post=5986"}],"version-history":[{"count":1,"href":"https:\/\/portaldoestado.com.br\/index.php\/wp-json\/wp\/v2\/posts\/5986\/revisions"}],"predecessor-version":[{"id":5987,"href":"https:\/\/portaldoestado.com.br\/index.php\/wp-json\/wp\/v2\/posts\/5986\/revisions\/5987"}],"wp:featuredmedia":[{"embeddable":true,"href":"https:\/\/portaldoestado.com.br\/index.php\/wp-json\/wp\/v2\/media\/5985"}],"wp:attachment":[{"href":"https:\/\/portaldoestado.com.br\/index.php\/wp-json\/wp\/v2\/media?parent=5986"}],"wp:term":[{"taxonomy":"category","embeddable":true,"href":"https:\/\/portaldoestado.com.br\/index.php\/wp-json\/wp\/v2\/categories?post=5986"},{"taxonomy":"post_tag","embeddable":true,"href":"https:\/\/portaldoestado.com.br\/index.php\/wp-json\/wp\/v2\/tags?post=5986"}],"curies":[{"name":"wp","href":"https:\/\/api.w.org\/{rel}","templated":true}]}}