{"id":5983,"date":"2026-01-22T05:50:11","date_gmt":"2026-01-22T05:50:11","guid":{"rendered":"https:\/\/portaldoestado.com.br\/?p=5983"},"modified":"2026-01-22T05:50:11","modified_gmt":"2026-01-22T05:50:11","slug":"parque-olivas-de-gramado-um-destino-obrigatorio-para-quem-visita-a-serra-gaucha","status":"publish","type":"post","link":"https:\/\/portaldoestado.com.br\/index.php\/2026\/01\/22\/parque-olivas-de-gramado-um-destino-obrigatorio-para-quem-visita-a-serra-gaucha\/","title":{"rendered":"Parque Olivas de Gramado: um destino obrigat\u00f3rio para quem visita a Serra Ga\u00facha"},"content":{"rendered":"\n<p>Quem vai a Gramado em busca de experi\u00eancias inesquec\u00edveis precisa, sem d\u00favida, colocar o <strong>Parque Olivas de Gramado<\/strong> no roteiro. Mais do que um ponto tur\u00edstico, o local \u00e9 um verdadeiro convite para desacelerar, se conectar com a natureza e sentir uma energia \u00fanica, capaz de renovar corpo e alma.<\/p>\n\n\n\n<p>Localizado em meio \u00e0s paisagens exuberantes da Serra Ga\u00facha, o parque encanta logo na chegada. O verde intenso, o ar puro e o sil\u00eancio quebrado apenas pelo som da natureza criam uma atmosfera especial, daquelas que fazem o visitante respirar fundo e aproveitar cada instante.<\/p>\n\n\n\n<p>O <strong>mirante<\/strong>, um dos pontos mais disputados do parque, oferece uma vista de tirar o f\u00f4lego. Dali, \u00e9 poss\u00edvel contemplar o p\u00f4r do sol mais lindo de Gramado, um espet\u00e1culo natural que emociona e rende registros inesquec\u00edveis. N\u00e3o \u00e9 exagero dizer que esse momento sozinho j\u00e1 justificaria a visita.<\/p>\n\n\n\n<p>Al\u00e9m da beleza natural, o Parque Olivas proporciona experi\u00eancias completas. O visitante pode conhecer de perto os <strong>olivais<\/strong>, aprender sobre a produ\u00e7\u00e3o do azeite extravirgem, participar de degusta\u00e7\u00f5es e descobrir sabores que carregam a ess\u00eancia da regi\u00e3o. Tudo isso com um atendimento acolhedor, que faz cada pessoa se sentir parte daquele ambiente.<\/p>\n\n\n\n<p>Outro grande diferencial \u00e9 a <strong>energia do lugar<\/strong>. O parque transmite paz, equil\u00edbrio e uma sensa\u00e7\u00e3o genu\u00edna de bem-estar. \u00c9 o tipo de espa\u00e7o que convida \u00e0 contempla\u00e7\u00e3o, ao descanso mental e \u00e0 reconex\u00e3o consigo mesmo, algo cada vez mais raro na correria do dia a dia.<\/p>\n\n\n\n<p>Para completar, o Parque Olivas de Gramado tamb\u00e9m conta com experi\u00eancias gastron\u00f4micas, trilhas, espa\u00e7os para fotos e \u00e1reas pensadas para quem deseja viver Gramado de uma forma mais aut\u00eantica e sensorial.<\/p>\n\n\n\n<p>Visitar Gramado e n\u00e3o conhecer o Parque Olivas \u00e9 deixar passar uma das experi\u00eancias mais marcantes da cidade. Um destino que une natureza, sabor, emo\u00e7\u00e3o e uma energia que fica na mem\u00f3ria e no cora\u00e7\u00e3o de quem passa por l\u00e1.<\/p>\n","protected":false},"excerpt":{"rendered":"<p>Quem vai a Gramado em busca de experi\u00eancias inesquec\u00edveis precisa, sem d\u00favida, colocar o Parque Olivas de Gramado no roteiro. Mais do que um ponto tur\u00edstico, o local \u00e9 um verdadeiro convite para desacelerar, se conectar com a natureza e sentir uma energia \u00fanica, capaz de renovar corpo e alma. Localizado em meio \u00e0s paisagens \u2026<\/p>\n","protected":false},"author":2,"featured_media":5982,"comment_status":"closed","ping_status":"open","sticky":false,"template":"","format":"standard","meta":{"footnotes":""},"categories":[4],"tags":[],"class_list":["post-5983","post","type-post","status-publish","format-standard","has-post-thumbnail","hentry","category-geral"],"yoast_head":"<!-- This site is optimized with the Yoast SEO plugin v25.5 - https:\/\/yoast.com\/wordpress\/plugins\/seo\/ -->\n<title>Parque Olivas de Gramado: um destino obrigat\u00f3rio para quem visita a Serra Ga\u00facha - Portal do Estado<\/title>\n<meta name=\"robots\" content=\"index, follow, max-snippet:-1, max-image-preview:large, max-video-preview:-1\" \/>\n<link rel=\"canonical\" href=\"https:\/\/portaldoestado.com.br\/index.php\/2026\/01\/22\/parque-olivas-de-gramado-um-destino-obrigatorio-para-quem-visita-a-serra-gaucha\/\" \/>\n<meta property=\"og:locale\" content=\"pt_BR\" \/>\n<meta property=\"og:type\" content=\"article\" \/>\n<meta property=\"og:title\" content=\"Parque Olivas de Gramado: um destino obrigat\u00f3rio para quem visita a Serra Ga\u00facha - Portal do Estado\" \/>\n<meta property=\"og:description\" content=\"Quem vai a Gramado em busca de experi\u00eancias inesquec\u00edveis precisa, sem d\u00favida, colocar o Parque Olivas de Gramado no roteiro. Mais do que um ponto tur\u00edstico, o local \u00e9 um verdadeiro convite para desacelerar, se conectar com a natureza e sentir uma energia \u00fanica, capaz de renovar corpo e alma. Localizado em meio \u00e0s paisagens \u2026\" \/>\n<meta property=\"og:url\" content=\"https:\/\/portaldoestado.com.br\/index.php\/2026\/01\/22\/parque-olivas-de-gramado-um-destino-obrigatorio-para-quem-visita-a-serra-gaucha\/\" \/>\n<meta property=\"og:site_name\" content=\"Portal do Estado\" \/>\n<meta property=\"article:published_time\" content=\"2026-01-22T05:50:11+00:00\" \/>\n<meta property=\"og:image\" content=\"https:\/\/portaldoestado.com.br\/wp-content\/uploads\/2026\/01\/4cc619_edef33ad03844f818e16eda59f590b1emv2-780x470-1.jpg\" \/>\n\t<meta property=\"og:image:width\" content=\"780\" \/>\n\t<meta property=\"og:image:height\" content=\"470\" \/>\n\t<meta property=\"og:image:type\" content=\"image\/jpeg\" \/>\n<meta name=\"author\" content=\"assessoriadefamosos\" \/>\n<meta name=\"twitter:card\" content=\"summary_large_image\" \/>\n<meta name=\"twitter:label1\" content=\"Escrito por\" \/>\n\t<meta name=\"twitter:data1\" content=\"assessoriadefamosos\" \/>\n\t<meta name=\"twitter:label2\" content=\"Est. tempo de leitura\" \/>\n\t<meta name=\"twitter:data2\" content=\"2 minutos\" \/>\n<script type=\"application\/ld+json\" class=\"yoast-schema-graph\">{\"@context\":\"https:\/\/schema.org\",\"@graph\":[{\"@type\":\"Article\",\"@id\":\"https:\/\/portaldoestado.com.br\/index.php\/2026\/01\/22\/parque-olivas-de-gramado-um-destino-obrigatorio-para-quem-visita-a-serra-gaucha\/#article\",\"isPartOf\":{\"@id\":\"https:\/\/portaldoestado.com.br\/index.php\/2026\/01\/22\/parque-olivas-de-gramado-um-destino-obrigatorio-para-quem-visita-a-serra-gaucha\/\"},\"author\":{\"name\":\"assessoriadefamosos\",\"@id\":\"https:\/\/portaldoestado.com.br\/#\/schema\/person\/5ca0174f3c8c84b59da62ea14b698cb9\"},\"headline\":\"Parque Olivas de Gramado: um destino obrigat\u00f3rio para quem visita a Serra Ga\u00facha\",\"datePublished\":\"2026-01-22T05:50:11+00:00\",\"mainEntityOfPage\":{\"@id\":\"https:\/\/portaldoestado.com.br\/index.php\/2026\/01\/22\/parque-olivas-de-gramado-um-destino-obrigatorio-para-quem-visita-a-serra-gaucha\/\"},\"wordCount\":355,\"publisher\":{\"@id\":\"https:\/\/portaldoestado.com.br\/#organization\"},\"image\":{\"@id\":\"https:\/\/portaldoestado.com.br\/index.php\/2026\/01\/22\/parque-olivas-de-gramado-um-destino-obrigatorio-para-quem-visita-a-serra-gaucha\/#primaryimage\"},\"thumbnailUrl\":\"https:\/\/portaldoestado.com.br\/wp-content\/uploads\/2026\/01\/4cc619_edef33ad03844f818e16eda59f590b1emv2-780x470-1.jpg\",\"articleSection\":[\"Geral\"],\"inLanguage\":\"pt-BR\"},{\"@type\":\"WebPage\",\"@id\":\"https:\/\/portaldoestado.com.br\/index.php\/2026\/01\/22\/parque-olivas-de-gramado-um-destino-obrigatorio-para-quem-visita-a-serra-gaucha\/\",\"url\":\"https:\/\/portaldoestado.com.br\/index.php\/2026\/01\/22\/parque-olivas-de-gramado-um-destino-obrigatorio-para-quem-visita-a-serra-gaucha\/\",\"name\":\"Parque Olivas de Gramado: um destino obrigat\u00f3rio para quem visita a Serra Ga\u00facha - Portal do Estado\",\"isPartOf\":{\"@id\":\"https:\/\/portaldoestado.com.br\/#website\"},\"primaryImageOfPage\":{\"@id\":\"https:\/\/portaldoestado.com.br\/index.php\/2026\/01\/22\/parque-olivas-de-gramado-um-destino-obrigatorio-para-quem-visita-a-serra-gaucha\/#primaryimage\"},\"image\":{\"@id\":\"https:\/\/portaldoestado.com.br\/index.php\/2026\/01\/22\/parque-olivas-de-gramado-um-destino-obrigatorio-para-quem-visita-a-serra-gaucha\/#primaryimage\"},\"thumbnailUrl\":\"https:\/\/portaldoestado.com.br\/wp-content\/uploads\/2026\/01\/4cc619_edef33ad03844f818e16eda59f590b1emv2-780x470-1.jpg\",\"datePublished\":\"2026-01-22T05:50:11+00:00\",\"breadcrumb\":{\"@id\":\"https:\/\/portaldoestado.com.br\/index.php\/2026\/01\/22\/parque-olivas-de-gramado-um-destino-obrigatorio-para-quem-visita-a-serra-gaucha\/#breadcrumb\"},\"inLanguage\":\"pt-BR\",\"potentialAction\":[{\"@type\":\"ReadAction\",\"target\":[\"https:\/\/portaldoestado.com.br\/index.php\/2026\/01\/22\/parque-olivas-de-gramado-um-destino-obrigatorio-para-quem-visita-a-serra-gaucha\/\"]}]},{\"@type\":\"ImageObject\",\"inLanguage\":\"pt-BR\",\"@id\":\"https:\/\/portaldoestado.com.br\/index.php\/2026\/01\/22\/parque-olivas-de-gramado-um-destino-obrigatorio-para-quem-visita-a-serra-gaucha\/#primaryimage\",\"url\":\"https:\/\/portaldoestado.com.br\/wp-content\/uploads\/2026\/01\/4cc619_edef33ad03844f818e16eda59f590b1emv2-780x470-1.jpg\",\"contentUrl\":\"https:\/\/portaldoestado.com.br\/wp-content\/uploads\/2026\/01\/4cc619_edef33ad03844f818e16eda59f590b1emv2-780x470-1.jpg\",\"width\":780,\"height\":470},{\"@type\":\"BreadcrumbList\",\"@id\":\"https:\/\/portaldoestado.com.br\/index.php\/2026\/01\/22\/parque-olivas-de-gramado-um-destino-obrigatorio-para-quem-visita-a-serra-gaucha\/#breadcrumb\",\"itemListElement\":[{\"@type\":\"ListItem\",\"position\":1,\"name\":\"In\u00edcio\",\"item\":\"https:\/\/portaldoestado.com.br\/\"},{\"@type\":\"ListItem\",\"position\":2,\"name\":\"Parque Olivas de Gramado: um destino obrigat\u00f3rio para quem visita a Serra Ga\u00facha\"}]},{\"@type\":\"WebSite\",\"@id\":\"https:\/\/portaldoestado.com.br\/#website\",\"url\":\"https:\/\/portaldoestado.com.br\/\",\"name\":\"Portal do Estado\",\"description\":\"\",\"publisher\":{\"@id\":\"https:\/\/portaldoestado.com.br\/#organization\"},\"potentialAction\":[{\"@type\":\"SearchAction\",\"target\":{\"@type\":\"EntryPoint\",\"urlTemplate\":\"https:\/\/portaldoestado.com.br\/?s={search_term_string}\"},\"query-input\":{\"@type\":\"PropertyValueSpecification\",\"valueRequired\":true,\"valueName\":\"search_term_string\"}}],\"inLanguage\":\"pt-BR\"},{\"@type\":\"Organization\",\"@id\":\"https:\/\/portaldoestado.com.br\/#organization\",\"name\":\"Portal do Estado\",\"url\":\"https:\/\/portaldoestado.com.br\/\",\"logo\":{\"@type\":\"ImageObject\",\"inLanguage\":\"pt-BR\",\"@id\":\"https:\/\/portaldoestado.com.br\/#\/schema\/logo\/image\/\",\"url\":\"https:\/\/portaldoestado.com.br\/wp-content\/uploads\/2025\/04\/cropped-6f69b19a-6472-43bf-b1b3-e1910bbbd4e8.png\",\"contentUrl\":\"https:\/\/portaldoestado.com.br\/wp-content\/uploads\/2025\/04\/cropped-6f69b19a-6472-43bf-b1b3-e1910bbbd4e8.png\",\"width\":1024,\"height\":350,\"caption\":\"Portal do Estado\"},\"image\":{\"@id\":\"https:\/\/portaldoestado.com.br\/#\/schema\/logo\/image\/\"}},{\"@type\":\"Person\",\"@id\":\"https:\/\/portaldoestado.com.br\/#\/schema\/person\/5ca0174f3c8c84b59da62ea14b698cb9\",\"name\":\"assessoriadefamosos\",\"image\":{\"@type\":\"ImageObject\",\"inLanguage\":\"pt-BR\",\"@id\":\"https:\/\/portaldoestado.com.br\/#\/schema\/person\/image\/\",\"url\":\"https:\/\/secure.gravatar.com\/avatar\/a7acbdffcfbbae7240e59f47fe511ec5f5d8c252c779f0b8d9ab02a9e1d8c5ed?s=96&d=mm&r=g\",\"contentUrl\":\"https:\/\/secure.gravatar.com\/avatar\/a7acbdffcfbbae7240e59f47fe511ec5f5d8c252c779f0b8d9ab02a9e1d8c5ed?s=96&d=mm&r=g\",\"caption\":\"assessoriadefamosos\"},\"url\":\"https:\/\/portaldoestado.com.br\/index.php\/author\/assessoriadefamosos\/\"}]}<\/script>\n<!-- \/ Yoast SEO plugin. -->","yoast_head_json":{"title":"Parque Olivas de Gramado: um destino obrigat\u00f3rio para quem visita a Serra Ga\u00facha - Portal do Estado","robots":{"index":"index","follow":"follow","max-snippet":"max-snippet:-1","max-image-preview":"max-image-preview:large","max-video-preview":"max-video-preview:-1"},"canonical":"https:\/\/portaldoestado.com.br\/index.php\/2026\/01\/22\/parque-olivas-de-gramado-um-destino-obrigatorio-para-quem-visita-a-serra-gaucha\/","og_locale":"pt_BR","og_type":"article","og_title":"Parque Olivas de Gramado: um destino obrigat\u00f3rio para quem visita a Serra Ga\u00facha - Portal do Estado","og_description":"Quem vai a Gramado em busca de experi\u00eancias inesquec\u00edveis precisa, sem d\u00favida, colocar o Parque Olivas de Gramado no roteiro. Mais do que um ponto tur\u00edstico, o local \u00e9 um verdadeiro convite para desacelerar, se conectar com a natureza e sentir uma energia \u00fanica, capaz de renovar corpo e alma. Localizado em meio \u00e0s paisagens \u2026","og_url":"https:\/\/portaldoestado.com.br\/index.php\/2026\/01\/22\/parque-olivas-de-gramado-um-destino-obrigatorio-para-quem-visita-a-serra-gaucha\/","og_site_name":"Portal do Estado","article_published_time":"2026-01-22T05:50:11+00:00","og_image":[{"width":780,"height":470,"url":"https:\/\/portaldoestado.com.br\/wp-content\/uploads\/2026\/01\/4cc619_edef33ad03844f818e16eda59f590b1emv2-780x470-1.jpg","type":"image\/jpeg"}],"author":"assessoriadefamosos","twitter_card":"summary_large_image","twitter_misc":{"Escrito por":"assessoriadefamosos","Est. tempo de leitura":"2 minutos"},"schema":{"@context":"https:\/\/schema.org","@graph":[{"@type":"Article","@id":"https:\/\/portaldoestado.com.br\/index.php\/2026\/01\/22\/parque-olivas-de-gramado-um-destino-obrigatorio-para-quem-visita-a-serra-gaucha\/#article","isPartOf":{"@id":"https:\/\/portaldoestado.com.br\/index.php\/2026\/01\/22\/parque-olivas-de-gramado-um-destino-obrigatorio-para-quem-visita-a-serra-gaucha\/"},"author":{"name":"assessoriadefamosos","@id":"https:\/\/portaldoestado.com.br\/#\/schema\/person\/5ca0174f3c8c84b59da62ea14b698cb9"},"headline":"Parque Olivas de Gramado: um destino obrigat\u00f3rio para quem visita a Serra Ga\u00facha","datePublished":"2026-01-22T05:50:11+00:00","mainEntityOfPage":{"@id":"https:\/\/portaldoestado.com.br\/index.php\/2026\/01\/22\/parque-olivas-de-gramado-um-destino-obrigatorio-para-quem-visita-a-serra-gaucha\/"},"wordCount":355,"publisher":{"@id":"https:\/\/portaldoestado.com.br\/#organization"},"image":{"@id":"https:\/\/portaldoestado.com.br\/index.php\/2026\/01\/22\/parque-olivas-de-gramado-um-destino-obrigatorio-para-quem-visita-a-serra-gaucha\/#primaryimage"},"thumbnailUrl":"https:\/\/portaldoestado.com.br\/wp-content\/uploads\/2026\/01\/4cc619_edef33ad03844f818e16eda59f590b1emv2-780x470-1.jpg","articleSection":["Geral"],"inLanguage":"pt-BR"},{"@type":"WebPage","@id":"https:\/\/portaldoestado.com.br\/index.php\/2026\/01\/22\/parque-olivas-de-gramado-um-destino-obrigatorio-para-quem-visita-a-serra-gaucha\/","url":"https:\/\/portaldoestado.com.br\/index.php\/2026\/01\/22\/parque-olivas-de-gramado-um-destino-obrigatorio-para-quem-visita-a-serra-gaucha\/","name":"Parque Olivas de Gramado: um destino obrigat\u00f3rio para quem visita a Serra Ga\u00facha - Portal do Estado","isPartOf":{"@id":"https:\/\/portaldoestado.com.br\/#website"},"primaryImageOfPage":{"@id":"https:\/\/portaldoestado.com.br\/index.php\/2026\/01\/22\/parque-olivas-de-gramado-um-destino-obrigatorio-para-quem-visita-a-serra-gaucha\/#primaryimage"},"image":{"@id":"https:\/\/portaldoestado.com.br\/index.php\/2026\/01\/22\/parque-olivas-de-gramado-um-destino-obrigatorio-para-quem-visita-a-serra-gaucha\/#primaryimage"},"thumbnailUrl":"https:\/\/portaldoestado.com.br\/wp-content\/uploads\/2026\/01\/4cc619_edef33ad03844f818e16eda59f590b1emv2-780x470-1.jpg","datePublished":"2026-01-22T05:50:11+00:00","breadcrumb":{"@id":"https:\/\/portaldoestado.com.br\/index.php\/2026\/01\/22\/parque-olivas-de-gramado-um-destino-obrigatorio-para-quem-visita-a-serra-gaucha\/#breadcrumb"},"inLanguage":"pt-BR","potentialAction":[{"@type":"ReadAction","target":["https:\/\/portaldoestado.com.br\/index.php\/2026\/01\/22\/parque-olivas-de-gramado-um-destino-obrigatorio-para-quem-visita-a-serra-gaucha\/"]}]},{"@type":"ImageObject","inLanguage":"pt-BR","@id":"https:\/\/portaldoestado.com.br\/index.php\/2026\/01\/22\/parque-olivas-de-gramado-um-destino-obrigatorio-para-quem-visita-a-serra-gaucha\/#primaryimage","url":"https:\/\/portaldoestado.com.br\/wp-content\/uploads\/2026\/01\/4cc619_edef33ad03844f818e16eda59f590b1emv2-780x470-1.jpg","contentUrl":"https:\/\/portaldoestado.com.br\/wp-content\/uploads\/2026\/01\/4cc619_edef33ad03844f818e16eda59f590b1emv2-780x470-1.jpg","width":780,"height":470},{"@type":"BreadcrumbList","@id":"https:\/\/portaldoestado.com.br\/index.php\/2026\/01\/22\/parque-olivas-de-gramado-um-destino-obrigatorio-para-quem-visita-a-serra-gaucha\/#breadcrumb","itemListElement":[{"@type":"ListItem","position":1,"name":"In\u00edcio","item":"https:\/\/portaldoestado.com.br\/"},{"@type":"ListItem","position":2,"name":"Parque Olivas de Gramado: um destino obrigat\u00f3rio para quem visita a Serra Ga\u00facha"}]},{"@type":"WebSite","@id":"https:\/\/portaldoestado.com.br\/#website","url":"https:\/\/portaldoestado.com.br\/","name":"Portal do Estado","description":"","publisher":{"@id":"https:\/\/portaldoestado.com.br\/#organization"},"potentialAction":[{"@type":"SearchAction","target":{"@type":"EntryPoint","urlTemplate":"https:\/\/portaldoestado.com.br\/?s={search_term_string}"},"query-input":{"@type":"PropertyValueSpecification","valueRequired":true,"valueName":"search_term_string"}}],"inLanguage":"pt-BR"},{"@type":"Organization","@id":"https:\/\/portaldoestado.com.br\/#organization","name":"Portal do Estado","url":"https:\/\/portaldoestado.com.br\/","logo":{"@type":"ImageObject","inLanguage":"pt-BR","@id":"https:\/\/portaldoestado.com.br\/#\/schema\/logo\/image\/","url":"https:\/\/portaldoestado.com.br\/wp-content\/uploads\/2025\/04\/cropped-6f69b19a-6472-43bf-b1b3-e1910bbbd4e8.png","contentUrl":"https:\/\/portaldoestado.com.br\/wp-content\/uploads\/2025\/04\/cropped-6f69b19a-6472-43bf-b1b3-e1910bbbd4e8.png","width":1024,"height":350,"caption":"Portal do Estado"},"image":{"@id":"https:\/\/portaldoestado.com.br\/#\/schema\/logo\/image\/"}},{"@type":"Person","@id":"https:\/\/portaldoestado.com.br\/#\/schema\/person\/5ca0174f3c8c84b59da62ea14b698cb9","name":"assessoriadefamosos","image":{"@type":"ImageObject","inLanguage":"pt-BR","@id":"https:\/\/portaldoestado.com.br\/#\/schema\/person\/image\/","url":"https:\/\/secure.gravatar.com\/avatar\/a7acbdffcfbbae7240e59f47fe511ec5f5d8c252c779f0b8d9ab02a9e1d8c5ed?s=96&d=mm&r=g","contentUrl":"https:\/\/secure.gravatar.com\/avatar\/a7acbdffcfbbae7240e59f47fe511ec5f5d8c252c779f0b8d9ab02a9e1d8c5ed?s=96&d=mm&r=g","caption":"assessoriadefamosos"},"url":"https:\/\/portaldoestado.com.br\/index.php\/author\/assessoriadefamosos\/"}]}},"jetpack_featured_media_url":"https:\/\/portaldoestado.com.br\/wp-content\/uploads\/2026\/01\/4cc619_edef33ad03844f818e16eda59f590b1emv2-780x470-1.jpg","_links":{"self":[{"href":"https:\/\/portaldoestado.com.br\/index.php\/wp-json\/wp\/v2\/posts\/5983","targetHints":{"allow":["GET"]}}],"collection":[{"href":"https:\/\/portaldoestado.com.br\/index.php\/wp-json\/wp\/v2\/posts"}],"about":[{"href":"https:\/\/portaldoestado.com.br\/index.php\/wp-json\/wp\/v2\/types\/post"}],"author":[{"embeddable":true,"href":"https:\/\/portaldoestado.com.br\/index.php\/wp-json\/wp\/v2\/users\/2"}],"replies":[{"embeddable":true,"href":"https:\/\/portaldoestado.com.br\/index.php\/wp-json\/wp\/v2\/comments?post=5983"}],"version-history":[{"count":1,"href":"https:\/\/portaldoestado.com.br\/index.php\/wp-json\/wp\/v2\/posts\/5983\/revisions"}],"predecessor-version":[{"id":5984,"href":"https:\/\/portaldoestado.com.br\/index.php\/wp-json\/wp\/v2\/posts\/5983\/revisions\/5984"}],"wp:featuredmedia":[{"embeddable":true,"href":"https:\/\/portaldoestado.com.br\/index.php\/wp-json\/wp\/v2\/media\/5982"}],"wp:attachment":[{"href":"https:\/\/portaldoestado.com.br\/index.php\/wp-json\/wp\/v2\/media?parent=5983"}],"wp:term":[{"taxonomy":"category","embeddable":true,"href":"https:\/\/portaldoestado.com.br\/index.php\/wp-json\/wp\/v2\/categories?post=5983"},{"taxonomy":"post_tag","embeddable":true,"href":"https:\/\/portaldoestado.com.br\/index.php\/wp-json\/wp\/v2\/tags?post=5983"}],"curies":[{"name":"wp","href":"https:\/\/api.w.org\/{rel}","templated":true}]}}