{"id":5977,"date":"2026-01-22T05:39:41","date_gmt":"2026-01-22T05:39:41","guid":{"rendered":"https:\/\/portaldoestado.com.br\/?p=5977"},"modified":"2026-01-22T05:39:41","modified_gmt":"2026-01-22T05:39:41","slug":"roda-canela-e-mundo-a-vapor-experiencias-imperdiveis-na-serra-gaucha","status":"publish","type":"post","link":"https:\/\/portaldoestado.com.br\/index.php\/2026\/01\/22\/roda-canela-e-mundo-a-vapor-experiencias-imperdiveis-na-serra-gaucha\/","title":{"rendered":"Roda Canela e Mundo a Vapor: experi\u00eancias imperd\u00edveis na Serra Ga\u00facha"},"content":{"rendered":"\n<p>A Serra Ga\u00facha segue se consolidando como um dos destinos tur\u00edsticos mais encantadores do Brasil, e entre as atra\u00e7\u00f5es que mais despertam a curiosidade e encantam visitantes est\u00e3o a <strong>Roda Canela<\/strong> e o tradicional <strong>Parque Mundo a Vapor<\/strong>, localizados entre Gramado e Canela.<\/p>\n\n\n\n<p>Com <strong>52 metros de altura<\/strong>, a <strong>Roda Canela<\/strong> \u00e9 considerada uma das atra\u00e7\u00f5es mais impressionantes da regi\u00e3o. Do alto, os visitantes t\u00eam acesso a uma <strong>vista panor\u00e2mica em 360 graus<\/strong>, que revela alguns dos cen\u00e1rios mais ic\u00f4nicos da cidade. \u00c9 poss\u00edvel contemplar a imponente <strong>Catedral de Pedra de Canela<\/strong>, observar de pertinho uma majestosa <strong>arauc\u00e1ria<\/strong> e apreciar toda a beleza natural da Serra Ga\u00facha sob um \u00e2ngulo \u00fanico e inesquec\u00edvel.<\/p>\n\n\n\n<p>A experi\u00eancia se torna ainda mais confort\u00e1vel gra\u00e7as \u00e0s <strong>30 cabines modernas<\/strong>, que acomodam at\u00e9 <strong>seis pessoas<\/strong> cada. Totalmente <strong>climatizadas<\/strong>, elas garantem conforto em qualquer \u00e9poca do ano, seja no frio intenso do inverno ou nos dias mais quentes do ver\u00e3o, tornando o passeio ideal para fam\u00edlias, casais e grupos de amigos.<\/p>\n\n\n\n<p>Al\u00e9m da Roda Canela, outro grande destaque \u00e9 o <strong>Parque Mundo a Vapor<\/strong>, que j\u00e1 se tornou um verdadeiro cart\u00e3o-postal da regi\u00e3o. Sua <strong>fachada ic\u00f4nica<\/strong>, com um trem \u201csaindo\u201d do pr\u00e9dio, chama a aten\u00e7\u00e3o de quem passa pela rodovia e rende fotos memor\u00e1veis. O que muitos visitantes n\u00e3o sabem \u00e9 que essa fachada \u00e9 inspirada em um <strong>acidente hist\u00f3rico real<\/strong>, ocorrido em <strong>1895, em Paris<\/strong>, na esta\u00e7\u00e3o <strong>Gare Montparnasse<\/strong>. Na ocasi\u00e3o, um trem a vapor n\u00e3o conseguiu frear a tempo, atravessou a parede do segundo andar da esta\u00e7\u00e3o e ficou pendurado para fora da constru\u00e7\u00e3o \u2014 uma cena que entrou para a hist\u00f3ria.<\/p>\n\n\n\n<p>Hoje, essa releitura criativa transforma o parque em um dos <strong>locais mais fotografados da Serra Ga\u00facha<\/strong>, sendo parada obrigat\u00f3ria para quem deseja registrar sua passagem por Gramado e Canela.<\/p>\n\n\n\n<p>Com atra\u00e7\u00f5es que unem <strong>hist\u00f3ria, inova\u00e7\u00e3o, lazer e paisagens deslumbrantes<\/strong>, a Roda Canela e o Mundo a Vapor refor\u00e7am o charme da regi\u00e3o e oferecem experi\u00eancias que ficam guardadas na mem\u00f3ria de quem visita. Um convite irrecus\u00e1vel para viver o melhor da Serra Ga\u00facha.<\/p>\n","protected":false},"excerpt":{"rendered":"<p>A Serra Ga\u00facha segue se consolidando como um dos destinos tur\u00edsticos mais encantadores do Brasil, e entre as atra\u00e7\u00f5es que mais despertam a curiosidade e encantam visitantes est\u00e3o a Roda Canela e o tradicional Parque Mundo a Vapor, localizados entre Gramado e Canela. Com 52 metros de altura, a Roda Canela \u00e9 considerada uma das \u2026<\/p>\n","protected":false},"author":2,"featured_media":5976,"comment_status":"closed","ping_status":"open","sticky":false,"template":"","format":"standard","meta":{"footnotes":""},"categories":[4],"tags":[],"class_list":["post-5977","post","type-post","status-publish","format-standard","has-post-thumbnail","hentry","category-geral"],"yoast_head":"<!-- This site is optimized with the Yoast SEO plugin v25.5 - https:\/\/yoast.com\/wordpress\/plugins\/seo\/ -->\n<title>Roda Canela e Mundo a Vapor: experi\u00eancias imperd\u00edveis na Serra Ga\u00facha - Portal do Estado<\/title>\n<meta name=\"robots\" content=\"index, follow, max-snippet:-1, max-image-preview:large, max-video-preview:-1\" \/>\n<link rel=\"canonical\" href=\"https:\/\/portaldoestado.com.br\/index.php\/2026\/01\/22\/roda-canela-e-mundo-a-vapor-experiencias-imperdiveis-na-serra-gaucha\/\" \/>\n<meta property=\"og:locale\" content=\"pt_BR\" \/>\n<meta property=\"og:type\" content=\"article\" \/>\n<meta property=\"og:title\" content=\"Roda Canela e Mundo a Vapor: experi\u00eancias imperd\u00edveis na Serra Ga\u00facha - Portal do Estado\" \/>\n<meta property=\"og:description\" content=\"A Serra Ga\u00facha segue se consolidando como um dos destinos tur\u00edsticos mais encantadores do Brasil, e entre as atra\u00e7\u00f5es que mais despertam a curiosidade e encantam visitantes est\u00e3o a Roda Canela e o tradicional Parque Mundo a Vapor, localizados entre Gramado e Canela. Com 52 metros de altura, a Roda Canela \u00e9 considerada uma das \u2026\" \/>\n<meta property=\"og:url\" content=\"https:\/\/portaldoestado.com.br\/index.php\/2026\/01\/22\/roda-canela-e-mundo-a-vapor-experiencias-imperdiveis-na-serra-gaucha\/\" \/>\n<meta property=\"og:site_name\" content=\"Portal do Estado\" \/>\n<meta property=\"article:published_time\" content=\"2026-01-22T05:39:41+00:00\" \/>\n<meta property=\"og:image\" content=\"https:\/\/portaldoestado.com.br\/wp-content\/uploads\/2026\/01\/Captura-de-tela-2026-01-22-023511.png\" \/>\n\t<meta property=\"og:image:width\" content=\"1050\" \/>\n\t<meta property=\"og:image:height\" content=\"570\" \/>\n\t<meta property=\"og:image:type\" content=\"image\/png\" \/>\n<meta name=\"author\" content=\"assessoriadefamosos\" \/>\n<meta name=\"twitter:card\" content=\"summary_large_image\" \/>\n<meta name=\"twitter:label1\" content=\"Escrito por\" \/>\n\t<meta name=\"twitter:data1\" content=\"assessoriadefamosos\" \/>\n\t<meta name=\"twitter:label2\" content=\"Est. tempo de leitura\" \/>\n\t<meta name=\"twitter:data2\" content=\"2 minutos\" \/>\n<script type=\"application\/ld+json\" class=\"yoast-schema-graph\">{\"@context\":\"https:\/\/schema.org\",\"@graph\":[{\"@type\":\"Article\",\"@id\":\"https:\/\/portaldoestado.com.br\/index.php\/2026\/01\/22\/roda-canela-e-mundo-a-vapor-experiencias-imperdiveis-na-serra-gaucha\/#article\",\"isPartOf\":{\"@id\":\"https:\/\/portaldoestado.com.br\/index.php\/2026\/01\/22\/roda-canela-e-mundo-a-vapor-experiencias-imperdiveis-na-serra-gaucha\/\"},\"author\":{\"name\":\"assessoriadefamosos\",\"@id\":\"https:\/\/portaldoestado.com.br\/#\/schema\/person\/5ca0174f3c8c84b59da62ea14b698cb9\"},\"headline\":\"Roda Canela e Mundo a Vapor: experi\u00eancias imperd\u00edveis na Serra Ga\u00facha\",\"datePublished\":\"2026-01-22T05:39:41+00:00\",\"mainEntityOfPage\":{\"@id\":\"https:\/\/portaldoestado.com.br\/index.php\/2026\/01\/22\/roda-canela-e-mundo-a-vapor-experiencias-imperdiveis-na-serra-gaucha\/\"},\"wordCount\":390,\"publisher\":{\"@id\":\"https:\/\/portaldoestado.com.br\/#organization\"},\"image\":{\"@id\":\"https:\/\/portaldoestado.com.br\/index.php\/2026\/01\/22\/roda-canela-e-mundo-a-vapor-experiencias-imperdiveis-na-serra-gaucha\/#primaryimage\"},\"thumbnailUrl\":\"https:\/\/portaldoestado.com.br\/wp-content\/uploads\/2026\/01\/Captura-de-tela-2026-01-22-023511.png\",\"articleSection\":[\"Geral\"],\"inLanguage\":\"pt-BR\"},{\"@type\":\"WebPage\",\"@id\":\"https:\/\/portaldoestado.com.br\/index.php\/2026\/01\/22\/roda-canela-e-mundo-a-vapor-experiencias-imperdiveis-na-serra-gaucha\/\",\"url\":\"https:\/\/portaldoestado.com.br\/index.php\/2026\/01\/22\/roda-canela-e-mundo-a-vapor-experiencias-imperdiveis-na-serra-gaucha\/\",\"name\":\"Roda Canela e Mundo a Vapor: experi\u00eancias imperd\u00edveis na Serra Ga\u00facha - Portal do Estado\",\"isPartOf\":{\"@id\":\"https:\/\/portaldoestado.com.br\/#website\"},\"primaryImageOfPage\":{\"@id\":\"https:\/\/portaldoestado.com.br\/index.php\/2026\/01\/22\/roda-canela-e-mundo-a-vapor-experiencias-imperdiveis-na-serra-gaucha\/#primaryimage\"},\"image\":{\"@id\":\"https:\/\/portaldoestado.com.br\/index.php\/2026\/01\/22\/roda-canela-e-mundo-a-vapor-experiencias-imperdiveis-na-serra-gaucha\/#primaryimage\"},\"thumbnailUrl\":\"https:\/\/portaldoestado.com.br\/wp-content\/uploads\/2026\/01\/Captura-de-tela-2026-01-22-023511.png\",\"datePublished\":\"2026-01-22T05:39:41+00:00\",\"breadcrumb\":{\"@id\":\"https:\/\/portaldoestado.com.br\/index.php\/2026\/01\/22\/roda-canela-e-mundo-a-vapor-experiencias-imperdiveis-na-serra-gaucha\/#breadcrumb\"},\"inLanguage\":\"pt-BR\",\"potentialAction\":[{\"@type\":\"ReadAction\",\"target\":[\"https:\/\/portaldoestado.com.br\/index.php\/2026\/01\/22\/roda-canela-e-mundo-a-vapor-experiencias-imperdiveis-na-serra-gaucha\/\"]}]},{\"@type\":\"ImageObject\",\"inLanguage\":\"pt-BR\",\"@id\":\"https:\/\/portaldoestado.com.br\/index.php\/2026\/01\/22\/roda-canela-e-mundo-a-vapor-experiencias-imperdiveis-na-serra-gaucha\/#primaryimage\",\"url\":\"https:\/\/portaldoestado.com.br\/wp-content\/uploads\/2026\/01\/Captura-de-tela-2026-01-22-023511.png\",\"contentUrl\":\"https:\/\/portaldoestado.com.br\/wp-content\/uploads\/2026\/01\/Captura-de-tela-2026-01-22-023511.png\",\"width\":1050,\"height\":570},{\"@type\":\"BreadcrumbList\",\"@id\":\"https:\/\/portaldoestado.com.br\/index.php\/2026\/01\/22\/roda-canela-e-mundo-a-vapor-experiencias-imperdiveis-na-serra-gaucha\/#breadcrumb\",\"itemListElement\":[{\"@type\":\"ListItem\",\"position\":1,\"name\":\"In\u00edcio\",\"item\":\"https:\/\/portaldoestado.com.br\/\"},{\"@type\":\"ListItem\",\"position\":2,\"name\":\"Roda Canela e Mundo a Vapor: experi\u00eancias imperd\u00edveis na Serra Ga\u00facha\"}]},{\"@type\":\"WebSite\",\"@id\":\"https:\/\/portaldoestado.com.br\/#website\",\"url\":\"https:\/\/portaldoestado.com.br\/\",\"name\":\"Portal do Estado\",\"description\":\"\",\"publisher\":{\"@id\":\"https:\/\/portaldoestado.com.br\/#organization\"},\"potentialAction\":[{\"@type\":\"SearchAction\",\"target\":{\"@type\":\"EntryPoint\",\"urlTemplate\":\"https:\/\/portaldoestado.com.br\/?s={search_term_string}\"},\"query-input\":{\"@type\":\"PropertyValueSpecification\",\"valueRequired\":true,\"valueName\":\"search_term_string\"}}],\"inLanguage\":\"pt-BR\"},{\"@type\":\"Organization\",\"@id\":\"https:\/\/portaldoestado.com.br\/#organization\",\"name\":\"Portal do Estado\",\"url\":\"https:\/\/portaldoestado.com.br\/\",\"logo\":{\"@type\":\"ImageObject\",\"inLanguage\":\"pt-BR\",\"@id\":\"https:\/\/portaldoestado.com.br\/#\/schema\/logo\/image\/\",\"url\":\"https:\/\/portaldoestado.com.br\/wp-content\/uploads\/2025\/04\/cropped-6f69b19a-6472-43bf-b1b3-e1910bbbd4e8.png\",\"contentUrl\":\"https:\/\/portaldoestado.com.br\/wp-content\/uploads\/2025\/04\/cropped-6f69b19a-6472-43bf-b1b3-e1910bbbd4e8.png\",\"width\":1024,\"height\":350,\"caption\":\"Portal do Estado\"},\"image\":{\"@id\":\"https:\/\/portaldoestado.com.br\/#\/schema\/logo\/image\/\"}},{\"@type\":\"Person\",\"@id\":\"https:\/\/portaldoestado.com.br\/#\/schema\/person\/5ca0174f3c8c84b59da62ea14b698cb9\",\"name\":\"assessoriadefamosos\",\"image\":{\"@type\":\"ImageObject\",\"inLanguage\":\"pt-BR\",\"@id\":\"https:\/\/portaldoestado.com.br\/#\/schema\/person\/image\/\",\"url\":\"https:\/\/secure.gravatar.com\/avatar\/a7acbdffcfbbae7240e59f47fe511ec5f5d8c252c779f0b8d9ab02a9e1d8c5ed?s=96&d=mm&r=g\",\"contentUrl\":\"https:\/\/secure.gravatar.com\/avatar\/a7acbdffcfbbae7240e59f47fe511ec5f5d8c252c779f0b8d9ab02a9e1d8c5ed?s=96&d=mm&r=g\",\"caption\":\"assessoriadefamosos\"},\"url\":\"https:\/\/portaldoestado.com.br\/index.php\/author\/assessoriadefamosos\/\"}]}<\/script>\n<!-- \/ Yoast SEO plugin. -->","yoast_head_json":{"title":"Roda Canela e Mundo a Vapor: experi\u00eancias imperd\u00edveis na Serra Ga\u00facha - Portal do Estado","robots":{"index":"index","follow":"follow","max-snippet":"max-snippet:-1","max-image-preview":"max-image-preview:large","max-video-preview":"max-video-preview:-1"},"canonical":"https:\/\/portaldoestado.com.br\/index.php\/2026\/01\/22\/roda-canela-e-mundo-a-vapor-experiencias-imperdiveis-na-serra-gaucha\/","og_locale":"pt_BR","og_type":"article","og_title":"Roda Canela e Mundo a Vapor: experi\u00eancias imperd\u00edveis na Serra Ga\u00facha - Portal do Estado","og_description":"A Serra Ga\u00facha segue se consolidando como um dos destinos tur\u00edsticos mais encantadores do Brasil, e entre as atra\u00e7\u00f5es que mais despertam a curiosidade e encantam visitantes est\u00e3o a Roda Canela e o tradicional Parque Mundo a Vapor, localizados entre Gramado e Canela. Com 52 metros de altura, a Roda Canela \u00e9 considerada uma das \u2026","og_url":"https:\/\/portaldoestado.com.br\/index.php\/2026\/01\/22\/roda-canela-e-mundo-a-vapor-experiencias-imperdiveis-na-serra-gaucha\/","og_site_name":"Portal do Estado","article_published_time":"2026-01-22T05:39:41+00:00","og_image":[{"width":1050,"height":570,"url":"https:\/\/portaldoestado.com.br\/wp-content\/uploads\/2026\/01\/Captura-de-tela-2026-01-22-023511.png","type":"image\/png"}],"author":"assessoriadefamosos","twitter_card":"summary_large_image","twitter_misc":{"Escrito por":"assessoriadefamosos","Est. tempo de leitura":"2 minutos"},"schema":{"@context":"https:\/\/schema.org","@graph":[{"@type":"Article","@id":"https:\/\/portaldoestado.com.br\/index.php\/2026\/01\/22\/roda-canela-e-mundo-a-vapor-experiencias-imperdiveis-na-serra-gaucha\/#article","isPartOf":{"@id":"https:\/\/portaldoestado.com.br\/index.php\/2026\/01\/22\/roda-canela-e-mundo-a-vapor-experiencias-imperdiveis-na-serra-gaucha\/"},"author":{"name":"assessoriadefamosos","@id":"https:\/\/portaldoestado.com.br\/#\/schema\/person\/5ca0174f3c8c84b59da62ea14b698cb9"},"headline":"Roda Canela e Mundo a Vapor: experi\u00eancias imperd\u00edveis na Serra Ga\u00facha","datePublished":"2026-01-22T05:39:41+00:00","mainEntityOfPage":{"@id":"https:\/\/portaldoestado.com.br\/index.php\/2026\/01\/22\/roda-canela-e-mundo-a-vapor-experiencias-imperdiveis-na-serra-gaucha\/"},"wordCount":390,"publisher":{"@id":"https:\/\/portaldoestado.com.br\/#organization"},"image":{"@id":"https:\/\/portaldoestado.com.br\/index.php\/2026\/01\/22\/roda-canela-e-mundo-a-vapor-experiencias-imperdiveis-na-serra-gaucha\/#primaryimage"},"thumbnailUrl":"https:\/\/portaldoestado.com.br\/wp-content\/uploads\/2026\/01\/Captura-de-tela-2026-01-22-023511.png","articleSection":["Geral"],"inLanguage":"pt-BR"},{"@type":"WebPage","@id":"https:\/\/portaldoestado.com.br\/index.php\/2026\/01\/22\/roda-canela-e-mundo-a-vapor-experiencias-imperdiveis-na-serra-gaucha\/","url":"https:\/\/portaldoestado.com.br\/index.php\/2026\/01\/22\/roda-canela-e-mundo-a-vapor-experiencias-imperdiveis-na-serra-gaucha\/","name":"Roda Canela e Mundo a Vapor: experi\u00eancias imperd\u00edveis na Serra Ga\u00facha - Portal do Estado","isPartOf":{"@id":"https:\/\/portaldoestado.com.br\/#website"},"primaryImageOfPage":{"@id":"https:\/\/portaldoestado.com.br\/index.php\/2026\/01\/22\/roda-canela-e-mundo-a-vapor-experiencias-imperdiveis-na-serra-gaucha\/#primaryimage"},"image":{"@id":"https:\/\/portaldoestado.com.br\/index.php\/2026\/01\/22\/roda-canela-e-mundo-a-vapor-experiencias-imperdiveis-na-serra-gaucha\/#primaryimage"},"thumbnailUrl":"https:\/\/portaldoestado.com.br\/wp-content\/uploads\/2026\/01\/Captura-de-tela-2026-01-22-023511.png","datePublished":"2026-01-22T05:39:41+00:00","breadcrumb":{"@id":"https:\/\/portaldoestado.com.br\/index.php\/2026\/01\/22\/roda-canela-e-mundo-a-vapor-experiencias-imperdiveis-na-serra-gaucha\/#breadcrumb"},"inLanguage":"pt-BR","potentialAction":[{"@type":"ReadAction","target":["https:\/\/portaldoestado.com.br\/index.php\/2026\/01\/22\/roda-canela-e-mundo-a-vapor-experiencias-imperdiveis-na-serra-gaucha\/"]}]},{"@type":"ImageObject","inLanguage":"pt-BR","@id":"https:\/\/portaldoestado.com.br\/index.php\/2026\/01\/22\/roda-canela-e-mundo-a-vapor-experiencias-imperdiveis-na-serra-gaucha\/#primaryimage","url":"https:\/\/portaldoestado.com.br\/wp-content\/uploads\/2026\/01\/Captura-de-tela-2026-01-22-023511.png","contentUrl":"https:\/\/portaldoestado.com.br\/wp-content\/uploads\/2026\/01\/Captura-de-tela-2026-01-22-023511.png","width":1050,"height":570},{"@type":"BreadcrumbList","@id":"https:\/\/portaldoestado.com.br\/index.php\/2026\/01\/22\/roda-canela-e-mundo-a-vapor-experiencias-imperdiveis-na-serra-gaucha\/#breadcrumb","itemListElement":[{"@type":"ListItem","position":1,"name":"In\u00edcio","item":"https:\/\/portaldoestado.com.br\/"},{"@type":"ListItem","position":2,"name":"Roda Canela e Mundo a Vapor: experi\u00eancias imperd\u00edveis na Serra Ga\u00facha"}]},{"@type":"WebSite","@id":"https:\/\/portaldoestado.com.br\/#website","url":"https:\/\/portaldoestado.com.br\/","name":"Portal do Estado","description":"","publisher":{"@id":"https:\/\/portaldoestado.com.br\/#organization"},"potentialAction":[{"@type":"SearchAction","target":{"@type":"EntryPoint","urlTemplate":"https:\/\/portaldoestado.com.br\/?s={search_term_string}"},"query-input":{"@type":"PropertyValueSpecification","valueRequired":true,"valueName":"search_term_string"}}],"inLanguage":"pt-BR"},{"@type":"Organization","@id":"https:\/\/portaldoestado.com.br\/#organization","name":"Portal do Estado","url":"https:\/\/portaldoestado.com.br\/","logo":{"@type":"ImageObject","inLanguage":"pt-BR","@id":"https:\/\/portaldoestado.com.br\/#\/schema\/logo\/image\/","url":"https:\/\/portaldoestado.com.br\/wp-content\/uploads\/2025\/04\/cropped-6f69b19a-6472-43bf-b1b3-e1910bbbd4e8.png","contentUrl":"https:\/\/portaldoestado.com.br\/wp-content\/uploads\/2025\/04\/cropped-6f69b19a-6472-43bf-b1b3-e1910bbbd4e8.png","width":1024,"height":350,"caption":"Portal do Estado"},"image":{"@id":"https:\/\/portaldoestado.com.br\/#\/schema\/logo\/image\/"}},{"@type":"Person","@id":"https:\/\/portaldoestado.com.br\/#\/schema\/person\/5ca0174f3c8c84b59da62ea14b698cb9","name":"assessoriadefamosos","image":{"@type":"ImageObject","inLanguage":"pt-BR","@id":"https:\/\/portaldoestado.com.br\/#\/schema\/person\/image\/","url":"https:\/\/secure.gravatar.com\/avatar\/a7acbdffcfbbae7240e59f47fe511ec5f5d8c252c779f0b8d9ab02a9e1d8c5ed?s=96&d=mm&r=g","contentUrl":"https:\/\/secure.gravatar.com\/avatar\/a7acbdffcfbbae7240e59f47fe511ec5f5d8c252c779f0b8d9ab02a9e1d8c5ed?s=96&d=mm&r=g","caption":"assessoriadefamosos"},"url":"https:\/\/portaldoestado.com.br\/index.php\/author\/assessoriadefamosos\/"}]}},"jetpack_featured_media_url":"https:\/\/portaldoestado.com.br\/wp-content\/uploads\/2026\/01\/Captura-de-tela-2026-01-22-023511.png","_links":{"self":[{"href":"https:\/\/portaldoestado.com.br\/index.php\/wp-json\/wp\/v2\/posts\/5977","targetHints":{"allow":["GET"]}}],"collection":[{"href":"https:\/\/portaldoestado.com.br\/index.php\/wp-json\/wp\/v2\/posts"}],"about":[{"href":"https:\/\/portaldoestado.com.br\/index.php\/wp-json\/wp\/v2\/types\/post"}],"author":[{"embeddable":true,"href":"https:\/\/portaldoestado.com.br\/index.php\/wp-json\/wp\/v2\/users\/2"}],"replies":[{"embeddable":true,"href":"https:\/\/portaldoestado.com.br\/index.php\/wp-json\/wp\/v2\/comments?post=5977"}],"version-history":[{"count":1,"href":"https:\/\/portaldoestado.com.br\/index.php\/wp-json\/wp\/v2\/posts\/5977\/revisions"}],"predecessor-version":[{"id":5978,"href":"https:\/\/portaldoestado.com.br\/index.php\/wp-json\/wp\/v2\/posts\/5977\/revisions\/5978"}],"wp:featuredmedia":[{"embeddable":true,"href":"https:\/\/portaldoestado.com.br\/index.php\/wp-json\/wp\/v2\/media\/5976"}],"wp:attachment":[{"href":"https:\/\/portaldoestado.com.br\/index.php\/wp-json\/wp\/v2\/media?parent=5977"}],"wp:term":[{"taxonomy":"category","embeddable":true,"href":"https:\/\/portaldoestado.com.br\/index.php\/wp-json\/wp\/v2\/categories?post=5977"},{"taxonomy":"post_tag","embeddable":true,"href":"https:\/\/portaldoestado.com.br\/index.php\/wp-json\/wp\/v2\/tags?post=5977"}],"curies":[{"name":"wp","href":"https:\/\/api.w.org\/{rel}","templated":true}]}}