{"id":5974,"date":"2026-01-22T05:33:16","date_gmt":"2026-01-22T05:33:16","guid":{"rendered":"https:\/\/portaldoestado.com.br\/?p=5974"},"modified":"2026-01-22T05:33:16","modified_gmt":"2026-01-22T05:33:16","slug":"o-grande-desfile-de-natal-transforma-as-ruas-de-gramado-em-um-espetaculo-de-magia-e-emocao","status":"publish","type":"post","link":"https:\/\/portaldoestado.com.br\/index.php\/2026\/01\/22\/o-grande-desfile-de-natal-transforma-as-ruas-de-gramado-em-um-espetaculo-de-magia-e-emocao\/","title":{"rendered":"O Grande Desfile de Natal transforma as ruas de Gramado em um espet\u00e1culo de magia e emo\u00e7\u00e3o"},"content":{"rendered":"\n<p>Gramado viveu mais uma temporada inesquec\u00edvel com a realiza\u00e7\u00e3o de <strong>O Grande Desfile de Natal<\/strong>, uma das atra\u00e7\u00f5es mais aguardadas do <strong>Natal Luz de Gramado<\/strong>, promovido pela <strong>GramadoTUR<\/strong>. O espet\u00e1culo levou toda a magia do Natal para as ruas da cidade, encantando moradores e turistas que puderam acompanhar as apresenta\u00e7\u00f5es at\u00e9 a segunda semana de janeiro.<\/p>\n\n\n\n<p>A tradicional <strong>Avenida das Hort\u00eansias<\/strong> ficou completamente tomada pelo p\u00fablico, que se reuniu para assistir \u00e0 passagem dos carros aleg\u00f3ricos, repletos de cores, luzes e detalhes encantadores. O desfile transformou o espa\u00e7o urbano em um verdadeiro palco a c\u00e9u aberto, criando uma atmosfera de alegria, emo\u00e7\u00e3o e esp\u00edrito natalino.<\/p>\n\n\n\n<p>Com alegorias cuidadosamente produzidas, figurinos tem\u00e1ticos e personagens que remetem ao universo m\u00e1gico do Natal, o espet\u00e1culo envolveu pessoas de todas as idades. Papai Noel, soldados, anjos e figuras l\u00fadicas deram vida a cenas que celebraram valores como esperan\u00e7a, uni\u00e3o e solidariedade, marcas registradas do Natal Luz.<\/p>\n\n\n\n<p>Al\u00e9m do impacto visual, o desfile tamb\u00e9m se destacou pela intera\u00e7\u00e3o com o p\u00fablico. Fam\u00edlias inteiras acompanharam cada momento, muitas delas emocionadas ao ver a cidade iluminada e tomada por m\u00fasica, coreografias e performances art\u00edsticas que refor\u00e7aram o clima festivo que consagrou Gramado como um dos principais destinos natalinos do Brasil.<\/p>\n\n\n\n<p>O Grande Desfile de Natal reafirma a for\u00e7a do Natal Luz como um dos maiores eventos culturais do pa\u00eds, movimentando o turismo, o com\u00e9rcio e fortalecendo a identidade cultural da cidade. Mais do que um espet\u00e1culo, o desfile proporcionou experi\u00eancias memor\u00e1veis, deixando lembran\u00e7as especiais para quem viveu de perto essa celebra\u00e7\u00e3o \u00fanica.<\/p>\n\n\n\n<p>Ao encerrar mais uma edi\u00e7\u00e3o, Gramado se despede da temporada natalina com a certeza de que a magia do Natal ultrapassou os palcos e ganhou as ruas, refor\u00e7ando o encanto que faz da cidade um s\u00edmbolo de sonho, tradi\u00e7\u00e3o e emo\u00e7\u00e3o.<\/p>\n\n\n<!-- wp:image \"id\":102384,\"align\":\"center\" -->\n<figure class=\"wp-block-image aligncenter\"><img decoding=\"async\" src=\"https:\/\/tonafama.ig.com.br\/wp-content\/uploads\/2026\/01\/4426682b-fab8-430e-a989-014d119edc9c-576x1024.jpg\" alt=\"\" class=\"wp-image-102384\"\/><\/figure>\n<!-- \/wp:post-content -->\n\n<!-- wp:image \"id\":102385,\"align\":\"center\" -->\n<figure class=\"wp-block-image aligncenter\"><img decoding=\"async\" src=\"https:\/\/tonafama.ig.com.br\/wp-content\/uploads\/2026\/01\/f3c5f13a-2663-4307-a431-6db4cfd88dda-576x1024.jpg\" alt=\"\" class=\"wp-image-102385\"\/><\/figure>\n<!-- \/wp:image -->\n\n<!-- wp:image \"id\":102386,\"align\":\"center\" -->\n<figure class=\"wp-block-image aligncenter\"><img decoding=\"async\" src=\"https:\/\/tonafama.ig.com.br\/wp-content\/uploads\/2026\/01\/8664fa2c-696d-4fb8-b881-e90556a929ae-576x1024.jpg\" alt=\"\" class=\"wp-image-102386\"\/><\/figure>\n<!-- \/wp:image -->","protected":false},"excerpt":{"rendered":"<p>Gramado viveu mais uma temporada inesquec\u00edvel com a realiza\u00e7\u00e3o de O Grande Desfile de Natal, uma das atra\u00e7\u00f5es mais aguardadas do Natal Luz de Gramado, promovido pela GramadoTUR. O espet\u00e1culo levou toda a magia do Natal para as ruas da cidade, encantando moradores e turistas que puderam acompanhar as apresenta\u00e7\u00f5es at\u00e9 a segunda semana de \u2026<\/p>\n","protected":false},"author":2,"featured_media":5973,"comment_status":"closed","ping_status":"open","sticky":false,"template":"","format":"standard","meta":{"footnotes":""},"categories":[4],"tags":[],"class_list":["post-5974","post","type-post","status-publish","format-standard","has-post-thumbnail","hentry","category-geral"],"yoast_head":"<!-- This site is optimized with the Yoast SEO plugin v25.5 - https:\/\/yoast.com\/wordpress\/plugins\/seo\/ -->\n<title>O Grande Desfile de Natal transforma as ruas de Gramado em um espet\u00e1culo de magia e emo\u00e7\u00e3o - Portal do Estado<\/title>\n<meta name=\"robots\" content=\"index, follow, max-snippet:-1, max-image-preview:large, max-video-preview:-1\" \/>\n<link rel=\"canonical\" href=\"https:\/\/portaldoestado.com.br\/index.php\/2026\/01\/22\/o-grande-desfile-de-natal-transforma-as-ruas-de-gramado-em-um-espetaculo-de-magia-e-emocao\/\" \/>\n<meta property=\"og:locale\" content=\"pt_BR\" \/>\n<meta property=\"og:type\" content=\"article\" \/>\n<meta property=\"og:title\" content=\"O Grande Desfile de Natal transforma as ruas de Gramado em um espet\u00e1culo de magia e emo\u00e7\u00e3o - Portal do Estado\" \/>\n<meta property=\"og:description\" content=\"Gramado viveu mais uma temporada inesquec\u00edvel com a realiza\u00e7\u00e3o de O Grande Desfile de Natal, uma das atra\u00e7\u00f5es mais aguardadas do Natal Luz de Gramado, promovido pela GramadoTUR. O espet\u00e1culo levou toda a magia do Natal para as ruas da cidade, encantando moradores e turistas que puderam acompanhar as apresenta\u00e7\u00f5es at\u00e9 a segunda semana de \u2026\" \/>\n<meta property=\"og:url\" content=\"https:\/\/portaldoestado.com.br\/index.php\/2026\/01\/22\/o-grande-desfile-de-natal-transforma-as-ruas-de-gramado-em-um-espetaculo-de-magia-e-emocao\/\" \/>\n<meta property=\"og:site_name\" content=\"Portal do Estado\" \/>\n<meta property=\"article:published_time\" content=\"2026-01-22T05:33:16+00:00\" \/>\n<meta property=\"og:image\" content=\"https:\/\/portaldoestado.com.br\/wp-content\/uploads\/2026\/01\/189151cd-1b1e-405f-be54-55488c46777d.jpg\" \/>\n\t<meta property=\"og:image:width\" content=\"720\" \/>\n\t<meta property=\"og:image:height\" content=\"1280\" \/>\n\t<meta property=\"og:image:type\" content=\"image\/jpeg\" \/>\n<meta name=\"author\" content=\"assessoriadefamosos\" \/>\n<meta name=\"twitter:card\" content=\"summary_large_image\" \/>\n<meta name=\"twitter:label1\" content=\"Escrito por\" \/>\n\t<meta name=\"twitter:data1\" content=\"assessoriadefamosos\" \/>\n\t<meta name=\"twitter:label2\" content=\"Est. tempo de leitura\" \/>\n\t<meta name=\"twitter:data2\" content=\"2 minutos\" \/>\n<script type=\"application\/ld+json\" class=\"yoast-schema-graph\">{\"@context\":\"https:\/\/schema.org\",\"@graph\":[{\"@type\":\"Article\",\"@id\":\"https:\/\/portaldoestado.com.br\/index.php\/2026\/01\/22\/o-grande-desfile-de-natal-transforma-as-ruas-de-gramado-em-um-espetaculo-de-magia-e-emocao\/#article\",\"isPartOf\":{\"@id\":\"https:\/\/portaldoestado.com.br\/index.php\/2026\/01\/22\/o-grande-desfile-de-natal-transforma-as-ruas-de-gramado-em-um-espetaculo-de-magia-e-emocao\/\"},\"author\":{\"name\":\"assessoriadefamosos\",\"@id\":\"https:\/\/portaldoestado.com.br\/#\/schema\/person\/5ca0174f3c8c84b59da62ea14b698cb9\"},\"headline\":\"O Grande Desfile de Natal transforma as ruas de Gramado em um espet\u00e1culo de magia e emo\u00e7\u00e3o\",\"datePublished\":\"2026-01-22T05:33:16+00:00\",\"mainEntityOfPage\":{\"@id\":\"https:\/\/portaldoestado.com.br\/index.php\/2026\/01\/22\/o-grande-desfile-de-natal-transforma-as-ruas-de-gramado-em-um-espetaculo-de-magia-e-emocao\/\"},\"wordCount\":353,\"publisher\":{\"@id\":\"https:\/\/portaldoestado.com.br\/#organization\"},\"image\":{\"@id\":\"https:\/\/portaldoestado.com.br\/index.php\/2026\/01\/22\/o-grande-desfile-de-natal-transforma-as-ruas-de-gramado-em-um-espetaculo-de-magia-e-emocao\/#primaryimage\"},\"thumbnailUrl\":\"https:\/\/portaldoestado.com.br\/wp-content\/uploads\/2026\/01\/189151cd-1b1e-405f-be54-55488c46777d.jpg\",\"articleSection\":[\"Geral\"],\"inLanguage\":\"pt-BR\"},{\"@type\":\"WebPage\",\"@id\":\"https:\/\/portaldoestado.com.br\/index.php\/2026\/01\/22\/o-grande-desfile-de-natal-transforma-as-ruas-de-gramado-em-um-espetaculo-de-magia-e-emocao\/\",\"url\":\"https:\/\/portaldoestado.com.br\/index.php\/2026\/01\/22\/o-grande-desfile-de-natal-transforma-as-ruas-de-gramado-em-um-espetaculo-de-magia-e-emocao\/\",\"name\":\"O Grande Desfile de Natal transforma as ruas de Gramado em um espet\u00e1culo de magia e emo\u00e7\u00e3o - Portal do Estado\",\"isPartOf\":{\"@id\":\"https:\/\/portaldoestado.com.br\/#website\"},\"primaryImageOfPage\":{\"@id\":\"https:\/\/portaldoestado.com.br\/index.php\/2026\/01\/22\/o-grande-desfile-de-natal-transforma-as-ruas-de-gramado-em-um-espetaculo-de-magia-e-emocao\/#primaryimage\"},\"image\":{\"@id\":\"https:\/\/portaldoestado.com.br\/index.php\/2026\/01\/22\/o-grande-desfile-de-natal-transforma-as-ruas-de-gramado-em-um-espetaculo-de-magia-e-emocao\/#primaryimage\"},\"thumbnailUrl\":\"https:\/\/portaldoestado.com.br\/wp-content\/uploads\/2026\/01\/189151cd-1b1e-405f-be54-55488c46777d.jpg\",\"datePublished\":\"2026-01-22T05:33:16+00:00\",\"breadcrumb\":{\"@id\":\"https:\/\/portaldoestado.com.br\/index.php\/2026\/01\/22\/o-grande-desfile-de-natal-transforma-as-ruas-de-gramado-em-um-espetaculo-de-magia-e-emocao\/#breadcrumb\"},\"inLanguage\":\"pt-BR\",\"potentialAction\":[{\"@type\":\"ReadAction\",\"target\":[\"https:\/\/portaldoestado.com.br\/index.php\/2026\/01\/22\/o-grande-desfile-de-natal-transforma-as-ruas-de-gramado-em-um-espetaculo-de-magia-e-emocao\/\"]}]},{\"@type\":\"ImageObject\",\"inLanguage\":\"pt-BR\",\"@id\":\"https:\/\/portaldoestado.com.br\/index.php\/2026\/01\/22\/o-grande-desfile-de-natal-transforma-as-ruas-de-gramado-em-um-espetaculo-de-magia-e-emocao\/#primaryimage\",\"url\":\"https:\/\/portaldoestado.com.br\/wp-content\/uploads\/2026\/01\/189151cd-1b1e-405f-be54-55488c46777d.jpg\",\"contentUrl\":\"https:\/\/portaldoestado.com.br\/wp-content\/uploads\/2026\/01\/189151cd-1b1e-405f-be54-55488c46777d.jpg\",\"width\":720,\"height\":1280},{\"@type\":\"BreadcrumbList\",\"@id\":\"https:\/\/portaldoestado.com.br\/index.php\/2026\/01\/22\/o-grande-desfile-de-natal-transforma-as-ruas-de-gramado-em-um-espetaculo-de-magia-e-emocao\/#breadcrumb\",\"itemListElement\":[{\"@type\":\"ListItem\",\"position\":1,\"name\":\"In\u00edcio\",\"item\":\"https:\/\/portaldoestado.com.br\/\"},{\"@type\":\"ListItem\",\"position\":2,\"name\":\"O Grande Desfile de Natal transforma as ruas de Gramado em um espet\u00e1culo de magia e emo\u00e7\u00e3o\"}]},{\"@type\":\"WebSite\",\"@id\":\"https:\/\/portaldoestado.com.br\/#website\",\"url\":\"https:\/\/portaldoestado.com.br\/\",\"name\":\"Portal do Estado\",\"description\":\"\",\"publisher\":{\"@id\":\"https:\/\/portaldoestado.com.br\/#organization\"},\"potentialAction\":[{\"@type\":\"SearchAction\",\"target\":{\"@type\":\"EntryPoint\",\"urlTemplate\":\"https:\/\/portaldoestado.com.br\/?s={search_term_string}\"},\"query-input\":{\"@type\":\"PropertyValueSpecification\",\"valueRequired\":true,\"valueName\":\"search_term_string\"}}],\"inLanguage\":\"pt-BR\"},{\"@type\":\"Organization\",\"@id\":\"https:\/\/portaldoestado.com.br\/#organization\",\"name\":\"Portal do Estado\",\"url\":\"https:\/\/portaldoestado.com.br\/\",\"logo\":{\"@type\":\"ImageObject\",\"inLanguage\":\"pt-BR\",\"@id\":\"https:\/\/portaldoestado.com.br\/#\/schema\/logo\/image\/\",\"url\":\"https:\/\/portaldoestado.com.br\/wp-content\/uploads\/2025\/04\/cropped-6f69b19a-6472-43bf-b1b3-e1910bbbd4e8.png\",\"contentUrl\":\"https:\/\/portaldoestado.com.br\/wp-content\/uploads\/2025\/04\/cropped-6f69b19a-6472-43bf-b1b3-e1910bbbd4e8.png\",\"width\":1024,\"height\":350,\"caption\":\"Portal do Estado\"},\"image\":{\"@id\":\"https:\/\/portaldoestado.com.br\/#\/schema\/logo\/image\/\"}},{\"@type\":\"Person\",\"@id\":\"https:\/\/portaldoestado.com.br\/#\/schema\/person\/5ca0174f3c8c84b59da62ea14b698cb9\",\"name\":\"assessoriadefamosos\",\"image\":{\"@type\":\"ImageObject\",\"inLanguage\":\"pt-BR\",\"@id\":\"https:\/\/portaldoestado.com.br\/#\/schema\/person\/image\/\",\"url\":\"https:\/\/secure.gravatar.com\/avatar\/a7acbdffcfbbae7240e59f47fe511ec5f5d8c252c779f0b8d9ab02a9e1d8c5ed?s=96&d=mm&r=g\",\"contentUrl\":\"https:\/\/secure.gravatar.com\/avatar\/a7acbdffcfbbae7240e59f47fe511ec5f5d8c252c779f0b8d9ab02a9e1d8c5ed?s=96&d=mm&r=g\",\"caption\":\"assessoriadefamosos\"},\"url\":\"https:\/\/portaldoestado.com.br\/index.php\/author\/assessoriadefamosos\/\"}]}<\/script>\n<!-- \/ Yoast SEO plugin. -->","yoast_head_json":{"title":"O Grande Desfile de Natal transforma as ruas de Gramado em um espet\u00e1culo de magia e emo\u00e7\u00e3o - Portal do Estado","robots":{"index":"index","follow":"follow","max-snippet":"max-snippet:-1","max-image-preview":"max-image-preview:large","max-video-preview":"max-video-preview:-1"},"canonical":"https:\/\/portaldoestado.com.br\/index.php\/2026\/01\/22\/o-grande-desfile-de-natal-transforma-as-ruas-de-gramado-em-um-espetaculo-de-magia-e-emocao\/","og_locale":"pt_BR","og_type":"article","og_title":"O Grande Desfile de Natal transforma as ruas de Gramado em um espet\u00e1culo de magia e emo\u00e7\u00e3o - Portal do Estado","og_description":"Gramado viveu mais uma temporada inesquec\u00edvel com a realiza\u00e7\u00e3o de O Grande Desfile de Natal, uma das atra\u00e7\u00f5es mais aguardadas do Natal Luz de Gramado, promovido pela GramadoTUR. O espet\u00e1culo levou toda a magia do Natal para as ruas da cidade, encantando moradores e turistas que puderam acompanhar as apresenta\u00e7\u00f5es at\u00e9 a segunda semana de \u2026","og_url":"https:\/\/portaldoestado.com.br\/index.php\/2026\/01\/22\/o-grande-desfile-de-natal-transforma-as-ruas-de-gramado-em-um-espetaculo-de-magia-e-emocao\/","og_site_name":"Portal do Estado","article_published_time":"2026-01-22T05:33:16+00:00","og_image":[{"width":720,"height":1280,"url":"https:\/\/portaldoestado.com.br\/wp-content\/uploads\/2026\/01\/189151cd-1b1e-405f-be54-55488c46777d.jpg","type":"image\/jpeg"}],"author":"assessoriadefamosos","twitter_card":"summary_large_image","twitter_misc":{"Escrito por":"assessoriadefamosos","Est. tempo de leitura":"2 minutos"},"schema":{"@context":"https:\/\/schema.org","@graph":[{"@type":"Article","@id":"https:\/\/portaldoestado.com.br\/index.php\/2026\/01\/22\/o-grande-desfile-de-natal-transforma-as-ruas-de-gramado-em-um-espetaculo-de-magia-e-emocao\/#article","isPartOf":{"@id":"https:\/\/portaldoestado.com.br\/index.php\/2026\/01\/22\/o-grande-desfile-de-natal-transforma-as-ruas-de-gramado-em-um-espetaculo-de-magia-e-emocao\/"},"author":{"name":"assessoriadefamosos","@id":"https:\/\/portaldoestado.com.br\/#\/schema\/person\/5ca0174f3c8c84b59da62ea14b698cb9"},"headline":"O Grande Desfile de Natal transforma as ruas de Gramado em um espet\u00e1culo de magia e emo\u00e7\u00e3o","datePublished":"2026-01-22T05:33:16+00:00","mainEntityOfPage":{"@id":"https:\/\/portaldoestado.com.br\/index.php\/2026\/01\/22\/o-grande-desfile-de-natal-transforma-as-ruas-de-gramado-em-um-espetaculo-de-magia-e-emocao\/"},"wordCount":353,"publisher":{"@id":"https:\/\/portaldoestado.com.br\/#organization"},"image":{"@id":"https:\/\/portaldoestado.com.br\/index.php\/2026\/01\/22\/o-grande-desfile-de-natal-transforma-as-ruas-de-gramado-em-um-espetaculo-de-magia-e-emocao\/#primaryimage"},"thumbnailUrl":"https:\/\/portaldoestado.com.br\/wp-content\/uploads\/2026\/01\/189151cd-1b1e-405f-be54-55488c46777d.jpg","articleSection":["Geral"],"inLanguage":"pt-BR"},{"@type":"WebPage","@id":"https:\/\/portaldoestado.com.br\/index.php\/2026\/01\/22\/o-grande-desfile-de-natal-transforma-as-ruas-de-gramado-em-um-espetaculo-de-magia-e-emocao\/","url":"https:\/\/portaldoestado.com.br\/index.php\/2026\/01\/22\/o-grande-desfile-de-natal-transforma-as-ruas-de-gramado-em-um-espetaculo-de-magia-e-emocao\/","name":"O Grande Desfile de Natal transforma as ruas de Gramado em um espet\u00e1culo de magia e emo\u00e7\u00e3o - Portal do Estado","isPartOf":{"@id":"https:\/\/portaldoestado.com.br\/#website"},"primaryImageOfPage":{"@id":"https:\/\/portaldoestado.com.br\/index.php\/2026\/01\/22\/o-grande-desfile-de-natal-transforma-as-ruas-de-gramado-em-um-espetaculo-de-magia-e-emocao\/#primaryimage"},"image":{"@id":"https:\/\/portaldoestado.com.br\/index.php\/2026\/01\/22\/o-grande-desfile-de-natal-transforma-as-ruas-de-gramado-em-um-espetaculo-de-magia-e-emocao\/#primaryimage"},"thumbnailUrl":"https:\/\/portaldoestado.com.br\/wp-content\/uploads\/2026\/01\/189151cd-1b1e-405f-be54-55488c46777d.jpg","datePublished":"2026-01-22T05:33:16+00:00","breadcrumb":{"@id":"https:\/\/portaldoestado.com.br\/index.php\/2026\/01\/22\/o-grande-desfile-de-natal-transforma-as-ruas-de-gramado-em-um-espetaculo-de-magia-e-emocao\/#breadcrumb"},"inLanguage":"pt-BR","potentialAction":[{"@type":"ReadAction","target":["https:\/\/portaldoestado.com.br\/index.php\/2026\/01\/22\/o-grande-desfile-de-natal-transforma-as-ruas-de-gramado-em-um-espetaculo-de-magia-e-emocao\/"]}]},{"@type":"ImageObject","inLanguage":"pt-BR","@id":"https:\/\/portaldoestado.com.br\/index.php\/2026\/01\/22\/o-grande-desfile-de-natal-transforma-as-ruas-de-gramado-em-um-espetaculo-de-magia-e-emocao\/#primaryimage","url":"https:\/\/portaldoestado.com.br\/wp-content\/uploads\/2026\/01\/189151cd-1b1e-405f-be54-55488c46777d.jpg","contentUrl":"https:\/\/portaldoestado.com.br\/wp-content\/uploads\/2026\/01\/189151cd-1b1e-405f-be54-55488c46777d.jpg","width":720,"height":1280},{"@type":"BreadcrumbList","@id":"https:\/\/portaldoestado.com.br\/index.php\/2026\/01\/22\/o-grande-desfile-de-natal-transforma-as-ruas-de-gramado-em-um-espetaculo-de-magia-e-emocao\/#breadcrumb","itemListElement":[{"@type":"ListItem","position":1,"name":"In\u00edcio","item":"https:\/\/portaldoestado.com.br\/"},{"@type":"ListItem","position":2,"name":"O Grande Desfile de Natal transforma as ruas de Gramado em um espet\u00e1culo de magia e emo\u00e7\u00e3o"}]},{"@type":"WebSite","@id":"https:\/\/portaldoestado.com.br\/#website","url":"https:\/\/portaldoestado.com.br\/","name":"Portal do Estado","description":"","publisher":{"@id":"https:\/\/portaldoestado.com.br\/#organization"},"potentialAction":[{"@type":"SearchAction","target":{"@type":"EntryPoint","urlTemplate":"https:\/\/portaldoestado.com.br\/?s={search_term_string}"},"query-input":{"@type":"PropertyValueSpecification","valueRequired":true,"valueName":"search_term_string"}}],"inLanguage":"pt-BR"},{"@type":"Organization","@id":"https:\/\/portaldoestado.com.br\/#organization","name":"Portal do Estado","url":"https:\/\/portaldoestado.com.br\/","logo":{"@type":"ImageObject","inLanguage":"pt-BR","@id":"https:\/\/portaldoestado.com.br\/#\/schema\/logo\/image\/","url":"https:\/\/portaldoestado.com.br\/wp-content\/uploads\/2025\/04\/cropped-6f69b19a-6472-43bf-b1b3-e1910bbbd4e8.png","contentUrl":"https:\/\/portaldoestado.com.br\/wp-content\/uploads\/2025\/04\/cropped-6f69b19a-6472-43bf-b1b3-e1910bbbd4e8.png","width":1024,"height":350,"caption":"Portal do Estado"},"image":{"@id":"https:\/\/portaldoestado.com.br\/#\/schema\/logo\/image\/"}},{"@type":"Person","@id":"https:\/\/portaldoestado.com.br\/#\/schema\/person\/5ca0174f3c8c84b59da62ea14b698cb9","name":"assessoriadefamosos","image":{"@type":"ImageObject","inLanguage":"pt-BR","@id":"https:\/\/portaldoestado.com.br\/#\/schema\/person\/image\/","url":"https:\/\/secure.gravatar.com\/avatar\/a7acbdffcfbbae7240e59f47fe511ec5f5d8c252c779f0b8d9ab02a9e1d8c5ed?s=96&d=mm&r=g","contentUrl":"https:\/\/secure.gravatar.com\/avatar\/a7acbdffcfbbae7240e59f47fe511ec5f5d8c252c779f0b8d9ab02a9e1d8c5ed?s=96&d=mm&r=g","caption":"assessoriadefamosos"},"url":"https:\/\/portaldoestado.com.br\/index.php\/author\/assessoriadefamosos\/"}]}},"jetpack_featured_media_url":"https:\/\/portaldoestado.com.br\/wp-content\/uploads\/2026\/01\/189151cd-1b1e-405f-be54-55488c46777d.jpg","_links":{"self":[{"href":"https:\/\/portaldoestado.com.br\/index.php\/wp-json\/wp\/v2\/posts\/5974","targetHints":{"allow":["GET"]}}],"collection":[{"href":"https:\/\/portaldoestado.com.br\/index.php\/wp-json\/wp\/v2\/posts"}],"about":[{"href":"https:\/\/portaldoestado.com.br\/index.php\/wp-json\/wp\/v2\/types\/post"}],"author":[{"embeddable":true,"href":"https:\/\/portaldoestado.com.br\/index.php\/wp-json\/wp\/v2\/users\/2"}],"replies":[{"embeddable":true,"href":"https:\/\/portaldoestado.com.br\/index.php\/wp-json\/wp\/v2\/comments?post=5974"}],"version-history":[{"count":1,"href":"https:\/\/portaldoestado.com.br\/index.php\/wp-json\/wp\/v2\/posts\/5974\/revisions"}],"predecessor-version":[{"id":5975,"href":"https:\/\/portaldoestado.com.br\/index.php\/wp-json\/wp\/v2\/posts\/5974\/revisions\/5975"}],"wp:featuredmedia":[{"embeddable":true,"href":"https:\/\/portaldoestado.com.br\/index.php\/wp-json\/wp\/v2\/media\/5973"}],"wp:attachment":[{"href":"https:\/\/portaldoestado.com.br\/index.php\/wp-json\/wp\/v2\/media?parent=5974"}],"wp:term":[{"taxonomy":"category","embeddable":true,"href":"https:\/\/portaldoestado.com.br\/index.php\/wp-json\/wp\/v2\/categories?post=5974"},{"taxonomy":"post_tag","embeddable":true,"href":"https:\/\/portaldoestado.com.br\/index.php\/wp-json\/wp\/v2\/tags?post=5974"}],"curies":[{"name":"wp","href":"https:\/\/api.w.org\/{rel}","templated":true}]}}