{"id":5956,"date":"2026-01-22T04:50:04","date_gmt":"2026-01-22T04:50:04","guid":{"rendered":"https:\/\/portaldoestado.com.br\/?p=5956"},"modified":"2026-01-22T04:50:04","modified_gmt":"2026-01-22T04:50:04","slug":"museu-do-vinho-de-gramado-cultura-enogastronomia-e-bistro-em-um-so-lugar","status":"publish","type":"post","link":"https:\/\/portaldoestado.com.br\/index.php\/2026\/01\/22\/museu-do-vinho-de-gramado-cultura-enogastronomia-e-bistro-em-um-so-lugar\/","title":{"rendered":"Museu do Vinho de Gramado: cultura, enogastronomia e bistr\u00f4 em um s\u00f3 lugar"},"content":{"rendered":"\n<p>Mais do que um espa\u00e7o expositivo, o <strong>Museu do Vinho de Gramado<\/strong> convida o visitante a viver uma verdadeira imers\u00e3o sensorial onde hist\u00f3ria, cultura e gastronomia caminham juntas. A identidade enogastron\u00f4mica do museu \u00e9 marcada por uma <strong>cozinha afetiva de alma serrana<\/strong>, inspirada na heran\u00e7a <strong>\u00edtalo-ga\u00facha<\/strong>, que transforma cada refei\u00e7\u00e3o em uma extens\u00e3o da narrativa do vinho.<\/p>\n\n\n\n<p>O <strong>menu harmonizado<\/strong>, cuidadosamente elaborado com <strong>vinhos selecionados da Serra Ga\u00facha<\/strong>, integra a experi\u00eancia como parte essencial do roteiro cultural. Cada prato dialoga com o terroir regional, valorizando ingredientes produzidos de forma artesanal e respeitando o tempo da boa mesa. Caf\u00e9s especiais e sobremesas completam a experi\u00eancia, convidando o visitante a desacelerar e apreciar cada detalhe.<\/p>\n\n\n\n<p>O espa\u00e7o gastron\u00f4mico mant\u00e9m viva a tradi\u00e7\u00e3o do vinho enquanto apresenta ao p\u00fablico um <strong>bistr\u00f4 acolhedor<\/strong>, dedicado ao sabor, \u00e0 mem\u00f3ria e \u00e0s pr\u00e1ticas que atravessam gera\u00e7\u00f5es. O ambiente, de atmosfera intimista e serrana, refor\u00e7a a proposta de unir <strong>mesa posta e patrim\u00f4nio cultural<\/strong>, conduzindo a experi\u00eancia com calma, aten\u00e7\u00e3o e sensibilidade.<\/p>\n\n\n\n<p>As <strong>reservas para o rod\u00edzio<\/strong> podem ser feitas para o almo\u00e7o, de <strong>ter\u00e7a a domingo, das 11h \u00e0s 16h<\/strong>, ou para os jantares, de <strong>quinta a s\u00e1bado<\/strong>, em dois hor\u00e1rios: <strong>19h ou 20h30<\/strong>. J\u00e1 o Museu funciona diariamente, das <strong>11h \u00e0s 17h<\/strong>, com <strong>visitas guiadas, degusta\u00e7\u00f5es mediante agendamento<\/strong> e acesso \u00e0 enoteca.<\/p>\n\n\n<!-- wp:heading \"level\":3 -->\n<h3 class=\"wp-block-heading\">Enoteca e Bistr\u00f4: sabores para levar e viver<\/h3>\n<!-- \/wp:post-content -->\n\n<!-- wp:paragraph -->\n<p>Al\u00e9m da exposi\u00e7\u00e3o principal e das degusta\u00e7\u00f5es, o Museu do Vinho oferece experi\u00eancias completas para todos os p\u00fablicos. Na <strong>Enoteca<\/strong>, o visitante pode levar para casa <strong>r\u00f3tulos exclusivos da Serra Ga\u00facha<\/strong>, al\u00e9m de acess\u00f3rios para vinho como abridores e decanters. O espa\u00e7o tamb\u00e9m re\u00fane <strong>produtos coloniais artesanais<\/strong>, como geleias, compotas, sucos e t\u00e1buas produzidas por fornecedores locais.<\/p>\n<!-- \/wp:paragraph -->\n\n<!-- wp:paragraph -->\n<p>J\u00e1 o <strong>Bistr\u00f4<\/strong> refor\u00e7a o compromisso com a valoriza\u00e7\u00e3o da gastronomia regional, oferecendo o menu harmonizado como uma celebra\u00e7\u00e3o do encontro entre a boa comida e a vinicultura ga\u00facha, sempre com foco na qualidade, na origem dos ingredientes e na experi\u00eancia sensorial.<\/p>\n<!-- \/wp:paragraph -->\n\n<!-- wp:heading \"level\":3 -->\n<h3 class=\"wp-block-heading\">Hist\u00f3ria, cultura e degusta\u00e7\u00e3o<\/h3>\n<!-- \/wp:heading -->\n\n<!-- wp:paragraph -->\n<p>Localizado em <strong>Gramado (RS)<\/strong>, o Museu do Vinho \u00e9 dedicado a contar a hist\u00f3ria milenar dessa bebida, com aten\u00e7\u00e3o especial ao desenvolvimento e \u00e0 identidade do <strong>terroir ga\u00facho<\/strong>. A visita \u00e9 uma verdadeira viagem no tempo, conduzida por guias que apresentam os principais cap\u00edtulos da evolu\u00e7\u00e3o do vinho, unindo conhecimento hist\u00f3rico, cient\u00edfico e cultural.<\/p>\n<!-- \/wp:paragraph -->\n\n<!-- wp:paragraph -->\n<p>O acervo conta com <strong>m\u00e1quinas centen\u00e1rias<\/strong>, pain\u00e9is hist\u00f3ricos e um circuito educativo que culmina em degusta\u00e7\u00f5es de r\u00f3tulos da Serra Ga\u00facha. Mais do que um museu, o espa\u00e7o se consolida como um <strong>atrativo imperd\u00edvel do turismo de Gramado<\/strong>, fortalecendo a cultura vitivin\u00edcola e criando conex\u00f5es profundas entre o visitante e o universo do vinho.<\/p>\n<!-- \/wp:paragraph -->\n\n<!-- wp:paragraph -->\n<p>Entre tradi\u00e7\u00e3o, sabor e mem\u00f3ria, cada detalhe do Museu do Vinho foi pensado para encantar, ensinar e valorizar aquilo que a Serra Ga\u00facha tem de mais aut\u00eantico. \ud83c\udf47\ud83c\udf77<\/p>\n<!-- \/wp:paragraph -->\n\n<!-- wp:paragraph -->\n<p>Se quiser, posso adaptar o texto para <strong>site institucional, release para imprensa, redes sociais ou material tur\u00edstico<\/strong>.<\/p>\n<!-- \/wp:paragraph -->","protected":false},"excerpt":{"rendered":"<p>Mais do que um espa\u00e7o expositivo, o Museu do Vinho de Gramado convida o visitante a viver uma verdadeira imers\u00e3o sensorial onde hist\u00f3ria, cultura e gastronomia caminham juntas. A identidade enogastron\u00f4mica do museu \u00e9 marcada por uma cozinha afetiva de alma serrana, inspirada na heran\u00e7a \u00edtalo-ga\u00facha, que transforma cada refei\u00e7\u00e3o em uma extens\u00e3o da narrativa \u2026<\/p>\n","protected":false},"author":2,"featured_media":5955,"comment_status":"closed","ping_status":"open","sticky":false,"template":"","format":"standard","meta":{"footnotes":""},"categories":[4],"tags":[],"class_list":["post-5956","post","type-post","status-publish","format-standard","has-post-thumbnail","hentry","category-geral"],"yoast_head":"<!-- This site is optimized with the Yoast SEO plugin v25.5 - https:\/\/yoast.com\/wordpress\/plugins\/seo\/ -->\n<title>Museu do Vinho de Gramado: cultura, enogastronomia e bistr\u00f4 em um s\u00f3 lugar - Portal do Estado<\/title>\n<meta name=\"robots\" content=\"index, follow, max-snippet:-1, max-image-preview:large, max-video-preview:-1\" \/>\n<link rel=\"canonical\" href=\"https:\/\/portaldoestado.com.br\/index.php\/2026\/01\/22\/museu-do-vinho-de-gramado-cultura-enogastronomia-e-bistro-em-um-so-lugar\/\" \/>\n<meta property=\"og:locale\" content=\"pt_BR\" \/>\n<meta property=\"og:type\" content=\"article\" \/>\n<meta property=\"og:title\" content=\"Museu do Vinho de Gramado: cultura, enogastronomia e bistr\u00f4 em um s\u00f3 lugar - Portal do Estado\" \/>\n<meta property=\"og:description\" content=\"Mais do que um espa\u00e7o expositivo, o Museu do Vinho de Gramado convida o visitante a viver uma verdadeira imers\u00e3o sensorial onde hist\u00f3ria, cultura e gastronomia caminham juntas. A identidade enogastron\u00f4mica do museu \u00e9 marcada por uma cozinha afetiva de alma serrana, inspirada na heran\u00e7a \u00edtalo-ga\u00facha, que transforma cada refei\u00e7\u00e3o em uma extens\u00e3o da narrativa \u2026\" \/>\n<meta property=\"og:url\" content=\"https:\/\/portaldoestado.com.br\/index.php\/2026\/01\/22\/museu-do-vinho-de-gramado-cultura-enogastronomia-e-bistro-em-um-so-lugar\/\" \/>\n<meta property=\"og:site_name\" content=\"Portal do Estado\" \/>\n<meta property=\"article:published_time\" content=\"2026-01-22T04:50:04+00:00\" \/>\n<meta property=\"og:image\" content=\"https:\/\/portaldoestado.com.br\/wp-content\/uploads\/2026\/01\/20250106170620.webp\" \/>\n\t<meta property=\"og:image:width\" content=\"780\" \/>\n\t<meta property=\"og:image:height\" content=\"330\" \/>\n\t<meta property=\"og:image:type\" content=\"image\/webp\" \/>\n<meta name=\"author\" content=\"assessoriadefamosos\" \/>\n<meta name=\"twitter:card\" content=\"summary_large_image\" \/>\n<meta name=\"twitter:label1\" content=\"Escrito por\" \/>\n\t<meta name=\"twitter:data1\" content=\"assessoriadefamosos\" \/>\n\t<meta name=\"twitter:label2\" content=\"Est. tempo de leitura\" \/>\n\t<meta name=\"twitter:data2\" content=\"3 minutos\" \/>\n<script type=\"application\/ld+json\" class=\"yoast-schema-graph\">{\"@context\":\"https:\/\/schema.org\",\"@graph\":[{\"@type\":\"Article\",\"@id\":\"https:\/\/portaldoestado.com.br\/index.php\/2026\/01\/22\/museu-do-vinho-de-gramado-cultura-enogastronomia-e-bistro-em-um-so-lugar\/#article\",\"isPartOf\":{\"@id\":\"https:\/\/portaldoestado.com.br\/index.php\/2026\/01\/22\/museu-do-vinho-de-gramado-cultura-enogastronomia-e-bistro-em-um-so-lugar\/\"},\"author\":{\"name\":\"assessoriadefamosos\",\"@id\":\"https:\/\/portaldoestado.com.br\/#\/schema\/person\/5ca0174f3c8c84b59da62ea14b698cb9\"},\"headline\":\"Museu do Vinho de Gramado: cultura, enogastronomia e bistr\u00f4 em um s\u00f3 lugar\",\"datePublished\":\"2026-01-22T04:50:04+00:00\",\"mainEntityOfPage\":{\"@id\":\"https:\/\/portaldoestado.com.br\/index.php\/2026\/01\/22\/museu-do-vinho-de-gramado-cultura-enogastronomia-e-bistro-em-um-so-lugar\/\"},\"wordCount\":560,\"publisher\":{\"@id\":\"https:\/\/portaldoestado.com.br\/#organization\"},\"image\":{\"@id\":\"https:\/\/portaldoestado.com.br\/index.php\/2026\/01\/22\/museu-do-vinho-de-gramado-cultura-enogastronomia-e-bistro-em-um-so-lugar\/#primaryimage\"},\"thumbnailUrl\":\"https:\/\/portaldoestado.com.br\/wp-content\/uploads\/2026\/01\/20250106170620.webp\",\"articleSection\":[\"Geral\"],\"inLanguage\":\"pt-BR\"},{\"@type\":\"WebPage\",\"@id\":\"https:\/\/portaldoestado.com.br\/index.php\/2026\/01\/22\/museu-do-vinho-de-gramado-cultura-enogastronomia-e-bistro-em-um-so-lugar\/\",\"url\":\"https:\/\/portaldoestado.com.br\/index.php\/2026\/01\/22\/museu-do-vinho-de-gramado-cultura-enogastronomia-e-bistro-em-um-so-lugar\/\",\"name\":\"Museu do Vinho de Gramado: cultura, enogastronomia e bistr\u00f4 em um s\u00f3 lugar - Portal do Estado\",\"isPartOf\":{\"@id\":\"https:\/\/portaldoestado.com.br\/#website\"},\"primaryImageOfPage\":{\"@id\":\"https:\/\/portaldoestado.com.br\/index.php\/2026\/01\/22\/museu-do-vinho-de-gramado-cultura-enogastronomia-e-bistro-em-um-so-lugar\/#primaryimage\"},\"image\":{\"@id\":\"https:\/\/portaldoestado.com.br\/index.php\/2026\/01\/22\/museu-do-vinho-de-gramado-cultura-enogastronomia-e-bistro-em-um-so-lugar\/#primaryimage\"},\"thumbnailUrl\":\"https:\/\/portaldoestado.com.br\/wp-content\/uploads\/2026\/01\/20250106170620.webp\",\"datePublished\":\"2026-01-22T04:50:04+00:00\",\"breadcrumb\":{\"@id\":\"https:\/\/portaldoestado.com.br\/index.php\/2026\/01\/22\/museu-do-vinho-de-gramado-cultura-enogastronomia-e-bistro-em-um-so-lugar\/#breadcrumb\"},\"inLanguage\":\"pt-BR\",\"potentialAction\":[{\"@type\":\"ReadAction\",\"target\":[\"https:\/\/portaldoestado.com.br\/index.php\/2026\/01\/22\/museu-do-vinho-de-gramado-cultura-enogastronomia-e-bistro-em-um-so-lugar\/\"]}]},{\"@type\":\"ImageObject\",\"inLanguage\":\"pt-BR\",\"@id\":\"https:\/\/portaldoestado.com.br\/index.php\/2026\/01\/22\/museu-do-vinho-de-gramado-cultura-enogastronomia-e-bistro-em-um-so-lugar\/#primaryimage\",\"url\":\"https:\/\/portaldoestado.com.br\/wp-content\/uploads\/2026\/01\/20250106170620.webp\",\"contentUrl\":\"https:\/\/portaldoestado.com.br\/wp-content\/uploads\/2026\/01\/20250106170620.webp\",\"width\":780,\"height\":330},{\"@type\":\"BreadcrumbList\",\"@id\":\"https:\/\/portaldoestado.com.br\/index.php\/2026\/01\/22\/museu-do-vinho-de-gramado-cultura-enogastronomia-e-bistro-em-um-so-lugar\/#breadcrumb\",\"itemListElement\":[{\"@type\":\"ListItem\",\"position\":1,\"name\":\"In\u00edcio\",\"item\":\"https:\/\/portaldoestado.com.br\/\"},{\"@type\":\"ListItem\",\"position\":2,\"name\":\"Museu do Vinho de Gramado: cultura, enogastronomia e bistr\u00f4 em um s\u00f3 lugar\"}]},{\"@type\":\"WebSite\",\"@id\":\"https:\/\/portaldoestado.com.br\/#website\",\"url\":\"https:\/\/portaldoestado.com.br\/\",\"name\":\"Portal do Estado\",\"description\":\"\",\"publisher\":{\"@id\":\"https:\/\/portaldoestado.com.br\/#organization\"},\"potentialAction\":[{\"@type\":\"SearchAction\",\"target\":{\"@type\":\"EntryPoint\",\"urlTemplate\":\"https:\/\/portaldoestado.com.br\/?s={search_term_string}\"},\"query-input\":{\"@type\":\"PropertyValueSpecification\",\"valueRequired\":true,\"valueName\":\"search_term_string\"}}],\"inLanguage\":\"pt-BR\"},{\"@type\":\"Organization\",\"@id\":\"https:\/\/portaldoestado.com.br\/#organization\",\"name\":\"Portal do Estado\",\"url\":\"https:\/\/portaldoestado.com.br\/\",\"logo\":{\"@type\":\"ImageObject\",\"inLanguage\":\"pt-BR\",\"@id\":\"https:\/\/portaldoestado.com.br\/#\/schema\/logo\/image\/\",\"url\":\"https:\/\/portaldoestado.com.br\/wp-content\/uploads\/2025\/04\/cropped-6f69b19a-6472-43bf-b1b3-e1910bbbd4e8.png\",\"contentUrl\":\"https:\/\/portaldoestado.com.br\/wp-content\/uploads\/2025\/04\/cropped-6f69b19a-6472-43bf-b1b3-e1910bbbd4e8.png\",\"width\":1024,\"height\":350,\"caption\":\"Portal do Estado\"},\"image\":{\"@id\":\"https:\/\/portaldoestado.com.br\/#\/schema\/logo\/image\/\"}},{\"@type\":\"Person\",\"@id\":\"https:\/\/portaldoestado.com.br\/#\/schema\/person\/5ca0174f3c8c84b59da62ea14b698cb9\",\"name\":\"assessoriadefamosos\",\"image\":{\"@type\":\"ImageObject\",\"inLanguage\":\"pt-BR\",\"@id\":\"https:\/\/portaldoestado.com.br\/#\/schema\/person\/image\/\",\"url\":\"https:\/\/secure.gravatar.com\/avatar\/a7acbdffcfbbae7240e59f47fe511ec5f5d8c252c779f0b8d9ab02a9e1d8c5ed?s=96&d=mm&r=g\",\"contentUrl\":\"https:\/\/secure.gravatar.com\/avatar\/a7acbdffcfbbae7240e59f47fe511ec5f5d8c252c779f0b8d9ab02a9e1d8c5ed?s=96&d=mm&r=g\",\"caption\":\"assessoriadefamosos\"},\"url\":\"https:\/\/portaldoestado.com.br\/index.php\/author\/assessoriadefamosos\/\"}]}<\/script>\n<!-- \/ Yoast SEO plugin. -->","yoast_head_json":{"title":"Museu do Vinho de Gramado: cultura, enogastronomia e bistr\u00f4 em um s\u00f3 lugar - Portal do Estado","robots":{"index":"index","follow":"follow","max-snippet":"max-snippet:-1","max-image-preview":"max-image-preview:large","max-video-preview":"max-video-preview:-1"},"canonical":"https:\/\/portaldoestado.com.br\/index.php\/2026\/01\/22\/museu-do-vinho-de-gramado-cultura-enogastronomia-e-bistro-em-um-so-lugar\/","og_locale":"pt_BR","og_type":"article","og_title":"Museu do Vinho de Gramado: cultura, enogastronomia e bistr\u00f4 em um s\u00f3 lugar - Portal do Estado","og_description":"Mais do que um espa\u00e7o expositivo, o Museu do Vinho de Gramado convida o visitante a viver uma verdadeira imers\u00e3o sensorial onde hist\u00f3ria, cultura e gastronomia caminham juntas. A identidade enogastron\u00f4mica do museu \u00e9 marcada por uma cozinha afetiva de alma serrana, inspirada na heran\u00e7a \u00edtalo-ga\u00facha, que transforma cada refei\u00e7\u00e3o em uma extens\u00e3o da narrativa \u2026","og_url":"https:\/\/portaldoestado.com.br\/index.php\/2026\/01\/22\/museu-do-vinho-de-gramado-cultura-enogastronomia-e-bistro-em-um-so-lugar\/","og_site_name":"Portal do Estado","article_published_time":"2026-01-22T04:50:04+00:00","og_image":[{"width":780,"height":330,"url":"https:\/\/portaldoestado.com.br\/wp-content\/uploads\/2026\/01\/20250106170620.webp","type":"image\/webp"}],"author":"assessoriadefamosos","twitter_card":"summary_large_image","twitter_misc":{"Escrito por":"assessoriadefamosos","Est. tempo de leitura":"3 minutos"},"schema":{"@context":"https:\/\/schema.org","@graph":[{"@type":"Article","@id":"https:\/\/portaldoestado.com.br\/index.php\/2026\/01\/22\/museu-do-vinho-de-gramado-cultura-enogastronomia-e-bistro-em-um-so-lugar\/#article","isPartOf":{"@id":"https:\/\/portaldoestado.com.br\/index.php\/2026\/01\/22\/museu-do-vinho-de-gramado-cultura-enogastronomia-e-bistro-em-um-so-lugar\/"},"author":{"name":"assessoriadefamosos","@id":"https:\/\/portaldoestado.com.br\/#\/schema\/person\/5ca0174f3c8c84b59da62ea14b698cb9"},"headline":"Museu do Vinho de Gramado: cultura, enogastronomia e bistr\u00f4 em um s\u00f3 lugar","datePublished":"2026-01-22T04:50:04+00:00","mainEntityOfPage":{"@id":"https:\/\/portaldoestado.com.br\/index.php\/2026\/01\/22\/museu-do-vinho-de-gramado-cultura-enogastronomia-e-bistro-em-um-so-lugar\/"},"wordCount":560,"publisher":{"@id":"https:\/\/portaldoestado.com.br\/#organization"},"image":{"@id":"https:\/\/portaldoestado.com.br\/index.php\/2026\/01\/22\/museu-do-vinho-de-gramado-cultura-enogastronomia-e-bistro-em-um-so-lugar\/#primaryimage"},"thumbnailUrl":"https:\/\/portaldoestado.com.br\/wp-content\/uploads\/2026\/01\/20250106170620.webp","articleSection":["Geral"],"inLanguage":"pt-BR"},{"@type":"WebPage","@id":"https:\/\/portaldoestado.com.br\/index.php\/2026\/01\/22\/museu-do-vinho-de-gramado-cultura-enogastronomia-e-bistro-em-um-so-lugar\/","url":"https:\/\/portaldoestado.com.br\/index.php\/2026\/01\/22\/museu-do-vinho-de-gramado-cultura-enogastronomia-e-bistro-em-um-so-lugar\/","name":"Museu do Vinho de Gramado: cultura, enogastronomia e bistr\u00f4 em um s\u00f3 lugar - Portal do Estado","isPartOf":{"@id":"https:\/\/portaldoestado.com.br\/#website"},"primaryImageOfPage":{"@id":"https:\/\/portaldoestado.com.br\/index.php\/2026\/01\/22\/museu-do-vinho-de-gramado-cultura-enogastronomia-e-bistro-em-um-so-lugar\/#primaryimage"},"image":{"@id":"https:\/\/portaldoestado.com.br\/index.php\/2026\/01\/22\/museu-do-vinho-de-gramado-cultura-enogastronomia-e-bistro-em-um-so-lugar\/#primaryimage"},"thumbnailUrl":"https:\/\/portaldoestado.com.br\/wp-content\/uploads\/2026\/01\/20250106170620.webp","datePublished":"2026-01-22T04:50:04+00:00","breadcrumb":{"@id":"https:\/\/portaldoestado.com.br\/index.php\/2026\/01\/22\/museu-do-vinho-de-gramado-cultura-enogastronomia-e-bistro-em-um-so-lugar\/#breadcrumb"},"inLanguage":"pt-BR","potentialAction":[{"@type":"ReadAction","target":["https:\/\/portaldoestado.com.br\/index.php\/2026\/01\/22\/museu-do-vinho-de-gramado-cultura-enogastronomia-e-bistro-em-um-so-lugar\/"]}]},{"@type":"ImageObject","inLanguage":"pt-BR","@id":"https:\/\/portaldoestado.com.br\/index.php\/2026\/01\/22\/museu-do-vinho-de-gramado-cultura-enogastronomia-e-bistro-em-um-so-lugar\/#primaryimage","url":"https:\/\/portaldoestado.com.br\/wp-content\/uploads\/2026\/01\/20250106170620.webp","contentUrl":"https:\/\/portaldoestado.com.br\/wp-content\/uploads\/2026\/01\/20250106170620.webp","width":780,"height":330},{"@type":"BreadcrumbList","@id":"https:\/\/portaldoestado.com.br\/index.php\/2026\/01\/22\/museu-do-vinho-de-gramado-cultura-enogastronomia-e-bistro-em-um-so-lugar\/#breadcrumb","itemListElement":[{"@type":"ListItem","position":1,"name":"In\u00edcio","item":"https:\/\/portaldoestado.com.br\/"},{"@type":"ListItem","position":2,"name":"Museu do Vinho de Gramado: cultura, enogastronomia e bistr\u00f4 em um s\u00f3 lugar"}]},{"@type":"WebSite","@id":"https:\/\/portaldoestado.com.br\/#website","url":"https:\/\/portaldoestado.com.br\/","name":"Portal do Estado","description":"","publisher":{"@id":"https:\/\/portaldoestado.com.br\/#organization"},"potentialAction":[{"@type":"SearchAction","target":{"@type":"EntryPoint","urlTemplate":"https:\/\/portaldoestado.com.br\/?s={search_term_string}"},"query-input":{"@type":"PropertyValueSpecification","valueRequired":true,"valueName":"search_term_string"}}],"inLanguage":"pt-BR"},{"@type":"Organization","@id":"https:\/\/portaldoestado.com.br\/#organization","name":"Portal do Estado","url":"https:\/\/portaldoestado.com.br\/","logo":{"@type":"ImageObject","inLanguage":"pt-BR","@id":"https:\/\/portaldoestado.com.br\/#\/schema\/logo\/image\/","url":"https:\/\/portaldoestado.com.br\/wp-content\/uploads\/2025\/04\/cropped-6f69b19a-6472-43bf-b1b3-e1910bbbd4e8.png","contentUrl":"https:\/\/portaldoestado.com.br\/wp-content\/uploads\/2025\/04\/cropped-6f69b19a-6472-43bf-b1b3-e1910bbbd4e8.png","width":1024,"height":350,"caption":"Portal do Estado"},"image":{"@id":"https:\/\/portaldoestado.com.br\/#\/schema\/logo\/image\/"}},{"@type":"Person","@id":"https:\/\/portaldoestado.com.br\/#\/schema\/person\/5ca0174f3c8c84b59da62ea14b698cb9","name":"assessoriadefamosos","image":{"@type":"ImageObject","inLanguage":"pt-BR","@id":"https:\/\/portaldoestado.com.br\/#\/schema\/person\/image\/","url":"https:\/\/secure.gravatar.com\/avatar\/a7acbdffcfbbae7240e59f47fe511ec5f5d8c252c779f0b8d9ab02a9e1d8c5ed?s=96&d=mm&r=g","contentUrl":"https:\/\/secure.gravatar.com\/avatar\/a7acbdffcfbbae7240e59f47fe511ec5f5d8c252c779f0b8d9ab02a9e1d8c5ed?s=96&d=mm&r=g","caption":"assessoriadefamosos"},"url":"https:\/\/portaldoestado.com.br\/index.php\/author\/assessoriadefamosos\/"}]}},"jetpack_featured_media_url":"https:\/\/portaldoestado.com.br\/wp-content\/uploads\/2026\/01\/20250106170620.webp","_links":{"self":[{"href":"https:\/\/portaldoestado.com.br\/index.php\/wp-json\/wp\/v2\/posts\/5956","targetHints":{"allow":["GET"]}}],"collection":[{"href":"https:\/\/portaldoestado.com.br\/index.php\/wp-json\/wp\/v2\/posts"}],"about":[{"href":"https:\/\/portaldoestado.com.br\/index.php\/wp-json\/wp\/v2\/types\/post"}],"author":[{"embeddable":true,"href":"https:\/\/portaldoestado.com.br\/index.php\/wp-json\/wp\/v2\/users\/2"}],"replies":[{"embeddable":true,"href":"https:\/\/portaldoestado.com.br\/index.php\/wp-json\/wp\/v2\/comments?post=5956"}],"version-history":[{"count":1,"href":"https:\/\/portaldoestado.com.br\/index.php\/wp-json\/wp\/v2\/posts\/5956\/revisions"}],"predecessor-version":[{"id":5957,"href":"https:\/\/portaldoestado.com.br\/index.php\/wp-json\/wp\/v2\/posts\/5956\/revisions\/5957"}],"wp:featuredmedia":[{"embeddable":true,"href":"https:\/\/portaldoestado.com.br\/index.php\/wp-json\/wp\/v2\/media\/5955"}],"wp:attachment":[{"href":"https:\/\/portaldoestado.com.br\/index.php\/wp-json\/wp\/v2\/media?parent=5956"}],"wp:term":[{"taxonomy":"category","embeddable":true,"href":"https:\/\/portaldoestado.com.br\/index.php\/wp-json\/wp\/v2\/categories?post=5956"},{"taxonomy":"post_tag","embeddable":true,"href":"https:\/\/portaldoestado.com.br\/index.php\/wp-json\/wp\/v2\/tags?post=5956"}],"curies":[{"name":"wp","href":"https:\/\/api.w.org\/{rel}","templated":true}]}}