{"id":5953,"date":"2026-01-22T04:45:00","date_gmt":"2026-01-22T04:45:00","guid":{"rendered":"https:\/\/portaldoestado.com.br\/?p=5953"},"modified":"2026-01-22T04:45:00","modified_gmt":"2026-01-22T04:45:00","slug":"parque-do-caracol-encanta-visitantes-e-se-consolida-como-uma-das-maiores-experiencias-da-serra-gaucha","status":"publish","type":"post","link":"https:\/\/portaldoestado.com.br\/index.php\/2026\/01\/22\/parque-do-caracol-encanta-visitantes-e-se-consolida-como-uma-das-maiores-experiencias-da-serra-gaucha\/","title":{"rendered":"Parque do Caracol encanta visitantes e se consolida como uma das maiores experi\u00eancias da Serra Ga\u00facha"},"content":{"rendered":"\n<p>A equipe do <em>T\u00f4 Na Fama<\/em> esteve em Canela, na Serra Ga\u00facha, e acompanhou de perto tudo o que faz do Parque do Caracol um dos destinos tur\u00edsticos mais fascinantes do Sul do Brasil. Mais do que um cart\u00e3o-postal, o local entrega uma verdadeira imers\u00e3o em natureza, cultura, aventura e gastronomia, capaz de surpreender visitantes de todas as idades.<\/p>\n\n\n\n<p>Inaugurado em 1973, o Parque do Caracol \u00e9 um dos atrativos mais tradicionais da regi\u00e3o e recebe anualmente mais de 250 mil visitantes. Cercado por uma exuberante mata de arauc\u00e1rias, o famoso \u201cpinheiro\u201d ga\u00facho, o parque convida o p\u00fablico a desacelerar, observar e viver experi\u00eancias que conectam o homem \u00e0 natureza de forma intensa e sensorial.<\/p>\n\n\n\n<p>Durante a visita, a equipe do <em>T\u00f4 Na Fama<\/em> percorreu trilhas, mirantes e espa\u00e7os rec\u00e9m-revitalizados, confirmando de perto o cuidado do parque em oferecer uma experi\u00eancia completa e bem estruturada. Um dos grandes diferenciais \u00e9 o <strong>Passaporte do Caracol \u2013 Uma jornada na natureza<\/strong>, um mapa ilustrado interativo que conduz o visitante por dez pontos de visita\u00e7\u00e3o espalhados pelo parque, incentivando uma explora\u00e7\u00e3o l\u00fadica e personalizada.<\/p>\n\n\n\n<p>O passeio come\u00e7a e termina na <strong>Pra\u00e7a dos Ga\u00fachos<\/strong>, a nova entrada do parque. O espa\u00e7o re\u00fane lojas com produtos t\u00edpicos do Rio Grande do Sul, como itens para chimarr\u00e3o, vinhos, chocolates, queijos, salames, geleias artesanais, roupas, souvenirs e at\u00e9 o famoso doce romeno Royal Trudel. No local, tamb\u00e9m est\u00e1 a Casa do Viajante, que oferece aluguel de capas de chuva, carrinhos de beb\u00ea, grelhas e espetos, al\u00e9m da venda de carv\u00e3o para quem deseja preparar o tradicional assado ga\u00facho nas churrasqueiras do parque. A loja de fotografia oficial garante registros especiais do passeio, eternizando a experi\u00eancia em cen\u00e1rios exclusivos.<\/p>\n\n\n\n<p>Entre os pontos carimbados no passaporte est\u00e3o o <strong>Observat\u00f3rio \u2013 Torre Arauc\u00e1ria<\/strong>, que proporciona uma vista impactante da Cascata do Caracol a partir do topo das \u00e1rvores; o <strong>Bosque dos Xaxins<\/strong>; a <strong>Esta\u00e7\u00e3o Sonho Vivo<\/strong>, com passeio de trenzinho; o <strong>Deck da Cascata do Moinho<\/strong>; os mirantes das Corredeiras e da Barragem; a <strong>Casa Ra\u00edzes<\/strong>; al\u00e9m das churrasqueiras e do <strong>Restaurante Sabor e Flor<\/strong>. O parque tamb\u00e9m oferece atividades de aventura, como o Salto e Passeio de P\u00eandulo, operados pela Natural Extremo, al\u00e9m de quadras esportivas e red\u00e1rios de uso livre.<\/p>\n\n\n\n<p>Ao completar todos os carimbos do passaporte, o visitante pode avaliar sua experi\u00eancia e participar de um momento simb\u00f3lico: amarrar uma fitinha com um desejo no chamado \u201ccora\u00e7\u00e3o da natureza\u201d, localizado na Pra\u00e7a dos Ga\u00fachos.<\/p>\n\n\n\n<p>O Parque do Caracol tamb\u00e9m se destaca pelo cuidado com o p\u00fablico infantil e com a inclus\u00e3o. Os parquinhos Floresta e Serelepe contam com brinquedos modernos e adaptados, garantindo divers\u00e3o segura para crian\u00e7as, inclusive aquelas com algum tipo de defici\u00eancia.<\/p>\n\n\n\n<p>Outro ponto alto \u00e9 a programa\u00e7\u00e3o fixa de atra\u00e7\u00f5es culturais. Aos s\u00e1bados e domingos, a Pra\u00e7a dos Ga\u00fachos se transforma em palco para apresenta\u00e7\u00f5es teatrais e musicais. O <strong>Show dos Protetores da Natureza<\/strong> encanta crian\u00e7as e adultos com uma encena\u00e7\u00e3o l\u00fadica que refor\u00e7a a import\u00e2ncia da preserva\u00e7\u00e3o ambiental. J\u00e1 o <strong>M\u00fasica no Parque<\/strong> leva ao p\u00fablico apresenta\u00e7\u00f5es ao vivo de estilos variados, como pop, rock e m\u00fasica regionalista, criando uma atmosfera ainda mais acolhedora ao longo do dia.<\/p>\n\n\n\n<p>A gastronomia tamb\u00e9m ganha destaque com a tradicional <strong>Feijoada no Parque<\/strong>, realizada no primeiro s\u00e1bado de cada m\u00eas e em datas especiais, no Restaurante Sabor e Flor. Servida em formato de buffet, a experi\u00eancia re\u00fane vers\u00f5es tradicionais, especiais e vegetarianas, acompanhadas de m\u00fasica ao vivo, refor\u00e7ando o car\u00e1ter cultural e familiar do atrativo.<\/p>\n\n\n<!-- wp:heading \"level\":3 -->\n<h3 class=\"wp-block-heading\">Novo Mirante da Cascata marca nova fase do parque<\/h3>\n<!-- \/wp:post-content -->\n\n<!-- wp:paragraph -->\n<p>Um dos momentos mais marcantes vividos pela equipe do <em>T\u00f4 Na Fama<\/em> foi conhecer o <strong>novo Mirante da Cascata do Caracol<\/strong>, inaugurado no ano passado ap\u00f3s uma ampla revitaliza\u00e7\u00e3o. A estrutura, que passou de um deck de 40 m\u00b2 para mais de 400 m\u00b2, totaliza hoje mais de 1.180 m\u00b2 e oferece a vista mais exclusiva da famosa queda d\u2019\u00e1gua de 131 metros de altura.<\/p>\n<!-- \/wp:paragraph -->\n\n<!-- wp:paragraph -->\n<p>A inaugura\u00e7\u00e3o reuniu autoridades estaduais e municipais, representantes do trade tur\u00edstico e imprensa, simbolizando um novo cap\u00edtulo para o parque. O mirante refor\u00e7a o posicionamento do Parque do Caracol como um atrativo capaz de oferecer diferentes \u00e2ngulos da Cascata, seja pelo Observat\u00f3rio Torre Arauc\u00e1ria, pelo Salto de P\u00eandulo ou agora pela vista cl\u00e1ssica e ampliada do mirante.<\/p>\n<!-- \/wp:paragraph -->\n\n<!-- wp:paragraph -->\n<p>O projeto, assinado pelo arquiteto \u00cdndio da Costa, respeita a paisagem natural e amplia a sensa\u00e7\u00e3o de integra\u00e7\u00e3o com o ambiente. Al\u00e9m disso, novas atra\u00e7\u00f5es j\u00e1 est\u00e3o previstas, incluindo uma novidade de aventura junto ao mirante e, para 2026, uma tirolesa em curva que promete se tornar uma das mais bonitas do mundo.<\/p>\n<!-- \/wp:paragraph -->\n\n<!-- wp:paragraph -->\n<p>O parque tamb\u00e9m inovou ao promover eventos especiais, como o <strong>Sunset no Parque<\/strong>, que une m\u00fasica e p\u00f4r do sol em um dos cen\u00e1rios mais emblem\u00e1ticos da Serra Ga\u00facha, al\u00e9m de ampliar seu hor\u00e1rio de funcionamento, passando a operar diariamente das 9h30 \u00e0s 19h.<\/p>\n<!-- \/wp:paragraph -->\n\n<!-- wp:heading \"level\":3 -->\n<h3 class=\"wp-block-heading\">Orgulho ga\u00facho e acesso facilitado<\/h3>\n<!-- \/wp:heading -->\n\n<!-- wp:paragraph -->\n<p>S\u00edmbolo da identidade e da autoestima dos ga\u00fachos, o Parque do Caracol oferece condi\u00e7\u00f5es especiais para moradores de Canela e Gramado, que t\u00eam entrada gratuita, e para ga\u00fachos e residentes do Rio Grande do Sul, que contam com o Bilhete Ga\u00facho a valor reduzido.<\/p>\n<!-- \/wp:paragraph -->\n\n<!-- wp:paragraph -->\n<p>Ap\u00f3s vivenciar cada detalhe, a equipe do <em>T\u00f4 Na Fama<\/em> sai com a certeza de que o Parque do Caracol vai muito al\u00e9m de um passeio tur\u00edstico. Trata-se de uma experi\u00eancia completa, que valoriza a natureza, a cultura regional e o bem-estar, reafirmando seu lugar como uma verdadeira joia da Serra Ga\u00facha e parada obrigat\u00f3ria para quem visita Canela.<\/p>\n<!-- \/wp:paragraph -->","protected":false},"excerpt":{"rendered":"<p>A equipe do T\u00f4 Na Fama esteve em Canela, na Serra Ga\u00facha, e acompanhou de perto tudo o que faz do Parque do Caracol um dos destinos tur\u00edsticos mais fascinantes do Sul do Brasil. Mais do que um cart\u00e3o-postal, o local entrega uma verdadeira imers\u00e3o em natureza, cultura, aventura e gastronomia, capaz de surpreender visitantes \u2026<\/p>\n","protected":false},"author":2,"featured_media":5952,"comment_status":"closed","ping_status":"open","sticky":false,"template":"","format":"standard","meta":{"footnotes":""},"categories":[4],"tags":[],"class_list":["post-5953","post","type-post","status-publish","format-standard","has-post-thumbnail","hentry","category-geral"],"yoast_head":"<!-- This site is optimized with the Yoast SEO plugin v25.5 - https:\/\/yoast.com\/wordpress\/plugins\/seo\/ -->\n<title>Parque do Caracol encanta visitantes e se consolida como uma das maiores experi\u00eancias da Serra Ga\u00facha - Portal do Estado<\/title>\n<meta name=\"robots\" content=\"index, follow, max-snippet:-1, max-image-preview:large, max-video-preview:-1\" \/>\n<link rel=\"canonical\" href=\"https:\/\/portaldoestado.com.br\/index.php\/2026\/01\/22\/parque-do-caracol-encanta-visitantes-e-se-consolida-como-uma-das-maiores-experiencias-da-serra-gaucha\/\" \/>\n<meta property=\"og:locale\" content=\"pt_BR\" \/>\n<meta property=\"og:type\" content=\"article\" \/>\n<meta property=\"og:title\" content=\"Parque do Caracol encanta visitantes e se consolida como uma das maiores experi\u00eancias da Serra Ga\u00facha - Portal do Estado\" \/>\n<meta property=\"og:description\" content=\"A equipe do T\u00f4 Na Fama esteve em Canela, na Serra Ga\u00facha, e acompanhou de perto tudo o que faz do Parque do Caracol um dos destinos tur\u00edsticos mais fascinantes do Sul do Brasil. Mais do que um cart\u00e3o-postal, o local entrega uma verdadeira imers\u00e3o em natureza, cultura, aventura e gastronomia, capaz de surpreender visitantes \u2026\" \/>\n<meta property=\"og:url\" content=\"https:\/\/portaldoestado.com.br\/index.php\/2026\/01\/22\/parque-do-caracol-encanta-visitantes-e-se-consolida-como-uma-das-maiores-experiencias-da-serra-gaucha\/\" \/>\n<meta property=\"og:site_name\" content=\"Portal do Estado\" \/>\n<meta property=\"article:published_time\" content=\"2026-01-22T04:45:00+00:00\" \/>\n<meta property=\"og:image\" content=\"https:\/\/portaldoestado.com.br\/wp-content\/uploads\/2026\/01\/Captura-de-tela-2026-01-22-013849.png\" \/>\n\t<meta property=\"og:image:width\" content=\"1070\" \/>\n\t<meta property=\"og:image:height\" content=\"548\" \/>\n\t<meta property=\"og:image:type\" content=\"image\/png\" \/>\n<meta name=\"author\" content=\"assessoriadefamosos\" \/>\n<meta name=\"twitter:card\" content=\"summary_large_image\" \/>\n<meta name=\"twitter:label1\" content=\"Escrito por\" \/>\n\t<meta name=\"twitter:data1\" content=\"assessoriadefamosos\" \/>\n\t<meta name=\"twitter:label2\" content=\"Est. tempo de leitura\" \/>\n\t<meta name=\"twitter:data2\" content=\"5 minutos\" \/>\n<script type=\"application\/ld+json\" class=\"yoast-schema-graph\">{\"@context\":\"https:\/\/schema.org\",\"@graph\":[{\"@type\":\"Article\",\"@id\":\"https:\/\/portaldoestado.com.br\/index.php\/2026\/01\/22\/parque-do-caracol-encanta-visitantes-e-se-consolida-como-uma-das-maiores-experiencias-da-serra-gaucha\/#article\",\"isPartOf\":{\"@id\":\"https:\/\/portaldoestado.com.br\/index.php\/2026\/01\/22\/parque-do-caracol-encanta-visitantes-e-se-consolida-como-uma-das-maiores-experiencias-da-serra-gaucha\/\"},\"author\":{\"name\":\"assessoriadefamosos\",\"@id\":\"https:\/\/portaldoestado.com.br\/#\/schema\/person\/5ca0174f3c8c84b59da62ea14b698cb9\"},\"headline\":\"Parque do Caracol encanta visitantes e se consolida como uma das maiores experi\u00eancias da Serra Ga\u00facha\",\"datePublished\":\"2026-01-22T04:45:00+00:00\",\"mainEntityOfPage\":{\"@id\":\"https:\/\/portaldoestado.com.br\/index.php\/2026\/01\/22\/parque-do-caracol-encanta-visitantes-e-se-consolida-como-uma-das-maiores-experiencias-da-serra-gaucha\/\"},\"wordCount\":1030,\"publisher\":{\"@id\":\"https:\/\/portaldoestado.com.br\/#organization\"},\"image\":{\"@id\":\"https:\/\/portaldoestado.com.br\/index.php\/2026\/01\/22\/parque-do-caracol-encanta-visitantes-e-se-consolida-como-uma-das-maiores-experiencias-da-serra-gaucha\/#primaryimage\"},\"thumbnailUrl\":\"https:\/\/portaldoestado.com.br\/wp-content\/uploads\/2026\/01\/Captura-de-tela-2026-01-22-013849.png\",\"articleSection\":[\"Geral\"],\"inLanguage\":\"pt-BR\"},{\"@type\":\"WebPage\",\"@id\":\"https:\/\/portaldoestado.com.br\/index.php\/2026\/01\/22\/parque-do-caracol-encanta-visitantes-e-se-consolida-como-uma-das-maiores-experiencias-da-serra-gaucha\/\",\"url\":\"https:\/\/portaldoestado.com.br\/index.php\/2026\/01\/22\/parque-do-caracol-encanta-visitantes-e-se-consolida-como-uma-das-maiores-experiencias-da-serra-gaucha\/\",\"name\":\"Parque do Caracol encanta visitantes e se consolida como uma das maiores experi\u00eancias da Serra Ga\u00facha - Portal do Estado\",\"isPartOf\":{\"@id\":\"https:\/\/portaldoestado.com.br\/#website\"},\"primaryImageOfPage\":{\"@id\":\"https:\/\/portaldoestado.com.br\/index.php\/2026\/01\/22\/parque-do-caracol-encanta-visitantes-e-se-consolida-como-uma-das-maiores-experiencias-da-serra-gaucha\/#primaryimage\"},\"image\":{\"@id\":\"https:\/\/portaldoestado.com.br\/index.php\/2026\/01\/22\/parque-do-caracol-encanta-visitantes-e-se-consolida-como-uma-das-maiores-experiencias-da-serra-gaucha\/#primaryimage\"},\"thumbnailUrl\":\"https:\/\/portaldoestado.com.br\/wp-content\/uploads\/2026\/01\/Captura-de-tela-2026-01-22-013849.png\",\"datePublished\":\"2026-01-22T04:45:00+00:00\",\"breadcrumb\":{\"@id\":\"https:\/\/portaldoestado.com.br\/index.php\/2026\/01\/22\/parque-do-caracol-encanta-visitantes-e-se-consolida-como-uma-das-maiores-experiencias-da-serra-gaucha\/#breadcrumb\"},\"inLanguage\":\"pt-BR\",\"potentialAction\":[{\"@type\":\"ReadAction\",\"target\":[\"https:\/\/portaldoestado.com.br\/index.php\/2026\/01\/22\/parque-do-caracol-encanta-visitantes-e-se-consolida-como-uma-das-maiores-experiencias-da-serra-gaucha\/\"]}]},{\"@type\":\"ImageObject\",\"inLanguage\":\"pt-BR\",\"@id\":\"https:\/\/portaldoestado.com.br\/index.php\/2026\/01\/22\/parque-do-caracol-encanta-visitantes-e-se-consolida-como-uma-das-maiores-experiencias-da-serra-gaucha\/#primaryimage\",\"url\":\"https:\/\/portaldoestado.com.br\/wp-content\/uploads\/2026\/01\/Captura-de-tela-2026-01-22-013849.png\",\"contentUrl\":\"https:\/\/portaldoestado.com.br\/wp-content\/uploads\/2026\/01\/Captura-de-tela-2026-01-22-013849.png\",\"width\":1070,\"height\":548},{\"@type\":\"BreadcrumbList\",\"@id\":\"https:\/\/portaldoestado.com.br\/index.php\/2026\/01\/22\/parque-do-caracol-encanta-visitantes-e-se-consolida-como-uma-das-maiores-experiencias-da-serra-gaucha\/#breadcrumb\",\"itemListElement\":[{\"@type\":\"ListItem\",\"position\":1,\"name\":\"In\u00edcio\",\"item\":\"https:\/\/portaldoestado.com.br\/\"},{\"@type\":\"ListItem\",\"position\":2,\"name\":\"Parque do Caracol encanta visitantes e se consolida como uma das maiores experi\u00eancias da Serra Ga\u00facha\"}]},{\"@type\":\"WebSite\",\"@id\":\"https:\/\/portaldoestado.com.br\/#website\",\"url\":\"https:\/\/portaldoestado.com.br\/\",\"name\":\"Portal do Estado\",\"description\":\"\",\"publisher\":{\"@id\":\"https:\/\/portaldoestado.com.br\/#organization\"},\"potentialAction\":[{\"@type\":\"SearchAction\",\"target\":{\"@type\":\"EntryPoint\",\"urlTemplate\":\"https:\/\/portaldoestado.com.br\/?s={search_term_string}\"},\"query-input\":{\"@type\":\"PropertyValueSpecification\",\"valueRequired\":true,\"valueName\":\"search_term_string\"}}],\"inLanguage\":\"pt-BR\"},{\"@type\":\"Organization\",\"@id\":\"https:\/\/portaldoestado.com.br\/#organization\",\"name\":\"Portal do Estado\",\"url\":\"https:\/\/portaldoestado.com.br\/\",\"logo\":{\"@type\":\"ImageObject\",\"inLanguage\":\"pt-BR\",\"@id\":\"https:\/\/portaldoestado.com.br\/#\/schema\/logo\/image\/\",\"url\":\"https:\/\/portaldoestado.com.br\/wp-content\/uploads\/2025\/04\/cropped-6f69b19a-6472-43bf-b1b3-e1910bbbd4e8.png\",\"contentUrl\":\"https:\/\/portaldoestado.com.br\/wp-content\/uploads\/2025\/04\/cropped-6f69b19a-6472-43bf-b1b3-e1910bbbd4e8.png\",\"width\":1024,\"height\":350,\"caption\":\"Portal do Estado\"},\"image\":{\"@id\":\"https:\/\/portaldoestado.com.br\/#\/schema\/logo\/image\/\"}},{\"@type\":\"Person\",\"@id\":\"https:\/\/portaldoestado.com.br\/#\/schema\/person\/5ca0174f3c8c84b59da62ea14b698cb9\",\"name\":\"assessoriadefamosos\",\"image\":{\"@type\":\"ImageObject\",\"inLanguage\":\"pt-BR\",\"@id\":\"https:\/\/portaldoestado.com.br\/#\/schema\/person\/image\/\",\"url\":\"https:\/\/secure.gravatar.com\/avatar\/a7acbdffcfbbae7240e59f47fe511ec5f5d8c252c779f0b8d9ab02a9e1d8c5ed?s=96&d=mm&r=g\",\"contentUrl\":\"https:\/\/secure.gravatar.com\/avatar\/a7acbdffcfbbae7240e59f47fe511ec5f5d8c252c779f0b8d9ab02a9e1d8c5ed?s=96&d=mm&r=g\",\"caption\":\"assessoriadefamosos\"},\"url\":\"https:\/\/portaldoestado.com.br\/index.php\/author\/assessoriadefamosos\/\"}]}<\/script>\n<!-- \/ Yoast SEO plugin. -->","yoast_head_json":{"title":"Parque do Caracol encanta visitantes e se consolida como uma das maiores experi\u00eancias da Serra Ga\u00facha - Portal do Estado","robots":{"index":"index","follow":"follow","max-snippet":"max-snippet:-1","max-image-preview":"max-image-preview:large","max-video-preview":"max-video-preview:-1"},"canonical":"https:\/\/portaldoestado.com.br\/index.php\/2026\/01\/22\/parque-do-caracol-encanta-visitantes-e-se-consolida-como-uma-das-maiores-experiencias-da-serra-gaucha\/","og_locale":"pt_BR","og_type":"article","og_title":"Parque do Caracol encanta visitantes e se consolida como uma das maiores experi\u00eancias da Serra Ga\u00facha - Portal do Estado","og_description":"A equipe do T\u00f4 Na Fama esteve em Canela, na Serra Ga\u00facha, e acompanhou de perto tudo o que faz do Parque do Caracol um dos destinos tur\u00edsticos mais fascinantes do Sul do Brasil. Mais do que um cart\u00e3o-postal, o local entrega uma verdadeira imers\u00e3o em natureza, cultura, aventura e gastronomia, capaz de surpreender visitantes \u2026","og_url":"https:\/\/portaldoestado.com.br\/index.php\/2026\/01\/22\/parque-do-caracol-encanta-visitantes-e-se-consolida-como-uma-das-maiores-experiencias-da-serra-gaucha\/","og_site_name":"Portal do Estado","article_published_time":"2026-01-22T04:45:00+00:00","og_image":[{"width":1070,"height":548,"url":"https:\/\/portaldoestado.com.br\/wp-content\/uploads\/2026\/01\/Captura-de-tela-2026-01-22-013849.png","type":"image\/png"}],"author":"assessoriadefamosos","twitter_card":"summary_large_image","twitter_misc":{"Escrito por":"assessoriadefamosos","Est. tempo de leitura":"5 minutos"},"schema":{"@context":"https:\/\/schema.org","@graph":[{"@type":"Article","@id":"https:\/\/portaldoestado.com.br\/index.php\/2026\/01\/22\/parque-do-caracol-encanta-visitantes-e-se-consolida-como-uma-das-maiores-experiencias-da-serra-gaucha\/#article","isPartOf":{"@id":"https:\/\/portaldoestado.com.br\/index.php\/2026\/01\/22\/parque-do-caracol-encanta-visitantes-e-se-consolida-como-uma-das-maiores-experiencias-da-serra-gaucha\/"},"author":{"name":"assessoriadefamosos","@id":"https:\/\/portaldoestado.com.br\/#\/schema\/person\/5ca0174f3c8c84b59da62ea14b698cb9"},"headline":"Parque do Caracol encanta visitantes e se consolida como uma das maiores experi\u00eancias da Serra Ga\u00facha","datePublished":"2026-01-22T04:45:00+00:00","mainEntityOfPage":{"@id":"https:\/\/portaldoestado.com.br\/index.php\/2026\/01\/22\/parque-do-caracol-encanta-visitantes-e-se-consolida-como-uma-das-maiores-experiencias-da-serra-gaucha\/"},"wordCount":1030,"publisher":{"@id":"https:\/\/portaldoestado.com.br\/#organization"},"image":{"@id":"https:\/\/portaldoestado.com.br\/index.php\/2026\/01\/22\/parque-do-caracol-encanta-visitantes-e-se-consolida-como-uma-das-maiores-experiencias-da-serra-gaucha\/#primaryimage"},"thumbnailUrl":"https:\/\/portaldoestado.com.br\/wp-content\/uploads\/2026\/01\/Captura-de-tela-2026-01-22-013849.png","articleSection":["Geral"],"inLanguage":"pt-BR"},{"@type":"WebPage","@id":"https:\/\/portaldoestado.com.br\/index.php\/2026\/01\/22\/parque-do-caracol-encanta-visitantes-e-se-consolida-como-uma-das-maiores-experiencias-da-serra-gaucha\/","url":"https:\/\/portaldoestado.com.br\/index.php\/2026\/01\/22\/parque-do-caracol-encanta-visitantes-e-se-consolida-como-uma-das-maiores-experiencias-da-serra-gaucha\/","name":"Parque do Caracol encanta visitantes e se consolida como uma das maiores experi\u00eancias da Serra Ga\u00facha - Portal do Estado","isPartOf":{"@id":"https:\/\/portaldoestado.com.br\/#website"},"primaryImageOfPage":{"@id":"https:\/\/portaldoestado.com.br\/index.php\/2026\/01\/22\/parque-do-caracol-encanta-visitantes-e-se-consolida-como-uma-das-maiores-experiencias-da-serra-gaucha\/#primaryimage"},"image":{"@id":"https:\/\/portaldoestado.com.br\/index.php\/2026\/01\/22\/parque-do-caracol-encanta-visitantes-e-se-consolida-como-uma-das-maiores-experiencias-da-serra-gaucha\/#primaryimage"},"thumbnailUrl":"https:\/\/portaldoestado.com.br\/wp-content\/uploads\/2026\/01\/Captura-de-tela-2026-01-22-013849.png","datePublished":"2026-01-22T04:45:00+00:00","breadcrumb":{"@id":"https:\/\/portaldoestado.com.br\/index.php\/2026\/01\/22\/parque-do-caracol-encanta-visitantes-e-se-consolida-como-uma-das-maiores-experiencias-da-serra-gaucha\/#breadcrumb"},"inLanguage":"pt-BR","potentialAction":[{"@type":"ReadAction","target":["https:\/\/portaldoestado.com.br\/index.php\/2026\/01\/22\/parque-do-caracol-encanta-visitantes-e-se-consolida-como-uma-das-maiores-experiencias-da-serra-gaucha\/"]}]},{"@type":"ImageObject","inLanguage":"pt-BR","@id":"https:\/\/portaldoestado.com.br\/index.php\/2026\/01\/22\/parque-do-caracol-encanta-visitantes-e-se-consolida-como-uma-das-maiores-experiencias-da-serra-gaucha\/#primaryimage","url":"https:\/\/portaldoestado.com.br\/wp-content\/uploads\/2026\/01\/Captura-de-tela-2026-01-22-013849.png","contentUrl":"https:\/\/portaldoestado.com.br\/wp-content\/uploads\/2026\/01\/Captura-de-tela-2026-01-22-013849.png","width":1070,"height":548},{"@type":"BreadcrumbList","@id":"https:\/\/portaldoestado.com.br\/index.php\/2026\/01\/22\/parque-do-caracol-encanta-visitantes-e-se-consolida-como-uma-das-maiores-experiencias-da-serra-gaucha\/#breadcrumb","itemListElement":[{"@type":"ListItem","position":1,"name":"In\u00edcio","item":"https:\/\/portaldoestado.com.br\/"},{"@type":"ListItem","position":2,"name":"Parque do Caracol encanta visitantes e se consolida como uma das maiores experi\u00eancias da Serra Ga\u00facha"}]},{"@type":"WebSite","@id":"https:\/\/portaldoestado.com.br\/#website","url":"https:\/\/portaldoestado.com.br\/","name":"Portal do Estado","description":"","publisher":{"@id":"https:\/\/portaldoestado.com.br\/#organization"},"potentialAction":[{"@type":"SearchAction","target":{"@type":"EntryPoint","urlTemplate":"https:\/\/portaldoestado.com.br\/?s={search_term_string}"},"query-input":{"@type":"PropertyValueSpecification","valueRequired":true,"valueName":"search_term_string"}}],"inLanguage":"pt-BR"},{"@type":"Organization","@id":"https:\/\/portaldoestado.com.br\/#organization","name":"Portal do Estado","url":"https:\/\/portaldoestado.com.br\/","logo":{"@type":"ImageObject","inLanguage":"pt-BR","@id":"https:\/\/portaldoestado.com.br\/#\/schema\/logo\/image\/","url":"https:\/\/portaldoestado.com.br\/wp-content\/uploads\/2025\/04\/cropped-6f69b19a-6472-43bf-b1b3-e1910bbbd4e8.png","contentUrl":"https:\/\/portaldoestado.com.br\/wp-content\/uploads\/2025\/04\/cropped-6f69b19a-6472-43bf-b1b3-e1910bbbd4e8.png","width":1024,"height":350,"caption":"Portal do Estado"},"image":{"@id":"https:\/\/portaldoestado.com.br\/#\/schema\/logo\/image\/"}},{"@type":"Person","@id":"https:\/\/portaldoestado.com.br\/#\/schema\/person\/5ca0174f3c8c84b59da62ea14b698cb9","name":"assessoriadefamosos","image":{"@type":"ImageObject","inLanguage":"pt-BR","@id":"https:\/\/portaldoestado.com.br\/#\/schema\/person\/image\/","url":"https:\/\/secure.gravatar.com\/avatar\/a7acbdffcfbbae7240e59f47fe511ec5f5d8c252c779f0b8d9ab02a9e1d8c5ed?s=96&d=mm&r=g","contentUrl":"https:\/\/secure.gravatar.com\/avatar\/a7acbdffcfbbae7240e59f47fe511ec5f5d8c252c779f0b8d9ab02a9e1d8c5ed?s=96&d=mm&r=g","caption":"assessoriadefamosos"},"url":"https:\/\/portaldoestado.com.br\/index.php\/author\/assessoriadefamosos\/"}]}},"jetpack_featured_media_url":"https:\/\/portaldoestado.com.br\/wp-content\/uploads\/2026\/01\/Captura-de-tela-2026-01-22-013849.png","_links":{"self":[{"href":"https:\/\/portaldoestado.com.br\/index.php\/wp-json\/wp\/v2\/posts\/5953","targetHints":{"allow":["GET"]}}],"collection":[{"href":"https:\/\/portaldoestado.com.br\/index.php\/wp-json\/wp\/v2\/posts"}],"about":[{"href":"https:\/\/portaldoestado.com.br\/index.php\/wp-json\/wp\/v2\/types\/post"}],"author":[{"embeddable":true,"href":"https:\/\/portaldoestado.com.br\/index.php\/wp-json\/wp\/v2\/users\/2"}],"replies":[{"embeddable":true,"href":"https:\/\/portaldoestado.com.br\/index.php\/wp-json\/wp\/v2\/comments?post=5953"}],"version-history":[{"count":1,"href":"https:\/\/portaldoestado.com.br\/index.php\/wp-json\/wp\/v2\/posts\/5953\/revisions"}],"predecessor-version":[{"id":5954,"href":"https:\/\/portaldoestado.com.br\/index.php\/wp-json\/wp\/v2\/posts\/5953\/revisions\/5954"}],"wp:featuredmedia":[{"embeddable":true,"href":"https:\/\/portaldoestado.com.br\/index.php\/wp-json\/wp\/v2\/media\/5952"}],"wp:attachment":[{"href":"https:\/\/portaldoestado.com.br\/index.php\/wp-json\/wp\/v2\/media?parent=5953"}],"wp:term":[{"taxonomy":"category","embeddable":true,"href":"https:\/\/portaldoestado.com.br\/index.php\/wp-json\/wp\/v2\/categories?post=5953"},{"taxonomy":"post_tag","embeddable":true,"href":"https:\/\/portaldoestado.com.br\/index.php\/wp-json\/wp\/v2\/tags?post=5953"}],"curies":[{"name":"wp","href":"https:\/\/api.w.org\/{rel}","templated":true}]}}