{"id":5950,"date":"2026-01-21T18:59:40","date_gmt":"2026-01-21T18:59:40","guid":{"rendered":"https:\/\/portaldoestado.com.br\/?p=5950"},"modified":"2026-01-21T18:59:40","modified_gmt":"2026-01-21T18:59:40","slug":"neste-sabado-24-tem-sombrinha-e-bloco-das-carmelitas-no-casarao-do-firmino","status":"publish","type":"post","link":"https:\/\/portaldoestado.com.br\/index.php\/2026\/01\/21\/neste-sabado-24-tem-sombrinha-e-bloco-das-carmelitas-no-casarao-do-firmino\/","title":{"rendered":"Neste s\u00e1bado (24), tem Sombrinha e Bloco das Carmelitas no Casar\u00e3o do Firmino"},"content":{"rendered":"\n<p>Faltando menos de 30 dias para o Carnaval, o Casar\u00e3o do Firmino est\u00e1 naquele clima de folia. Neste s\u00e1bado (24), a partir das 16h, a maior e melhor casa de samba do Rio de Janeiro, vai receber o cantor e compositor Sombrinha e o Bloco das Carmelitas com o in\u00edcio da escolha do samba 2026. Quem abre os trabalhos \u00e9 Banda do Casar\u00e3o com muito samba e cl\u00e1ssicos da MPB. Nos intervalos DJ Nicolle Neumann, agitando a pista com aqueles hits que n\u00e3o deixam ningu\u00e9m ficar parado.<\/p>\n\n\n\n<p>A festa tem Chopp 0800\/ liberado das 16h \u00e0s 17h30. A entrada \u00e9 colaborativa, ent\u00e3o voc\u00ea paga o que quiser e puder para contribuir com o evento. Mais informa\u00e7\u00f5es e d\u00favidas, chame no Whatsapp atrav\u00e9s do n\u00famero (21) 99826-2068. Classifica\u00e7\u00e3o: 18 anos.<\/p>\n\n\n\n<p>Fundador do lend\u00e1rio Fundo de Quintal, Sombrinha ajudou a transformar o samba nos anos 1980, criando uma nova linguagem que ecoa at\u00e9 hoje. Sua obra ultrapassa 400 m\u00fasicas gravadas e foi eternizada por \u00edcones como Zeca Pagodinho, Alcione, Beth Carvalho e Jorge Arag\u00e3o. Sucessos como: \u00e9 tempo pra ser feliz (1988), Al\u00e9m da raz\u00e3o (1988), Alto l\u00e1 (2000), Fogo de saudade (1986), Malandro sou eu (1985), Mutir\u00e3o de amor (1983), N\u00e3o quero saber mais dela (1984), O show tem que continuar (1988), Oitava cor (1988) e S\u00f3 pra contrariar (1986), s\u00e3o algumas destas obras que o cantor e compositor vai apresentar no show no Casar\u00e3o do Firmino. Sombrinha completou 50 anos de carreira no ano passado.<\/p>\n\n\n<!-- wp:heading \"level\":3 -->\n<h3 class=\"wp-block-heading\">BLOCO DAS CARMELITAS E O CARNAVAL DE RUA NO RIO<\/h3>\n<!-- \/wp:post-content -->\n\n<!-- wp:paragraph -->\n<p>O Bloco das Carmelitas saiu pela primeira vez no segundo semestre de 1990 para homenagear Laurinda Santos Lobo, socialite cuja casa abrigou as mais badaladas festas do Rio de Janeiro, no bairro de Santa Teresa, nas primeiras d\u00e9cadas do s\u00e9culo XX. Composto inicialmente por peladeiros que jogavam futebol no terreno ao lado da referida casa de Laurinda (hoje o Parque das Ru\u00ednas), no ano seguinte o bloco j\u00e1 abriu e fechou a folia no bairro, com duas sa\u00eddas \u2013 uma na sexta que antecede o carnaval e outra na ter\u00e7a-feira gorda \u2013, o que se repete at\u00e9 hoje.<\/p>\n<!-- \/wp:paragraph -->\n\n<!-- wp:paragraph -->\n<p>Como Santa Teresa surgiu a partir da funda\u00e7\u00e3o do Convento das Carmelitas, os foli\u00f5es e amantes do bairro deram o nome de Carmelitas ao bloco e criaram a lenda de que, todo ano, uma freira pula o muro do convento para brincar o carnaval na sexta e volta para a clausura na ter\u00e7a, virando tradi\u00e7\u00e3o no bloco homens e mulheres vestirem h\u00e1bitos de freira na cabe\u00e7a, para que a \u201cfujona\u201d possa brincar em paz, sem ser facilmente reconhecida. Al\u00e9m das fantasias de freiras, passou a fazer parte do bloco tamb\u00e9m uma grande boneca, que se apresenta para o p\u00fablico como a carmelita mais animada.<\/p>\n<!-- \/wp:paragraph -->\n\n<!-- wp:paragraph -->\n<p>Quando ainda n\u00e3o dispunha de patrocinadores, o bloco se mantinha atrav\u00e9s da venda de camisetas. Para criar essas camisetas, convidou cartunistas, designers e artistas pl\u00e1sticos, entre os quais se incluem Aliedo, Cassio Loredano, J\u00f4 Oliveira, Selar\u00f3n, Ana Dur\u00e3es e Marcia Cisneiros. Com a chegada dos patrocinadores, a venda das camisetas deixou de ser determinante para o custeio dos desfiles, mas as camisetas continuam a ser parte importante de nossa identidade.<\/p>\n<!-- \/wp:paragraph -->\n\n<!-- wp:paragraph -->\n<p>Pela maneira irreverente e bem-humorada de produzir cultura, o Carmelitas \u00e9 considerado um dos mais charmosos blocos da cidade e parte importante da hist\u00f3ria da folia carioca. \u00c9 tamb\u00e9m um dos blocos com mais retorno de m\u00eddia.<\/p>\n<!-- \/wp:paragraph -->\n\n<!-- wp:paragraph -->\n<p>No in\u00edcio dos anos 2000, o carnaval de rua do Rio de Janeiro cresceu extraordinariamente e o Carmelitas, preocupado com os problemas que o sucesso come\u00e7ou a trazer, se uniu a outros blocos para fundar a Sebastiana, Associa\u00e7\u00e3o de Blocos do Centro, Zona Sul e Santa Teresa, pioneira na colabora\u00e7\u00e3o com as autoridades e associa\u00e7\u00f5es de moradores para que o carnaval n\u00e3o perdesse o charme nem roubasse a paz das ruas que o abrigavam. Tal demonstra\u00e7\u00e3o de responsabilidade chamou a aten\u00e7\u00e3o tamb\u00e9m de empresas e meios de comunica\u00e7\u00e3o, que passaram a apoiar os blocos sobrecarregados com custos inimagin\u00e1veis quando eles surgiram.<\/p>\n<!-- \/wp:paragraph -->\n\n<!-- wp:paragraph -->\n<p>Sem perder a espontaneidade, hoje o Carmelitas e os outros blocos da Sebastiana realizam desfiles organizados e aproveitam para dizer com bom humor o que pensam sobre a sociedade e a cidade e para dar exemplos de sustentabilidade, como a proposta do Carnaval Limpo, que consiste em contratar equipes para recolher o lixo acumulado durante os cortejos.<\/p>\n<!-- \/wp:paragraph -->\n\n<!-- wp:heading \"level\":3 -->\n<h3 class=\"wp-block-heading\">Sobre o Casar\u00e3o do Firmino<\/h3>\n<!-- \/wp:heading -->\n\n<!-- wp:paragraph -->\n<p>Sobre a Casa, um \u201cPal\u00e1cio do Samba\u201d, como \u00e9 popularmente conhecido, localizado no ber\u00e7o da boemia carioca, no bairro da Lapa, entre o Centro e a zona sul do Rio de Janeiro, o Casar\u00e3o do Firmino \u00e9 conhecido pelas tradicionais rodas de samba que re\u00fanem grandes nomes do cen\u00e1rio musical, pessoas de todos os cantos do Rio de Janeiro, al\u00e9m de turistas brasileiros e estrangeiros.<\/p>\n<!-- \/wp:paragraph -->\n\n<!-- wp:paragraph -->\n<p>O idealizador do Casar\u00e3o \u00e9 o empres\u00e1rio Carlos Firmino, de 42 anos, que d\u00e1 nome ao espa\u00e7o cultural, que ocupa uma \u00e1rea coberta e ampla, de f\u00e1cil acesso, situada na efervesc\u00eancia cultural do Rio. O Casar\u00e3o tamb\u00e9m \u00e9 s\u00edmbolo de resist\u00eancia. Os eventos buscam resgatar a ess\u00eancia do samba, com entradas gratuitas ou colaborativas, em que cada frequentador contribui se quiser e com quanto puder. O principal objetivo \u00e9 manter vivo o ritmo que mexe com pessoas do mundo inteiro.<\/p>\n<!-- \/wp:paragraph -->\n\n<!-- wp:paragraph -->\n<p>\u201cAmarra a marimba e espalha a fofoca!\u201d O bord\u00e3o j\u00e1 \u00e9 uma marca. A express\u00e3o criada por Carlos Firmino para divulgar as atra\u00e7\u00f5es do Casar\u00e3o, hoje, \u00e9 repetida por artistas e frequentadores ass\u00edduos do espa\u00e7o mais concorrido da bo\u00eamia Lapa. E n\u00e3o apenas a frase ganhou fama. A fila que se estende pela rua da Rela\u00e7\u00e3o e toma a cal\u00e7ada da esquina, na Lavradio, refor\u00e7a que Pal\u00e1cio do Samba \u00e9 ponto de encontro de cariocas e turistas.<\/p>\n<!-- \/wp:paragraph -->\n\n<!-- wp:paragraph -->\n<p>Ali\u00e1s, o local parece estar mesmo na moda. \u00c9 cada vez mais comum encontrar no estacionamento decorado &#8211; s\u00e3o samambaias, l\u00e2mpadas, placas e pinturas que celebram orix\u00e1s e homenageiam Nelson Mandela &#8211; atores, atrizes, jornalistas, influenciadores digitais e grandes nomes do mundo do samba. Recentemente, Jorge Arag\u00e3o, Moacyr Luz, Xande de Pilares, Pique Novo, Sombrinha, Feyj\u00e3o, Marquinhos Sensa\u00e7\u00e3o, Gustavo Lins, Netinho de Paula, Grygor passaram pela casa.<\/p>\n<!-- \/wp:paragraph -->\n\n<!-- wp:heading \"level\":3 -->\n<h3 class=\"wp-block-heading\">SERVI\u00c7O<\/h3>\n<!-- \/wp:heading -->\n\n<!-- wp:paragraph -->\n<p><em><strong>Show com Sombrinha e Bloco das Carmelitas<\/strong><\/em>\n<strong>Data:<\/strong> 24 de janeiro de 2026, s\u00e1bado.\n<strong>Local:<\/strong> Casar\u00e3o do Firmino\n<strong>Endere\u00e7o:<\/strong> Rua da Rela\u00e7\u00e3o, 19- Lapa\/ Centro do Rio.\n<strong>Hor\u00e1rio:<\/strong> A partir das 16h, com Chopp 0800\/liberado das 16h \u00e0s 17h30.\n<strong>Entrada:<\/strong> Colaborativa.\n<strong>Mais informa\u00e7\u00f5es e d\u00favidas<\/strong>, chame no Whatsapp atrav\u00e9s do n\u00famero (21) 99826-2068.\n<strong>Classifica\u00e7\u00e3o:<\/strong> 18 anos<\/p>\n<!-- \/wp:paragraph -->","protected":false},"excerpt":{"rendered":"<p>Faltando menos de 30 dias para o Carnaval, o Casar\u00e3o do Firmino est\u00e1 naquele clima de folia. Neste s\u00e1bado (24), a partir das 16h, a maior e melhor casa de samba do Rio de Janeiro, vai receber o cantor e compositor Sombrinha e o Bloco das Carmelitas com o in\u00edcio da escolha do samba 2026. \u2026<\/p>\n","protected":false},"author":2,"featured_media":5949,"comment_status":"closed","ping_status":"open","sticky":false,"template":"","format":"standard","meta":{"footnotes":""},"categories":[68,4],"tags":[],"class_list":["post-5950","post","type-post","status-publish","format-standard","has-post-thumbnail","hentry","category-carnaval","category-geral"],"yoast_head":"<!-- This site is optimized with the Yoast SEO plugin v25.5 - https:\/\/yoast.com\/wordpress\/plugins\/seo\/ -->\n<title>Neste s\u00e1bado (24), tem Sombrinha e Bloco das Carmelitas no Casar\u00e3o do Firmino - Portal do Estado<\/title>\n<meta name=\"robots\" content=\"index, follow, max-snippet:-1, max-image-preview:large, max-video-preview:-1\" \/>\n<link rel=\"canonical\" href=\"https:\/\/portaldoestado.com.br\/index.php\/2026\/01\/21\/neste-sabado-24-tem-sombrinha-e-bloco-das-carmelitas-no-casarao-do-firmino\/\" \/>\n<meta property=\"og:locale\" content=\"pt_BR\" \/>\n<meta property=\"og:type\" content=\"article\" \/>\n<meta property=\"og:title\" content=\"Neste s\u00e1bado (24), tem Sombrinha e Bloco das Carmelitas no Casar\u00e3o do Firmino - Portal do Estado\" \/>\n<meta property=\"og:description\" content=\"Faltando menos de 30 dias para o Carnaval, o Casar\u00e3o do Firmino est\u00e1 naquele clima de folia. Neste s\u00e1bado (24), a partir das 16h, a maior e melhor casa de samba do Rio de Janeiro, vai receber o cantor e compositor Sombrinha e o Bloco das Carmelitas com o in\u00edcio da escolha do samba 2026. \u2026\" \/>\n<meta property=\"og:url\" content=\"https:\/\/portaldoestado.com.br\/index.php\/2026\/01\/21\/neste-sabado-24-tem-sombrinha-e-bloco-das-carmelitas-no-casarao-do-firmino\/\" \/>\n<meta property=\"og:site_name\" content=\"Portal do Estado\" \/>\n<meta property=\"article:published_time\" content=\"2026-01-21T18:59:40+00:00\" \/>\n<meta property=\"og:image\" content=\"https:\/\/portaldoestado.com.br\/wp-content\/uploads\/2026\/01\/Sombrinha-002.jpeg\" \/>\n\t<meta property=\"og:image:width\" content=\"924\" \/>\n\t<meta property=\"og:image:height\" content=\"764\" \/>\n\t<meta property=\"og:image:type\" content=\"image\/jpeg\" \/>\n<meta name=\"author\" content=\"assessoriadefamosos\" \/>\n<meta name=\"twitter:card\" content=\"summary_large_image\" \/>\n<meta name=\"twitter:label1\" content=\"Escrito por\" \/>\n\t<meta name=\"twitter:data1\" content=\"assessoriadefamosos\" \/>\n\t<meta name=\"twitter:label2\" content=\"Est. tempo de leitura\" \/>\n\t<meta name=\"twitter:data2\" content=\"6 minutos\" \/>\n<script type=\"application\/ld+json\" class=\"yoast-schema-graph\">{\"@context\":\"https:\/\/schema.org\",\"@graph\":[{\"@type\":\"Article\",\"@id\":\"https:\/\/portaldoestado.com.br\/index.php\/2026\/01\/21\/neste-sabado-24-tem-sombrinha-e-bloco-das-carmelitas-no-casarao-do-firmino\/#article\",\"isPartOf\":{\"@id\":\"https:\/\/portaldoestado.com.br\/index.php\/2026\/01\/21\/neste-sabado-24-tem-sombrinha-e-bloco-das-carmelitas-no-casarao-do-firmino\/\"},\"author\":{\"name\":\"assessoriadefamosos\",\"@id\":\"https:\/\/portaldoestado.com.br\/#\/schema\/person\/5ca0174f3c8c84b59da62ea14b698cb9\"},\"headline\":\"Neste s\u00e1bado (24), tem Sombrinha e Bloco das Carmelitas no Casar\u00e3o do Firmino\",\"datePublished\":\"2026-01-21T18:59:40+00:00\",\"mainEntityOfPage\":{\"@id\":\"https:\/\/portaldoestado.com.br\/index.php\/2026\/01\/21\/neste-sabado-24-tem-sombrinha-e-bloco-das-carmelitas-no-casarao-do-firmino\/\"},\"wordCount\":1147,\"publisher\":{\"@id\":\"https:\/\/portaldoestado.com.br\/#organization\"},\"image\":{\"@id\":\"https:\/\/portaldoestado.com.br\/index.php\/2026\/01\/21\/neste-sabado-24-tem-sombrinha-e-bloco-das-carmelitas-no-casarao-do-firmino\/#primaryimage\"},\"thumbnailUrl\":\"https:\/\/portaldoestado.com.br\/wp-content\/uploads\/2026\/01\/Sombrinha-002.jpeg\",\"articleSection\":[\"Carnaval\",\"Geral\"],\"inLanguage\":\"pt-BR\"},{\"@type\":\"WebPage\",\"@id\":\"https:\/\/portaldoestado.com.br\/index.php\/2026\/01\/21\/neste-sabado-24-tem-sombrinha-e-bloco-das-carmelitas-no-casarao-do-firmino\/\",\"url\":\"https:\/\/portaldoestado.com.br\/index.php\/2026\/01\/21\/neste-sabado-24-tem-sombrinha-e-bloco-das-carmelitas-no-casarao-do-firmino\/\",\"name\":\"Neste s\u00e1bado (24), tem Sombrinha e Bloco das Carmelitas no Casar\u00e3o do Firmino - Portal do Estado\",\"isPartOf\":{\"@id\":\"https:\/\/portaldoestado.com.br\/#website\"},\"primaryImageOfPage\":{\"@id\":\"https:\/\/portaldoestado.com.br\/index.php\/2026\/01\/21\/neste-sabado-24-tem-sombrinha-e-bloco-das-carmelitas-no-casarao-do-firmino\/#primaryimage\"},\"image\":{\"@id\":\"https:\/\/portaldoestado.com.br\/index.php\/2026\/01\/21\/neste-sabado-24-tem-sombrinha-e-bloco-das-carmelitas-no-casarao-do-firmino\/#primaryimage\"},\"thumbnailUrl\":\"https:\/\/portaldoestado.com.br\/wp-content\/uploads\/2026\/01\/Sombrinha-002.jpeg\",\"datePublished\":\"2026-01-21T18:59:40+00:00\",\"breadcrumb\":{\"@id\":\"https:\/\/portaldoestado.com.br\/index.php\/2026\/01\/21\/neste-sabado-24-tem-sombrinha-e-bloco-das-carmelitas-no-casarao-do-firmino\/#breadcrumb\"},\"inLanguage\":\"pt-BR\",\"potentialAction\":[{\"@type\":\"ReadAction\",\"target\":[\"https:\/\/portaldoestado.com.br\/index.php\/2026\/01\/21\/neste-sabado-24-tem-sombrinha-e-bloco-das-carmelitas-no-casarao-do-firmino\/\"]}]},{\"@type\":\"ImageObject\",\"inLanguage\":\"pt-BR\",\"@id\":\"https:\/\/portaldoestado.com.br\/index.php\/2026\/01\/21\/neste-sabado-24-tem-sombrinha-e-bloco-das-carmelitas-no-casarao-do-firmino\/#primaryimage\",\"url\":\"https:\/\/portaldoestado.com.br\/wp-content\/uploads\/2026\/01\/Sombrinha-002.jpeg\",\"contentUrl\":\"https:\/\/portaldoestado.com.br\/wp-content\/uploads\/2026\/01\/Sombrinha-002.jpeg\",\"width\":924,\"height\":764},{\"@type\":\"BreadcrumbList\",\"@id\":\"https:\/\/portaldoestado.com.br\/index.php\/2026\/01\/21\/neste-sabado-24-tem-sombrinha-e-bloco-das-carmelitas-no-casarao-do-firmino\/#breadcrumb\",\"itemListElement\":[{\"@type\":\"ListItem\",\"position\":1,\"name\":\"In\u00edcio\",\"item\":\"https:\/\/portaldoestado.com.br\/\"},{\"@type\":\"ListItem\",\"position\":2,\"name\":\"Neste s\u00e1bado (24), tem Sombrinha e Bloco das Carmelitas no Casar\u00e3o do Firmino\"}]},{\"@type\":\"WebSite\",\"@id\":\"https:\/\/portaldoestado.com.br\/#website\",\"url\":\"https:\/\/portaldoestado.com.br\/\",\"name\":\"Portal do Estado\",\"description\":\"\",\"publisher\":{\"@id\":\"https:\/\/portaldoestado.com.br\/#organization\"},\"potentialAction\":[{\"@type\":\"SearchAction\",\"target\":{\"@type\":\"EntryPoint\",\"urlTemplate\":\"https:\/\/portaldoestado.com.br\/?s={search_term_string}\"},\"query-input\":{\"@type\":\"PropertyValueSpecification\",\"valueRequired\":true,\"valueName\":\"search_term_string\"}}],\"inLanguage\":\"pt-BR\"},{\"@type\":\"Organization\",\"@id\":\"https:\/\/portaldoestado.com.br\/#organization\",\"name\":\"Portal do Estado\",\"url\":\"https:\/\/portaldoestado.com.br\/\",\"logo\":{\"@type\":\"ImageObject\",\"inLanguage\":\"pt-BR\",\"@id\":\"https:\/\/portaldoestado.com.br\/#\/schema\/logo\/image\/\",\"url\":\"https:\/\/portaldoestado.com.br\/wp-content\/uploads\/2025\/04\/cropped-6f69b19a-6472-43bf-b1b3-e1910bbbd4e8.png\",\"contentUrl\":\"https:\/\/portaldoestado.com.br\/wp-content\/uploads\/2025\/04\/cropped-6f69b19a-6472-43bf-b1b3-e1910bbbd4e8.png\",\"width\":1024,\"height\":350,\"caption\":\"Portal do Estado\"},\"image\":{\"@id\":\"https:\/\/portaldoestado.com.br\/#\/schema\/logo\/image\/\"}},{\"@type\":\"Person\",\"@id\":\"https:\/\/portaldoestado.com.br\/#\/schema\/person\/5ca0174f3c8c84b59da62ea14b698cb9\",\"name\":\"assessoriadefamosos\",\"image\":{\"@type\":\"ImageObject\",\"inLanguage\":\"pt-BR\",\"@id\":\"https:\/\/portaldoestado.com.br\/#\/schema\/person\/image\/\",\"url\":\"https:\/\/secure.gravatar.com\/avatar\/a7acbdffcfbbae7240e59f47fe511ec5f5d8c252c779f0b8d9ab02a9e1d8c5ed?s=96&d=mm&r=g\",\"contentUrl\":\"https:\/\/secure.gravatar.com\/avatar\/a7acbdffcfbbae7240e59f47fe511ec5f5d8c252c779f0b8d9ab02a9e1d8c5ed?s=96&d=mm&r=g\",\"caption\":\"assessoriadefamosos\"},\"url\":\"https:\/\/portaldoestado.com.br\/index.php\/author\/assessoriadefamosos\/\"}]}<\/script>\n<!-- \/ Yoast SEO plugin. -->","yoast_head_json":{"title":"Neste s\u00e1bado (24), tem Sombrinha e Bloco das Carmelitas no Casar\u00e3o do Firmino - Portal do Estado","robots":{"index":"index","follow":"follow","max-snippet":"max-snippet:-1","max-image-preview":"max-image-preview:large","max-video-preview":"max-video-preview:-1"},"canonical":"https:\/\/portaldoestado.com.br\/index.php\/2026\/01\/21\/neste-sabado-24-tem-sombrinha-e-bloco-das-carmelitas-no-casarao-do-firmino\/","og_locale":"pt_BR","og_type":"article","og_title":"Neste s\u00e1bado (24), tem Sombrinha e Bloco das Carmelitas no Casar\u00e3o do Firmino - Portal do Estado","og_description":"Faltando menos de 30 dias para o Carnaval, o Casar\u00e3o do Firmino est\u00e1 naquele clima de folia. Neste s\u00e1bado (24), a partir das 16h, a maior e melhor casa de samba do Rio de Janeiro, vai receber o cantor e compositor Sombrinha e o Bloco das Carmelitas com o in\u00edcio da escolha do samba 2026. \u2026","og_url":"https:\/\/portaldoestado.com.br\/index.php\/2026\/01\/21\/neste-sabado-24-tem-sombrinha-e-bloco-das-carmelitas-no-casarao-do-firmino\/","og_site_name":"Portal do Estado","article_published_time":"2026-01-21T18:59:40+00:00","og_image":[{"width":924,"height":764,"url":"https:\/\/portaldoestado.com.br\/wp-content\/uploads\/2026\/01\/Sombrinha-002.jpeg","type":"image\/jpeg"}],"author":"assessoriadefamosos","twitter_card":"summary_large_image","twitter_misc":{"Escrito por":"assessoriadefamosos","Est. tempo de leitura":"6 minutos"},"schema":{"@context":"https:\/\/schema.org","@graph":[{"@type":"Article","@id":"https:\/\/portaldoestado.com.br\/index.php\/2026\/01\/21\/neste-sabado-24-tem-sombrinha-e-bloco-das-carmelitas-no-casarao-do-firmino\/#article","isPartOf":{"@id":"https:\/\/portaldoestado.com.br\/index.php\/2026\/01\/21\/neste-sabado-24-tem-sombrinha-e-bloco-das-carmelitas-no-casarao-do-firmino\/"},"author":{"name":"assessoriadefamosos","@id":"https:\/\/portaldoestado.com.br\/#\/schema\/person\/5ca0174f3c8c84b59da62ea14b698cb9"},"headline":"Neste s\u00e1bado (24), tem Sombrinha e Bloco das Carmelitas no Casar\u00e3o do Firmino","datePublished":"2026-01-21T18:59:40+00:00","mainEntityOfPage":{"@id":"https:\/\/portaldoestado.com.br\/index.php\/2026\/01\/21\/neste-sabado-24-tem-sombrinha-e-bloco-das-carmelitas-no-casarao-do-firmino\/"},"wordCount":1147,"publisher":{"@id":"https:\/\/portaldoestado.com.br\/#organization"},"image":{"@id":"https:\/\/portaldoestado.com.br\/index.php\/2026\/01\/21\/neste-sabado-24-tem-sombrinha-e-bloco-das-carmelitas-no-casarao-do-firmino\/#primaryimage"},"thumbnailUrl":"https:\/\/portaldoestado.com.br\/wp-content\/uploads\/2026\/01\/Sombrinha-002.jpeg","articleSection":["Carnaval","Geral"],"inLanguage":"pt-BR"},{"@type":"WebPage","@id":"https:\/\/portaldoestado.com.br\/index.php\/2026\/01\/21\/neste-sabado-24-tem-sombrinha-e-bloco-das-carmelitas-no-casarao-do-firmino\/","url":"https:\/\/portaldoestado.com.br\/index.php\/2026\/01\/21\/neste-sabado-24-tem-sombrinha-e-bloco-das-carmelitas-no-casarao-do-firmino\/","name":"Neste s\u00e1bado (24), tem Sombrinha e Bloco das Carmelitas no Casar\u00e3o do Firmino - Portal do Estado","isPartOf":{"@id":"https:\/\/portaldoestado.com.br\/#website"},"primaryImageOfPage":{"@id":"https:\/\/portaldoestado.com.br\/index.php\/2026\/01\/21\/neste-sabado-24-tem-sombrinha-e-bloco-das-carmelitas-no-casarao-do-firmino\/#primaryimage"},"image":{"@id":"https:\/\/portaldoestado.com.br\/index.php\/2026\/01\/21\/neste-sabado-24-tem-sombrinha-e-bloco-das-carmelitas-no-casarao-do-firmino\/#primaryimage"},"thumbnailUrl":"https:\/\/portaldoestado.com.br\/wp-content\/uploads\/2026\/01\/Sombrinha-002.jpeg","datePublished":"2026-01-21T18:59:40+00:00","breadcrumb":{"@id":"https:\/\/portaldoestado.com.br\/index.php\/2026\/01\/21\/neste-sabado-24-tem-sombrinha-e-bloco-das-carmelitas-no-casarao-do-firmino\/#breadcrumb"},"inLanguage":"pt-BR","potentialAction":[{"@type":"ReadAction","target":["https:\/\/portaldoestado.com.br\/index.php\/2026\/01\/21\/neste-sabado-24-tem-sombrinha-e-bloco-das-carmelitas-no-casarao-do-firmino\/"]}]},{"@type":"ImageObject","inLanguage":"pt-BR","@id":"https:\/\/portaldoestado.com.br\/index.php\/2026\/01\/21\/neste-sabado-24-tem-sombrinha-e-bloco-das-carmelitas-no-casarao-do-firmino\/#primaryimage","url":"https:\/\/portaldoestado.com.br\/wp-content\/uploads\/2026\/01\/Sombrinha-002.jpeg","contentUrl":"https:\/\/portaldoestado.com.br\/wp-content\/uploads\/2026\/01\/Sombrinha-002.jpeg","width":924,"height":764},{"@type":"BreadcrumbList","@id":"https:\/\/portaldoestado.com.br\/index.php\/2026\/01\/21\/neste-sabado-24-tem-sombrinha-e-bloco-das-carmelitas-no-casarao-do-firmino\/#breadcrumb","itemListElement":[{"@type":"ListItem","position":1,"name":"In\u00edcio","item":"https:\/\/portaldoestado.com.br\/"},{"@type":"ListItem","position":2,"name":"Neste s\u00e1bado (24), tem Sombrinha e Bloco das Carmelitas no Casar\u00e3o do Firmino"}]},{"@type":"WebSite","@id":"https:\/\/portaldoestado.com.br\/#website","url":"https:\/\/portaldoestado.com.br\/","name":"Portal do Estado","description":"","publisher":{"@id":"https:\/\/portaldoestado.com.br\/#organization"},"potentialAction":[{"@type":"SearchAction","target":{"@type":"EntryPoint","urlTemplate":"https:\/\/portaldoestado.com.br\/?s={search_term_string}"},"query-input":{"@type":"PropertyValueSpecification","valueRequired":true,"valueName":"search_term_string"}}],"inLanguage":"pt-BR"},{"@type":"Organization","@id":"https:\/\/portaldoestado.com.br\/#organization","name":"Portal do Estado","url":"https:\/\/portaldoestado.com.br\/","logo":{"@type":"ImageObject","inLanguage":"pt-BR","@id":"https:\/\/portaldoestado.com.br\/#\/schema\/logo\/image\/","url":"https:\/\/portaldoestado.com.br\/wp-content\/uploads\/2025\/04\/cropped-6f69b19a-6472-43bf-b1b3-e1910bbbd4e8.png","contentUrl":"https:\/\/portaldoestado.com.br\/wp-content\/uploads\/2025\/04\/cropped-6f69b19a-6472-43bf-b1b3-e1910bbbd4e8.png","width":1024,"height":350,"caption":"Portal do Estado"},"image":{"@id":"https:\/\/portaldoestado.com.br\/#\/schema\/logo\/image\/"}},{"@type":"Person","@id":"https:\/\/portaldoestado.com.br\/#\/schema\/person\/5ca0174f3c8c84b59da62ea14b698cb9","name":"assessoriadefamosos","image":{"@type":"ImageObject","inLanguage":"pt-BR","@id":"https:\/\/portaldoestado.com.br\/#\/schema\/person\/image\/","url":"https:\/\/secure.gravatar.com\/avatar\/a7acbdffcfbbae7240e59f47fe511ec5f5d8c252c779f0b8d9ab02a9e1d8c5ed?s=96&d=mm&r=g","contentUrl":"https:\/\/secure.gravatar.com\/avatar\/a7acbdffcfbbae7240e59f47fe511ec5f5d8c252c779f0b8d9ab02a9e1d8c5ed?s=96&d=mm&r=g","caption":"assessoriadefamosos"},"url":"https:\/\/portaldoestado.com.br\/index.php\/author\/assessoriadefamosos\/"}]}},"jetpack_featured_media_url":"https:\/\/portaldoestado.com.br\/wp-content\/uploads\/2026\/01\/Sombrinha-002.jpeg","_links":{"self":[{"href":"https:\/\/portaldoestado.com.br\/index.php\/wp-json\/wp\/v2\/posts\/5950","targetHints":{"allow":["GET"]}}],"collection":[{"href":"https:\/\/portaldoestado.com.br\/index.php\/wp-json\/wp\/v2\/posts"}],"about":[{"href":"https:\/\/portaldoestado.com.br\/index.php\/wp-json\/wp\/v2\/types\/post"}],"author":[{"embeddable":true,"href":"https:\/\/portaldoestado.com.br\/index.php\/wp-json\/wp\/v2\/users\/2"}],"replies":[{"embeddable":true,"href":"https:\/\/portaldoestado.com.br\/index.php\/wp-json\/wp\/v2\/comments?post=5950"}],"version-history":[{"count":1,"href":"https:\/\/portaldoestado.com.br\/index.php\/wp-json\/wp\/v2\/posts\/5950\/revisions"}],"predecessor-version":[{"id":5951,"href":"https:\/\/portaldoestado.com.br\/index.php\/wp-json\/wp\/v2\/posts\/5950\/revisions\/5951"}],"wp:featuredmedia":[{"embeddable":true,"href":"https:\/\/portaldoestado.com.br\/index.php\/wp-json\/wp\/v2\/media\/5949"}],"wp:attachment":[{"href":"https:\/\/portaldoestado.com.br\/index.php\/wp-json\/wp\/v2\/media?parent=5950"}],"wp:term":[{"taxonomy":"category","embeddable":true,"href":"https:\/\/portaldoestado.com.br\/index.php\/wp-json\/wp\/v2\/categories?post=5950"},{"taxonomy":"post_tag","embeddable":true,"href":"https:\/\/portaldoestado.com.br\/index.php\/wp-json\/wp\/v2\/tags?post=5950"}],"curies":[{"name":"wp","href":"https:\/\/api.w.org\/{rel}","templated":true}]}}