{"id":5929,"date":"2026-01-21T16:51:49","date_gmt":"2026-01-21T16:51:49","guid":{"rendered":"https:\/\/portaldoestado.com.br\/?p=5929"},"modified":"2026-01-21T16:51:49","modified_gmt":"2026-01-21T16:51:49","slug":"gracyanne-barbosa-fala-sobre-relacao-com-empresario-apos-registro-de-treino-juntos","status":"publish","type":"post","link":"https:\/\/portaldoestado.com.br\/index.php\/2026\/01\/21\/gracyanne-barbosa-fala-sobre-relacao-com-empresario-apos-registro-de-treino-juntos\/","title":{"rendered":"Gracyanne Barbosa fala sobre rela\u00e7\u00e3o com empres\u00e1rio ap\u00f3s registro de treino juntos"},"content":{"rendered":"\n<p>Gracyanne Barbosa chamou aten\u00e7\u00e3o nas redes sociais nesta ter\u00e7a-feira (20\/1) ao compartilhar um v\u00eddeo em que aparece recebendo apoio do empres\u00e1rio Gabriel Cardoso durante um treino. Na legenda, ela brincou: \u201cTenha um namorado que te filme na academia\u201d, gerando rumores sobre um poss\u00edvel romance.<\/p>\n\n\n\n<p>Procurada pelo portal, a influenciadora explicou a situa\u00e7\u00e3o: \u201cEst\u00e1 sendo muito especial, n\u00e3o temos pressa e estamos nos conhecendo. Confesso que esse come\u00e7o \u00e9 uma del\u00edcia. Tem toda aquela magia\u201d, disse.<\/p>\n\n\n\n<p>Apesar da proximidade, Gracyanne esclareceu que n\u00e3o oficializou namoro: \u201cN\u00e3o estamos namorando. Moro no Rio, ele em S\u00e3o Paulo. Sei que \u00e9 perto, mas n\u00e3o acho f\u00e1cil namorar \u00e0 dist\u00e2ncia, ainda mais com agendas t\u00e3o apertadas\u201d, comentou.<\/p>\n\n\n\n<p>O envolvimento entre os dois come\u00e7ou a ser comentado no in\u00edcio deste ano, depois que foram vistos juntos durante o r\u00e9veillon em Trancoso, na Bahia, em clima de romance.<\/p>\n\n\n\n<p>Gracyanne est\u00e1 solteira desde o fim do casamento de 16 anos com o cantor Belo, anunciado em abril de 2024. O cantor, por sua vez, segue atualmente em um relacionamento com a influenciadora Rayane Figliuzzi.<\/p>\n","protected":false},"excerpt":{"rendered":"<p>Gracyanne Barbosa chamou aten\u00e7\u00e3o nas redes sociais nesta ter\u00e7a-feira (20\/1) ao compartilhar um v\u00eddeo em que aparece recebendo apoio do empres\u00e1rio Gabriel Cardoso durante um treino. Na legenda, ela brincou: \u201cTenha um namorado que te filme na academia\u201d, gerando rumores sobre um poss\u00edvel romance. Procurada pelo portal, a influenciadora explicou a situa\u00e7\u00e3o: \u201cEst\u00e1 sendo muito \u2026<\/p>\n","protected":false},"author":2,"featured_media":5928,"comment_status":"closed","ping_status":"open","sticky":false,"template":"","format":"standard","meta":{"footnotes":""},"categories":[3],"tags":[],"class_list":["post-5929","post","type-post","status-publish","format-standard","has-post-thumbnail","hentry","category-famosos"],"yoast_head":"<!-- This site is optimized with the Yoast SEO plugin v25.5 - https:\/\/yoast.com\/wordpress\/plugins\/seo\/ -->\n<title>Gracyanne Barbosa fala sobre rela\u00e7\u00e3o com empres\u00e1rio ap\u00f3s registro de treino juntos - Portal do Estado<\/title>\n<meta name=\"robots\" content=\"index, follow, max-snippet:-1, max-image-preview:large, max-video-preview:-1\" \/>\n<link rel=\"canonical\" href=\"https:\/\/portaldoestado.com.br\/index.php\/2026\/01\/21\/gracyanne-barbosa-fala-sobre-relacao-com-empresario-apos-registro-de-treino-juntos\/\" \/>\n<meta property=\"og:locale\" content=\"pt_BR\" \/>\n<meta property=\"og:type\" content=\"article\" \/>\n<meta property=\"og:title\" content=\"Gracyanne Barbosa fala sobre rela\u00e7\u00e3o com empres\u00e1rio ap\u00f3s registro de treino juntos - Portal do Estado\" \/>\n<meta property=\"og:description\" content=\"Gracyanne Barbosa chamou aten\u00e7\u00e3o nas redes sociais nesta ter\u00e7a-feira (20\/1) ao compartilhar um v\u00eddeo em que aparece recebendo apoio do empres\u00e1rio Gabriel Cardoso durante um treino. Na legenda, ela brincou: \u201cTenha um namorado que te filme na academia\u201d, gerando rumores sobre um poss\u00edvel romance. Procurada pelo portal, a influenciadora explicou a situa\u00e7\u00e3o: \u201cEst\u00e1 sendo muito \u2026\" \/>\n<meta property=\"og:url\" content=\"https:\/\/portaldoestado.com.br\/index.php\/2026\/01\/21\/gracyanne-barbosa-fala-sobre-relacao-com-empresario-apos-registro-de-treino-juntos\/\" \/>\n<meta property=\"og:site_name\" content=\"Portal do Estado\" \/>\n<meta property=\"article:published_time\" content=\"2026-01-21T16:51:49+00:00\" \/>\n<meta property=\"og:image\" content=\"https:\/\/portaldoestado.com.br\/wp-content\/uploads\/2026\/01\/Design-sem-nome-2026-01-12T155048.523-1.png\" \/>\n\t<meta property=\"og:image:width\" content=\"1200\" \/>\n\t<meta property=\"og:image:height\" content=\"900\" \/>\n\t<meta property=\"og:image:type\" content=\"image\/png\" \/>\n<meta name=\"author\" content=\"assessoriadefamosos\" \/>\n<meta name=\"twitter:card\" content=\"summary_large_image\" \/>\n<meta name=\"twitter:label1\" content=\"Escrito por\" \/>\n\t<meta name=\"twitter:data1\" content=\"assessoriadefamosos\" \/>\n\t<meta name=\"twitter:label2\" content=\"Est. tempo de leitura\" \/>\n\t<meta name=\"twitter:data2\" content=\"1 minuto\" \/>\n<script type=\"application\/ld+json\" class=\"yoast-schema-graph\">{\"@context\":\"https:\/\/schema.org\",\"@graph\":[{\"@type\":\"Article\",\"@id\":\"https:\/\/portaldoestado.com.br\/index.php\/2026\/01\/21\/gracyanne-barbosa-fala-sobre-relacao-com-empresario-apos-registro-de-treino-juntos\/#article\",\"isPartOf\":{\"@id\":\"https:\/\/portaldoestado.com.br\/index.php\/2026\/01\/21\/gracyanne-barbosa-fala-sobre-relacao-com-empresario-apos-registro-de-treino-juntos\/\"},\"author\":{\"name\":\"assessoriadefamosos\",\"@id\":\"https:\/\/portaldoestado.com.br\/#\/schema\/person\/5ca0174f3c8c84b59da62ea14b698cb9\"},\"headline\":\"Gracyanne Barbosa fala sobre rela\u00e7\u00e3o com empres\u00e1rio ap\u00f3s registro de treino juntos\",\"datePublished\":\"2026-01-21T16:51:49+00:00\",\"mainEntityOfPage\":{\"@id\":\"https:\/\/portaldoestado.com.br\/index.php\/2026\/01\/21\/gracyanne-barbosa-fala-sobre-relacao-com-empresario-apos-registro-de-treino-juntos\/\"},\"wordCount\":204,\"publisher\":{\"@id\":\"https:\/\/portaldoestado.com.br\/#organization\"},\"image\":{\"@id\":\"https:\/\/portaldoestado.com.br\/index.php\/2026\/01\/21\/gracyanne-barbosa-fala-sobre-relacao-com-empresario-apos-registro-de-treino-juntos\/#primaryimage\"},\"thumbnailUrl\":\"https:\/\/portaldoestado.com.br\/wp-content\/uploads\/2026\/01\/Design-sem-nome-2026-01-12T155048.523-1.png\",\"articleSection\":[\"Famosos\"],\"inLanguage\":\"pt-BR\"},{\"@type\":\"WebPage\",\"@id\":\"https:\/\/portaldoestado.com.br\/index.php\/2026\/01\/21\/gracyanne-barbosa-fala-sobre-relacao-com-empresario-apos-registro-de-treino-juntos\/\",\"url\":\"https:\/\/portaldoestado.com.br\/index.php\/2026\/01\/21\/gracyanne-barbosa-fala-sobre-relacao-com-empresario-apos-registro-de-treino-juntos\/\",\"name\":\"Gracyanne Barbosa fala sobre rela\u00e7\u00e3o com empres\u00e1rio ap\u00f3s registro de treino juntos - Portal do Estado\",\"isPartOf\":{\"@id\":\"https:\/\/portaldoestado.com.br\/#website\"},\"primaryImageOfPage\":{\"@id\":\"https:\/\/portaldoestado.com.br\/index.php\/2026\/01\/21\/gracyanne-barbosa-fala-sobre-relacao-com-empresario-apos-registro-de-treino-juntos\/#primaryimage\"},\"image\":{\"@id\":\"https:\/\/portaldoestado.com.br\/index.php\/2026\/01\/21\/gracyanne-barbosa-fala-sobre-relacao-com-empresario-apos-registro-de-treino-juntos\/#primaryimage\"},\"thumbnailUrl\":\"https:\/\/portaldoestado.com.br\/wp-content\/uploads\/2026\/01\/Design-sem-nome-2026-01-12T155048.523-1.png\",\"datePublished\":\"2026-01-21T16:51:49+00:00\",\"breadcrumb\":{\"@id\":\"https:\/\/portaldoestado.com.br\/index.php\/2026\/01\/21\/gracyanne-barbosa-fala-sobre-relacao-com-empresario-apos-registro-de-treino-juntos\/#breadcrumb\"},\"inLanguage\":\"pt-BR\",\"potentialAction\":[{\"@type\":\"ReadAction\",\"target\":[\"https:\/\/portaldoestado.com.br\/index.php\/2026\/01\/21\/gracyanne-barbosa-fala-sobre-relacao-com-empresario-apos-registro-de-treino-juntos\/\"]}]},{\"@type\":\"ImageObject\",\"inLanguage\":\"pt-BR\",\"@id\":\"https:\/\/portaldoestado.com.br\/index.php\/2026\/01\/21\/gracyanne-barbosa-fala-sobre-relacao-com-empresario-apos-registro-de-treino-juntos\/#primaryimage\",\"url\":\"https:\/\/portaldoestado.com.br\/wp-content\/uploads\/2026\/01\/Design-sem-nome-2026-01-12T155048.523-1.png\",\"contentUrl\":\"https:\/\/portaldoestado.com.br\/wp-content\/uploads\/2026\/01\/Design-sem-nome-2026-01-12T155048.523-1.png\",\"width\":1200,\"height\":900},{\"@type\":\"BreadcrumbList\",\"@id\":\"https:\/\/portaldoestado.com.br\/index.php\/2026\/01\/21\/gracyanne-barbosa-fala-sobre-relacao-com-empresario-apos-registro-de-treino-juntos\/#breadcrumb\",\"itemListElement\":[{\"@type\":\"ListItem\",\"position\":1,\"name\":\"In\u00edcio\",\"item\":\"https:\/\/portaldoestado.com.br\/\"},{\"@type\":\"ListItem\",\"position\":2,\"name\":\"Gracyanne Barbosa fala sobre rela\u00e7\u00e3o com empres\u00e1rio ap\u00f3s registro de treino juntos\"}]},{\"@type\":\"WebSite\",\"@id\":\"https:\/\/portaldoestado.com.br\/#website\",\"url\":\"https:\/\/portaldoestado.com.br\/\",\"name\":\"Portal do Estado\",\"description\":\"\",\"publisher\":{\"@id\":\"https:\/\/portaldoestado.com.br\/#organization\"},\"potentialAction\":[{\"@type\":\"SearchAction\",\"target\":{\"@type\":\"EntryPoint\",\"urlTemplate\":\"https:\/\/portaldoestado.com.br\/?s={search_term_string}\"},\"query-input\":{\"@type\":\"PropertyValueSpecification\",\"valueRequired\":true,\"valueName\":\"search_term_string\"}}],\"inLanguage\":\"pt-BR\"},{\"@type\":\"Organization\",\"@id\":\"https:\/\/portaldoestado.com.br\/#organization\",\"name\":\"Portal do Estado\",\"url\":\"https:\/\/portaldoestado.com.br\/\",\"logo\":{\"@type\":\"ImageObject\",\"inLanguage\":\"pt-BR\",\"@id\":\"https:\/\/portaldoestado.com.br\/#\/schema\/logo\/image\/\",\"url\":\"https:\/\/portaldoestado.com.br\/wp-content\/uploads\/2025\/04\/cropped-6f69b19a-6472-43bf-b1b3-e1910bbbd4e8.png\",\"contentUrl\":\"https:\/\/portaldoestado.com.br\/wp-content\/uploads\/2025\/04\/cropped-6f69b19a-6472-43bf-b1b3-e1910bbbd4e8.png\",\"width\":1024,\"height\":350,\"caption\":\"Portal do Estado\"},\"image\":{\"@id\":\"https:\/\/portaldoestado.com.br\/#\/schema\/logo\/image\/\"}},{\"@type\":\"Person\",\"@id\":\"https:\/\/portaldoestado.com.br\/#\/schema\/person\/5ca0174f3c8c84b59da62ea14b698cb9\",\"name\":\"assessoriadefamosos\",\"image\":{\"@type\":\"ImageObject\",\"inLanguage\":\"pt-BR\",\"@id\":\"https:\/\/portaldoestado.com.br\/#\/schema\/person\/image\/\",\"url\":\"https:\/\/secure.gravatar.com\/avatar\/a7acbdffcfbbae7240e59f47fe511ec5f5d8c252c779f0b8d9ab02a9e1d8c5ed?s=96&d=mm&r=g\",\"contentUrl\":\"https:\/\/secure.gravatar.com\/avatar\/a7acbdffcfbbae7240e59f47fe511ec5f5d8c252c779f0b8d9ab02a9e1d8c5ed?s=96&d=mm&r=g\",\"caption\":\"assessoriadefamosos\"},\"url\":\"https:\/\/portaldoestado.com.br\/index.php\/author\/assessoriadefamosos\/\"}]}<\/script>\n<!-- \/ Yoast SEO plugin. -->","yoast_head_json":{"title":"Gracyanne Barbosa fala sobre rela\u00e7\u00e3o com empres\u00e1rio ap\u00f3s registro de treino juntos - Portal do Estado","robots":{"index":"index","follow":"follow","max-snippet":"max-snippet:-1","max-image-preview":"max-image-preview:large","max-video-preview":"max-video-preview:-1"},"canonical":"https:\/\/portaldoestado.com.br\/index.php\/2026\/01\/21\/gracyanne-barbosa-fala-sobre-relacao-com-empresario-apos-registro-de-treino-juntos\/","og_locale":"pt_BR","og_type":"article","og_title":"Gracyanne Barbosa fala sobre rela\u00e7\u00e3o com empres\u00e1rio ap\u00f3s registro de treino juntos - Portal do Estado","og_description":"Gracyanne Barbosa chamou aten\u00e7\u00e3o nas redes sociais nesta ter\u00e7a-feira (20\/1) ao compartilhar um v\u00eddeo em que aparece recebendo apoio do empres\u00e1rio Gabriel Cardoso durante um treino. Na legenda, ela brincou: \u201cTenha um namorado que te filme na academia\u201d, gerando rumores sobre um poss\u00edvel romance. Procurada pelo portal, a influenciadora explicou a situa\u00e7\u00e3o: \u201cEst\u00e1 sendo muito \u2026","og_url":"https:\/\/portaldoestado.com.br\/index.php\/2026\/01\/21\/gracyanne-barbosa-fala-sobre-relacao-com-empresario-apos-registro-de-treino-juntos\/","og_site_name":"Portal do Estado","article_published_time":"2026-01-21T16:51:49+00:00","og_image":[{"width":1200,"height":900,"url":"https:\/\/portaldoestado.com.br\/wp-content\/uploads\/2026\/01\/Design-sem-nome-2026-01-12T155048.523-1.png","type":"image\/png"}],"author":"assessoriadefamosos","twitter_card":"summary_large_image","twitter_misc":{"Escrito por":"assessoriadefamosos","Est. tempo de leitura":"1 minuto"},"schema":{"@context":"https:\/\/schema.org","@graph":[{"@type":"Article","@id":"https:\/\/portaldoestado.com.br\/index.php\/2026\/01\/21\/gracyanne-barbosa-fala-sobre-relacao-com-empresario-apos-registro-de-treino-juntos\/#article","isPartOf":{"@id":"https:\/\/portaldoestado.com.br\/index.php\/2026\/01\/21\/gracyanne-barbosa-fala-sobre-relacao-com-empresario-apos-registro-de-treino-juntos\/"},"author":{"name":"assessoriadefamosos","@id":"https:\/\/portaldoestado.com.br\/#\/schema\/person\/5ca0174f3c8c84b59da62ea14b698cb9"},"headline":"Gracyanne Barbosa fala sobre rela\u00e7\u00e3o com empres\u00e1rio ap\u00f3s registro de treino juntos","datePublished":"2026-01-21T16:51:49+00:00","mainEntityOfPage":{"@id":"https:\/\/portaldoestado.com.br\/index.php\/2026\/01\/21\/gracyanne-barbosa-fala-sobre-relacao-com-empresario-apos-registro-de-treino-juntos\/"},"wordCount":204,"publisher":{"@id":"https:\/\/portaldoestado.com.br\/#organization"},"image":{"@id":"https:\/\/portaldoestado.com.br\/index.php\/2026\/01\/21\/gracyanne-barbosa-fala-sobre-relacao-com-empresario-apos-registro-de-treino-juntos\/#primaryimage"},"thumbnailUrl":"https:\/\/portaldoestado.com.br\/wp-content\/uploads\/2026\/01\/Design-sem-nome-2026-01-12T155048.523-1.png","articleSection":["Famosos"],"inLanguage":"pt-BR"},{"@type":"WebPage","@id":"https:\/\/portaldoestado.com.br\/index.php\/2026\/01\/21\/gracyanne-barbosa-fala-sobre-relacao-com-empresario-apos-registro-de-treino-juntos\/","url":"https:\/\/portaldoestado.com.br\/index.php\/2026\/01\/21\/gracyanne-barbosa-fala-sobre-relacao-com-empresario-apos-registro-de-treino-juntos\/","name":"Gracyanne Barbosa fala sobre rela\u00e7\u00e3o com empres\u00e1rio ap\u00f3s registro de treino juntos - Portal do Estado","isPartOf":{"@id":"https:\/\/portaldoestado.com.br\/#website"},"primaryImageOfPage":{"@id":"https:\/\/portaldoestado.com.br\/index.php\/2026\/01\/21\/gracyanne-barbosa-fala-sobre-relacao-com-empresario-apos-registro-de-treino-juntos\/#primaryimage"},"image":{"@id":"https:\/\/portaldoestado.com.br\/index.php\/2026\/01\/21\/gracyanne-barbosa-fala-sobre-relacao-com-empresario-apos-registro-de-treino-juntos\/#primaryimage"},"thumbnailUrl":"https:\/\/portaldoestado.com.br\/wp-content\/uploads\/2026\/01\/Design-sem-nome-2026-01-12T155048.523-1.png","datePublished":"2026-01-21T16:51:49+00:00","breadcrumb":{"@id":"https:\/\/portaldoestado.com.br\/index.php\/2026\/01\/21\/gracyanne-barbosa-fala-sobre-relacao-com-empresario-apos-registro-de-treino-juntos\/#breadcrumb"},"inLanguage":"pt-BR","potentialAction":[{"@type":"ReadAction","target":["https:\/\/portaldoestado.com.br\/index.php\/2026\/01\/21\/gracyanne-barbosa-fala-sobre-relacao-com-empresario-apos-registro-de-treino-juntos\/"]}]},{"@type":"ImageObject","inLanguage":"pt-BR","@id":"https:\/\/portaldoestado.com.br\/index.php\/2026\/01\/21\/gracyanne-barbosa-fala-sobre-relacao-com-empresario-apos-registro-de-treino-juntos\/#primaryimage","url":"https:\/\/portaldoestado.com.br\/wp-content\/uploads\/2026\/01\/Design-sem-nome-2026-01-12T155048.523-1.png","contentUrl":"https:\/\/portaldoestado.com.br\/wp-content\/uploads\/2026\/01\/Design-sem-nome-2026-01-12T155048.523-1.png","width":1200,"height":900},{"@type":"BreadcrumbList","@id":"https:\/\/portaldoestado.com.br\/index.php\/2026\/01\/21\/gracyanne-barbosa-fala-sobre-relacao-com-empresario-apos-registro-de-treino-juntos\/#breadcrumb","itemListElement":[{"@type":"ListItem","position":1,"name":"In\u00edcio","item":"https:\/\/portaldoestado.com.br\/"},{"@type":"ListItem","position":2,"name":"Gracyanne Barbosa fala sobre rela\u00e7\u00e3o com empres\u00e1rio ap\u00f3s registro de treino juntos"}]},{"@type":"WebSite","@id":"https:\/\/portaldoestado.com.br\/#website","url":"https:\/\/portaldoestado.com.br\/","name":"Portal do Estado","description":"","publisher":{"@id":"https:\/\/portaldoestado.com.br\/#organization"},"potentialAction":[{"@type":"SearchAction","target":{"@type":"EntryPoint","urlTemplate":"https:\/\/portaldoestado.com.br\/?s={search_term_string}"},"query-input":{"@type":"PropertyValueSpecification","valueRequired":true,"valueName":"search_term_string"}}],"inLanguage":"pt-BR"},{"@type":"Organization","@id":"https:\/\/portaldoestado.com.br\/#organization","name":"Portal do Estado","url":"https:\/\/portaldoestado.com.br\/","logo":{"@type":"ImageObject","inLanguage":"pt-BR","@id":"https:\/\/portaldoestado.com.br\/#\/schema\/logo\/image\/","url":"https:\/\/portaldoestado.com.br\/wp-content\/uploads\/2025\/04\/cropped-6f69b19a-6472-43bf-b1b3-e1910bbbd4e8.png","contentUrl":"https:\/\/portaldoestado.com.br\/wp-content\/uploads\/2025\/04\/cropped-6f69b19a-6472-43bf-b1b3-e1910bbbd4e8.png","width":1024,"height":350,"caption":"Portal do Estado"},"image":{"@id":"https:\/\/portaldoestado.com.br\/#\/schema\/logo\/image\/"}},{"@type":"Person","@id":"https:\/\/portaldoestado.com.br\/#\/schema\/person\/5ca0174f3c8c84b59da62ea14b698cb9","name":"assessoriadefamosos","image":{"@type":"ImageObject","inLanguage":"pt-BR","@id":"https:\/\/portaldoestado.com.br\/#\/schema\/person\/image\/","url":"https:\/\/secure.gravatar.com\/avatar\/a7acbdffcfbbae7240e59f47fe511ec5f5d8c252c779f0b8d9ab02a9e1d8c5ed?s=96&d=mm&r=g","contentUrl":"https:\/\/secure.gravatar.com\/avatar\/a7acbdffcfbbae7240e59f47fe511ec5f5d8c252c779f0b8d9ab02a9e1d8c5ed?s=96&d=mm&r=g","caption":"assessoriadefamosos"},"url":"https:\/\/portaldoestado.com.br\/index.php\/author\/assessoriadefamosos\/"}]}},"jetpack_featured_media_url":"https:\/\/portaldoestado.com.br\/wp-content\/uploads\/2026\/01\/Design-sem-nome-2026-01-12T155048.523-1.png","_links":{"self":[{"href":"https:\/\/portaldoestado.com.br\/index.php\/wp-json\/wp\/v2\/posts\/5929","targetHints":{"allow":["GET"]}}],"collection":[{"href":"https:\/\/portaldoestado.com.br\/index.php\/wp-json\/wp\/v2\/posts"}],"about":[{"href":"https:\/\/portaldoestado.com.br\/index.php\/wp-json\/wp\/v2\/types\/post"}],"author":[{"embeddable":true,"href":"https:\/\/portaldoestado.com.br\/index.php\/wp-json\/wp\/v2\/users\/2"}],"replies":[{"embeddable":true,"href":"https:\/\/portaldoestado.com.br\/index.php\/wp-json\/wp\/v2\/comments?post=5929"}],"version-history":[{"count":1,"href":"https:\/\/portaldoestado.com.br\/index.php\/wp-json\/wp\/v2\/posts\/5929\/revisions"}],"predecessor-version":[{"id":5930,"href":"https:\/\/portaldoestado.com.br\/index.php\/wp-json\/wp\/v2\/posts\/5929\/revisions\/5930"}],"wp:featuredmedia":[{"embeddable":true,"href":"https:\/\/portaldoestado.com.br\/index.php\/wp-json\/wp\/v2\/media\/5928"}],"wp:attachment":[{"href":"https:\/\/portaldoestado.com.br\/index.php\/wp-json\/wp\/v2\/media?parent=5929"}],"wp:term":[{"taxonomy":"category","embeddable":true,"href":"https:\/\/portaldoestado.com.br\/index.php\/wp-json\/wp\/v2\/categories?post=5929"},{"taxonomy":"post_tag","embeddable":true,"href":"https:\/\/portaldoestado.com.br\/index.php\/wp-json\/wp\/v2\/tags?post=5929"}],"curies":[{"name":"wp","href":"https:\/\/api.w.org\/{rel}","templated":true}]}}