{"id":5905,"date":"2026-01-21T15:08:34","date_gmt":"2026-01-21T15:08:34","guid":{"rendered":"https:\/\/portaldoestado.com.br\/?p=5905"},"modified":"2026-01-21T15:08:34","modified_gmt":"2026-01-21T15:08:34","slug":"david-beckham-se-manifesta-apos-filho-brooklyn-expor-crise-familiar-criancas-tem-o-direito-de-errar","status":"publish","type":"post","link":"https:\/\/portaldoestado.com.br\/index.php\/2026\/01\/21\/david-beckham-se-manifesta-apos-filho-brooklyn-expor-crise-familiar-criancas-tem-o-direito-de-errar\/","title":{"rendered":"David Beckham se manifesta ap\u00f3s filho Brooklyn expor crise familiar: \u201cCrian\u00e7as t\u00eam o direito de errar\u201d"},"content":{"rendered":"\n<p>David Beckham falou publicamente pela primeira vez nesta ter\u00e7a-feira (20\/1) ap\u00f3s seu filho mais velho, Brooklyn Beckham, revelar conflitos familiares que ganharam repercuss\u00e3o internacional. O primog\u00eanito, fruto do casamento com Victoria Beckham, afirmou recentemente que os pais teriam agido contra seu casamento com Nicola Peltz e manipulado a imprensa com informa\u00e7\u00f5es falsas.<\/p>\n\n\n\n<p>Em entrevista \u00e0 emissora norte-americana CNBC, David abordou de forma mais ampla os impactos das redes sociais na vida dos jovens. \u201cSempre falei sobre as redes sociais e seu poder, para o bem e para o mal. O acesso precoce dos jovens \u00e0s redes sociais pode ser perigoso\u201d, disse, refor\u00e7ando a necessidade de cuidado e orienta\u00e7\u00e3o.<\/p>\n\n\n\n<p>O ex-jogador falou sobre a educa\u00e7\u00e3o de seus filhos sem citar Brooklyn diretamente: \u201cO que descobri, na minha experi\u00eancia pessoal, especialmente com meus filhos, \u00e9 que elas devem ser usadas com boas inten\u00e7\u00f5es. Tentei fazer o mesmo com meus filhos, cri\u00e1-los dessa maneira.\u201d<\/p>\n\n\n\n<p>Beckham destacou ainda a import\u00e2ncia do aprendizado atrav\u00e9s dos erros: \u201cEles cometem erros. Crian\u00e7as t\u00eam o direito de errar. \u00c9 assim que elas aprendem. \u00c9 isso que tento ensinar aos meus filhos, mas, \u00e0s vezes, tamb\u00e9m \u00e9 preciso deix\u00e1-los cometer esses erros.\u201d<\/p>\n\n\n\n<p>Ele concluiu ressaltando o papel positivo que suas redes sociais podem ter: \u201cConsegui usar meu perfil e meus seguidores para a UNICEF, e essa foi a ferramenta mais importante para conscientizar as pessoas sobre o que est\u00e1 acontecendo com crian\u00e7as ao redor do mundo.\u201d<\/p>\n\n\n\n<p>O pronunciamento de David vem um dia ap\u00f3s Brooklyn detalhar, em entrevistas, os bastidores do conflito familiar, incluindo epis\u00f3dios sobre sua rela\u00e7\u00e3o com Nicola Peltz e momentos constrangedores envolvendo a m\u00e3e, Victoria. O posicionamento do ex-jogador busca transmitir equil\u00edbrio e valores de aprendizado, responsabilidade e cuidado, mesmo diante de uma situa\u00e7\u00e3o delicada em fam\u00edlia.<\/p>\n","protected":false},"excerpt":{"rendered":"<p>David Beckham falou publicamente pela primeira vez nesta ter\u00e7a-feira (20\/1) ap\u00f3s seu filho mais velho, Brooklyn Beckham, revelar conflitos familiares que ganharam repercuss\u00e3o internacional. O primog\u00eanito, fruto do casamento com Victoria Beckham, afirmou recentemente que os pais teriam agido contra seu casamento com Nicola Peltz e manipulado a imprensa com informa\u00e7\u00f5es falsas. Em entrevista \u00e0 \u2026<\/p>\n","protected":false},"author":2,"featured_media":5904,"comment_status":"closed","ping_status":"open","sticky":false,"template":"","format":"standard","meta":{"footnotes":""},"categories":[3],"tags":[],"class_list":["post-5905","post","type-post","status-publish","format-standard","has-post-thumbnail","hentry","category-famosos"],"yoast_head":"<!-- This site is optimized with the Yoast SEO plugin v25.5 - https:\/\/yoast.com\/wordpress\/plugins\/seo\/ -->\n<title>David Beckham se manifesta ap\u00f3s filho Brooklyn expor crise familiar: \u201cCrian\u00e7as t\u00eam o direito de errar\u201d - Portal do Estado<\/title>\n<meta name=\"robots\" content=\"index, follow, max-snippet:-1, max-image-preview:large, max-video-preview:-1\" \/>\n<link rel=\"canonical\" href=\"https:\/\/portaldoestado.com.br\/index.php\/2026\/01\/21\/david-beckham-se-manifesta-apos-filho-brooklyn-expor-crise-familiar-criancas-tem-o-direito-de-errar\/\" \/>\n<meta property=\"og:locale\" content=\"pt_BR\" \/>\n<meta property=\"og:type\" content=\"article\" \/>\n<meta property=\"og:title\" content=\"David Beckham se manifesta ap\u00f3s filho Brooklyn expor crise familiar: \u201cCrian\u00e7as t\u00eam o direito de errar\u201d - Portal do Estado\" \/>\n<meta property=\"og:description\" content=\"David Beckham falou publicamente pela primeira vez nesta ter\u00e7a-feira (20\/1) ap\u00f3s seu filho mais velho, Brooklyn Beckham, revelar conflitos familiares que ganharam repercuss\u00e3o internacional. O primog\u00eanito, fruto do casamento com Victoria Beckham, afirmou recentemente que os pais teriam agido contra seu casamento com Nicola Peltz e manipulado a imprensa com informa\u00e7\u00f5es falsas. Em entrevista \u00e0 \u2026\" \/>\n<meta property=\"og:url\" content=\"https:\/\/portaldoestado.com.br\/index.php\/2026\/01\/21\/david-beckham-se-manifesta-apos-filho-brooklyn-expor-crise-familiar-criancas-tem-o-direito-de-errar\/\" \/>\n<meta property=\"og:site_name\" content=\"Portal do Estado\" \/>\n<meta property=\"article:published_time\" content=\"2026-01-21T15:08:34+00:00\" \/>\n<meta property=\"og:image\" content=\"https:\/\/portaldoestado.com.br\/wp-content\/uploads\/2026\/01\/0GrHhCa2-2.jpg\" \/>\n\t<meta property=\"og:image:width\" content=\"1200\" \/>\n\t<meta property=\"og:image:height\" content=\"900\" \/>\n\t<meta property=\"og:image:type\" content=\"image\/jpeg\" \/>\n<meta name=\"author\" content=\"assessoriadefamosos\" \/>\n<meta name=\"twitter:card\" content=\"summary_large_image\" \/>\n<meta name=\"twitter:label1\" content=\"Escrito por\" \/>\n\t<meta name=\"twitter:data1\" content=\"assessoriadefamosos\" \/>\n\t<meta name=\"twitter:label2\" content=\"Est. tempo de leitura\" \/>\n\t<meta name=\"twitter:data2\" content=\"2 minutos\" \/>\n<script type=\"application\/ld+json\" class=\"yoast-schema-graph\">{\"@context\":\"https:\/\/schema.org\",\"@graph\":[{\"@type\":\"Article\",\"@id\":\"https:\/\/portaldoestado.com.br\/index.php\/2026\/01\/21\/david-beckham-se-manifesta-apos-filho-brooklyn-expor-crise-familiar-criancas-tem-o-direito-de-errar\/#article\",\"isPartOf\":{\"@id\":\"https:\/\/portaldoestado.com.br\/index.php\/2026\/01\/21\/david-beckham-se-manifesta-apos-filho-brooklyn-expor-crise-familiar-criancas-tem-o-direito-de-errar\/\"},\"author\":{\"name\":\"assessoriadefamosos\",\"@id\":\"https:\/\/portaldoestado.com.br\/#\/schema\/person\/5ca0174f3c8c84b59da62ea14b698cb9\"},\"headline\":\"David Beckham se manifesta ap\u00f3s filho Brooklyn expor crise familiar: \u201cCrian\u00e7as t\u00eam o direito de errar\u201d\",\"datePublished\":\"2026-01-21T15:08:34+00:00\",\"mainEntityOfPage\":{\"@id\":\"https:\/\/portaldoestado.com.br\/index.php\/2026\/01\/21\/david-beckham-se-manifesta-apos-filho-brooklyn-expor-crise-familiar-criancas-tem-o-direito-de-errar\/\"},\"wordCount\":329,\"publisher\":{\"@id\":\"https:\/\/portaldoestado.com.br\/#organization\"},\"image\":{\"@id\":\"https:\/\/portaldoestado.com.br\/index.php\/2026\/01\/21\/david-beckham-se-manifesta-apos-filho-brooklyn-expor-crise-familiar-criancas-tem-o-direito-de-errar\/#primaryimage\"},\"thumbnailUrl\":\"https:\/\/portaldoestado.com.br\/wp-content\/uploads\/2026\/01\/0GrHhCa2-2.jpg\",\"articleSection\":[\"Famosos\"],\"inLanguage\":\"pt-BR\"},{\"@type\":\"WebPage\",\"@id\":\"https:\/\/portaldoestado.com.br\/index.php\/2026\/01\/21\/david-beckham-se-manifesta-apos-filho-brooklyn-expor-crise-familiar-criancas-tem-o-direito-de-errar\/\",\"url\":\"https:\/\/portaldoestado.com.br\/index.php\/2026\/01\/21\/david-beckham-se-manifesta-apos-filho-brooklyn-expor-crise-familiar-criancas-tem-o-direito-de-errar\/\",\"name\":\"David Beckham se manifesta ap\u00f3s filho Brooklyn expor crise familiar: \u201cCrian\u00e7as t\u00eam o direito de errar\u201d - Portal do Estado\",\"isPartOf\":{\"@id\":\"https:\/\/portaldoestado.com.br\/#website\"},\"primaryImageOfPage\":{\"@id\":\"https:\/\/portaldoestado.com.br\/index.php\/2026\/01\/21\/david-beckham-se-manifesta-apos-filho-brooklyn-expor-crise-familiar-criancas-tem-o-direito-de-errar\/#primaryimage\"},\"image\":{\"@id\":\"https:\/\/portaldoestado.com.br\/index.php\/2026\/01\/21\/david-beckham-se-manifesta-apos-filho-brooklyn-expor-crise-familiar-criancas-tem-o-direito-de-errar\/#primaryimage\"},\"thumbnailUrl\":\"https:\/\/portaldoestado.com.br\/wp-content\/uploads\/2026\/01\/0GrHhCa2-2.jpg\",\"datePublished\":\"2026-01-21T15:08:34+00:00\",\"breadcrumb\":{\"@id\":\"https:\/\/portaldoestado.com.br\/index.php\/2026\/01\/21\/david-beckham-se-manifesta-apos-filho-brooklyn-expor-crise-familiar-criancas-tem-o-direito-de-errar\/#breadcrumb\"},\"inLanguage\":\"pt-BR\",\"potentialAction\":[{\"@type\":\"ReadAction\",\"target\":[\"https:\/\/portaldoestado.com.br\/index.php\/2026\/01\/21\/david-beckham-se-manifesta-apos-filho-brooklyn-expor-crise-familiar-criancas-tem-o-direito-de-errar\/\"]}]},{\"@type\":\"ImageObject\",\"inLanguage\":\"pt-BR\",\"@id\":\"https:\/\/portaldoestado.com.br\/index.php\/2026\/01\/21\/david-beckham-se-manifesta-apos-filho-brooklyn-expor-crise-familiar-criancas-tem-o-direito-de-errar\/#primaryimage\",\"url\":\"https:\/\/portaldoestado.com.br\/wp-content\/uploads\/2026\/01\/0GrHhCa2-2.jpg\",\"contentUrl\":\"https:\/\/portaldoestado.com.br\/wp-content\/uploads\/2026\/01\/0GrHhCa2-2.jpg\",\"width\":1200,\"height\":900},{\"@type\":\"BreadcrumbList\",\"@id\":\"https:\/\/portaldoestado.com.br\/index.php\/2026\/01\/21\/david-beckham-se-manifesta-apos-filho-brooklyn-expor-crise-familiar-criancas-tem-o-direito-de-errar\/#breadcrumb\",\"itemListElement\":[{\"@type\":\"ListItem\",\"position\":1,\"name\":\"In\u00edcio\",\"item\":\"https:\/\/portaldoestado.com.br\/\"},{\"@type\":\"ListItem\",\"position\":2,\"name\":\"David Beckham se manifesta ap\u00f3s filho Brooklyn expor crise familiar: \u201cCrian\u00e7as t\u00eam o direito de errar\u201d\"}]},{\"@type\":\"WebSite\",\"@id\":\"https:\/\/portaldoestado.com.br\/#website\",\"url\":\"https:\/\/portaldoestado.com.br\/\",\"name\":\"Portal do Estado\",\"description\":\"\",\"publisher\":{\"@id\":\"https:\/\/portaldoestado.com.br\/#organization\"},\"potentialAction\":[{\"@type\":\"SearchAction\",\"target\":{\"@type\":\"EntryPoint\",\"urlTemplate\":\"https:\/\/portaldoestado.com.br\/?s={search_term_string}\"},\"query-input\":{\"@type\":\"PropertyValueSpecification\",\"valueRequired\":true,\"valueName\":\"search_term_string\"}}],\"inLanguage\":\"pt-BR\"},{\"@type\":\"Organization\",\"@id\":\"https:\/\/portaldoestado.com.br\/#organization\",\"name\":\"Portal do Estado\",\"url\":\"https:\/\/portaldoestado.com.br\/\",\"logo\":{\"@type\":\"ImageObject\",\"inLanguage\":\"pt-BR\",\"@id\":\"https:\/\/portaldoestado.com.br\/#\/schema\/logo\/image\/\",\"url\":\"https:\/\/portaldoestado.com.br\/wp-content\/uploads\/2025\/04\/cropped-6f69b19a-6472-43bf-b1b3-e1910bbbd4e8.png\",\"contentUrl\":\"https:\/\/portaldoestado.com.br\/wp-content\/uploads\/2025\/04\/cropped-6f69b19a-6472-43bf-b1b3-e1910bbbd4e8.png\",\"width\":1024,\"height\":350,\"caption\":\"Portal do Estado\"},\"image\":{\"@id\":\"https:\/\/portaldoestado.com.br\/#\/schema\/logo\/image\/\"}},{\"@type\":\"Person\",\"@id\":\"https:\/\/portaldoestado.com.br\/#\/schema\/person\/5ca0174f3c8c84b59da62ea14b698cb9\",\"name\":\"assessoriadefamosos\",\"image\":{\"@type\":\"ImageObject\",\"inLanguage\":\"pt-BR\",\"@id\":\"https:\/\/portaldoestado.com.br\/#\/schema\/person\/image\/\",\"url\":\"https:\/\/secure.gravatar.com\/avatar\/a7acbdffcfbbae7240e59f47fe511ec5f5d8c252c779f0b8d9ab02a9e1d8c5ed?s=96&d=mm&r=g\",\"contentUrl\":\"https:\/\/secure.gravatar.com\/avatar\/a7acbdffcfbbae7240e59f47fe511ec5f5d8c252c779f0b8d9ab02a9e1d8c5ed?s=96&d=mm&r=g\",\"caption\":\"assessoriadefamosos\"},\"url\":\"https:\/\/portaldoestado.com.br\/index.php\/author\/assessoriadefamosos\/\"}]}<\/script>\n<!-- \/ Yoast SEO plugin. -->","yoast_head_json":{"title":"David Beckham se manifesta ap\u00f3s filho Brooklyn expor crise familiar: \u201cCrian\u00e7as t\u00eam o direito de errar\u201d - Portal do Estado","robots":{"index":"index","follow":"follow","max-snippet":"max-snippet:-1","max-image-preview":"max-image-preview:large","max-video-preview":"max-video-preview:-1"},"canonical":"https:\/\/portaldoestado.com.br\/index.php\/2026\/01\/21\/david-beckham-se-manifesta-apos-filho-brooklyn-expor-crise-familiar-criancas-tem-o-direito-de-errar\/","og_locale":"pt_BR","og_type":"article","og_title":"David Beckham se manifesta ap\u00f3s filho Brooklyn expor crise familiar: \u201cCrian\u00e7as t\u00eam o direito de errar\u201d - Portal do Estado","og_description":"David Beckham falou publicamente pela primeira vez nesta ter\u00e7a-feira (20\/1) ap\u00f3s seu filho mais velho, Brooklyn Beckham, revelar conflitos familiares que ganharam repercuss\u00e3o internacional. O primog\u00eanito, fruto do casamento com Victoria Beckham, afirmou recentemente que os pais teriam agido contra seu casamento com Nicola Peltz e manipulado a imprensa com informa\u00e7\u00f5es falsas. Em entrevista \u00e0 \u2026","og_url":"https:\/\/portaldoestado.com.br\/index.php\/2026\/01\/21\/david-beckham-se-manifesta-apos-filho-brooklyn-expor-crise-familiar-criancas-tem-o-direito-de-errar\/","og_site_name":"Portal do Estado","article_published_time":"2026-01-21T15:08:34+00:00","og_image":[{"width":1200,"height":900,"url":"https:\/\/portaldoestado.com.br\/wp-content\/uploads\/2026\/01\/0GrHhCa2-2.jpg","type":"image\/jpeg"}],"author":"assessoriadefamosos","twitter_card":"summary_large_image","twitter_misc":{"Escrito por":"assessoriadefamosos","Est. tempo de leitura":"2 minutos"},"schema":{"@context":"https:\/\/schema.org","@graph":[{"@type":"Article","@id":"https:\/\/portaldoestado.com.br\/index.php\/2026\/01\/21\/david-beckham-se-manifesta-apos-filho-brooklyn-expor-crise-familiar-criancas-tem-o-direito-de-errar\/#article","isPartOf":{"@id":"https:\/\/portaldoestado.com.br\/index.php\/2026\/01\/21\/david-beckham-se-manifesta-apos-filho-brooklyn-expor-crise-familiar-criancas-tem-o-direito-de-errar\/"},"author":{"name":"assessoriadefamosos","@id":"https:\/\/portaldoestado.com.br\/#\/schema\/person\/5ca0174f3c8c84b59da62ea14b698cb9"},"headline":"David Beckham se manifesta ap\u00f3s filho Brooklyn expor crise familiar: \u201cCrian\u00e7as t\u00eam o direito de errar\u201d","datePublished":"2026-01-21T15:08:34+00:00","mainEntityOfPage":{"@id":"https:\/\/portaldoestado.com.br\/index.php\/2026\/01\/21\/david-beckham-se-manifesta-apos-filho-brooklyn-expor-crise-familiar-criancas-tem-o-direito-de-errar\/"},"wordCount":329,"publisher":{"@id":"https:\/\/portaldoestado.com.br\/#organization"},"image":{"@id":"https:\/\/portaldoestado.com.br\/index.php\/2026\/01\/21\/david-beckham-se-manifesta-apos-filho-brooklyn-expor-crise-familiar-criancas-tem-o-direito-de-errar\/#primaryimage"},"thumbnailUrl":"https:\/\/portaldoestado.com.br\/wp-content\/uploads\/2026\/01\/0GrHhCa2-2.jpg","articleSection":["Famosos"],"inLanguage":"pt-BR"},{"@type":"WebPage","@id":"https:\/\/portaldoestado.com.br\/index.php\/2026\/01\/21\/david-beckham-se-manifesta-apos-filho-brooklyn-expor-crise-familiar-criancas-tem-o-direito-de-errar\/","url":"https:\/\/portaldoestado.com.br\/index.php\/2026\/01\/21\/david-beckham-se-manifesta-apos-filho-brooklyn-expor-crise-familiar-criancas-tem-o-direito-de-errar\/","name":"David Beckham se manifesta ap\u00f3s filho Brooklyn expor crise familiar: \u201cCrian\u00e7as t\u00eam o direito de errar\u201d - Portal do Estado","isPartOf":{"@id":"https:\/\/portaldoestado.com.br\/#website"},"primaryImageOfPage":{"@id":"https:\/\/portaldoestado.com.br\/index.php\/2026\/01\/21\/david-beckham-se-manifesta-apos-filho-brooklyn-expor-crise-familiar-criancas-tem-o-direito-de-errar\/#primaryimage"},"image":{"@id":"https:\/\/portaldoestado.com.br\/index.php\/2026\/01\/21\/david-beckham-se-manifesta-apos-filho-brooklyn-expor-crise-familiar-criancas-tem-o-direito-de-errar\/#primaryimage"},"thumbnailUrl":"https:\/\/portaldoestado.com.br\/wp-content\/uploads\/2026\/01\/0GrHhCa2-2.jpg","datePublished":"2026-01-21T15:08:34+00:00","breadcrumb":{"@id":"https:\/\/portaldoestado.com.br\/index.php\/2026\/01\/21\/david-beckham-se-manifesta-apos-filho-brooklyn-expor-crise-familiar-criancas-tem-o-direito-de-errar\/#breadcrumb"},"inLanguage":"pt-BR","potentialAction":[{"@type":"ReadAction","target":["https:\/\/portaldoestado.com.br\/index.php\/2026\/01\/21\/david-beckham-se-manifesta-apos-filho-brooklyn-expor-crise-familiar-criancas-tem-o-direito-de-errar\/"]}]},{"@type":"ImageObject","inLanguage":"pt-BR","@id":"https:\/\/portaldoestado.com.br\/index.php\/2026\/01\/21\/david-beckham-se-manifesta-apos-filho-brooklyn-expor-crise-familiar-criancas-tem-o-direito-de-errar\/#primaryimage","url":"https:\/\/portaldoestado.com.br\/wp-content\/uploads\/2026\/01\/0GrHhCa2-2.jpg","contentUrl":"https:\/\/portaldoestado.com.br\/wp-content\/uploads\/2026\/01\/0GrHhCa2-2.jpg","width":1200,"height":900},{"@type":"BreadcrumbList","@id":"https:\/\/portaldoestado.com.br\/index.php\/2026\/01\/21\/david-beckham-se-manifesta-apos-filho-brooklyn-expor-crise-familiar-criancas-tem-o-direito-de-errar\/#breadcrumb","itemListElement":[{"@type":"ListItem","position":1,"name":"In\u00edcio","item":"https:\/\/portaldoestado.com.br\/"},{"@type":"ListItem","position":2,"name":"David Beckham se manifesta ap\u00f3s filho Brooklyn expor crise familiar: \u201cCrian\u00e7as t\u00eam o direito de errar\u201d"}]},{"@type":"WebSite","@id":"https:\/\/portaldoestado.com.br\/#website","url":"https:\/\/portaldoestado.com.br\/","name":"Portal do Estado","description":"","publisher":{"@id":"https:\/\/portaldoestado.com.br\/#organization"},"potentialAction":[{"@type":"SearchAction","target":{"@type":"EntryPoint","urlTemplate":"https:\/\/portaldoestado.com.br\/?s={search_term_string}"},"query-input":{"@type":"PropertyValueSpecification","valueRequired":true,"valueName":"search_term_string"}}],"inLanguage":"pt-BR"},{"@type":"Organization","@id":"https:\/\/portaldoestado.com.br\/#organization","name":"Portal do Estado","url":"https:\/\/portaldoestado.com.br\/","logo":{"@type":"ImageObject","inLanguage":"pt-BR","@id":"https:\/\/portaldoestado.com.br\/#\/schema\/logo\/image\/","url":"https:\/\/portaldoestado.com.br\/wp-content\/uploads\/2025\/04\/cropped-6f69b19a-6472-43bf-b1b3-e1910bbbd4e8.png","contentUrl":"https:\/\/portaldoestado.com.br\/wp-content\/uploads\/2025\/04\/cropped-6f69b19a-6472-43bf-b1b3-e1910bbbd4e8.png","width":1024,"height":350,"caption":"Portal do Estado"},"image":{"@id":"https:\/\/portaldoestado.com.br\/#\/schema\/logo\/image\/"}},{"@type":"Person","@id":"https:\/\/portaldoestado.com.br\/#\/schema\/person\/5ca0174f3c8c84b59da62ea14b698cb9","name":"assessoriadefamosos","image":{"@type":"ImageObject","inLanguage":"pt-BR","@id":"https:\/\/portaldoestado.com.br\/#\/schema\/person\/image\/","url":"https:\/\/secure.gravatar.com\/avatar\/a7acbdffcfbbae7240e59f47fe511ec5f5d8c252c779f0b8d9ab02a9e1d8c5ed?s=96&d=mm&r=g","contentUrl":"https:\/\/secure.gravatar.com\/avatar\/a7acbdffcfbbae7240e59f47fe511ec5f5d8c252c779f0b8d9ab02a9e1d8c5ed?s=96&d=mm&r=g","caption":"assessoriadefamosos"},"url":"https:\/\/portaldoestado.com.br\/index.php\/author\/assessoriadefamosos\/"}]}},"jetpack_featured_media_url":"https:\/\/portaldoestado.com.br\/wp-content\/uploads\/2026\/01\/0GrHhCa2-2.jpg","_links":{"self":[{"href":"https:\/\/portaldoestado.com.br\/index.php\/wp-json\/wp\/v2\/posts\/5905","targetHints":{"allow":["GET"]}}],"collection":[{"href":"https:\/\/portaldoestado.com.br\/index.php\/wp-json\/wp\/v2\/posts"}],"about":[{"href":"https:\/\/portaldoestado.com.br\/index.php\/wp-json\/wp\/v2\/types\/post"}],"author":[{"embeddable":true,"href":"https:\/\/portaldoestado.com.br\/index.php\/wp-json\/wp\/v2\/users\/2"}],"replies":[{"embeddable":true,"href":"https:\/\/portaldoestado.com.br\/index.php\/wp-json\/wp\/v2\/comments?post=5905"}],"version-history":[{"count":1,"href":"https:\/\/portaldoestado.com.br\/index.php\/wp-json\/wp\/v2\/posts\/5905\/revisions"}],"predecessor-version":[{"id":5906,"href":"https:\/\/portaldoestado.com.br\/index.php\/wp-json\/wp\/v2\/posts\/5905\/revisions\/5906"}],"wp:featuredmedia":[{"embeddable":true,"href":"https:\/\/portaldoestado.com.br\/index.php\/wp-json\/wp\/v2\/media\/5904"}],"wp:attachment":[{"href":"https:\/\/portaldoestado.com.br\/index.php\/wp-json\/wp\/v2\/media?parent=5905"}],"wp:term":[{"taxonomy":"category","embeddable":true,"href":"https:\/\/portaldoestado.com.br\/index.php\/wp-json\/wp\/v2\/categories?post=5905"},{"taxonomy":"post_tag","embeddable":true,"href":"https:\/\/portaldoestado.com.br\/index.php\/wp-json\/wp\/v2\/tags?post=5905"}],"curies":[{"name":"wp","href":"https:\/\/api.w.org\/{rel}","templated":true}]}}