{"id":5899,"date":"2026-01-21T03:02:00","date_gmt":"2026-01-21T03:02:00","guid":{"rendered":"https:\/\/portaldoestado.com.br\/?p=5899"},"modified":"2026-01-21T03:02:00","modified_gmt":"2026-01-21T03:02:00","slug":"santuario-sao-sebastiao-celebra-o-dia-do-padroeiro-de-porto-ferreira-com-fe-amor-e-devocao","status":"publish","type":"post","link":"https:\/\/portaldoestado.com.br\/index.php\/2026\/01\/21\/santuario-sao-sebastiao-celebra-o-dia-do-padroeiro-de-porto-ferreira-com-fe-amor-e-devocao\/","title":{"rendered":"Santu\u00e1rio S\u00e3o Sebasti\u00e3o celebra o dia do padroeiro de Porto Ferreira com f\u00e9, amor e devo\u00e7\u00e3o"},"content":{"rendered":"\n<p>O Santu\u00e1rio S\u00e3o Sebasti\u00e3o, em Porto Ferreira, celebrou nesta segunda-feira, 20 de janeiro, o Dia de S\u00e3o Sebasti\u00e3o, padroeiro da cidade, com uma programa\u00e7\u00e3o especial marcada por f\u00e9, amor e profunda devo\u00e7\u00e3o. Ao longo do dia, duas missas reuniram centenas de fi\u00e9is, que lotaram a igreja para homenagear o m\u00e1rtir da f\u00e9 crist\u00e3.<\/p>\n\n\n\n<p><strong>Missa da manh\u00e3 re\u00fane fi\u00e9is e emociona com reflex\u00e3o sobre a f\u00e9 nos dias atuais<\/strong><\/p>\n\n\n\n<p>A primeira celebra\u00e7\u00e3o aconteceu \u00e0s 10h, presidida pelo padre M\u00e1rcio Marcelo e concelebrada pelo padre Fernando Mendes. Com a igreja completamente lotada, a missa contou com a participa\u00e7\u00e3o do Coral S\u00e3o Sebasti\u00e3o, que emocionou os presentes com c\u00e2nticos religiosos.<\/p>\n\n\n\n<p>Durante a homilia, padre M\u00e1rcio Marcelo relembrou a hist\u00f3ria de S\u00e3o Sebasti\u00e3o, m\u00e1rtir que entregou sua vida por amor a Cristo, e fez uma compara\u00e7\u00e3o com os mart\u00edrios dos dias atuais, convidando os fi\u00e9is a uma profunda reflex\u00e3o. O sacerdote destacou a import\u00e2ncia da educa\u00e7\u00e3o crist\u00e3 dentro das fam\u00edlias, incentivando pais e respons\u00e1veis a conduzirem seus filhos a uma vida mais pr\u00f3xima da Igreja, ouvindo m\u00fasicas religiosas, afastando-se dos prazeres mundanos e buscando uma vida de f\u00e9, como caminho para vencer desafios e progredir espiritualmente.<\/p>\n\n\n\n<p>Ao final da celebra\u00e7\u00e3o, padre M\u00e1rcio rezou diante da imagem de S\u00e3o Sebasti\u00e3o, encerrando a missa com todos os fi\u00e9is entoando o tradicional hino:<\/p>\n\n\n\n<p>\u201cPadroeiro augusto da nossa terra,<\/p>\n\n\n\n<p>M\u00e1rtir glorioso, S\u00e3o Sebasti\u00e3o!\u201d<\/p>\n\n\n\n<p>Na sa\u00edda, o padre Fernando Mendes realizou a venda do bolo do padroeiro, entregou uma lembran\u00e7a especial a todos os presentes e convidou a comunidade para participar da missa solene e prociss\u00e3o das 16h.<\/p>\n\n\n<!-- wp:image \"id\":102221 -->\n<figure class=\"wp-block-image\"><img decoding=\"async\" src=\"https:\/\/tonafama.ig.com.br\/wp-content\/uploads\/2026\/01\/22B0BB84-BAC0-4EC2-A533-1676322AADB1-576x1024.jpeg\" alt=\"\" class=\"wp-image-102221\"\/><\/figure>\n<!-- \/wp:post-content -->\n\n<!-- wp:image \"id\":102223,\"align\":\"center\" -->\n<figure class=\"wp-block-image aligncenter\"><img decoding=\"async\" src=\"https:\/\/tonafama.ig.com.br\/wp-content\/uploads\/2026\/01\/IMG_3584-800x1024.jpeg\" alt=\"\" class=\"wp-image-102223\"\/><\/figure>\n<!-- \/wp:image -->\n\n<!-- wp:image \"id\":102224,\"align\":\"center\" -->\n<figure class=\"wp-block-image aligncenter\"><img decoding=\"async\" src=\"https:\/\/tonafama.ig.com.br\/wp-content\/uploads\/2026\/01\/IMG_3585-795x1024.jpeg\" alt=\"\" class=\"wp-image-102224\"\/><\/figure>\n<!-- \/wp:image -->\n\n<!-- wp:image \"id\":102225 -->\n<figure class=\"wp-block-image\"><img decoding=\"async\" src=\"https:\/\/tonafama.ig.com.br\/wp-content\/uploads\/2026\/01\/IMG_3586-790x1024.jpeg\" alt=\"\" class=\"wp-image-102225\"\/><\/figure>\n<!-- \/wp:image -->\n\n<!-- wp:image \"id\":102226,\"align\":\"center\" -->\n<figure class=\"wp-block-image aligncenter\"><img decoding=\"async\" src=\"https:\/\/tonafama.ig.com.br\/wp-content\/uploads\/2026\/01\/IMG_3588-790x1024.jpeg\" alt=\"\" class=\"wp-image-102226\"\/><\/figure>\n<!-- \/wp:image -->\n\n<!-- wp:image \"id\":102227,\"align\":\"center\" -->\n<figure class=\"wp-block-image aligncenter\"><img decoding=\"async\" src=\"https:\/\/tonafama.ig.com.br\/wp-content\/uploads\/2026\/01\/IMG_3589-794x1024.jpeg\" alt=\"\" class=\"wp-image-102227\"\/><\/figure>\n<!-- \/wp:image -->\n\n<!-- wp:image \"id\":102228 -->\n<figure class=\"wp-block-image\"><img decoding=\"async\" src=\"https:\/\/tonafama.ig.com.br\/wp-content\/uploads\/2026\/01\/IMG_3587-797x1024.jpeg\" alt=\"\" class=\"wp-image-102228\"\/><\/figure>\n<!-- \/wp:image -->\n\n<!-- wp:image \"id\":102229,\"align\":\"center\" -->\n<figure class=\"wp-block-image aligncenter\"><img decoding=\"async\" src=\"https:\/\/tonafama.ig.com.br\/wp-content\/uploads\/2026\/01\/IMG_3590-796x1024.jpeg\" alt=\"\" class=\"wp-image-102229\"\/><\/figure>\n<!-- \/wp:image -->\n\n<!-- wp:image \"id\":102230,\"align\":\"center\" -->\n<figure class=\"wp-block-image aligncenter\"><img decoding=\"async\" src=\"https:\/\/tonafama.ig.com.br\/wp-content\/uploads\/2026\/01\/IMG_3591-710x1024.jpeg\" alt=\"\" class=\"wp-image-102230\"\/><\/figure>\n<!-- \/wp:image -->\n\n<!-- wp:paragraph -->\n<p><strong>Missa solene e prociss\u00e3o marcam a tarde de devo\u00e7\u00e3o<\/strong><\/p>\n<!-- \/wp:paragraph -->\n\n<!-- wp:paragraph -->\n<p>A missa solene das 16h tamb\u00e9m contou com o Santu\u00e1rio lotado. Durante a celebra\u00e7\u00e3o, foi entoada a Ladainha de S\u00e3o Sebasti\u00e3o, refor\u00e7ando o clima de ora\u00e7\u00e3o e devo\u00e7\u00e3o.<\/p>\n<!-- \/wp:paragraph -->\n\n<!-- wp:paragraph -->\n<p>A missa foi presidida pelo reitor do Santu\u00e1rio, padre Fernando Mendes, e concelebrada pelos padres Lu\u00eds Fabiano Canatta, ex-reitor do Santu\u00e1rio S\u00e3o Sebasti\u00e3o e atual reitor do Santu\u00e1rio Nossa Senhora do Bel\u00e9m, em Descalvado, e padre Ant\u00f4nio Marcos Moreira, da Par\u00f3quia Santa Luzia, de Pirassununga.<\/p>\n<!-- \/wp:paragraph -->\n\n<!-- wp:paragraph -->\n<p>Na homilia, padre Fernando Mendes falou novamente sobre a vida e o testemunho de S\u00e3o Sebasti\u00e3o, levando os fi\u00e9is a refletirem sobre o amor de Deus e a entrega total ao pr\u00f3ximo. O sacerdote destacou a coragem do santo, que se entregou sem medo, afirmando que por Jesus daria a pr\u00f3pria vida, e convidou a assembleia a refletir sobre a entrega aos irm\u00e3os, a f\u00e9 viva e a propaga\u00e7\u00e3o da devo\u00e7\u00e3o a um santo reconhecido como milagroso e cheio da presen\u00e7a de Deus.<\/p>\n<!-- \/wp:paragraph -->\n\n<!-- wp:image \"id\":102232,\"align\":\"center\" -->\n<figure class=\"wp-block-image aligncenter\"><img decoding=\"async\" src=\"https:\/\/tonafama.ig.com.br\/wp-content\/uploads\/2026\/01\/6E3C2744-9083-47DD-9883-5219BEF4E319-576x1024.jpeg\" alt=\"\" class=\"wp-image-102232\"\/><\/figure>\n<!-- \/wp:image -->\n\n<!-- wp:image \"id\":102233,\"align\":\"center\" -->\n<figure class=\"wp-block-image aligncenter\"><img decoding=\"async\" src=\"https:\/\/tonafama.ig.com.br\/wp-content\/uploads\/2026\/01\/A448D22B-3113-4F2F-A7BD-98E403942A1C-576x1024.jpeg\" alt=\"\" class=\"wp-image-102233\"\/><\/figure>\n<!-- \/wp:image -->\n\n<!-- wp:image \"id\":102234,\"align\":\"center\" -->\n<figure class=\"wp-block-image aligncenter\"><img decoding=\"async\" src=\"https:\/\/tonafama.ig.com.br\/wp-content\/uploads\/2026\/01\/32B0CF26-3ED4-4974-8523-D9DBB76854F1-576x1024.jpeg\" alt=\"\" class=\"wp-image-102234\"\/><\/figure>\n<!-- \/wp:image -->\n\n<!-- wp:image \"id\":102235,\"align\":\"center\" -->\n<figure class=\"wp-block-image aligncenter\"><img decoding=\"async\" src=\"https:\/\/tonafama.ig.com.br\/wp-content\/uploads\/2026\/01\/IMG_3595-1024x695.jpeg\" alt=\"\" class=\"wp-image-102235\"\/><\/figure>\n<!-- \/wp:image -->\n\n<!-- wp:image \"id\":102236,\"align\":\"center\" -->\n<figure class=\"wp-block-image aligncenter\"><img decoding=\"async\" src=\"https:\/\/tonafama.ig.com.br\/wp-content\/uploads\/2026\/01\/IMG_3594-600x1024.jpeg\" alt=\"\" class=\"wp-image-102236\"\/><\/figure>\n<!-- \/wp:image -->\n\n<!-- wp:image \"id\":102237,\"align\":\"center\" -->\n<figure class=\"wp-block-image aligncenter\"><img decoding=\"async\" src=\"https:\/\/tonafama.ig.com.br\/wp-content\/uploads\/2026\/01\/IMG_3593-784x1024.jpeg\" alt=\"\" class=\"wp-image-102237\"\/><\/figure>\n<!-- \/wp:image -->\n\n<!-- wp:paragraph -->\n<p><strong>Prociss\u00e3o percorre ruas da cidade e aben\u00e7oa hospital<\/strong><\/p>\n<!-- \/wp:paragraph -->\n\n<!-- wp:paragraph -->\n<p>Ao final da missa, teve in\u00edcio a tradicional prociss\u00e3o, que percorreu as ruas da cidade com o andor de S\u00e3o Sebasti\u00e3o e as rel\u00edquias do santo. O cortejo passou pelo Hospital Dona Balbina, onde a prociss\u00e3o fez uma parada especial. Em frente \u00e0 unidade hospitalar, foi realizada uma b\u00ean\u00e7\u00e3o aos enfermos, profissionais da sa\u00fade e a todo o hospital, em um dos momentos mais emocionantes do dia.<\/p>\n<!-- \/wp:paragraph -->\n\n<!-- wp:paragraph -->\n<p>A prociss\u00e3o seguiu at\u00e9 o Santu\u00e1rio S\u00e3o Sebasti\u00e3o, onde a celebra\u00e7\u00e3o foi encerrada com a b\u00ean\u00e7\u00e3o final, a sauda\u00e7\u00e3o ao padroeiro e o canto \u201cPadroeiro Augusto da Nossa Terra\u201d.<\/p>\n<!-- \/wp:paragraph -->\n\n<!-- wp:image \"id\":102239,\"align\":\"center\" -->\n<figure class=\"wp-block-image aligncenter\"><img decoding=\"async\" src=\"https:\/\/tonafama.ig.com.br\/wp-content\/uploads\/2026\/01\/IMG_3562-1-1024x576.jpeg\" alt=\"\" class=\"wp-image-102239\"\/><\/figure>\n<!-- \/wp:image -->\n\n<!-- wp:image \"id\":102240,\"align\":\"center\" -->\n<figure class=\"wp-block-image aligncenter\"><img decoding=\"async\" src=\"https:\/\/tonafama.ig.com.br\/wp-content\/uploads\/2026\/01\/IMG_3563-1024x576.jpeg\" alt=\"\" class=\"wp-image-102240\"\/><\/figure>\n<!-- \/wp:image -->\n\n<!-- wp:image \"id\":102241,\"align\":\"center\" -->\n<figure class=\"wp-block-image aligncenter\"><img decoding=\"async\" src=\"https:\/\/tonafama.ig.com.br\/wp-content\/uploads\/2026\/01\/IMG_3565-1024x576.jpeg\" alt=\"\" class=\"wp-image-102241\"\/><\/figure>\n<!-- \/wp:image -->\n\n<!-- wp:image \"id\":102242,\"align\":\"center\" -->\n<figure class=\"wp-block-image aligncenter\"><img decoding=\"async\" src=\"https:\/\/tonafama.ig.com.br\/wp-content\/uploads\/2026\/01\/IMG_3566-1024x576.jpeg\" alt=\"\" class=\"wp-image-102242\"\/><\/figure>\n<!-- \/wp:image -->\n\n<!-- wp:image \"id\":102243,\"align\":\"center\" -->\n<figure class=\"wp-block-image aligncenter\"><img decoding=\"async\" src=\"https:\/\/tonafama.ig.com.br\/wp-content\/uploads\/2026\/01\/IMG_3568-1024x576.jpeg\" alt=\"\" class=\"wp-image-102243\"\/><\/figure>\n<!-- \/wp:image -->\n\n<!-- wp:image \"id\":102244,\"align\":\"center\" -->\n<figure class=\"wp-block-image aligncenter\"><img decoding=\"async\" src=\"https:\/\/tonafama.ig.com.br\/wp-content\/uploads\/2026\/01\/IMG_3572-1024x576.jpeg\" alt=\"\" class=\"wp-image-102244\"\/><\/figure>\n<!-- \/wp:image -->\n\n<!-- wp:image \"id\":102245,\"align\":\"center\" -->\n<figure class=\"wp-block-image aligncenter\"><img decoding=\"async\" src=\"https:\/\/tonafama.ig.com.br\/wp-content\/uploads\/2026\/01\/IMG_3574-1024x576.jpeg\" alt=\"\" class=\"wp-image-102245\"\/><\/figure>\n<!-- \/wp:image -->\n\n<!-- wp:image \"id\":102246,\"align\":\"center\" -->\n<figure class=\"wp-block-image aligncenter\"><img decoding=\"async\" src=\"https:\/\/tonafama.ig.com.br\/wp-content\/uploads\/2026\/01\/IMG_3576-1024x576.jpeg\" alt=\"\" class=\"wp-image-102246\"\/><\/figure>\n<!-- \/wp:image -->\n\n<!-- wp:image \"id\":102247,\"align\":\"center\" -->\n<figure class=\"wp-block-image aligncenter\"><img decoding=\"async\" src=\"https:\/\/tonafama.ig.com.br\/wp-content\/uploads\/2026\/01\/IMG_3578-1024x576.jpeg\" alt=\"\" class=\"wp-image-102247\"\/><\/figure>\n<!-- \/wp:image -->\n\n<!-- wp:paragraph -->\n<p><strong>Novo movimento e agradecimentos<\/strong><\/p>\n<!-- \/wp:paragraph -->\n\n<!-- wp:paragraph -->\n<p>Durante a celebra\u00e7\u00e3o, padre Fernando Mendes tamb\u00e9m agradeceu a toda a equipe envolvida na quermesse, na liturgia e na organiza\u00e7\u00e3o, que contribu\u00edram para que a festa fosse grandiosa e marcante.<\/p>\n<!-- \/wp:paragraph -->\n\n<!-- wp:paragraph -->\n<p>Outro destaque foi o lan\u00e7amento de um novo movimento do Santu\u00e1rio: ao longo do ano, sete imagens peregrinas de S\u00e3o Sebasti\u00e3o ir\u00e3o percorrer bairros, periferias e casas de Porto Ferreira, levando a f\u00e9, a devo\u00e7\u00e3o e a prote\u00e7\u00e3o do padroeiro a toda a cidade.<\/p>\n<!-- \/wp:paragraph -->\n\n<!-- wp:paragraph -->\n<p>A celebra\u00e7\u00e3o do Dia de S\u00e3o Sebasti\u00e3o reafirmou a f\u00e9 do povo ferreirense e fortaleceu ainda mais a devo\u00e7\u00e3o ao santo padroeiro, que segue sendo s\u00edmbolo de esperan\u00e7a, coragem e amor a Deus.<\/p>\n<!-- \/wp:paragraph -->\n\n<!-- wp:image \"id\":102248,\"align\":\"center\" -->\n<figure class=\"wp-block-image aligncenter\"><img decoding=\"async\" src=\"https:\/\/tonafama.ig.com.br\/wp-content\/uploads\/2026\/01\/IMG_3597-1024x763.jpeg\" alt=\"\" class=\"wp-image-102248\"\/><\/figure>\n<!-- \/wp:image -->\n\n<!-- wp:image \"id\":102249,\"align\":\"center\" -->\n<figure class=\"wp-block-image aligncenter\"><img decoding=\"async\" src=\"https:\/\/tonafama.ig.com.br\/wp-content\/uploads\/2026\/01\/24459B11-8A32-4882-8BA6-8FA41B804676-1-683x1024.jpg\" alt=\"\" class=\"wp-image-102249\"\/><\/figure>\n<!-- \/wp:image -->","protected":false},"excerpt":{"rendered":"<p>O Santu\u00e1rio S\u00e3o Sebasti\u00e3o, em Porto Ferreira, celebrou nesta segunda-feira, 20 de janeiro, o Dia de S\u00e3o Sebasti\u00e3o, padroeiro da cidade, com uma programa\u00e7\u00e3o especial marcada por f\u00e9, amor e profunda devo\u00e7\u00e3o. Ao longo do dia, duas missas reuniram centenas de fi\u00e9is, que lotaram a igreja para homenagear o m\u00e1rtir da f\u00e9 crist\u00e3. Missa da \u2026<\/p>\n","protected":false},"author":2,"featured_media":5898,"comment_status":"closed","ping_status":"open","sticky":false,"template":"","format":"standard","meta":{"footnotes":""},"categories":[4],"tags":[],"class_list":["post-5899","post","type-post","status-publish","format-standard","has-post-thumbnail","hentry","category-geral"],"yoast_head":"<!-- This site is optimized with the Yoast SEO plugin v25.5 - https:\/\/yoast.com\/wordpress\/plugins\/seo\/ -->\n<title>Santu\u00e1rio S\u00e3o Sebasti\u00e3o celebra o dia do padroeiro de Porto Ferreira com f\u00e9, amor e devo\u00e7\u00e3o - Portal do Estado<\/title>\n<meta name=\"robots\" content=\"index, follow, max-snippet:-1, max-image-preview:large, max-video-preview:-1\" \/>\n<link rel=\"canonical\" href=\"https:\/\/portaldoestado.com.br\/index.php\/2026\/01\/21\/santuario-sao-sebastiao-celebra-o-dia-do-padroeiro-de-porto-ferreira-com-fe-amor-e-devocao\/\" \/>\n<meta property=\"og:locale\" content=\"pt_BR\" \/>\n<meta property=\"og:type\" content=\"article\" \/>\n<meta property=\"og:title\" content=\"Santu\u00e1rio S\u00e3o Sebasti\u00e3o celebra o dia do padroeiro de Porto Ferreira com f\u00e9, amor e devo\u00e7\u00e3o - Portal do Estado\" \/>\n<meta property=\"og:description\" content=\"O Santu\u00e1rio S\u00e3o Sebasti\u00e3o, em Porto Ferreira, celebrou nesta segunda-feira, 20 de janeiro, o Dia de S\u00e3o Sebasti\u00e3o, padroeiro da cidade, com uma programa\u00e7\u00e3o especial marcada por f\u00e9, amor e profunda devo\u00e7\u00e3o. Ao longo do dia, duas missas reuniram centenas de fi\u00e9is, que lotaram a igreja para homenagear o m\u00e1rtir da f\u00e9 crist\u00e3. Missa da \u2026\" \/>\n<meta property=\"og:url\" content=\"https:\/\/portaldoestado.com.br\/index.php\/2026\/01\/21\/santuario-sao-sebastiao-celebra-o-dia-do-padroeiro-de-porto-ferreira-com-fe-amor-e-devocao\/\" \/>\n<meta property=\"og:site_name\" content=\"Portal do Estado\" \/>\n<meta property=\"article:published_time\" content=\"2026-01-21T03:02:00+00:00\" \/>\n<meta property=\"og:image\" content=\"https:\/\/portaldoestado.com.br\/wp-content\/uploads\/2026\/01\/IMG_3563-scaled-1.jpeg\" \/>\n\t<meta property=\"og:image:width\" content=\"2560\" \/>\n\t<meta property=\"og:image:height\" content=\"1440\" \/>\n\t<meta property=\"og:image:type\" content=\"image\/jpeg\" \/>\n<meta name=\"author\" content=\"assessoriadefamosos\" \/>\n<meta name=\"twitter:card\" content=\"summary_large_image\" \/>\n<meta name=\"twitter:label1\" content=\"Escrito por\" \/>\n\t<meta name=\"twitter:data1\" content=\"assessoriadefamosos\" \/>\n\t<meta name=\"twitter:label2\" content=\"Est. tempo de leitura\" \/>\n\t<meta name=\"twitter:data2\" content=\"4 minutos\" \/>\n<script type=\"application\/ld+json\" class=\"yoast-schema-graph\">{\"@context\":\"https:\/\/schema.org\",\"@graph\":[{\"@type\":\"Article\",\"@id\":\"https:\/\/portaldoestado.com.br\/index.php\/2026\/01\/21\/santuario-sao-sebastiao-celebra-o-dia-do-padroeiro-de-porto-ferreira-com-fe-amor-e-devocao\/#article\",\"isPartOf\":{\"@id\":\"https:\/\/portaldoestado.com.br\/index.php\/2026\/01\/21\/santuario-sao-sebastiao-celebra-o-dia-do-padroeiro-de-porto-ferreira-com-fe-amor-e-devocao\/\"},\"author\":{\"name\":\"assessoriadefamosos\",\"@id\":\"https:\/\/portaldoestado.com.br\/#\/schema\/person\/5ca0174f3c8c84b59da62ea14b698cb9\"},\"headline\":\"Santu\u00e1rio S\u00e3o Sebasti\u00e3o celebra o dia do padroeiro de Porto Ferreira com f\u00e9, amor e devo\u00e7\u00e3o\",\"datePublished\":\"2026-01-21T03:02:00+00:00\",\"mainEntityOfPage\":{\"@id\":\"https:\/\/portaldoestado.com.br\/index.php\/2026\/01\/21\/santuario-sao-sebastiao-celebra-o-dia-do-padroeiro-de-porto-ferreira-com-fe-amor-e-devocao\/\"},\"wordCount\":765,\"publisher\":{\"@id\":\"https:\/\/portaldoestado.com.br\/#organization\"},\"image\":{\"@id\":\"https:\/\/portaldoestado.com.br\/index.php\/2026\/01\/21\/santuario-sao-sebastiao-celebra-o-dia-do-padroeiro-de-porto-ferreira-com-fe-amor-e-devocao\/#primaryimage\"},\"thumbnailUrl\":\"https:\/\/portaldoestado.com.br\/wp-content\/uploads\/2026\/01\/IMG_3563-scaled-1.jpeg\",\"articleSection\":[\"Geral\"],\"inLanguage\":\"pt-BR\"},{\"@type\":\"WebPage\",\"@id\":\"https:\/\/portaldoestado.com.br\/index.php\/2026\/01\/21\/santuario-sao-sebastiao-celebra-o-dia-do-padroeiro-de-porto-ferreira-com-fe-amor-e-devocao\/\",\"url\":\"https:\/\/portaldoestado.com.br\/index.php\/2026\/01\/21\/santuario-sao-sebastiao-celebra-o-dia-do-padroeiro-de-porto-ferreira-com-fe-amor-e-devocao\/\",\"name\":\"Santu\u00e1rio S\u00e3o Sebasti\u00e3o celebra o dia do padroeiro de Porto Ferreira com f\u00e9, amor e devo\u00e7\u00e3o - Portal do Estado\",\"isPartOf\":{\"@id\":\"https:\/\/portaldoestado.com.br\/#website\"},\"primaryImageOfPage\":{\"@id\":\"https:\/\/portaldoestado.com.br\/index.php\/2026\/01\/21\/santuario-sao-sebastiao-celebra-o-dia-do-padroeiro-de-porto-ferreira-com-fe-amor-e-devocao\/#primaryimage\"},\"image\":{\"@id\":\"https:\/\/portaldoestado.com.br\/index.php\/2026\/01\/21\/santuario-sao-sebastiao-celebra-o-dia-do-padroeiro-de-porto-ferreira-com-fe-amor-e-devocao\/#primaryimage\"},\"thumbnailUrl\":\"https:\/\/portaldoestado.com.br\/wp-content\/uploads\/2026\/01\/IMG_3563-scaled-1.jpeg\",\"datePublished\":\"2026-01-21T03:02:00+00:00\",\"breadcrumb\":{\"@id\":\"https:\/\/portaldoestado.com.br\/index.php\/2026\/01\/21\/santuario-sao-sebastiao-celebra-o-dia-do-padroeiro-de-porto-ferreira-com-fe-amor-e-devocao\/#breadcrumb\"},\"inLanguage\":\"pt-BR\",\"potentialAction\":[{\"@type\":\"ReadAction\",\"target\":[\"https:\/\/portaldoestado.com.br\/index.php\/2026\/01\/21\/santuario-sao-sebastiao-celebra-o-dia-do-padroeiro-de-porto-ferreira-com-fe-amor-e-devocao\/\"]}]},{\"@type\":\"ImageObject\",\"inLanguage\":\"pt-BR\",\"@id\":\"https:\/\/portaldoestado.com.br\/index.php\/2026\/01\/21\/santuario-sao-sebastiao-celebra-o-dia-do-padroeiro-de-porto-ferreira-com-fe-amor-e-devocao\/#primaryimage\",\"url\":\"https:\/\/portaldoestado.com.br\/wp-content\/uploads\/2026\/01\/IMG_3563-scaled-1.jpeg\",\"contentUrl\":\"https:\/\/portaldoestado.com.br\/wp-content\/uploads\/2026\/01\/IMG_3563-scaled-1.jpeg\",\"width\":2560,\"height\":1440},{\"@type\":\"BreadcrumbList\",\"@id\":\"https:\/\/portaldoestado.com.br\/index.php\/2026\/01\/21\/santuario-sao-sebastiao-celebra-o-dia-do-padroeiro-de-porto-ferreira-com-fe-amor-e-devocao\/#breadcrumb\",\"itemListElement\":[{\"@type\":\"ListItem\",\"position\":1,\"name\":\"In\u00edcio\",\"item\":\"https:\/\/portaldoestado.com.br\/\"},{\"@type\":\"ListItem\",\"position\":2,\"name\":\"Santu\u00e1rio S\u00e3o Sebasti\u00e3o celebra o dia do padroeiro de Porto Ferreira com f\u00e9, amor e devo\u00e7\u00e3o\"}]},{\"@type\":\"WebSite\",\"@id\":\"https:\/\/portaldoestado.com.br\/#website\",\"url\":\"https:\/\/portaldoestado.com.br\/\",\"name\":\"Portal do Estado\",\"description\":\"\",\"publisher\":{\"@id\":\"https:\/\/portaldoestado.com.br\/#organization\"},\"potentialAction\":[{\"@type\":\"SearchAction\",\"target\":{\"@type\":\"EntryPoint\",\"urlTemplate\":\"https:\/\/portaldoestado.com.br\/?s={search_term_string}\"},\"query-input\":{\"@type\":\"PropertyValueSpecification\",\"valueRequired\":true,\"valueName\":\"search_term_string\"}}],\"inLanguage\":\"pt-BR\"},{\"@type\":\"Organization\",\"@id\":\"https:\/\/portaldoestado.com.br\/#organization\",\"name\":\"Portal do Estado\",\"url\":\"https:\/\/portaldoestado.com.br\/\",\"logo\":{\"@type\":\"ImageObject\",\"inLanguage\":\"pt-BR\",\"@id\":\"https:\/\/portaldoestado.com.br\/#\/schema\/logo\/image\/\",\"url\":\"https:\/\/portaldoestado.com.br\/wp-content\/uploads\/2025\/04\/cropped-6f69b19a-6472-43bf-b1b3-e1910bbbd4e8.png\",\"contentUrl\":\"https:\/\/portaldoestado.com.br\/wp-content\/uploads\/2025\/04\/cropped-6f69b19a-6472-43bf-b1b3-e1910bbbd4e8.png\",\"width\":1024,\"height\":350,\"caption\":\"Portal do Estado\"},\"image\":{\"@id\":\"https:\/\/portaldoestado.com.br\/#\/schema\/logo\/image\/\"}},{\"@type\":\"Person\",\"@id\":\"https:\/\/portaldoestado.com.br\/#\/schema\/person\/5ca0174f3c8c84b59da62ea14b698cb9\",\"name\":\"assessoriadefamosos\",\"image\":{\"@type\":\"ImageObject\",\"inLanguage\":\"pt-BR\",\"@id\":\"https:\/\/portaldoestado.com.br\/#\/schema\/person\/image\/\",\"url\":\"https:\/\/secure.gravatar.com\/avatar\/a7acbdffcfbbae7240e59f47fe511ec5f5d8c252c779f0b8d9ab02a9e1d8c5ed?s=96&d=mm&r=g\",\"contentUrl\":\"https:\/\/secure.gravatar.com\/avatar\/a7acbdffcfbbae7240e59f47fe511ec5f5d8c252c779f0b8d9ab02a9e1d8c5ed?s=96&d=mm&r=g\",\"caption\":\"assessoriadefamosos\"},\"url\":\"https:\/\/portaldoestado.com.br\/index.php\/author\/assessoriadefamosos\/\"}]}<\/script>\n<!-- \/ Yoast SEO plugin. -->","yoast_head_json":{"title":"Santu\u00e1rio S\u00e3o Sebasti\u00e3o celebra o dia do padroeiro de Porto Ferreira com f\u00e9, amor e devo\u00e7\u00e3o - Portal do Estado","robots":{"index":"index","follow":"follow","max-snippet":"max-snippet:-1","max-image-preview":"max-image-preview:large","max-video-preview":"max-video-preview:-1"},"canonical":"https:\/\/portaldoestado.com.br\/index.php\/2026\/01\/21\/santuario-sao-sebastiao-celebra-o-dia-do-padroeiro-de-porto-ferreira-com-fe-amor-e-devocao\/","og_locale":"pt_BR","og_type":"article","og_title":"Santu\u00e1rio S\u00e3o Sebasti\u00e3o celebra o dia do padroeiro de Porto Ferreira com f\u00e9, amor e devo\u00e7\u00e3o - Portal do Estado","og_description":"O Santu\u00e1rio S\u00e3o Sebasti\u00e3o, em Porto Ferreira, celebrou nesta segunda-feira, 20 de janeiro, o Dia de S\u00e3o Sebasti\u00e3o, padroeiro da cidade, com uma programa\u00e7\u00e3o especial marcada por f\u00e9, amor e profunda devo\u00e7\u00e3o. Ao longo do dia, duas missas reuniram centenas de fi\u00e9is, que lotaram a igreja para homenagear o m\u00e1rtir da f\u00e9 crist\u00e3. Missa da \u2026","og_url":"https:\/\/portaldoestado.com.br\/index.php\/2026\/01\/21\/santuario-sao-sebastiao-celebra-o-dia-do-padroeiro-de-porto-ferreira-com-fe-amor-e-devocao\/","og_site_name":"Portal do Estado","article_published_time":"2026-01-21T03:02:00+00:00","og_image":[{"width":2560,"height":1440,"url":"https:\/\/portaldoestado.com.br\/wp-content\/uploads\/2026\/01\/IMG_3563-scaled-1.jpeg","type":"image\/jpeg"}],"author":"assessoriadefamosos","twitter_card":"summary_large_image","twitter_misc":{"Escrito por":"assessoriadefamosos","Est. tempo de leitura":"4 minutos"},"schema":{"@context":"https:\/\/schema.org","@graph":[{"@type":"Article","@id":"https:\/\/portaldoestado.com.br\/index.php\/2026\/01\/21\/santuario-sao-sebastiao-celebra-o-dia-do-padroeiro-de-porto-ferreira-com-fe-amor-e-devocao\/#article","isPartOf":{"@id":"https:\/\/portaldoestado.com.br\/index.php\/2026\/01\/21\/santuario-sao-sebastiao-celebra-o-dia-do-padroeiro-de-porto-ferreira-com-fe-amor-e-devocao\/"},"author":{"name":"assessoriadefamosos","@id":"https:\/\/portaldoestado.com.br\/#\/schema\/person\/5ca0174f3c8c84b59da62ea14b698cb9"},"headline":"Santu\u00e1rio S\u00e3o Sebasti\u00e3o celebra o dia do padroeiro de Porto Ferreira com f\u00e9, amor e devo\u00e7\u00e3o","datePublished":"2026-01-21T03:02:00+00:00","mainEntityOfPage":{"@id":"https:\/\/portaldoestado.com.br\/index.php\/2026\/01\/21\/santuario-sao-sebastiao-celebra-o-dia-do-padroeiro-de-porto-ferreira-com-fe-amor-e-devocao\/"},"wordCount":765,"publisher":{"@id":"https:\/\/portaldoestado.com.br\/#organization"},"image":{"@id":"https:\/\/portaldoestado.com.br\/index.php\/2026\/01\/21\/santuario-sao-sebastiao-celebra-o-dia-do-padroeiro-de-porto-ferreira-com-fe-amor-e-devocao\/#primaryimage"},"thumbnailUrl":"https:\/\/portaldoestado.com.br\/wp-content\/uploads\/2026\/01\/IMG_3563-scaled-1.jpeg","articleSection":["Geral"],"inLanguage":"pt-BR"},{"@type":"WebPage","@id":"https:\/\/portaldoestado.com.br\/index.php\/2026\/01\/21\/santuario-sao-sebastiao-celebra-o-dia-do-padroeiro-de-porto-ferreira-com-fe-amor-e-devocao\/","url":"https:\/\/portaldoestado.com.br\/index.php\/2026\/01\/21\/santuario-sao-sebastiao-celebra-o-dia-do-padroeiro-de-porto-ferreira-com-fe-amor-e-devocao\/","name":"Santu\u00e1rio S\u00e3o Sebasti\u00e3o celebra o dia do padroeiro de Porto Ferreira com f\u00e9, amor e devo\u00e7\u00e3o - Portal do Estado","isPartOf":{"@id":"https:\/\/portaldoestado.com.br\/#website"},"primaryImageOfPage":{"@id":"https:\/\/portaldoestado.com.br\/index.php\/2026\/01\/21\/santuario-sao-sebastiao-celebra-o-dia-do-padroeiro-de-porto-ferreira-com-fe-amor-e-devocao\/#primaryimage"},"image":{"@id":"https:\/\/portaldoestado.com.br\/index.php\/2026\/01\/21\/santuario-sao-sebastiao-celebra-o-dia-do-padroeiro-de-porto-ferreira-com-fe-amor-e-devocao\/#primaryimage"},"thumbnailUrl":"https:\/\/portaldoestado.com.br\/wp-content\/uploads\/2026\/01\/IMG_3563-scaled-1.jpeg","datePublished":"2026-01-21T03:02:00+00:00","breadcrumb":{"@id":"https:\/\/portaldoestado.com.br\/index.php\/2026\/01\/21\/santuario-sao-sebastiao-celebra-o-dia-do-padroeiro-de-porto-ferreira-com-fe-amor-e-devocao\/#breadcrumb"},"inLanguage":"pt-BR","potentialAction":[{"@type":"ReadAction","target":["https:\/\/portaldoestado.com.br\/index.php\/2026\/01\/21\/santuario-sao-sebastiao-celebra-o-dia-do-padroeiro-de-porto-ferreira-com-fe-amor-e-devocao\/"]}]},{"@type":"ImageObject","inLanguage":"pt-BR","@id":"https:\/\/portaldoestado.com.br\/index.php\/2026\/01\/21\/santuario-sao-sebastiao-celebra-o-dia-do-padroeiro-de-porto-ferreira-com-fe-amor-e-devocao\/#primaryimage","url":"https:\/\/portaldoestado.com.br\/wp-content\/uploads\/2026\/01\/IMG_3563-scaled-1.jpeg","contentUrl":"https:\/\/portaldoestado.com.br\/wp-content\/uploads\/2026\/01\/IMG_3563-scaled-1.jpeg","width":2560,"height":1440},{"@type":"BreadcrumbList","@id":"https:\/\/portaldoestado.com.br\/index.php\/2026\/01\/21\/santuario-sao-sebastiao-celebra-o-dia-do-padroeiro-de-porto-ferreira-com-fe-amor-e-devocao\/#breadcrumb","itemListElement":[{"@type":"ListItem","position":1,"name":"In\u00edcio","item":"https:\/\/portaldoestado.com.br\/"},{"@type":"ListItem","position":2,"name":"Santu\u00e1rio S\u00e3o Sebasti\u00e3o celebra o dia do padroeiro de Porto Ferreira com f\u00e9, amor e devo\u00e7\u00e3o"}]},{"@type":"WebSite","@id":"https:\/\/portaldoestado.com.br\/#website","url":"https:\/\/portaldoestado.com.br\/","name":"Portal do Estado","description":"","publisher":{"@id":"https:\/\/portaldoestado.com.br\/#organization"},"potentialAction":[{"@type":"SearchAction","target":{"@type":"EntryPoint","urlTemplate":"https:\/\/portaldoestado.com.br\/?s={search_term_string}"},"query-input":{"@type":"PropertyValueSpecification","valueRequired":true,"valueName":"search_term_string"}}],"inLanguage":"pt-BR"},{"@type":"Organization","@id":"https:\/\/portaldoestado.com.br\/#organization","name":"Portal do Estado","url":"https:\/\/portaldoestado.com.br\/","logo":{"@type":"ImageObject","inLanguage":"pt-BR","@id":"https:\/\/portaldoestado.com.br\/#\/schema\/logo\/image\/","url":"https:\/\/portaldoestado.com.br\/wp-content\/uploads\/2025\/04\/cropped-6f69b19a-6472-43bf-b1b3-e1910bbbd4e8.png","contentUrl":"https:\/\/portaldoestado.com.br\/wp-content\/uploads\/2025\/04\/cropped-6f69b19a-6472-43bf-b1b3-e1910bbbd4e8.png","width":1024,"height":350,"caption":"Portal do Estado"},"image":{"@id":"https:\/\/portaldoestado.com.br\/#\/schema\/logo\/image\/"}},{"@type":"Person","@id":"https:\/\/portaldoestado.com.br\/#\/schema\/person\/5ca0174f3c8c84b59da62ea14b698cb9","name":"assessoriadefamosos","image":{"@type":"ImageObject","inLanguage":"pt-BR","@id":"https:\/\/portaldoestado.com.br\/#\/schema\/person\/image\/","url":"https:\/\/secure.gravatar.com\/avatar\/a7acbdffcfbbae7240e59f47fe511ec5f5d8c252c779f0b8d9ab02a9e1d8c5ed?s=96&d=mm&r=g","contentUrl":"https:\/\/secure.gravatar.com\/avatar\/a7acbdffcfbbae7240e59f47fe511ec5f5d8c252c779f0b8d9ab02a9e1d8c5ed?s=96&d=mm&r=g","caption":"assessoriadefamosos"},"url":"https:\/\/portaldoestado.com.br\/index.php\/author\/assessoriadefamosos\/"}]}},"jetpack_featured_media_url":"https:\/\/portaldoestado.com.br\/wp-content\/uploads\/2026\/01\/IMG_3563-scaled-1.jpeg","_links":{"self":[{"href":"https:\/\/portaldoestado.com.br\/index.php\/wp-json\/wp\/v2\/posts\/5899","targetHints":{"allow":["GET"]}}],"collection":[{"href":"https:\/\/portaldoestado.com.br\/index.php\/wp-json\/wp\/v2\/posts"}],"about":[{"href":"https:\/\/portaldoestado.com.br\/index.php\/wp-json\/wp\/v2\/types\/post"}],"author":[{"embeddable":true,"href":"https:\/\/portaldoestado.com.br\/index.php\/wp-json\/wp\/v2\/users\/2"}],"replies":[{"embeddable":true,"href":"https:\/\/portaldoestado.com.br\/index.php\/wp-json\/wp\/v2\/comments?post=5899"}],"version-history":[{"count":1,"href":"https:\/\/portaldoestado.com.br\/index.php\/wp-json\/wp\/v2\/posts\/5899\/revisions"}],"predecessor-version":[{"id":5900,"href":"https:\/\/portaldoestado.com.br\/index.php\/wp-json\/wp\/v2\/posts\/5899\/revisions\/5900"}],"wp:featuredmedia":[{"embeddable":true,"href":"https:\/\/portaldoestado.com.br\/index.php\/wp-json\/wp\/v2\/media\/5898"}],"wp:attachment":[{"href":"https:\/\/portaldoestado.com.br\/index.php\/wp-json\/wp\/v2\/media?parent=5899"}],"wp:term":[{"taxonomy":"category","embeddable":true,"href":"https:\/\/portaldoestado.com.br\/index.php\/wp-json\/wp\/v2\/categories?post=5899"},{"taxonomy":"post_tag","embeddable":true,"href":"https:\/\/portaldoestado.com.br\/index.php\/wp-json\/wp\/v2\/tags?post=5899"}],"curies":[{"name":"wp","href":"https:\/\/api.w.org\/{rel}","templated":true}]}}