{"id":5890,"date":"2026-01-20T23:03:53","date_gmt":"2026-01-20T23:03:53","guid":{"rendered":"https:\/\/portaldoestado.com.br\/?p=5890"},"modified":"2026-01-20T23:03:53","modified_gmt":"2026-01-20T23:03:53","slug":"apos-internacao-xanddy-harmonia-surge-nas-redes-e-tranquiliza-fas","status":"publish","type":"post","link":"https:\/\/portaldoestado.com.br\/index.php\/2026\/01\/20\/apos-internacao-xanddy-harmonia-surge-nas-redes-e-tranquiliza-fas\/","title":{"rendered":"Ap\u00f3s interna\u00e7\u00e3o, Xanddy Harmonia surge nas redes e tranquiliza f\u00e3s"},"content":{"rendered":"\n<p>Xanddy Harmonia fez sua primeira apari\u00e7\u00e3o p\u00fablica ap\u00f3s ser internado \u00e0s pressas e usou as redes sociais, na tarde desta ter\u00e7a-feira (20\/1), para tranquilizar os f\u00e3s e agradecer as mensagens de apoio. O cantor precisou ser hospitalizado na segunda-feira (19\/1), em Salvador, ap\u00f3s apresentar um quadro de gastroenterite de origem infecciosa, o que acabou levando ao cancelamento de um show no Rio de Janeiro.<\/p>\n\n\n\n<p>Em um v\u00eddeo publicado nas redes, o artista falou de forma serena e demonstrou gratid\u00e3o pelo carinho recebido. \u201cQuero passar aqui para dizer que est\u00e1 tudo bem. Ontem foi um susto, mas estou sendo muito bem cuidado pela equipe m\u00e9dica. Gra\u00e7as a Deus, est\u00e1 tudo certo\u201d, afirmou.<\/p>\n\n\n\n<p>Xanddy destacou a import\u00e2ncia de dar aten\u00e7\u00e3o \u00e0 sa\u00fade e enxergou o epis\u00f3dio como um alerta. \u201cEssas coisas acontecem para a gente parar, observar e cuidar mais de n\u00f3s mesmos\u201d, refletiu o cantor, refor\u00e7ando que segue em recupera\u00e7\u00e3o e que, em breve, voltar\u00e1 aos palcos.<\/p>\n\n\n\n<p>O marido de Carla Perez tamb\u00e9m agradeceu ao p\u00fablico que marcou presen\u00e7a na edi\u00e7\u00e3o da \u201cMelhor Segunda\u201d, no Rio, mesmo sem sua participa\u00e7\u00e3o. Ele fez quest\u00e3o de citar o cantor Belo, que comandou a noite. \u201cObrigado a todo mundo que foi, ao Belo e a todos que fizeram dessa segunda uma noite especial. Em breve a gente se encontra para celebrar juntos\u201d, prometeu.<\/p>\n\n\n\n<p>Nos coment\u00e1rios, diversos artistas deixaram mensagens de carinho e desejaram melhoras ao cantor. Belo escreveu palavras de incentivo, enquanto Ferrugem, Tony Salles e Camilly Vict\u00f3ria, filha de Xanddy, tamb\u00e9m demonstraram apoio e al\u00edvio com a recupera\u00e7\u00e3o do artista.<\/p>\n\n\n\n<p>Xanddy segue sob cuidados m\u00e9dicos, mas mant\u00e9m o bom humor e a confian\u00e7a de que logo estar\u00e1 de volta \u00e0 rotina de shows.<\/p>\n","protected":false},"excerpt":{"rendered":"<p>Xanddy Harmonia fez sua primeira apari\u00e7\u00e3o p\u00fablica ap\u00f3s ser internado \u00e0s pressas e usou as redes sociais, na tarde desta ter\u00e7a-feira (20\/1), para tranquilizar os f\u00e3s e agradecer as mensagens de apoio. O cantor precisou ser hospitalizado na segunda-feira (19\/1), em Salvador, ap\u00f3s apresentar um quadro de gastroenterite de origem infecciosa, o que acabou levando \u2026<\/p>\n","protected":false},"author":2,"featured_media":5889,"comment_status":"closed","ping_status":"open","sticky":false,"template":"","format":"standard","meta":{"footnotes":""},"categories":[3],"tags":[],"class_list":["post-5890","post","type-post","status-publish","format-standard","has-post-thumbnail","hentry","category-famosos"],"yoast_head":"<!-- This site is optimized with the Yoast SEO plugin v25.5 - https:\/\/yoast.com\/wordpress\/plugins\/seo\/ -->\n<title>Ap\u00f3s interna\u00e7\u00e3o, Xanddy Harmonia surge nas redes e tranquiliza f\u00e3s - Portal do Estado<\/title>\n<meta name=\"robots\" content=\"index, follow, max-snippet:-1, max-image-preview:large, max-video-preview:-1\" \/>\n<link rel=\"canonical\" href=\"https:\/\/portaldoestado.com.br\/index.php\/2026\/01\/20\/apos-internacao-xanddy-harmonia-surge-nas-redes-e-tranquiliza-fas\/\" \/>\n<meta property=\"og:locale\" content=\"pt_BR\" \/>\n<meta property=\"og:type\" content=\"article\" \/>\n<meta property=\"og:title\" content=\"Ap\u00f3s interna\u00e7\u00e3o, Xanddy Harmonia surge nas redes e tranquiliza f\u00e3s - Portal do Estado\" \/>\n<meta property=\"og:description\" content=\"Xanddy Harmonia fez sua primeira apari\u00e7\u00e3o p\u00fablica ap\u00f3s ser internado \u00e0s pressas e usou as redes sociais, na tarde desta ter\u00e7a-feira (20\/1), para tranquilizar os f\u00e3s e agradecer as mensagens de apoio. O cantor precisou ser hospitalizado na segunda-feira (19\/1), em Salvador, ap\u00f3s apresentar um quadro de gastroenterite de origem infecciosa, o que acabou levando \u2026\" \/>\n<meta property=\"og:url\" content=\"https:\/\/portaldoestado.com.br\/index.php\/2026\/01\/20\/apos-internacao-xanddy-harmonia-surge-nas-redes-e-tranquiliza-fas\/\" \/>\n<meta property=\"og:site_name\" content=\"Portal do Estado\" \/>\n<meta property=\"article:published_time\" content=\"2026-01-20T23:03:53+00:00\" \/>\n<meta property=\"og:image\" content=\"https:\/\/portaldoestado.com.br\/wp-content\/uploads\/2026\/01\/Xanddy-Harmonia-faz-primeira-aparicao-apos-internacao-e-tranquiliza-fas.jpg\" \/>\n\t<meta property=\"og:image:width\" content=\"1200\" \/>\n\t<meta property=\"og:image:height\" content=\"900\" \/>\n\t<meta property=\"og:image:type\" content=\"image\/jpeg\" \/>\n<meta name=\"author\" content=\"assessoriadefamosos\" \/>\n<meta name=\"twitter:card\" content=\"summary_large_image\" \/>\n<meta name=\"twitter:label1\" content=\"Escrito por\" \/>\n\t<meta name=\"twitter:data1\" content=\"assessoriadefamosos\" \/>\n\t<meta name=\"twitter:label2\" content=\"Est. tempo de leitura\" \/>\n\t<meta name=\"twitter:data2\" content=\"2 minutos\" \/>\n<script type=\"application\/ld+json\" class=\"yoast-schema-graph\">{\"@context\":\"https:\/\/schema.org\",\"@graph\":[{\"@type\":\"Article\",\"@id\":\"https:\/\/portaldoestado.com.br\/index.php\/2026\/01\/20\/apos-internacao-xanddy-harmonia-surge-nas-redes-e-tranquiliza-fas\/#article\",\"isPartOf\":{\"@id\":\"https:\/\/portaldoestado.com.br\/index.php\/2026\/01\/20\/apos-internacao-xanddy-harmonia-surge-nas-redes-e-tranquiliza-fas\/\"},\"author\":{\"name\":\"assessoriadefamosos\",\"@id\":\"https:\/\/portaldoestado.com.br\/#\/schema\/person\/5ca0174f3c8c84b59da62ea14b698cb9\"},\"headline\":\"Ap\u00f3s interna\u00e7\u00e3o, Xanddy Harmonia surge nas redes e tranquiliza f\u00e3s\",\"datePublished\":\"2026-01-20T23:03:53+00:00\",\"mainEntityOfPage\":{\"@id\":\"https:\/\/portaldoestado.com.br\/index.php\/2026\/01\/20\/apos-internacao-xanddy-harmonia-surge-nas-redes-e-tranquiliza-fas\/\"},\"wordCount\":320,\"publisher\":{\"@id\":\"https:\/\/portaldoestado.com.br\/#organization\"},\"image\":{\"@id\":\"https:\/\/portaldoestado.com.br\/index.php\/2026\/01\/20\/apos-internacao-xanddy-harmonia-surge-nas-redes-e-tranquiliza-fas\/#primaryimage\"},\"thumbnailUrl\":\"https:\/\/portaldoestado.com.br\/wp-content\/uploads\/2026\/01\/Xanddy-Harmonia-faz-primeira-aparicao-apos-internacao-e-tranquiliza-fas.jpg\",\"articleSection\":[\"Famosos\"],\"inLanguage\":\"pt-BR\"},{\"@type\":\"WebPage\",\"@id\":\"https:\/\/portaldoestado.com.br\/index.php\/2026\/01\/20\/apos-internacao-xanddy-harmonia-surge-nas-redes-e-tranquiliza-fas\/\",\"url\":\"https:\/\/portaldoestado.com.br\/index.php\/2026\/01\/20\/apos-internacao-xanddy-harmonia-surge-nas-redes-e-tranquiliza-fas\/\",\"name\":\"Ap\u00f3s interna\u00e7\u00e3o, Xanddy Harmonia surge nas redes e tranquiliza f\u00e3s - Portal do Estado\",\"isPartOf\":{\"@id\":\"https:\/\/portaldoestado.com.br\/#website\"},\"primaryImageOfPage\":{\"@id\":\"https:\/\/portaldoestado.com.br\/index.php\/2026\/01\/20\/apos-internacao-xanddy-harmonia-surge-nas-redes-e-tranquiliza-fas\/#primaryimage\"},\"image\":{\"@id\":\"https:\/\/portaldoestado.com.br\/index.php\/2026\/01\/20\/apos-internacao-xanddy-harmonia-surge-nas-redes-e-tranquiliza-fas\/#primaryimage\"},\"thumbnailUrl\":\"https:\/\/portaldoestado.com.br\/wp-content\/uploads\/2026\/01\/Xanddy-Harmonia-faz-primeira-aparicao-apos-internacao-e-tranquiliza-fas.jpg\",\"datePublished\":\"2026-01-20T23:03:53+00:00\",\"breadcrumb\":{\"@id\":\"https:\/\/portaldoestado.com.br\/index.php\/2026\/01\/20\/apos-internacao-xanddy-harmonia-surge-nas-redes-e-tranquiliza-fas\/#breadcrumb\"},\"inLanguage\":\"pt-BR\",\"potentialAction\":[{\"@type\":\"ReadAction\",\"target\":[\"https:\/\/portaldoestado.com.br\/index.php\/2026\/01\/20\/apos-internacao-xanddy-harmonia-surge-nas-redes-e-tranquiliza-fas\/\"]}]},{\"@type\":\"ImageObject\",\"inLanguage\":\"pt-BR\",\"@id\":\"https:\/\/portaldoestado.com.br\/index.php\/2026\/01\/20\/apos-internacao-xanddy-harmonia-surge-nas-redes-e-tranquiliza-fas\/#primaryimage\",\"url\":\"https:\/\/portaldoestado.com.br\/wp-content\/uploads\/2026\/01\/Xanddy-Harmonia-faz-primeira-aparicao-apos-internacao-e-tranquiliza-fas.jpg\",\"contentUrl\":\"https:\/\/portaldoestado.com.br\/wp-content\/uploads\/2026\/01\/Xanddy-Harmonia-faz-primeira-aparicao-apos-internacao-e-tranquiliza-fas.jpg\",\"width\":1200,\"height\":900},{\"@type\":\"BreadcrumbList\",\"@id\":\"https:\/\/portaldoestado.com.br\/index.php\/2026\/01\/20\/apos-internacao-xanddy-harmonia-surge-nas-redes-e-tranquiliza-fas\/#breadcrumb\",\"itemListElement\":[{\"@type\":\"ListItem\",\"position\":1,\"name\":\"In\u00edcio\",\"item\":\"https:\/\/portaldoestado.com.br\/\"},{\"@type\":\"ListItem\",\"position\":2,\"name\":\"Ap\u00f3s interna\u00e7\u00e3o, Xanddy Harmonia surge nas redes e tranquiliza f\u00e3s\"}]},{\"@type\":\"WebSite\",\"@id\":\"https:\/\/portaldoestado.com.br\/#website\",\"url\":\"https:\/\/portaldoestado.com.br\/\",\"name\":\"Portal do Estado\",\"description\":\"\",\"publisher\":{\"@id\":\"https:\/\/portaldoestado.com.br\/#organization\"},\"potentialAction\":[{\"@type\":\"SearchAction\",\"target\":{\"@type\":\"EntryPoint\",\"urlTemplate\":\"https:\/\/portaldoestado.com.br\/?s={search_term_string}\"},\"query-input\":{\"@type\":\"PropertyValueSpecification\",\"valueRequired\":true,\"valueName\":\"search_term_string\"}}],\"inLanguage\":\"pt-BR\"},{\"@type\":\"Organization\",\"@id\":\"https:\/\/portaldoestado.com.br\/#organization\",\"name\":\"Portal do Estado\",\"url\":\"https:\/\/portaldoestado.com.br\/\",\"logo\":{\"@type\":\"ImageObject\",\"inLanguage\":\"pt-BR\",\"@id\":\"https:\/\/portaldoestado.com.br\/#\/schema\/logo\/image\/\",\"url\":\"https:\/\/portaldoestado.com.br\/wp-content\/uploads\/2025\/04\/cropped-6f69b19a-6472-43bf-b1b3-e1910bbbd4e8.png\",\"contentUrl\":\"https:\/\/portaldoestado.com.br\/wp-content\/uploads\/2025\/04\/cropped-6f69b19a-6472-43bf-b1b3-e1910bbbd4e8.png\",\"width\":1024,\"height\":350,\"caption\":\"Portal do Estado\"},\"image\":{\"@id\":\"https:\/\/portaldoestado.com.br\/#\/schema\/logo\/image\/\"}},{\"@type\":\"Person\",\"@id\":\"https:\/\/portaldoestado.com.br\/#\/schema\/person\/5ca0174f3c8c84b59da62ea14b698cb9\",\"name\":\"assessoriadefamosos\",\"image\":{\"@type\":\"ImageObject\",\"inLanguage\":\"pt-BR\",\"@id\":\"https:\/\/portaldoestado.com.br\/#\/schema\/person\/image\/\",\"url\":\"https:\/\/secure.gravatar.com\/avatar\/a7acbdffcfbbae7240e59f47fe511ec5f5d8c252c779f0b8d9ab02a9e1d8c5ed?s=96&d=mm&r=g\",\"contentUrl\":\"https:\/\/secure.gravatar.com\/avatar\/a7acbdffcfbbae7240e59f47fe511ec5f5d8c252c779f0b8d9ab02a9e1d8c5ed?s=96&d=mm&r=g\",\"caption\":\"assessoriadefamosos\"},\"url\":\"https:\/\/portaldoestado.com.br\/index.php\/author\/assessoriadefamosos\/\"}]}<\/script>\n<!-- \/ Yoast SEO plugin. -->","yoast_head_json":{"title":"Ap\u00f3s interna\u00e7\u00e3o, Xanddy Harmonia surge nas redes e tranquiliza f\u00e3s - Portal do Estado","robots":{"index":"index","follow":"follow","max-snippet":"max-snippet:-1","max-image-preview":"max-image-preview:large","max-video-preview":"max-video-preview:-1"},"canonical":"https:\/\/portaldoestado.com.br\/index.php\/2026\/01\/20\/apos-internacao-xanddy-harmonia-surge-nas-redes-e-tranquiliza-fas\/","og_locale":"pt_BR","og_type":"article","og_title":"Ap\u00f3s interna\u00e7\u00e3o, Xanddy Harmonia surge nas redes e tranquiliza f\u00e3s - Portal do Estado","og_description":"Xanddy Harmonia fez sua primeira apari\u00e7\u00e3o p\u00fablica ap\u00f3s ser internado \u00e0s pressas e usou as redes sociais, na tarde desta ter\u00e7a-feira (20\/1), para tranquilizar os f\u00e3s e agradecer as mensagens de apoio. O cantor precisou ser hospitalizado na segunda-feira (19\/1), em Salvador, ap\u00f3s apresentar um quadro de gastroenterite de origem infecciosa, o que acabou levando \u2026","og_url":"https:\/\/portaldoestado.com.br\/index.php\/2026\/01\/20\/apos-internacao-xanddy-harmonia-surge-nas-redes-e-tranquiliza-fas\/","og_site_name":"Portal do Estado","article_published_time":"2026-01-20T23:03:53+00:00","og_image":[{"width":1200,"height":900,"url":"https:\/\/portaldoestado.com.br\/wp-content\/uploads\/2026\/01\/Xanddy-Harmonia-faz-primeira-aparicao-apos-internacao-e-tranquiliza-fas.jpg","type":"image\/jpeg"}],"author":"assessoriadefamosos","twitter_card":"summary_large_image","twitter_misc":{"Escrito por":"assessoriadefamosos","Est. tempo de leitura":"2 minutos"},"schema":{"@context":"https:\/\/schema.org","@graph":[{"@type":"Article","@id":"https:\/\/portaldoestado.com.br\/index.php\/2026\/01\/20\/apos-internacao-xanddy-harmonia-surge-nas-redes-e-tranquiliza-fas\/#article","isPartOf":{"@id":"https:\/\/portaldoestado.com.br\/index.php\/2026\/01\/20\/apos-internacao-xanddy-harmonia-surge-nas-redes-e-tranquiliza-fas\/"},"author":{"name":"assessoriadefamosos","@id":"https:\/\/portaldoestado.com.br\/#\/schema\/person\/5ca0174f3c8c84b59da62ea14b698cb9"},"headline":"Ap\u00f3s interna\u00e7\u00e3o, Xanddy Harmonia surge nas redes e tranquiliza f\u00e3s","datePublished":"2026-01-20T23:03:53+00:00","mainEntityOfPage":{"@id":"https:\/\/portaldoestado.com.br\/index.php\/2026\/01\/20\/apos-internacao-xanddy-harmonia-surge-nas-redes-e-tranquiliza-fas\/"},"wordCount":320,"publisher":{"@id":"https:\/\/portaldoestado.com.br\/#organization"},"image":{"@id":"https:\/\/portaldoestado.com.br\/index.php\/2026\/01\/20\/apos-internacao-xanddy-harmonia-surge-nas-redes-e-tranquiliza-fas\/#primaryimage"},"thumbnailUrl":"https:\/\/portaldoestado.com.br\/wp-content\/uploads\/2026\/01\/Xanddy-Harmonia-faz-primeira-aparicao-apos-internacao-e-tranquiliza-fas.jpg","articleSection":["Famosos"],"inLanguage":"pt-BR"},{"@type":"WebPage","@id":"https:\/\/portaldoestado.com.br\/index.php\/2026\/01\/20\/apos-internacao-xanddy-harmonia-surge-nas-redes-e-tranquiliza-fas\/","url":"https:\/\/portaldoestado.com.br\/index.php\/2026\/01\/20\/apos-internacao-xanddy-harmonia-surge-nas-redes-e-tranquiliza-fas\/","name":"Ap\u00f3s interna\u00e7\u00e3o, Xanddy Harmonia surge nas redes e tranquiliza f\u00e3s - Portal do Estado","isPartOf":{"@id":"https:\/\/portaldoestado.com.br\/#website"},"primaryImageOfPage":{"@id":"https:\/\/portaldoestado.com.br\/index.php\/2026\/01\/20\/apos-internacao-xanddy-harmonia-surge-nas-redes-e-tranquiliza-fas\/#primaryimage"},"image":{"@id":"https:\/\/portaldoestado.com.br\/index.php\/2026\/01\/20\/apos-internacao-xanddy-harmonia-surge-nas-redes-e-tranquiliza-fas\/#primaryimage"},"thumbnailUrl":"https:\/\/portaldoestado.com.br\/wp-content\/uploads\/2026\/01\/Xanddy-Harmonia-faz-primeira-aparicao-apos-internacao-e-tranquiliza-fas.jpg","datePublished":"2026-01-20T23:03:53+00:00","breadcrumb":{"@id":"https:\/\/portaldoestado.com.br\/index.php\/2026\/01\/20\/apos-internacao-xanddy-harmonia-surge-nas-redes-e-tranquiliza-fas\/#breadcrumb"},"inLanguage":"pt-BR","potentialAction":[{"@type":"ReadAction","target":["https:\/\/portaldoestado.com.br\/index.php\/2026\/01\/20\/apos-internacao-xanddy-harmonia-surge-nas-redes-e-tranquiliza-fas\/"]}]},{"@type":"ImageObject","inLanguage":"pt-BR","@id":"https:\/\/portaldoestado.com.br\/index.php\/2026\/01\/20\/apos-internacao-xanddy-harmonia-surge-nas-redes-e-tranquiliza-fas\/#primaryimage","url":"https:\/\/portaldoestado.com.br\/wp-content\/uploads\/2026\/01\/Xanddy-Harmonia-faz-primeira-aparicao-apos-internacao-e-tranquiliza-fas.jpg","contentUrl":"https:\/\/portaldoestado.com.br\/wp-content\/uploads\/2026\/01\/Xanddy-Harmonia-faz-primeira-aparicao-apos-internacao-e-tranquiliza-fas.jpg","width":1200,"height":900},{"@type":"BreadcrumbList","@id":"https:\/\/portaldoestado.com.br\/index.php\/2026\/01\/20\/apos-internacao-xanddy-harmonia-surge-nas-redes-e-tranquiliza-fas\/#breadcrumb","itemListElement":[{"@type":"ListItem","position":1,"name":"In\u00edcio","item":"https:\/\/portaldoestado.com.br\/"},{"@type":"ListItem","position":2,"name":"Ap\u00f3s interna\u00e7\u00e3o, Xanddy Harmonia surge nas redes e tranquiliza f\u00e3s"}]},{"@type":"WebSite","@id":"https:\/\/portaldoestado.com.br\/#website","url":"https:\/\/portaldoestado.com.br\/","name":"Portal do Estado","description":"","publisher":{"@id":"https:\/\/portaldoestado.com.br\/#organization"},"potentialAction":[{"@type":"SearchAction","target":{"@type":"EntryPoint","urlTemplate":"https:\/\/portaldoestado.com.br\/?s={search_term_string}"},"query-input":{"@type":"PropertyValueSpecification","valueRequired":true,"valueName":"search_term_string"}}],"inLanguage":"pt-BR"},{"@type":"Organization","@id":"https:\/\/portaldoestado.com.br\/#organization","name":"Portal do Estado","url":"https:\/\/portaldoestado.com.br\/","logo":{"@type":"ImageObject","inLanguage":"pt-BR","@id":"https:\/\/portaldoestado.com.br\/#\/schema\/logo\/image\/","url":"https:\/\/portaldoestado.com.br\/wp-content\/uploads\/2025\/04\/cropped-6f69b19a-6472-43bf-b1b3-e1910bbbd4e8.png","contentUrl":"https:\/\/portaldoestado.com.br\/wp-content\/uploads\/2025\/04\/cropped-6f69b19a-6472-43bf-b1b3-e1910bbbd4e8.png","width":1024,"height":350,"caption":"Portal do Estado"},"image":{"@id":"https:\/\/portaldoestado.com.br\/#\/schema\/logo\/image\/"}},{"@type":"Person","@id":"https:\/\/portaldoestado.com.br\/#\/schema\/person\/5ca0174f3c8c84b59da62ea14b698cb9","name":"assessoriadefamosos","image":{"@type":"ImageObject","inLanguage":"pt-BR","@id":"https:\/\/portaldoestado.com.br\/#\/schema\/person\/image\/","url":"https:\/\/secure.gravatar.com\/avatar\/a7acbdffcfbbae7240e59f47fe511ec5f5d8c252c779f0b8d9ab02a9e1d8c5ed?s=96&d=mm&r=g","contentUrl":"https:\/\/secure.gravatar.com\/avatar\/a7acbdffcfbbae7240e59f47fe511ec5f5d8c252c779f0b8d9ab02a9e1d8c5ed?s=96&d=mm&r=g","caption":"assessoriadefamosos"},"url":"https:\/\/portaldoestado.com.br\/index.php\/author\/assessoriadefamosos\/"}]}},"jetpack_featured_media_url":"https:\/\/portaldoestado.com.br\/wp-content\/uploads\/2026\/01\/Xanddy-Harmonia-faz-primeira-aparicao-apos-internacao-e-tranquiliza-fas.jpg","_links":{"self":[{"href":"https:\/\/portaldoestado.com.br\/index.php\/wp-json\/wp\/v2\/posts\/5890","targetHints":{"allow":["GET"]}}],"collection":[{"href":"https:\/\/portaldoestado.com.br\/index.php\/wp-json\/wp\/v2\/posts"}],"about":[{"href":"https:\/\/portaldoestado.com.br\/index.php\/wp-json\/wp\/v2\/types\/post"}],"author":[{"embeddable":true,"href":"https:\/\/portaldoestado.com.br\/index.php\/wp-json\/wp\/v2\/users\/2"}],"replies":[{"embeddable":true,"href":"https:\/\/portaldoestado.com.br\/index.php\/wp-json\/wp\/v2\/comments?post=5890"}],"version-history":[{"count":1,"href":"https:\/\/portaldoestado.com.br\/index.php\/wp-json\/wp\/v2\/posts\/5890\/revisions"}],"predecessor-version":[{"id":5891,"href":"https:\/\/portaldoestado.com.br\/index.php\/wp-json\/wp\/v2\/posts\/5890\/revisions\/5891"}],"wp:featuredmedia":[{"embeddable":true,"href":"https:\/\/portaldoestado.com.br\/index.php\/wp-json\/wp\/v2\/media\/5889"}],"wp:attachment":[{"href":"https:\/\/portaldoestado.com.br\/index.php\/wp-json\/wp\/v2\/media?parent=5890"}],"wp:term":[{"taxonomy":"category","embeddable":true,"href":"https:\/\/portaldoestado.com.br\/index.php\/wp-json\/wp\/v2\/categories?post=5890"},{"taxonomy":"post_tag","embeddable":true,"href":"https:\/\/portaldoestado.com.br\/index.php\/wp-json\/wp\/v2\/tags?post=5890"}],"curies":[{"name":"wp","href":"https:\/\/api.w.org\/{rel}","templated":true}]}}