{"id":5875,"date":"2026-01-20T22:41:40","date_gmt":"2026-01-20T22:41:40","guid":{"rendered":"https:\/\/portaldoestado.com.br\/?p=5875"},"modified":"2026-01-20T22:41:40","modified_gmt":"2026-01-20T22:41:40","slug":"solange-almeida-relembra-saida-do-avioes-do-forro-e-afirma-que-assumiu-culpa-pelo-fim-da-banda","status":"publish","type":"post","link":"https:\/\/portaldoestado.com.br\/index.php\/2026\/01\/20\/solange-almeida-relembra-saida-do-avioes-do-forro-e-afirma-que-assumiu-culpa-pelo-fim-da-banda\/","title":{"rendered":"Solange Almeida relembra sa\u00edda do Avi\u00f5es do Forr\u00f3 e afirma que assumiu culpa pelo fim da banda"},"content":{"rendered":"\n<p>Solange Almeida voltou a falar sobre um dos momentos mais delicados de sua carreira: a sa\u00edda do Avi\u00f5es do Forr\u00f3. Em participa\u00e7\u00e3o no programa <em>Sem Censura<\/em>, da TV Brasil, exibido nesta segunda-feira (19\/1), a cantora afirmou que n\u00e3o deixou o grupo por decis\u00e3o pr\u00f3pria e que acabou sendo responsabilizada publicamente pelo fim da forma\u00e7\u00e3o original da banda.<\/p>\n\n\n\n<p>Segundo a artista, a vers\u00e3o divulgada na \u00e9poca n\u00e3o correspondeu aos fatos. Solange contou que foi orientada a assumir o discurso de que estava deixando o Avi\u00f5es por vontade pr\u00f3pria, mesmo sem esse desejo. \u201cEu levei essa culpa e isso gerou uma rejei\u00e7\u00e3o muito grande, que sinto at\u00e9 hoje\u201d, declarou durante a entrevista.<\/p>\n\n\n\n<p>Ela explicou que o desgaste come\u00e7ou ap\u00f3s fechar um projeto especial fora da banda, o que teria alimentado rumores sobre uma poss\u00edvel sa\u00edda. O assunto, inclusive, chegou a ser tratado diretamente com Xand Avi\u00e3o. De acordo com Solange, ela deixou claro que n\u00e3o pretendia abandonar o grupo, apesar do clima de instabilidade que j\u00e1 se formava nos bastidores.<\/p>\n\n\n\n<p>Naquele per\u00edodo, a cantora se preparava para comemorar 25 anos de carreira com um trabalho especial que exploraria outros ritmos, sem se afastar do forr\u00f3. Inicialmente, a gest\u00e3o do Avi\u00f5es do Forr\u00f3 chegou a afirmar que a banda n\u00e3o existiria sem um dos vocalistas e anunciou uma turn\u00ea de despedida conjunta, prevista para encerrar a forma\u00e7\u00e3o original em 2017.<\/p>\n\n\n\n<p>O planejamento, no entanto, n\u00e3o se concretizou. Meses depois, Solange recebeu a confirma\u00e7\u00e3o de que estava fora do grupo. Diante da decis\u00e3o, ela buscou uma forma de comunicar o p\u00fablico de maneira organizada, tentando reduzir especula\u00e7\u00f5es sobre o rompimento.<\/p>\n\n\n\n<p>A cantora tamb\u00e9m revelou que viveu um momento especialmente dif\u00edcil ao conceder entrevista ao <em>Fant\u00e1stico<\/em>, da TV Globo. Segundo ela, houve press\u00e3o para seguir um discurso previamente definido. \u201cMe colocaram em um quarto e disseram exatamente o que eu deveria falar. N\u00e3o tive op\u00e7\u00e3o\u201d, relatou.<\/p>\n\n\n\n<p>As declara\u00e7\u00f5es trouxeram novos detalhes sobre o fim do Avi\u00f5es do Forr\u00f3 e reacenderam debates sobre um dos rompimentos mais marcantes da m\u00fasica nordestina nos \u00faltimos anos.<\/p>\n","protected":false},"excerpt":{"rendered":"<p>Solange Almeida voltou a falar sobre um dos momentos mais delicados de sua carreira: a sa\u00edda do Avi\u00f5es do Forr\u00f3. Em participa\u00e7\u00e3o no programa Sem Censura, da TV Brasil, exibido nesta segunda-feira (19\/1), a cantora afirmou que n\u00e3o deixou o grupo por decis\u00e3o pr\u00f3pria e que acabou sendo responsabilizada publicamente pelo fim da forma\u00e7\u00e3o original \u2026<\/p>\n","protected":false},"author":2,"featured_media":5874,"comment_status":"closed","ping_status":"open","sticky":false,"template":"","format":"standard","meta":{"footnotes":""},"categories":[3],"tags":[],"class_list":["post-5875","post","type-post","status-publish","format-standard","has-post-thumbnail","hentry","category-famosos"],"yoast_head":"<!-- This site is optimized with the Yoast SEO plugin v25.5 - https:\/\/yoast.com\/wordpress\/plugins\/seo\/ -->\n<title>Solange Almeida relembra sa\u00edda do Avi\u00f5es do Forr\u00f3 e afirma que assumiu culpa pelo fim da banda - Portal do Estado<\/title>\n<meta name=\"robots\" content=\"index, follow, max-snippet:-1, max-image-preview:large, max-video-preview:-1\" \/>\n<link rel=\"canonical\" href=\"https:\/\/portaldoestado.com.br\/index.php\/2026\/01\/20\/solange-almeida-relembra-saida-do-avioes-do-forro-e-afirma-que-assumiu-culpa-pelo-fim-da-banda\/\" \/>\n<meta property=\"og:locale\" content=\"pt_BR\" \/>\n<meta property=\"og:type\" content=\"article\" \/>\n<meta property=\"og:title\" content=\"Solange Almeida relembra sa\u00edda do Avi\u00f5es do Forr\u00f3 e afirma que assumiu culpa pelo fim da banda - Portal do Estado\" \/>\n<meta property=\"og:description\" content=\"Solange Almeida voltou a falar sobre um dos momentos mais delicados de sua carreira: a sa\u00edda do Avi\u00f5es do Forr\u00f3. Em participa\u00e7\u00e3o no programa Sem Censura, da TV Brasil, exibido nesta segunda-feira (19\/1), a cantora afirmou que n\u00e3o deixou o grupo por decis\u00e3o pr\u00f3pria e que acabou sendo responsabilizada publicamente pelo fim da forma\u00e7\u00e3o original \u2026\" \/>\n<meta property=\"og:url\" content=\"https:\/\/portaldoestado.com.br\/index.php\/2026\/01\/20\/solange-almeida-relembra-saida-do-avioes-do-forro-e-afirma-que-assumiu-culpa-pelo-fim-da-banda\/\" \/>\n<meta property=\"og:site_name\" content=\"Portal do Estado\" \/>\n<meta property=\"article:published_time\" content=\"2026-01-20T22:41:40+00:00\" \/>\n<meta property=\"og:image\" content=\"https:\/\/portaldoestado.com.br\/wp-content\/uploads\/2026\/01\/r15F1r55-Design-sem-nome-11.jpg\" \/>\n\t<meta property=\"og:image:width\" content=\"1200\" \/>\n\t<meta property=\"og:image:height\" content=\"900\" \/>\n\t<meta property=\"og:image:type\" content=\"image\/jpeg\" \/>\n<meta name=\"author\" content=\"assessoriadefamosos\" \/>\n<meta name=\"twitter:card\" content=\"summary_large_image\" \/>\n<meta name=\"twitter:label1\" content=\"Escrito por\" \/>\n\t<meta name=\"twitter:data1\" content=\"assessoriadefamosos\" \/>\n\t<meta name=\"twitter:label2\" content=\"Est. tempo de leitura\" \/>\n\t<meta name=\"twitter:data2\" content=\"2 minutos\" \/>\n<script type=\"application\/ld+json\" class=\"yoast-schema-graph\">{\"@context\":\"https:\/\/schema.org\",\"@graph\":[{\"@type\":\"Article\",\"@id\":\"https:\/\/portaldoestado.com.br\/index.php\/2026\/01\/20\/solange-almeida-relembra-saida-do-avioes-do-forro-e-afirma-que-assumiu-culpa-pelo-fim-da-banda\/#article\",\"isPartOf\":{\"@id\":\"https:\/\/portaldoestado.com.br\/index.php\/2026\/01\/20\/solange-almeida-relembra-saida-do-avioes-do-forro-e-afirma-que-assumiu-culpa-pelo-fim-da-banda\/\"},\"author\":{\"name\":\"assessoriadefamosos\",\"@id\":\"https:\/\/portaldoestado.com.br\/#\/schema\/person\/5ca0174f3c8c84b59da62ea14b698cb9\"},\"headline\":\"Solange Almeida relembra sa\u00edda do Avi\u00f5es do Forr\u00f3 e afirma que assumiu culpa pelo fim da banda\",\"datePublished\":\"2026-01-20T22:41:40+00:00\",\"mainEntityOfPage\":{\"@id\":\"https:\/\/portaldoestado.com.br\/index.php\/2026\/01\/20\/solange-almeida-relembra-saida-do-avioes-do-forro-e-afirma-que-assumiu-culpa-pelo-fim-da-banda\/\"},\"wordCount\":391,\"publisher\":{\"@id\":\"https:\/\/portaldoestado.com.br\/#organization\"},\"image\":{\"@id\":\"https:\/\/portaldoestado.com.br\/index.php\/2026\/01\/20\/solange-almeida-relembra-saida-do-avioes-do-forro-e-afirma-que-assumiu-culpa-pelo-fim-da-banda\/#primaryimage\"},\"thumbnailUrl\":\"https:\/\/portaldoestado.com.br\/wp-content\/uploads\/2026\/01\/r15F1r55-Design-sem-nome-11.jpg\",\"articleSection\":[\"Famosos\"],\"inLanguage\":\"pt-BR\"},{\"@type\":\"WebPage\",\"@id\":\"https:\/\/portaldoestado.com.br\/index.php\/2026\/01\/20\/solange-almeida-relembra-saida-do-avioes-do-forro-e-afirma-que-assumiu-culpa-pelo-fim-da-banda\/\",\"url\":\"https:\/\/portaldoestado.com.br\/index.php\/2026\/01\/20\/solange-almeida-relembra-saida-do-avioes-do-forro-e-afirma-que-assumiu-culpa-pelo-fim-da-banda\/\",\"name\":\"Solange Almeida relembra sa\u00edda do Avi\u00f5es do Forr\u00f3 e afirma que assumiu culpa pelo fim da banda - Portal do Estado\",\"isPartOf\":{\"@id\":\"https:\/\/portaldoestado.com.br\/#website\"},\"primaryImageOfPage\":{\"@id\":\"https:\/\/portaldoestado.com.br\/index.php\/2026\/01\/20\/solange-almeida-relembra-saida-do-avioes-do-forro-e-afirma-que-assumiu-culpa-pelo-fim-da-banda\/#primaryimage\"},\"image\":{\"@id\":\"https:\/\/portaldoestado.com.br\/index.php\/2026\/01\/20\/solange-almeida-relembra-saida-do-avioes-do-forro-e-afirma-que-assumiu-culpa-pelo-fim-da-banda\/#primaryimage\"},\"thumbnailUrl\":\"https:\/\/portaldoestado.com.br\/wp-content\/uploads\/2026\/01\/r15F1r55-Design-sem-nome-11.jpg\",\"datePublished\":\"2026-01-20T22:41:40+00:00\",\"breadcrumb\":{\"@id\":\"https:\/\/portaldoestado.com.br\/index.php\/2026\/01\/20\/solange-almeida-relembra-saida-do-avioes-do-forro-e-afirma-que-assumiu-culpa-pelo-fim-da-banda\/#breadcrumb\"},\"inLanguage\":\"pt-BR\",\"potentialAction\":[{\"@type\":\"ReadAction\",\"target\":[\"https:\/\/portaldoestado.com.br\/index.php\/2026\/01\/20\/solange-almeida-relembra-saida-do-avioes-do-forro-e-afirma-que-assumiu-culpa-pelo-fim-da-banda\/\"]}]},{\"@type\":\"ImageObject\",\"inLanguage\":\"pt-BR\",\"@id\":\"https:\/\/portaldoestado.com.br\/index.php\/2026\/01\/20\/solange-almeida-relembra-saida-do-avioes-do-forro-e-afirma-que-assumiu-culpa-pelo-fim-da-banda\/#primaryimage\",\"url\":\"https:\/\/portaldoestado.com.br\/wp-content\/uploads\/2026\/01\/r15F1r55-Design-sem-nome-11.jpg\",\"contentUrl\":\"https:\/\/portaldoestado.com.br\/wp-content\/uploads\/2026\/01\/r15F1r55-Design-sem-nome-11.jpg\",\"width\":1200,\"height\":900},{\"@type\":\"BreadcrumbList\",\"@id\":\"https:\/\/portaldoestado.com.br\/index.php\/2026\/01\/20\/solange-almeida-relembra-saida-do-avioes-do-forro-e-afirma-que-assumiu-culpa-pelo-fim-da-banda\/#breadcrumb\",\"itemListElement\":[{\"@type\":\"ListItem\",\"position\":1,\"name\":\"In\u00edcio\",\"item\":\"https:\/\/portaldoestado.com.br\/\"},{\"@type\":\"ListItem\",\"position\":2,\"name\":\"Solange Almeida relembra sa\u00edda do Avi\u00f5es do Forr\u00f3 e afirma que assumiu culpa pelo fim da banda\"}]},{\"@type\":\"WebSite\",\"@id\":\"https:\/\/portaldoestado.com.br\/#website\",\"url\":\"https:\/\/portaldoestado.com.br\/\",\"name\":\"Portal do Estado\",\"description\":\"\",\"publisher\":{\"@id\":\"https:\/\/portaldoestado.com.br\/#organization\"},\"potentialAction\":[{\"@type\":\"SearchAction\",\"target\":{\"@type\":\"EntryPoint\",\"urlTemplate\":\"https:\/\/portaldoestado.com.br\/?s={search_term_string}\"},\"query-input\":{\"@type\":\"PropertyValueSpecification\",\"valueRequired\":true,\"valueName\":\"search_term_string\"}}],\"inLanguage\":\"pt-BR\"},{\"@type\":\"Organization\",\"@id\":\"https:\/\/portaldoestado.com.br\/#organization\",\"name\":\"Portal do Estado\",\"url\":\"https:\/\/portaldoestado.com.br\/\",\"logo\":{\"@type\":\"ImageObject\",\"inLanguage\":\"pt-BR\",\"@id\":\"https:\/\/portaldoestado.com.br\/#\/schema\/logo\/image\/\",\"url\":\"https:\/\/portaldoestado.com.br\/wp-content\/uploads\/2025\/04\/cropped-6f69b19a-6472-43bf-b1b3-e1910bbbd4e8.png\",\"contentUrl\":\"https:\/\/portaldoestado.com.br\/wp-content\/uploads\/2025\/04\/cropped-6f69b19a-6472-43bf-b1b3-e1910bbbd4e8.png\",\"width\":1024,\"height\":350,\"caption\":\"Portal do Estado\"},\"image\":{\"@id\":\"https:\/\/portaldoestado.com.br\/#\/schema\/logo\/image\/\"}},{\"@type\":\"Person\",\"@id\":\"https:\/\/portaldoestado.com.br\/#\/schema\/person\/5ca0174f3c8c84b59da62ea14b698cb9\",\"name\":\"assessoriadefamosos\",\"image\":{\"@type\":\"ImageObject\",\"inLanguage\":\"pt-BR\",\"@id\":\"https:\/\/portaldoestado.com.br\/#\/schema\/person\/image\/\",\"url\":\"https:\/\/secure.gravatar.com\/avatar\/a7acbdffcfbbae7240e59f47fe511ec5f5d8c252c779f0b8d9ab02a9e1d8c5ed?s=96&d=mm&r=g\",\"contentUrl\":\"https:\/\/secure.gravatar.com\/avatar\/a7acbdffcfbbae7240e59f47fe511ec5f5d8c252c779f0b8d9ab02a9e1d8c5ed?s=96&d=mm&r=g\",\"caption\":\"assessoriadefamosos\"},\"url\":\"https:\/\/portaldoestado.com.br\/index.php\/author\/assessoriadefamosos\/\"}]}<\/script>\n<!-- \/ Yoast SEO plugin. -->","yoast_head_json":{"title":"Solange Almeida relembra sa\u00edda do Avi\u00f5es do Forr\u00f3 e afirma que assumiu culpa pelo fim da banda - Portal do Estado","robots":{"index":"index","follow":"follow","max-snippet":"max-snippet:-1","max-image-preview":"max-image-preview:large","max-video-preview":"max-video-preview:-1"},"canonical":"https:\/\/portaldoestado.com.br\/index.php\/2026\/01\/20\/solange-almeida-relembra-saida-do-avioes-do-forro-e-afirma-que-assumiu-culpa-pelo-fim-da-banda\/","og_locale":"pt_BR","og_type":"article","og_title":"Solange Almeida relembra sa\u00edda do Avi\u00f5es do Forr\u00f3 e afirma que assumiu culpa pelo fim da banda - Portal do Estado","og_description":"Solange Almeida voltou a falar sobre um dos momentos mais delicados de sua carreira: a sa\u00edda do Avi\u00f5es do Forr\u00f3. Em participa\u00e7\u00e3o no programa Sem Censura, da TV Brasil, exibido nesta segunda-feira (19\/1), a cantora afirmou que n\u00e3o deixou o grupo por decis\u00e3o pr\u00f3pria e que acabou sendo responsabilizada publicamente pelo fim da forma\u00e7\u00e3o original \u2026","og_url":"https:\/\/portaldoestado.com.br\/index.php\/2026\/01\/20\/solange-almeida-relembra-saida-do-avioes-do-forro-e-afirma-que-assumiu-culpa-pelo-fim-da-banda\/","og_site_name":"Portal do Estado","article_published_time":"2026-01-20T22:41:40+00:00","og_image":[{"width":1200,"height":900,"url":"https:\/\/portaldoestado.com.br\/wp-content\/uploads\/2026\/01\/r15F1r55-Design-sem-nome-11.jpg","type":"image\/jpeg"}],"author":"assessoriadefamosos","twitter_card":"summary_large_image","twitter_misc":{"Escrito por":"assessoriadefamosos","Est. tempo de leitura":"2 minutos"},"schema":{"@context":"https:\/\/schema.org","@graph":[{"@type":"Article","@id":"https:\/\/portaldoestado.com.br\/index.php\/2026\/01\/20\/solange-almeida-relembra-saida-do-avioes-do-forro-e-afirma-que-assumiu-culpa-pelo-fim-da-banda\/#article","isPartOf":{"@id":"https:\/\/portaldoestado.com.br\/index.php\/2026\/01\/20\/solange-almeida-relembra-saida-do-avioes-do-forro-e-afirma-que-assumiu-culpa-pelo-fim-da-banda\/"},"author":{"name":"assessoriadefamosos","@id":"https:\/\/portaldoestado.com.br\/#\/schema\/person\/5ca0174f3c8c84b59da62ea14b698cb9"},"headline":"Solange Almeida relembra sa\u00edda do Avi\u00f5es do Forr\u00f3 e afirma que assumiu culpa pelo fim da banda","datePublished":"2026-01-20T22:41:40+00:00","mainEntityOfPage":{"@id":"https:\/\/portaldoestado.com.br\/index.php\/2026\/01\/20\/solange-almeida-relembra-saida-do-avioes-do-forro-e-afirma-que-assumiu-culpa-pelo-fim-da-banda\/"},"wordCount":391,"publisher":{"@id":"https:\/\/portaldoestado.com.br\/#organization"},"image":{"@id":"https:\/\/portaldoestado.com.br\/index.php\/2026\/01\/20\/solange-almeida-relembra-saida-do-avioes-do-forro-e-afirma-que-assumiu-culpa-pelo-fim-da-banda\/#primaryimage"},"thumbnailUrl":"https:\/\/portaldoestado.com.br\/wp-content\/uploads\/2026\/01\/r15F1r55-Design-sem-nome-11.jpg","articleSection":["Famosos"],"inLanguage":"pt-BR"},{"@type":"WebPage","@id":"https:\/\/portaldoestado.com.br\/index.php\/2026\/01\/20\/solange-almeida-relembra-saida-do-avioes-do-forro-e-afirma-que-assumiu-culpa-pelo-fim-da-banda\/","url":"https:\/\/portaldoestado.com.br\/index.php\/2026\/01\/20\/solange-almeida-relembra-saida-do-avioes-do-forro-e-afirma-que-assumiu-culpa-pelo-fim-da-banda\/","name":"Solange Almeida relembra sa\u00edda do Avi\u00f5es do Forr\u00f3 e afirma que assumiu culpa pelo fim da banda - Portal do Estado","isPartOf":{"@id":"https:\/\/portaldoestado.com.br\/#website"},"primaryImageOfPage":{"@id":"https:\/\/portaldoestado.com.br\/index.php\/2026\/01\/20\/solange-almeida-relembra-saida-do-avioes-do-forro-e-afirma-que-assumiu-culpa-pelo-fim-da-banda\/#primaryimage"},"image":{"@id":"https:\/\/portaldoestado.com.br\/index.php\/2026\/01\/20\/solange-almeida-relembra-saida-do-avioes-do-forro-e-afirma-que-assumiu-culpa-pelo-fim-da-banda\/#primaryimage"},"thumbnailUrl":"https:\/\/portaldoestado.com.br\/wp-content\/uploads\/2026\/01\/r15F1r55-Design-sem-nome-11.jpg","datePublished":"2026-01-20T22:41:40+00:00","breadcrumb":{"@id":"https:\/\/portaldoestado.com.br\/index.php\/2026\/01\/20\/solange-almeida-relembra-saida-do-avioes-do-forro-e-afirma-que-assumiu-culpa-pelo-fim-da-banda\/#breadcrumb"},"inLanguage":"pt-BR","potentialAction":[{"@type":"ReadAction","target":["https:\/\/portaldoestado.com.br\/index.php\/2026\/01\/20\/solange-almeida-relembra-saida-do-avioes-do-forro-e-afirma-que-assumiu-culpa-pelo-fim-da-banda\/"]}]},{"@type":"ImageObject","inLanguage":"pt-BR","@id":"https:\/\/portaldoestado.com.br\/index.php\/2026\/01\/20\/solange-almeida-relembra-saida-do-avioes-do-forro-e-afirma-que-assumiu-culpa-pelo-fim-da-banda\/#primaryimage","url":"https:\/\/portaldoestado.com.br\/wp-content\/uploads\/2026\/01\/r15F1r55-Design-sem-nome-11.jpg","contentUrl":"https:\/\/portaldoestado.com.br\/wp-content\/uploads\/2026\/01\/r15F1r55-Design-sem-nome-11.jpg","width":1200,"height":900},{"@type":"BreadcrumbList","@id":"https:\/\/portaldoestado.com.br\/index.php\/2026\/01\/20\/solange-almeida-relembra-saida-do-avioes-do-forro-e-afirma-que-assumiu-culpa-pelo-fim-da-banda\/#breadcrumb","itemListElement":[{"@type":"ListItem","position":1,"name":"In\u00edcio","item":"https:\/\/portaldoestado.com.br\/"},{"@type":"ListItem","position":2,"name":"Solange Almeida relembra sa\u00edda do Avi\u00f5es do Forr\u00f3 e afirma que assumiu culpa pelo fim da banda"}]},{"@type":"WebSite","@id":"https:\/\/portaldoestado.com.br\/#website","url":"https:\/\/portaldoestado.com.br\/","name":"Portal do Estado","description":"","publisher":{"@id":"https:\/\/portaldoestado.com.br\/#organization"},"potentialAction":[{"@type":"SearchAction","target":{"@type":"EntryPoint","urlTemplate":"https:\/\/portaldoestado.com.br\/?s={search_term_string}"},"query-input":{"@type":"PropertyValueSpecification","valueRequired":true,"valueName":"search_term_string"}}],"inLanguage":"pt-BR"},{"@type":"Organization","@id":"https:\/\/portaldoestado.com.br\/#organization","name":"Portal do Estado","url":"https:\/\/portaldoestado.com.br\/","logo":{"@type":"ImageObject","inLanguage":"pt-BR","@id":"https:\/\/portaldoestado.com.br\/#\/schema\/logo\/image\/","url":"https:\/\/portaldoestado.com.br\/wp-content\/uploads\/2025\/04\/cropped-6f69b19a-6472-43bf-b1b3-e1910bbbd4e8.png","contentUrl":"https:\/\/portaldoestado.com.br\/wp-content\/uploads\/2025\/04\/cropped-6f69b19a-6472-43bf-b1b3-e1910bbbd4e8.png","width":1024,"height":350,"caption":"Portal do Estado"},"image":{"@id":"https:\/\/portaldoestado.com.br\/#\/schema\/logo\/image\/"}},{"@type":"Person","@id":"https:\/\/portaldoestado.com.br\/#\/schema\/person\/5ca0174f3c8c84b59da62ea14b698cb9","name":"assessoriadefamosos","image":{"@type":"ImageObject","inLanguage":"pt-BR","@id":"https:\/\/portaldoestado.com.br\/#\/schema\/person\/image\/","url":"https:\/\/secure.gravatar.com\/avatar\/a7acbdffcfbbae7240e59f47fe511ec5f5d8c252c779f0b8d9ab02a9e1d8c5ed?s=96&d=mm&r=g","contentUrl":"https:\/\/secure.gravatar.com\/avatar\/a7acbdffcfbbae7240e59f47fe511ec5f5d8c252c779f0b8d9ab02a9e1d8c5ed?s=96&d=mm&r=g","caption":"assessoriadefamosos"},"url":"https:\/\/portaldoestado.com.br\/index.php\/author\/assessoriadefamosos\/"}]}},"jetpack_featured_media_url":"https:\/\/portaldoestado.com.br\/wp-content\/uploads\/2026\/01\/r15F1r55-Design-sem-nome-11.jpg","_links":{"self":[{"href":"https:\/\/portaldoestado.com.br\/index.php\/wp-json\/wp\/v2\/posts\/5875","targetHints":{"allow":["GET"]}}],"collection":[{"href":"https:\/\/portaldoestado.com.br\/index.php\/wp-json\/wp\/v2\/posts"}],"about":[{"href":"https:\/\/portaldoestado.com.br\/index.php\/wp-json\/wp\/v2\/types\/post"}],"author":[{"embeddable":true,"href":"https:\/\/portaldoestado.com.br\/index.php\/wp-json\/wp\/v2\/users\/2"}],"replies":[{"embeddable":true,"href":"https:\/\/portaldoestado.com.br\/index.php\/wp-json\/wp\/v2\/comments?post=5875"}],"version-history":[{"count":1,"href":"https:\/\/portaldoestado.com.br\/index.php\/wp-json\/wp\/v2\/posts\/5875\/revisions"}],"predecessor-version":[{"id":5876,"href":"https:\/\/portaldoestado.com.br\/index.php\/wp-json\/wp\/v2\/posts\/5875\/revisions\/5876"}],"wp:featuredmedia":[{"embeddable":true,"href":"https:\/\/portaldoestado.com.br\/index.php\/wp-json\/wp\/v2\/media\/5874"}],"wp:attachment":[{"href":"https:\/\/portaldoestado.com.br\/index.php\/wp-json\/wp\/v2\/media?parent=5875"}],"wp:term":[{"taxonomy":"category","embeddable":true,"href":"https:\/\/portaldoestado.com.br\/index.php\/wp-json\/wp\/v2\/categories?post=5875"},{"taxonomy":"post_tag","embeddable":true,"href":"https:\/\/portaldoestado.com.br\/index.php\/wp-json\/wp\/v2\/tags?post=5875"}],"curies":[{"name":"wp","href":"https:\/\/api.w.org\/{rel}","templated":true}]}}