{"id":5869,"date":"2026-01-20T22:29:56","date_gmt":"2026-01-20T22:29:56","guid":{"rendered":"https:\/\/portaldoestado.com.br\/?p=5869"},"modified":"2026-01-20T22:29:56","modified_gmt":"2026-01-20T22:29:56","slug":"comentario-de-joao-vitor-silva-em-foto-de-iza-volta-a-movimentar-rumores-de-affair","status":"publish","type":"post","link":"https:\/\/portaldoestado.com.br\/index.php\/2026\/01\/20\/comentario-de-joao-vitor-silva-em-foto-de-iza-volta-a-movimentar-rumores-de-affair\/","title":{"rendered":"Coment\u00e1rio de Jo\u00e3o Vitor Silva em foto de IZA volta a movimentar rumores de affair"},"content":{"rendered":"\n<p>Um simples coment\u00e1rio foi o suficiente para reacender as especula\u00e7\u00f5es envolvendo IZA e Jo\u00e3o Vitor Silva. Nesta segunda-feira (19\/1), o ator interagiu em uma publica\u00e7\u00e3o da cantora nas redes sociais com um \u201cAFF\u201d, acompanhado de emojis apaixonados \u2014 gesto que rapidamente chamou a aten\u00e7\u00e3o dos f\u00e3s e movimentou a web.<\/p>\n\n\n\n<p>Os rumores sobre uma poss\u00edvel aproxima\u00e7\u00e3o entre os dois come\u00e7aram ainda durante o R\u00e9veillon de Copacabana, no Rio de Janeiro. Na virada do ano, IZA e Jo\u00e3o Vitor foram vistos juntos em \u00e1reas reservadas do hotel onde a artista se preparava para o show, al\u00e9m de terem acompanhado a queima de fogos lado a lado. Ao deixarem o local, imagens que circularam nas redes mostraram os dois caminhando juntos, o que intensificou as especula\u00e7\u00f5es.<\/p>\n\n\n\n<p>Dias depois, outro detalhe n\u00e3o passou despercebido pelo p\u00fablico. Em um v\u00eddeo publicado por IZA ao lado de uma amiga, Jo\u00e3o Vitor apareceu discretamente ao fundo da grava\u00e7\u00e3o, refor\u00e7ando ainda mais os coment\u00e1rios sobre um poss\u00edvel envolvimento entre eles.<\/p>\n\n\n\n<p>Se confirmada, essa seria a primeira rela\u00e7\u00e3o p\u00fablica de IZA desde o t\u00e9rmino com o jogador Yuri Lima, pai de sua filha, Nala, de 1 ano. Jo\u00e3o Vitor Silva, por sua vez, ganhou notoriedade ainda crian\u00e7a ao interpretar Pedrinho no cl\u00e1ssico \u201cS\u00edtio do Picapau Amarelo\u201d e, desde ent\u00e3o, vem construindo uma trajet\u00f3ria s\u00f3lida na televis\u00e3o.<\/p>\n\n\n\n<p>At\u00e9 agora, nenhum dos dois comentou oficialmente sobre os rumores, mas a intera\u00e7\u00e3o recente foi suficiente para manter o assunto entre os mais comentados nas redes sociais.<\/p>\n","protected":false},"excerpt":{"rendered":"<p>Um simples coment\u00e1rio foi o suficiente para reacender as especula\u00e7\u00f5es envolvendo IZA e Jo\u00e3o Vitor Silva. Nesta segunda-feira (19\/1), o ator interagiu em uma publica\u00e7\u00e3o da cantora nas redes sociais com um \u201cAFF\u201d, acompanhado de emojis apaixonados \u2014 gesto que rapidamente chamou a aten\u00e7\u00e3o dos f\u00e3s e movimentou a web. Os rumores sobre uma poss\u00edvel \u2026<\/p>\n","protected":false},"author":2,"featured_media":5868,"comment_status":"closed","ping_status":"open","sticky":false,"template":"","format":"standard","meta":{"footnotes":""},"categories":[3],"tags":[],"class_list":["post-5869","post","type-post","status-publish","format-standard","has-post-thumbnail","hentry","category-famosos"],"yoast_head":"<!-- This site is optimized with the Yoast SEO plugin v25.5 - https:\/\/yoast.com\/wordpress\/plugins\/seo\/ -->\n<title>Coment\u00e1rio de Jo\u00e3o Vitor Silva em foto de IZA volta a movimentar rumores de affair - Portal do Estado<\/title>\n<meta name=\"robots\" content=\"index, follow, max-snippet:-1, max-image-preview:large, max-video-preview:-1\" \/>\n<link rel=\"canonical\" href=\"https:\/\/portaldoestado.com.br\/index.php\/2026\/01\/20\/comentario-de-joao-vitor-silva-em-foto-de-iza-volta-a-movimentar-rumores-de-affair\/\" \/>\n<meta property=\"og:locale\" content=\"pt_BR\" \/>\n<meta property=\"og:type\" content=\"article\" \/>\n<meta property=\"og:title\" content=\"Coment\u00e1rio de Jo\u00e3o Vitor Silva em foto de IZA volta a movimentar rumores de affair - Portal do Estado\" \/>\n<meta property=\"og:description\" content=\"Um simples coment\u00e1rio foi o suficiente para reacender as especula\u00e7\u00f5es envolvendo IZA e Jo\u00e3o Vitor Silva. Nesta segunda-feira (19\/1), o ator interagiu em uma publica\u00e7\u00e3o da cantora nas redes sociais com um \u201cAFF\u201d, acompanhado de emojis apaixonados \u2014 gesto que rapidamente chamou a aten\u00e7\u00e3o dos f\u00e3s e movimentou a web. Os rumores sobre uma poss\u00edvel \u2026\" \/>\n<meta property=\"og:url\" content=\"https:\/\/portaldoestado.com.br\/index.php\/2026\/01\/20\/comentario-de-joao-vitor-silva-em-foto-de-iza-volta-a-movimentar-rumores-de-affair\/\" \/>\n<meta property=\"og:site_name\" content=\"Portal do Estado\" \/>\n<meta property=\"article:published_time\" content=\"2026-01-20T22:29:56+00:00\" \/>\n<meta property=\"og:image\" content=\"https:\/\/portaldoestado.com.br\/wp-content\/uploads\/2026\/01\/fXKlwzuK-Design-sem-nome-8.jpg\" \/>\n\t<meta property=\"og:image:width\" content=\"1200\" \/>\n\t<meta property=\"og:image:height\" content=\"900\" \/>\n\t<meta property=\"og:image:type\" content=\"image\/jpeg\" \/>\n<meta name=\"author\" content=\"assessoriadefamosos\" \/>\n<meta name=\"twitter:card\" content=\"summary_large_image\" \/>\n<meta name=\"twitter:label1\" content=\"Escrito por\" \/>\n\t<meta name=\"twitter:data1\" content=\"assessoriadefamosos\" \/>\n\t<meta name=\"twitter:label2\" content=\"Est. tempo de leitura\" \/>\n\t<meta name=\"twitter:data2\" content=\"1 minuto\" \/>\n<script type=\"application\/ld+json\" class=\"yoast-schema-graph\">{\"@context\":\"https:\/\/schema.org\",\"@graph\":[{\"@type\":\"Article\",\"@id\":\"https:\/\/portaldoestado.com.br\/index.php\/2026\/01\/20\/comentario-de-joao-vitor-silva-em-foto-de-iza-volta-a-movimentar-rumores-de-affair\/#article\",\"isPartOf\":{\"@id\":\"https:\/\/portaldoestado.com.br\/index.php\/2026\/01\/20\/comentario-de-joao-vitor-silva-em-foto-de-iza-volta-a-movimentar-rumores-de-affair\/\"},\"author\":{\"name\":\"assessoriadefamosos\",\"@id\":\"https:\/\/portaldoestado.com.br\/#\/schema\/person\/5ca0174f3c8c84b59da62ea14b698cb9\"},\"headline\":\"Coment\u00e1rio de Jo\u00e3o Vitor Silva em foto de IZA volta a movimentar rumores de affair\",\"datePublished\":\"2026-01-20T22:29:56+00:00\",\"mainEntityOfPage\":{\"@id\":\"https:\/\/portaldoestado.com.br\/index.php\/2026\/01\/20\/comentario-de-joao-vitor-silva-em-foto-de-iza-volta-a-movimentar-rumores-de-affair\/\"},\"wordCount\":292,\"publisher\":{\"@id\":\"https:\/\/portaldoestado.com.br\/#organization\"},\"image\":{\"@id\":\"https:\/\/portaldoestado.com.br\/index.php\/2026\/01\/20\/comentario-de-joao-vitor-silva-em-foto-de-iza-volta-a-movimentar-rumores-de-affair\/#primaryimage\"},\"thumbnailUrl\":\"https:\/\/portaldoestado.com.br\/wp-content\/uploads\/2026\/01\/fXKlwzuK-Design-sem-nome-8.jpg\",\"articleSection\":[\"Famosos\"],\"inLanguage\":\"pt-BR\"},{\"@type\":\"WebPage\",\"@id\":\"https:\/\/portaldoestado.com.br\/index.php\/2026\/01\/20\/comentario-de-joao-vitor-silva-em-foto-de-iza-volta-a-movimentar-rumores-de-affair\/\",\"url\":\"https:\/\/portaldoestado.com.br\/index.php\/2026\/01\/20\/comentario-de-joao-vitor-silva-em-foto-de-iza-volta-a-movimentar-rumores-de-affair\/\",\"name\":\"Coment\u00e1rio de Jo\u00e3o Vitor Silva em foto de IZA volta a movimentar rumores de affair - Portal do Estado\",\"isPartOf\":{\"@id\":\"https:\/\/portaldoestado.com.br\/#website\"},\"primaryImageOfPage\":{\"@id\":\"https:\/\/portaldoestado.com.br\/index.php\/2026\/01\/20\/comentario-de-joao-vitor-silva-em-foto-de-iza-volta-a-movimentar-rumores-de-affair\/#primaryimage\"},\"image\":{\"@id\":\"https:\/\/portaldoestado.com.br\/index.php\/2026\/01\/20\/comentario-de-joao-vitor-silva-em-foto-de-iza-volta-a-movimentar-rumores-de-affair\/#primaryimage\"},\"thumbnailUrl\":\"https:\/\/portaldoestado.com.br\/wp-content\/uploads\/2026\/01\/fXKlwzuK-Design-sem-nome-8.jpg\",\"datePublished\":\"2026-01-20T22:29:56+00:00\",\"breadcrumb\":{\"@id\":\"https:\/\/portaldoestado.com.br\/index.php\/2026\/01\/20\/comentario-de-joao-vitor-silva-em-foto-de-iza-volta-a-movimentar-rumores-de-affair\/#breadcrumb\"},\"inLanguage\":\"pt-BR\",\"potentialAction\":[{\"@type\":\"ReadAction\",\"target\":[\"https:\/\/portaldoestado.com.br\/index.php\/2026\/01\/20\/comentario-de-joao-vitor-silva-em-foto-de-iza-volta-a-movimentar-rumores-de-affair\/\"]}]},{\"@type\":\"ImageObject\",\"inLanguage\":\"pt-BR\",\"@id\":\"https:\/\/portaldoestado.com.br\/index.php\/2026\/01\/20\/comentario-de-joao-vitor-silva-em-foto-de-iza-volta-a-movimentar-rumores-de-affair\/#primaryimage\",\"url\":\"https:\/\/portaldoestado.com.br\/wp-content\/uploads\/2026\/01\/fXKlwzuK-Design-sem-nome-8.jpg\",\"contentUrl\":\"https:\/\/portaldoestado.com.br\/wp-content\/uploads\/2026\/01\/fXKlwzuK-Design-sem-nome-8.jpg\",\"width\":1200,\"height\":900},{\"@type\":\"BreadcrumbList\",\"@id\":\"https:\/\/portaldoestado.com.br\/index.php\/2026\/01\/20\/comentario-de-joao-vitor-silva-em-foto-de-iza-volta-a-movimentar-rumores-de-affair\/#breadcrumb\",\"itemListElement\":[{\"@type\":\"ListItem\",\"position\":1,\"name\":\"In\u00edcio\",\"item\":\"https:\/\/portaldoestado.com.br\/\"},{\"@type\":\"ListItem\",\"position\":2,\"name\":\"Coment\u00e1rio de Jo\u00e3o Vitor Silva em foto de IZA volta a movimentar rumores de affair\"}]},{\"@type\":\"WebSite\",\"@id\":\"https:\/\/portaldoestado.com.br\/#website\",\"url\":\"https:\/\/portaldoestado.com.br\/\",\"name\":\"Portal do Estado\",\"description\":\"\",\"publisher\":{\"@id\":\"https:\/\/portaldoestado.com.br\/#organization\"},\"potentialAction\":[{\"@type\":\"SearchAction\",\"target\":{\"@type\":\"EntryPoint\",\"urlTemplate\":\"https:\/\/portaldoestado.com.br\/?s={search_term_string}\"},\"query-input\":{\"@type\":\"PropertyValueSpecification\",\"valueRequired\":true,\"valueName\":\"search_term_string\"}}],\"inLanguage\":\"pt-BR\"},{\"@type\":\"Organization\",\"@id\":\"https:\/\/portaldoestado.com.br\/#organization\",\"name\":\"Portal do Estado\",\"url\":\"https:\/\/portaldoestado.com.br\/\",\"logo\":{\"@type\":\"ImageObject\",\"inLanguage\":\"pt-BR\",\"@id\":\"https:\/\/portaldoestado.com.br\/#\/schema\/logo\/image\/\",\"url\":\"https:\/\/portaldoestado.com.br\/wp-content\/uploads\/2025\/04\/cropped-6f69b19a-6472-43bf-b1b3-e1910bbbd4e8.png\",\"contentUrl\":\"https:\/\/portaldoestado.com.br\/wp-content\/uploads\/2025\/04\/cropped-6f69b19a-6472-43bf-b1b3-e1910bbbd4e8.png\",\"width\":1024,\"height\":350,\"caption\":\"Portal do Estado\"},\"image\":{\"@id\":\"https:\/\/portaldoestado.com.br\/#\/schema\/logo\/image\/\"}},{\"@type\":\"Person\",\"@id\":\"https:\/\/portaldoestado.com.br\/#\/schema\/person\/5ca0174f3c8c84b59da62ea14b698cb9\",\"name\":\"assessoriadefamosos\",\"image\":{\"@type\":\"ImageObject\",\"inLanguage\":\"pt-BR\",\"@id\":\"https:\/\/portaldoestado.com.br\/#\/schema\/person\/image\/\",\"url\":\"https:\/\/secure.gravatar.com\/avatar\/a7acbdffcfbbae7240e59f47fe511ec5f5d8c252c779f0b8d9ab02a9e1d8c5ed?s=96&d=mm&r=g\",\"contentUrl\":\"https:\/\/secure.gravatar.com\/avatar\/a7acbdffcfbbae7240e59f47fe511ec5f5d8c252c779f0b8d9ab02a9e1d8c5ed?s=96&d=mm&r=g\",\"caption\":\"assessoriadefamosos\"},\"url\":\"https:\/\/portaldoestado.com.br\/index.php\/author\/assessoriadefamosos\/\"}]}<\/script>\n<!-- \/ Yoast SEO plugin. -->","yoast_head_json":{"title":"Coment\u00e1rio de Jo\u00e3o Vitor Silva em foto de IZA volta a movimentar rumores de affair - Portal do Estado","robots":{"index":"index","follow":"follow","max-snippet":"max-snippet:-1","max-image-preview":"max-image-preview:large","max-video-preview":"max-video-preview:-1"},"canonical":"https:\/\/portaldoestado.com.br\/index.php\/2026\/01\/20\/comentario-de-joao-vitor-silva-em-foto-de-iza-volta-a-movimentar-rumores-de-affair\/","og_locale":"pt_BR","og_type":"article","og_title":"Coment\u00e1rio de Jo\u00e3o Vitor Silva em foto de IZA volta a movimentar rumores de affair - Portal do Estado","og_description":"Um simples coment\u00e1rio foi o suficiente para reacender as especula\u00e7\u00f5es envolvendo IZA e Jo\u00e3o Vitor Silva. Nesta segunda-feira (19\/1), o ator interagiu em uma publica\u00e7\u00e3o da cantora nas redes sociais com um \u201cAFF\u201d, acompanhado de emojis apaixonados \u2014 gesto que rapidamente chamou a aten\u00e7\u00e3o dos f\u00e3s e movimentou a web. Os rumores sobre uma poss\u00edvel \u2026","og_url":"https:\/\/portaldoestado.com.br\/index.php\/2026\/01\/20\/comentario-de-joao-vitor-silva-em-foto-de-iza-volta-a-movimentar-rumores-de-affair\/","og_site_name":"Portal do Estado","article_published_time":"2026-01-20T22:29:56+00:00","og_image":[{"width":1200,"height":900,"url":"https:\/\/portaldoestado.com.br\/wp-content\/uploads\/2026\/01\/fXKlwzuK-Design-sem-nome-8.jpg","type":"image\/jpeg"}],"author":"assessoriadefamosos","twitter_card":"summary_large_image","twitter_misc":{"Escrito por":"assessoriadefamosos","Est. tempo de leitura":"1 minuto"},"schema":{"@context":"https:\/\/schema.org","@graph":[{"@type":"Article","@id":"https:\/\/portaldoestado.com.br\/index.php\/2026\/01\/20\/comentario-de-joao-vitor-silva-em-foto-de-iza-volta-a-movimentar-rumores-de-affair\/#article","isPartOf":{"@id":"https:\/\/portaldoestado.com.br\/index.php\/2026\/01\/20\/comentario-de-joao-vitor-silva-em-foto-de-iza-volta-a-movimentar-rumores-de-affair\/"},"author":{"name":"assessoriadefamosos","@id":"https:\/\/portaldoestado.com.br\/#\/schema\/person\/5ca0174f3c8c84b59da62ea14b698cb9"},"headline":"Coment\u00e1rio de Jo\u00e3o Vitor Silva em foto de IZA volta a movimentar rumores de affair","datePublished":"2026-01-20T22:29:56+00:00","mainEntityOfPage":{"@id":"https:\/\/portaldoestado.com.br\/index.php\/2026\/01\/20\/comentario-de-joao-vitor-silva-em-foto-de-iza-volta-a-movimentar-rumores-de-affair\/"},"wordCount":292,"publisher":{"@id":"https:\/\/portaldoestado.com.br\/#organization"},"image":{"@id":"https:\/\/portaldoestado.com.br\/index.php\/2026\/01\/20\/comentario-de-joao-vitor-silva-em-foto-de-iza-volta-a-movimentar-rumores-de-affair\/#primaryimage"},"thumbnailUrl":"https:\/\/portaldoestado.com.br\/wp-content\/uploads\/2026\/01\/fXKlwzuK-Design-sem-nome-8.jpg","articleSection":["Famosos"],"inLanguage":"pt-BR"},{"@type":"WebPage","@id":"https:\/\/portaldoestado.com.br\/index.php\/2026\/01\/20\/comentario-de-joao-vitor-silva-em-foto-de-iza-volta-a-movimentar-rumores-de-affair\/","url":"https:\/\/portaldoestado.com.br\/index.php\/2026\/01\/20\/comentario-de-joao-vitor-silva-em-foto-de-iza-volta-a-movimentar-rumores-de-affair\/","name":"Coment\u00e1rio de Jo\u00e3o Vitor Silva em foto de IZA volta a movimentar rumores de affair - Portal do Estado","isPartOf":{"@id":"https:\/\/portaldoestado.com.br\/#website"},"primaryImageOfPage":{"@id":"https:\/\/portaldoestado.com.br\/index.php\/2026\/01\/20\/comentario-de-joao-vitor-silva-em-foto-de-iza-volta-a-movimentar-rumores-de-affair\/#primaryimage"},"image":{"@id":"https:\/\/portaldoestado.com.br\/index.php\/2026\/01\/20\/comentario-de-joao-vitor-silva-em-foto-de-iza-volta-a-movimentar-rumores-de-affair\/#primaryimage"},"thumbnailUrl":"https:\/\/portaldoestado.com.br\/wp-content\/uploads\/2026\/01\/fXKlwzuK-Design-sem-nome-8.jpg","datePublished":"2026-01-20T22:29:56+00:00","breadcrumb":{"@id":"https:\/\/portaldoestado.com.br\/index.php\/2026\/01\/20\/comentario-de-joao-vitor-silva-em-foto-de-iza-volta-a-movimentar-rumores-de-affair\/#breadcrumb"},"inLanguage":"pt-BR","potentialAction":[{"@type":"ReadAction","target":["https:\/\/portaldoestado.com.br\/index.php\/2026\/01\/20\/comentario-de-joao-vitor-silva-em-foto-de-iza-volta-a-movimentar-rumores-de-affair\/"]}]},{"@type":"ImageObject","inLanguage":"pt-BR","@id":"https:\/\/portaldoestado.com.br\/index.php\/2026\/01\/20\/comentario-de-joao-vitor-silva-em-foto-de-iza-volta-a-movimentar-rumores-de-affair\/#primaryimage","url":"https:\/\/portaldoestado.com.br\/wp-content\/uploads\/2026\/01\/fXKlwzuK-Design-sem-nome-8.jpg","contentUrl":"https:\/\/portaldoestado.com.br\/wp-content\/uploads\/2026\/01\/fXKlwzuK-Design-sem-nome-8.jpg","width":1200,"height":900},{"@type":"BreadcrumbList","@id":"https:\/\/portaldoestado.com.br\/index.php\/2026\/01\/20\/comentario-de-joao-vitor-silva-em-foto-de-iza-volta-a-movimentar-rumores-de-affair\/#breadcrumb","itemListElement":[{"@type":"ListItem","position":1,"name":"In\u00edcio","item":"https:\/\/portaldoestado.com.br\/"},{"@type":"ListItem","position":2,"name":"Coment\u00e1rio de Jo\u00e3o Vitor Silva em foto de IZA volta a movimentar rumores de affair"}]},{"@type":"WebSite","@id":"https:\/\/portaldoestado.com.br\/#website","url":"https:\/\/portaldoestado.com.br\/","name":"Portal do Estado","description":"","publisher":{"@id":"https:\/\/portaldoestado.com.br\/#organization"},"potentialAction":[{"@type":"SearchAction","target":{"@type":"EntryPoint","urlTemplate":"https:\/\/portaldoestado.com.br\/?s={search_term_string}"},"query-input":{"@type":"PropertyValueSpecification","valueRequired":true,"valueName":"search_term_string"}}],"inLanguage":"pt-BR"},{"@type":"Organization","@id":"https:\/\/portaldoestado.com.br\/#organization","name":"Portal do Estado","url":"https:\/\/portaldoestado.com.br\/","logo":{"@type":"ImageObject","inLanguage":"pt-BR","@id":"https:\/\/portaldoestado.com.br\/#\/schema\/logo\/image\/","url":"https:\/\/portaldoestado.com.br\/wp-content\/uploads\/2025\/04\/cropped-6f69b19a-6472-43bf-b1b3-e1910bbbd4e8.png","contentUrl":"https:\/\/portaldoestado.com.br\/wp-content\/uploads\/2025\/04\/cropped-6f69b19a-6472-43bf-b1b3-e1910bbbd4e8.png","width":1024,"height":350,"caption":"Portal do Estado"},"image":{"@id":"https:\/\/portaldoestado.com.br\/#\/schema\/logo\/image\/"}},{"@type":"Person","@id":"https:\/\/portaldoestado.com.br\/#\/schema\/person\/5ca0174f3c8c84b59da62ea14b698cb9","name":"assessoriadefamosos","image":{"@type":"ImageObject","inLanguage":"pt-BR","@id":"https:\/\/portaldoestado.com.br\/#\/schema\/person\/image\/","url":"https:\/\/secure.gravatar.com\/avatar\/a7acbdffcfbbae7240e59f47fe511ec5f5d8c252c779f0b8d9ab02a9e1d8c5ed?s=96&d=mm&r=g","contentUrl":"https:\/\/secure.gravatar.com\/avatar\/a7acbdffcfbbae7240e59f47fe511ec5f5d8c252c779f0b8d9ab02a9e1d8c5ed?s=96&d=mm&r=g","caption":"assessoriadefamosos"},"url":"https:\/\/portaldoestado.com.br\/index.php\/author\/assessoriadefamosos\/"}]}},"jetpack_featured_media_url":"https:\/\/portaldoestado.com.br\/wp-content\/uploads\/2026\/01\/fXKlwzuK-Design-sem-nome-8.jpg","_links":{"self":[{"href":"https:\/\/portaldoestado.com.br\/index.php\/wp-json\/wp\/v2\/posts\/5869","targetHints":{"allow":["GET"]}}],"collection":[{"href":"https:\/\/portaldoestado.com.br\/index.php\/wp-json\/wp\/v2\/posts"}],"about":[{"href":"https:\/\/portaldoestado.com.br\/index.php\/wp-json\/wp\/v2\/types\/post"}],"author":[{"embeddable":true,"href":"https:\/\/portaldoestado.com.br\/index.php\/wp-json\/wp\/v2\/users\/2"}],"replies":[{"embeddable":true,"href":"https:\/\/portaldoestado.com.br\/index.php\/wp-json\/wp\/v2\/comments?post=5869"}],"version-history":[{"count":1,"href":"https:\/\/portaldoestado.com.br\/index.php\/wp-json\/wp\/v2\/posts\/5869\/revisions"}],"predecessor-version":[{"id":5870,"href":"https:\/\/portaldoestado.com.br\/index.php\/wp-json\/wp\/v2\/posts\/5869\/revisions\/5870"}],"wp:featuredmedia":[{"embeddable":true,"href":"https:\/\/portaldoestado.com.br\/index.php\/wp-json\/wp\/v2\/media\/5868"}],"wp:attachment":[{"href":"https:\/\/portaldoestado.com.br\/index.php\/wp-json\/wp\/v2\/media?parent=5869"}],"wp:term":[{"taxonomy":"category","embeddable":true,"href":"https:\/\/portaldoestado.com.br\/index.php\/wp-json\/wp\/v2\/categories?post=5869"},{"taxonomy":"post_tag","embeddable":true,"href":"https:\/\/portaldoestado.com.br\/index.php\/wp-json\/wp\/v2\/tags?post=5869"}],"curies":[{"name":"wp","href":"https:\/\/api.w.org\/{rel}","templated":true}]}}