{"id":5866,"date":"2026-01-20T22:26:03","date_gmt":"2026-01-20T22:26:03","guid":{"rendered":"https:\/\/portaldoestado.com.br\/?p=5866"},"modified":"2026-01-20T22:26:03","modified_gmt":"2026-01-20T22:26:03","slug":"nadine-goncalves-celebra-aniversario-com-homenagem-de-neymar-e-momentos-em-familia","status":"publish","type":"post","link":"https:\/\/portaldoestado.com.br\/index.php\/2026\/01\/20\/nadine-goncalves-celebra-aniversario-com-homenagem-de-neymar-e-momentos-em-familia\/","title":{"rendered":"Nadine Gon\u00e7alves celebra anivers\u00e1rio com homenagem de Neymar e momentos em fam\u00edlia"},"content":{"rendered":"\n<p>Neymar Jr. emocionou os seguidores ao homenagear a m\u00e3e, <strong>Nadine Gon\u00e7alves<\/strong>, que completou <strong>59 anos<\/strong> nesta segunda-feira (19\/1). O jogador do Santos compartilhou uma foto rara ao lado da matriarca, em um momento discreto, e fez uma declara\u00e7\u00e3o direta: <em>\u201cDia dela!! Te amo demais. Parab\u00e9ns, mam\u00e3e\u201d<\/em>.<\/p>\n\n\n\n<p>Apesar da comemora\u00e7\u00e3o reservada, o clima familiar se estendeu ao longo do fim de semana. <strong>Helena<\/strong>, filha de Neymar, apareceu em registros ao lado da av\u00f3 materna, curtindo um momento ao ar livre. As imagens foram compartilhadas por <strong>Amanda Kimberlly<\/strong>, m\u00e3e da crian\u00e7a, que destacou a proximidade entre av\u00f3 e neta.<\/p>\n\n\n\n<p>Conhecida por manter a vida pessoal longe dos holofotes, Nadine abriu exce\u00e7\u00f5es pontuais para celebrar datas especiais. Em uma dessas ocasi\u00f5es, no anivers\u00e1rio de um ano de Helena, ela declarou: <em>\u201cQue os planos de Deus se cumpram em sua vida e te fa\u00e7a infinitamente feliz. Estarei aqui sempre que precisar\u201d<\/em>.<\/p>\n\n\n\n<p>Recentemente, Nadine tamb\u00e9m ganhou aten\u00e7\u00e3o ao investir em cuidados est\u00e9ticos com foco em rejuvenescimento e preserva\u00e7\u00e3o da naturalidade. O protocolo escolhido priorizou t\u00e9cnicas que respeitam os tra\u00e7os faciais e estimulam col\u00e1geno, mantendo a identidade visual da empres\u00e1ria.<\/p>\n\n\n\n<p>A homenagem de Neymar e os registros em fam\u00edlia refor\u00e7aram o v\u00ednculo entre m\u00e3e, filho e neta, rendendo elogios de f\u00e3s pela simplicidade e pelo carinho compartilhado.<\/p>\n","protected":false},"excerpt":{"rendered":"<p>Neymar Jr. emocionou os seguidores ao homenagear a m\u00e3e, Nadine Gon\u00e7alves, que completou 59 anos nesta segunda-feira (19\/1). O jogador do Santos compartilhou uma foto rara ao lado da matriarca, em um momento discreto, e fez uma declara\u00e7\u00e3o direta: \u201cDia dela!! Te amo demais. Parab\u00e9ns, mam\u00e3e\u201d. Apesar da comemora\u00e7\u00e3o reservada, o clima familiar se estendeu \u2026<\/p>\n","protected":false},"author":2,"featured_media":5865,"comment_status":"closed","ping_status":"open","sticky":false,"template":"","format":"standard","meta":{"footnotes":""},"categories":[3],"tags":[],"class_list":["post-5866","post","type-post","status-publish","format-standard","has-post-thumbnail","hentry","category-famosos"],"yoast_head":"<!-- This site is optimized with the Yoast SEO plugin v25.5 - https:\/\/yoast.com\/wordpress\/plugins\/seo\/ -->\n<title>Nadine Gon\u00e7alves celebra anivers\u00e1rio com homenagem de Neymar e momentos em fam\u00edlia - Portal do Estado<\/title>\n<meta name=\"robots\" content=\"index, follow, max-snippet:-1, max-image-preview:large, max-video-preview:-1\" \/>\n<link rel=\"canonical\" href=\"https:\/\/portaldoestado.com.br\/index.php\/2026\/01\/20\/nadine-goncalves-celebra-aniversario-com-homenagem-de-neymar-e-momentos-em-familia\/\" \/>\n<meta property=\"og:locale\" content=\"pt_BR\" \/>\n<meta property=\"og:type\" content=\"article\" \/>\n<meta property=\"og:title\" content=\"Nadine Gon\u00e7alves celebra anivers\u00e1rio com homenagem de Neymar e momentos em fam\u00edlia - Portal do Estado\" \/>\n<meta property=\"og:description\" content=\"Neymar Jr. emocionou os seguidores ao homenagear a m\u00e3e, Nadine Gon\u00e7alves, que completou 59 anos nesta segunda-feira (19\/1). O jogador do Santos compartilhou uma foto rara ao lado da matriarca, em um momento discreto, e fez uma declara\u00e7\u00e3o direta: \u201cDia dela!! Te amo demais. Parab\u00e9ns, mam\u00e3e\u201d. Apesar da comemora\u00e7\u00e3o reservada, o clima familiar se estendeu \u2026\" \/>\n<meta property=\"og:url\" content=\"https:\/\/portaldoestado.com.br\/index.php\/2026\/01\/20\/nadine-goncalves-celebra-aniversario-com-homenagem-de-neymar-e-momentos-em-familia\/\" \/>\n<meta property=\"og:site_name\" content=\"Portal do Estado\" \/>\n<meta property=\"article:published_time\" content=\"2026-01-20T22:26:03+00:00\" \/>\n<meta property=\"og:image\" content=\"https:\/\/portaldoestado.com.br\/wp-content\/uploads\/2026\/01\/oi1fH5ET-Design-sem-nome-10.jpg\" \/>\n\t<meta property=\"og:image:width\" content=\"1200\" \/>\n\t<meta property=\"og:image:height\" content=\"900\" \/>\n\t<meta property=\"og:image:type\" content=\"image\/jpeg\" \/>\n<meta name=\"author\" content=\"assessoriadefamosos\" \/>\n<meta name=\"twitter:card\" content=\"summary_large_image\" \/>\n<meta name=\"twitter:label1\" content=\"Escrito por\" \/>\n\t<meta name=\"twitter:data1\" content=\"assessoriadefamosos\" \/>\n\t<meta name=\"twitter:label2\" content=\"Est. tempo de leitura\" \/>\n\t<meta name=\"twitter:data2\" content=\"1 minuto\" \/>\n<script type=\"application\/ld+json\" class=\"yoast-schema-graph\">{\"@context\":\"https:\/\/schema.org\",\"@graph\":[{\"@type\":\"Article\",\"@id\":\"https:\/\/portaldoestado.com.br\/index.php\/2026\/01\/20\/nadine-goncalves-celebra-aniversario-com-homenagem-de-neymar-e-momentos-em-familia\/#article\",\"isPartOf\":{\"@id\":\"https:\/\/portaldoestado.com.br\/index.php\/2026\/01\/20\/nadine-goncalves-celebra-aniversario-com-homenagem-de-neymar-e-momentos-em-familia\/\"},\"author\":{\"name\":\"assessoriadefamosos\",\"@id\":\"https:\/\/portaldoestado.com.br\/#\/schema\/person\/5ca0174f3c8c84b59da62ea14b698cb9\"},\"headline\":\"Nadine Gon\u00e7alves celebra anivers\u00e1rio com homenagem de Neymar e momentos em fam\u00edlia\",\"datePublished\":\"2026-01-20T22:26:03+00:00\",\"mainEntityOfPage\":{\"@id\":\"https:\/\/portaldoestado.com.br\/index.php\/2026\/01\/20\/nadine-goncalves-celebra-aniversario-com-homenagem-de-neymar-e-momentos-em-familia\/\"},\"wordCount\":249,\"publisher\":{\"@id\":\"https:\/\/portaldoestado.com.br\/#organization\"},\"image\":{\"@id\":\"https:\/\/portaldoestado.com.br\/index.php\/2026\/01\/20\/nadine-goncalves-celebra-aniversario-com-homenagem-de-neymar-e-momentos-em-familia\/#primaryimage\"},\"thumbnailUrl\":\"https:\/\/portaldoestado.com.br\/wp-content\/uploads\/2026\/01\/oi1fH5ET-Design-sem-nome-10.jpg\",\"articleSection\":[\"Famosos\"],\"inLanguage\":\"pt-BR\"},{\"@type\":\"WebPage\",\"@id\":\"https:\/\/portaldoestado.com.br\/index.php\/2026\/01\/20\/nadine-goncalves-celebra-aniversario-com-homenagem-de-neymar-e-momentos-em-familia\/\",\"url\":\"https:\/\/portaldoestado.com.br\/index.php\/2026\/01\/20\/nadine-goncalves-celebra-aniversario-com-homenagem-de-neymar-e-momentos-em-familia\/\",\"name\":\"Nadine Gon\u00e7alves celebra anivers\u00e1rio com homenagem de Neymar e momentos em fam\u00edlia - Portal do Estado\",\"isPartOf\":{\"@id\":\"https:\/\/portaldoestado.com.br\/#website\"},\"primaryImageOfPage\":{\"@id\":\"https:\/\/portaldoestado.com.br\/index.php\/2026\/01\/20\/nadine-goncalves-celebra-aniversario-com-homenagem-de-neymar-e-momentos-em-familia\/#primaryimage\"},\"image\":{\"@id\":\"https:\/\/portaldoestado.com.br\/index.php\/2026\/01\/20\/nadine-goncalves-celebra-aniversario-com-homenagem-de-neymar-e-momentos-em-familia\/#primaryimage\"},\"thumbnailUrl\":\"https:\/\/portaldoestado.com.br\/wp-content\/uploads\/2026\/01\/oi1fH5ET-Design-sem-nome-10.jpg\",\"datePublished\":\"2026-01-20T22:26:03+00:00\",\"breadcrumb\":{\"@id\":\"https:\/\/portaldoestado.com.br\/index.php\/2026\/01\/20\/nadine-goncalves-celebra-aniversario-com-homenagem-de-neymar-e-momentos-em-familia\/#breadcrumb\"},\"inLanguage\":\"pt-BR\",\"potentialAction\":[{\"@type\":\"ReadAction\",\"target\":[\"https:\/\/portaldoestado.com.br\/index.php\/2026\/01\/20\/nadine-goncalves-celebra-aniversario-com-homenagem-de-neymar-e-momentos-em-familia\/\"]}]},{\"@type\":\"ImageObject\",\"inLanguage\":\"pt-BR\",\"@id\":\"https:\/\/portaldoestado.com.br\/index.php\/2026\/01\/20\/nadine-goncalves-celebra-aniversario-com-homenagem-de-neymar-e-momentos-em-familia\/#primaryimage\",\"url\":\"https:\/\/portaldoestado.com.br\/wp-content\/uploads\/2026\/01\/oi1fH5ET-Design-sem-nome-10.jpg\",\"contentUrl\":\"https:\/\/portaldoestado.com.br\/wp-content\/uploads\/2026\/01\/oi1fH5ET-Design-sem-nome-10.jpg\",\"width\":1200,\"height\":900},{\"@type\":\"BreadcrumbList\",\"@id\":\"https:\/\/portaldoestado.com.br\/index.php\/2026\/01\/20\/nadine-goncalves-celebra-aniversario-com-homenagem-de-neymar-e-momentos-em-familia\/#breadcrumb\",\"itemListElement\":[{\"@type\":\"ListItem\",\"position\":1,\"name\":\"In\u00edcio\",\"item\":\"https:\/\/portaldoestado.com.br\/\"},{\"@type\":\"ListItem\",\"position\":2,\"name\":\"Nadine Gon\u00e7alves celebra anivers\u00e1rio com homenagem de Neymar e momentos em fam\u00edlia\"}]},{\"@type\":\"WebSite\",\"@id\":\"https:\/\/portaldoestado.com.br\/#website\",\"url\":\"https:\/\/portaldoestado.com.br\/\",\"name\":\"Portal do Estado\",\"description\":\"\",\"publisher\":{\"@id\":\"https:\/\/portaldoestado.com.br\/#organization\"},\"potentialAction\":[{\"@type\":\"SearchAction\",\"target\":{\"@type\":\"EntryPoint\",\"urlTemplate\":\"https:\/\/portaldoestado.com.br\/?s={search_term_string}\"},\"query-input\":{\"@type\":\"PropertyValueSpecification\",\"valueRequired\":true,\"valueName\":\"search_term_string\"}}],\"inLanguage\":\"pt-BR\"},{\"@type\":\"Organization\",\"@id\":\"https:\/\/portaldoestado.com.br\/#organization\",\"name\":\"Portal do Estado\",\"url\":\"https:\/\/portaldoestado.com.br\/\",\"logo\":{\"@type\":\"ImageObject\",\"inLanguage\":\"pt-BR\",\"@id\":\"https:\/\/portaldoestado.com.br\/#\/schema\/logo\/image\/\",\"url\":\"https:\/\/portaldoestado.com.br\/wp-content\/uploads\/2025\/04\/cropped-6f69b19a-6472-43bf-b1b3-e1910bbbd4e8.png\",\"contentUrl\":\"https:\/\/portaldoestado.com.br\/wp-content\/uploads\/2025\/04\/cropped-6f69b19a-6472-43bf-b1b3-e1910bbbd4e8.png\",\"width\":1024,\"height\":350,\"caption\":\"Portal do Estado\"},\"image\":{\"@id\":\"https:\/\/portaldoestado.com.br\/#\/schema\/logo\/image\/\"}},{\"@type\":\"Person\",\"@id\":\"https:\/\/portaldoestado.com.br\/#\/schema\/person\/5ca0174f3c8c84b59da62ea14b698cb9\",\"name\":\"assessoriadefamosos\",\"image\":{\"@type\":\"ImageObject\",\"inLanguage\":\"pt-BR\",\"@id\":\"https:\/\/portaldoestado.com.br\/#\/schema\/person\/image\/\",\"url\":\"https:\/\/secure.gravatar.com\/avatar\/a7acbdffcfbbae7240e59f47fe511ec5f5d8c252c779f0b8d9ab02a9e1d8c5ed?s=96&d=mm&r=g\",\"contentUrl\":\"https:\/\/secure.gravatar.com\/avatar\/a7acbdffcfbbae7240e59f47fe511ec5f5d8c252c779f0b8d9ab02a9e1d8c5ed?s=96&d=mm&r=g\",\"caption\":\"assessoriadefamosos\"},\"url\":\"https:\/\/portaldoestado.com.br\/index.php\/author\/assessoriadefamosos\/\"}]}<\/script>\n<!-- \/ Yoast SEO plugin. -->","yoast_head_json":{"title":"Nadine Gon\u00e7alves celebra anivers\u00e1rio com homenagem de Neymar e momentos em fam\u00edlia - Portal do Estado","robots":{"index":"index","follow":"follow","max-snippet":"max-snippet:-1","max-image-preview":"max-image-preview:large","max-video-preview":"max-video-preview:-1"},"canonical":"https:\/\/portaldoestado.com.br\/index.php\/2026\/01\/20\/nadine-goncalves-celebra-aniversario-com-homenagem-de-neymar-e-momentos-em-familia\/","og_locale":"pt_BR","og_type":"article","og_title":"Nadine Gon\u00e7alves celebra anivers\u00e1rio com homenagem de Neymar e momentos em fam\u00edlia - Portal do Estado","og_description":"Neymar Jr. emocionou os seguidores ao homenagear a m\u00e3e, Nadine Gon\u00e7alves, que completou 59 anos nesta segunda-feira (19\/1). O jogador do Santos compartilhou uma foto rara ao lado da matriarca, em um momento discreto, e fez uma declara\u00e7\u00e3o direta: \u201cDia dela!! Te amo demais. Parab\u00e9ns, mam\u00e3e\u201d. Apesar da comemora\u00e7\u00e3o reservada, o clima familiar se estendeu \u2026","og_url":"https:\/\/portaldoestado.com.br\/index.php\/2026\/01\/20\/nadine-goncalves-celebra-aniversario-com-homenagem-de-neymar-e-momentos-em-familia\/","og_site_name":"Portal do Estado","article_published_time":"2026-01-20T22:26:03+00:00","og_image":[{"width":1200,"height":900,"url":"https:\/\/portaldoestado.com.br\/wp-content\/uploads\/2026\/01\/oi1fH5ET-Design-sem-nome-10.jpg","type":"image\/jpeg"}],"author":"assessoriadefamosos","twitter_card":"summary_large_image","twitter_misc":{"Escrito por":"assessoriadefamosos","Est. tempo de leitura":"1 minuto"},"schema":{"@context":"https:\/\/schema.org","@graph":[{"@type":"Article","@id":"https:\/\/portaldoestado.com.br\/index.php\/2026\/01\/20\/nadine-goncalves-celebra-aniversario-com-homenagem-de-neymar-e-momentos-em-familia\/#article","isPartOf":{"@id":"https:\/\/portaldoestado.com.br\/index.php\/2026\/01\/20\/nadine-goncalves-celebra-aniversario-com-homenagem-de-neymar-e-momentos-em-familia\/"},"author":{"name":"assessoriadefamosos","@id":"https:\/\/portaldoestado.com.br\/#\/schema\/person\/5ca0174f3c8c84b59da62ea14b698cb9"},"headline":"Nadine Gon\u00e7alves celebra anivers\u00e1rio com homenagem de Neymar e momentos em fam\u00edlia","datePublished":"2026-01-20T22:26:03+00:00","mainEntityOfPage":{"@id":"https:\/\/portaldoestado.com.br\/index.php\/2026\/01\/20\/nadine-goncalves-celebra-aniversario-com-homenagem-de-neymar-e-momentos-em-familia\/"},"wordCount":249,"publisher":{"@id":"https:\/\/portaldoestado.com.br\/#organization"},"image":{"@id":"https:\/\/portaldoestado.com.br\/index.php\/2026\/01\/20\/nadine-goncalves-celebra-aniversario-com-homenagem-de-neymar-e-momentos-em-familia\/#primaryimage"},"thumbnailUrl":"https:\/\/portaldoestado.com.br\/wp-content\/uploads\/2026\/01\/oi1fH5ET-Design-sem-nome-10.jpg","articleSection":["Famosos"],"inLanguage":"pt-BR"},{"@type":"WebPage","@id":"https:\/\/portaldoestado.com.br\/index.php\/2026\/01\/20\/nadine-goncalves-celebra-aniversario-com-homenagem-de-neymar-e-momentos-em-familia\/","url":"https:\/\/portaldoestado.com.br\/index.php\/2026\/01\/20\/nadine-goncalves-celebra-aniversario-com-homenagem-de-neymar-e-momentos-em-familia\/","name":"Nadine Gon\u00e7alves celebra anivers\u00e1rio com homenagem de Neymar e momentos em fam\u00edlia - Portal do Estado","isPartOf":{"@id":"https:\/\/portaldoestado.com.br\/#website"},"primaryImageOfPage":{"@id":"https:\/\/portaldoestado.com.br\/index.php\/2026\/01\/20\/nadine-goncalves-celebra-aniversario-com-homenagem-de-neymar-e-momentos-em-familia\/#primaryimage"},"image":{"@id":"https:\/\/portaldoestado.com.br\/index.php\/2026\/01\/20\/nadine-goncalves-celebra-aniversario-com-homenagem-de-neymar-e-momentos-em-familia\/#primaryimage"},"thumbnailUrl":"https:\/\/portaldoestado.com.br\/wp-content\/uploads\/2026\/01\/oi1fH5ET-Design-sem-nome-10.jpg","datePublished":"2026-01-20T22:26:03+00:00","breadcrumb":{"@id":"https:\/\/portaldoestado.com.br\/index.php\/2026\/01\/20\/nadine-goncalves-celebra-aniversario-com-homenagem-de-neymar-e-momentos-em-familia\/#breadcrumb"},"inLanguage":"pt-BR","potentialAction":[{"@type":"ReadAction","target":["https:\/\/portaldoestado.com.br\/index.php\/2026\/01\/20\/nadine-goncalves-celebra-aniversario-com-homenagem-de-neymar-e-momentos-em-familia\/"]}]},{"@type":"ImageObject","inLanguage":"pt-BR","@id":"https:\/\/portaldoestado.com.br\/index.php\/2026\/01\/20\/nadine-goncalves-celebra-aniversario-com-homenagem-de-neymar-e-momentos-em-familia\/#primaryimage","url":"https:\/\/portaldoestado.com.br\/wp-content\/uploads\/2026\/01\/oi1fH5ET-Design-sem-nome-10.jpg","contentUrl":"https:\/\/portaldoestado.com.br\/wp-content\/uploads\/2026\/01\/oi1fH5ET-Design-sem-nome-10.jpg","width":1200,"height":900},{"@type":"BreadcrumbList","@id":"https:\/\/portaldoestado.com.br\/index.php\/2026\/01\/20\/nadine-goncalves-celebra-aniversario-com-homenagem-de-neymar-e-momentos-em-familia\/#breadcrumb","itemListElement":[{"@type":"ListItem","position":1,"name":"In\u00edcio","item":"https:\/\/portaldoestado.com.br\/"},{"@type":"ListItem","position":2,"name":"Nadine Gon\u00e7alves celebra anivers\u00e1rio com homenagem de Neymar e momentos em fam\u00edlia"}]},{"@type":"WebSite","@id":"https:\/\/portaldoestado.com.br\/#website","url":"https:\/\/portaldoestado.com.br\/","name":"Portal do Estado","description":"","publisher":{"@id":"https:\/\/portaldoestado.com.br\/#organization"},"potentialAction":[{"@type":"SearchAction","target":{"@type":"EntryPoint","urlTemplate":"https:\/\/portaldoestado.com.br\/?s={search_term_string}"},"query-input":{"@type":"PropertyValueSpecification","valueRequired":true,"valueName":"search_term_string"}}],"inLanguage":"pt-BR"},{"@type":"Organization","@id":"https:\/\/portaldoestado.com.br\/#organization","name":"Portal do Estado","url":"https:\/\/portaldoestado.com.br\/","logo":{"@type":"ImageObject","inLanguage":"pt-BR","@id":"https:\/\/portaldoestado.com.br\/#\/schema\/logo\/image\/","url":"https:\/\/portaldoestado.com.br\/wp-content\/uploads\/2025\/04\/cropped-6f69b19a-6472-43bf-b1b3-e1910bbbd4e8.png","contentUrl":"https:\/\/portaldoestado.com.br\/wp-content\/uploads\/2025\/04\/cropped-6f69b19a-6472-43bf-b1b3-e1910bbbd4e8.png","width":1024,"height":350,"caption":"Portal do Estado"},"image":{"@id":"https:\/\/portaldoestado.com.br\/#\/schema\/logo\/image\/"}},{"@type":"Person","@id":"https:\/\/portaldoestado.com.br\/#\/schema\/person\/5ca0174f3c8c84b59da62ea14b698cb9","name":"assessoriadefamosos","image":{"@type":"ImageObject","inLanguage":"pt-BR","@id":"https:\/\/portaldoestado.com.br\/#\/schema\/person\/image\/","url":"https:\/\/secure.gravatar.com\/avatar\/a7acbdffcfbbae7240e59f47fe511ec5f5d8c252c779f0b8d9ab02a9e1d8c5ed?s=96&d=mm&r=g","contentUrl":"https:\/\/secure.gravatar.com\/avatar\/a7acbdffcfbbae7240e59f47fe511ec5f5d8c252c779f0b8d9ab02a9e1d8c5ed?s=96&d=mm&r=g","caption":"assessoriadefamosos"},"url":"https:\/\/portaldoestado.com.br\/index.php\/author\/assessoriadefamosos\/"}]}},"jetpack_featured_media_url":"https:\/\/portaldoestado.com.br\/wp-content\/uploads\/2026\/01\/oi1fH5ET-Design-sem-nome-10.jpg","_links":{"self":[{"href":"https:\/\/portaldoestado.com.br\/index.php\/wp-json\/wp\/v2\/posts\/5866","targetHints":{"allow":["GET"]}}],"collection":[{"href":"https:\/\/portaldoestado.com.br\/index.php\/wp-json\/wp\/v2\/posts"}],"about":[{"href":"https:\/\/portaldoestado.com.br\/index.php\/wp-json\/wp\/v2\/types\/post"}],"author":[{"embeddable":true,"href":"https:\/\/portaldoestado.com.br\/index.php\/wp-json\/wp\/v2\/users\/2"}],"replies":[{"embeddable":true,"href":"https:\/\/portaldoestado.com.br\/index.php\/wp-json\/wp\/v2\/comments?post=5866"}],"version-history":[{"count":1,"href":"https:\/\/portaldoestado.com.br\/index.php\/wp-json\/wp\/v2\/posts\/5866\/revisions"}],"predecessor-version":[{"id":5867,"href":"https:\/\/portaldoestado.com.br\/index.php\/wp-json\/wp\/v2\/posts\/5866\/revisions\/5867"}],"wp:featuredmedia":[{"embeddable":true,"href":"https:\/\/portaldoestado.com.br\/index.php\/wp-json\/wp\/v2\/media\/5865"}],"wp:attachment":[{"href":"https:\/\/portaldoestado.com.br\/index.php\/wp-json\/wp\/v2\/media?parent=5866"}],"wp:term":[{"taxonomy":"category","embeddable":true,"href":"https:\/\/portaldoestado.com.br\/index.php\/wp-json\/wp\/v2\/categories?post=5866"},{"taxonomy":"post_tag","embeddable":true,"href":"https:\/\/portaldoestado.com.br\/index.php\/wp-json\/wp\/v2\/tags?post=5866"}],"curies":[{"name":"wp","href":"https:\/\/api.w.org\/{rel}","templated":true}]}}