{"id":5842,"date":"2026-01-18T19:19:28","date_gmt":"2026-01-18T19:19:28","guid":{"rendered":"https:\/\/portaldoestado.com.br\/?p=5842"},"modified":"2026-01-18T19:19:28","modified_gmt":"2026-01-18T19:19:28","slug":"mensagem-do-filho-de-jonas-no-bbb26-viraliza-e-emociona-publico-nas-redes","status":"publish","type":"post","link":"https:\/\/portaldoestado.com.br\/index.php\/2026\/01\/18\/mensagem-do-filho-de-jonas-no-bbb26-viraliza-e-emociona-publico-nas-redes\/","title":{"rendered":"Mensagem do filho de Jonas no BBB26 viraliza e emociona p\u00fablico nas redes"},"content":{"rendered":"\n<p>O Presente do Anjo exibido no <strong>BBB26<\/strong>, neste domingo (18\/1), provocou forte como\u00e7\u00e3o entre os telespectadores ao revelar um detalhe pouco conhecido da vida de <strong>Jonas Sulzbach<\/strong>. O participante recebeu um v\u00eddeo especial do filho, <strong>Jo\u00e3o Lucas<\/strong>, de 10 anos, surpreendendo parte do p\u00fablico que desconhecia sua paternidade.<\/p>\n\n\n\n<p>Na grava\u00e7\u00e3o, o menino demonstrou carinho e maturidade ao enviar palavras de incentivo ao pai, ressaltando a saudade, mas refor\u00e7ando a torcida da fam\u00edlia fora da casa. A naturalidade de Jo\u00e3o diante das c\u00e2meras e o conte\u00fado da mensagem rapidamente ganharam destaque nas redes sociais, com muitos internautas elogiando o v\u00ednculo entre pai e filho.<\/p>\n\n\n\n<p>O momento tamb\u00e9m repercutiu fora do reality. <strong>Nat\u00e1lia Vieira<\/strong>, empres\u00e1ria e m\u00e3e de Jo\u00e3o Lucas, compartilhou registros assistindo ao v\u00eddeo ao lado do filho e declarou apoio a Jonas. Animado, o garoto celebrou ao se ver na televis\u00e3o, enquanto a m\u00e3e refor\u00e7ou que a fam\u00edlia segue unida na torcida pelo brother.<\/p>\n\n\n\n<p>A paternidade de Jonas se tornou p\u00fablica em <strong>2015<\/strong>, quando ele publicou uma foto do filho ainda beb\u00ea. O ex-modelo descobriu que era pai alguns meses ap\u00f3s o nascimento da crian\u00e7a. Na mesma \u00e9poca, iniciou um relacionamento com <strong>Mari Gonzalez<\/strong>, que durou at\u00e9 2023. A influenciadora participou do <strong>BBB20<\/strong>, e o casal n\u00e3o teve filhos.<\/p>\n\n\n\n<p>A cena no programa refor\u00e7ou o apelo emocional do reality e gerou identifica\u00e7\u00e3o entre os espectadores, que destacaram como o recado trouxe uma nova camada \u00e0 trajet\u00f3ria de Jonas dentro do jogo.<\/p>\n","protected":false},"excerpt":{"rendered":"<p>O Presente do Anjo exibido no BBB26, neste domingo (18\/1), provocou forte como\u00e7\u00e3o entre os telespectadores ao revelar um detalhe pouco conhecido da vida de Jonas Sulzbach. O participante recebeu um v\u00eddeo especial do filho, Jo\u00e3o Lucas, de 10 anos, surpreendendo parte do p\u00fablico que desconhecia sua paternidade. Na grava\u00e7\u00e3o, o menino demonstrou carinho e \u2026<\/p>\n","protected":false},"author":2,"featured_media":5841,"comment_status":"closed","ping_status":"open","sticky":false,"template":"","format":"standard","meta":{"footnotes":""},"categories":[3],"tags":[],"class_list":["post-5842","post","type-post","status-publish","format-standard","has-post-thumbnail","hentry","category-famosos"],"yoast_head":"<!-- This site is optimized with the Yoast SEO plugin v25.5 - https:\/\/yoast.com\/wordpress\/plugins\/seo\/ -->\n<title>Mensagem do filho de Jonas no BBB26 viraliza e emociona p\u00fablico nas redes - Portal do Estado<\/title>\n<meta name=\"robots\" content=\"index, follow, max-snippet:-1, max-image-preview:large, max-video-preview:-1\" \/>\n<link rel=\"canonical\" href=\"https:\/\/portaldoestado.com.br\/index.php\/2026\/01\/18\/mensagem-do-filho-de-jonas-no-bbb26-viraliza-e-emociona-publico-nas-redes\/\" \/>\n<meta property=\"og:locale\" content=\"pt_BR\" \/>\n<meta property=\"og:type\" content=\"article\" \/>\n<meta property=\"og:title\" content=\"Mensagem do filho de Jonas no BBB26 viraliza e emociona p\u00fablico nas redes - Portal do Estado\" \/>\n<meta property=\"og:description\" content=\"O Presente do Anjo exibido no BBB26, neste domingo (18\/1), provocou forte como\u00e7\u00e3o entre os telespectadores ao revelar um detalhe pouco conhecido da vida de Jonas Sulzbach. O participante recebeu um v\u00eddeo especial do filho, Jo\u00e3o Lucas, de 10 anos, surpreendendo parte do p\u00fablico que desconhecia sua paternidade. Na grava\u00e7\u00e3o, o menino demonstrou carinho e \u2026\" \/>\n<meta property=\"og:url\" content=\"https:\/\/portaldoestado.com.br\/index.php\/2026\/01\/18\/mensagem-do-filho-de-jonas-no-bbb26-viraliza-e-emociona-publico-nas-redes\/\" \/>\n<meta property=\"og:site_name\" content=\"Portal do Estado\" \/>\n<meta property=\"article:published_time\" content=\"2026-01-18T19:19:28+00:00\" \/>\n<meta property=\"og:image\" content=\"https:\/\/portaldoestado.com.br\/wp-content\/uploads\/2026\/01\/WhatsApp-Image-2026-01-18-at-15.43.24.jpeg\" \/>\n\t<meta property=\"og:image:width\" content=\"888\" \/>\n\t<meta property=\"og:image:height\" content=\"609\" \/>\n\t<meta property=\"og:image:type\" content=\"image\/jpeg\" \/>\n<meta name=\"author\" content=\"assessoriadefamosos\" \/>\n<meta name=\"twitter:card\" content=\"summary_large_image\" \/>\n<meta name=\"twitter:label1\" content=\"Escrito por\" \/>\n\t<meta name=\"twitter:data1\" content=\"assessoriadefamosos\" \/>\n\t<meta name=\"twitter:label2\" content=\"Est. tempo de leitura\" \/>\n\t<meta name=\"twitter:data2\" content=\"1 minuto\" \/>\n<script type=\"application\/ld+json\" class=\"yoast-schema-graph\">{\"@context\":\"https:\/\/schema.org\",\"@graph\":[{\"@type\":\"Article\",\"@id\":\"https:\/\/portaldoestado.com.br\/index.php\/2026\/01\/18\/mensagem-do-filho-de-jonas-no-bbb26-viraliza-e-emociona-publico-nas-redes\/#article\",\"isPartOf\":{\"@id\":\"https:\/\/portaldoestado.com.br\/index.php\/2026\/01\/18\/mensagem-do-filho-de-jonas-no-bbb26-viraliza-e-emociona-publico-nas-redes\/\"},\"author\":{\"name\":\"assessoriadefamosos\",\"@id\":\"https:\/\/portaldoestado.com.br\/#\/schema\/person\/5ca0174f3c8c84b59da62ea14b698cb9\"},\"headline\":\"Mensagem do filho de Jonas no BBB26 viraliza e emociona p\u00fablico nas redes\",\"datePublished\":\"2026-01-18T19:19:28+00:00\",\"mainEntityOfPage\":{\"@id\":\"https:\/\/portaldoestado.com.br\/index.php\/2026\/01\/18\/mensagem-do-filho-de-jonas-no-bbb26-viraliza-e-emociona-publico-nas-redes\/\"},\"wordCount\":278,\"publisher\":{\"@id\":\"https:\/\/portaldoestado.com.br\/#organization\"},\"image\":{\"@id\":\"https:\/\/portaldoestado.com.br\/index.php\/2026\/01\/18\/mensagem-do-filho-de-jonas-no-bbb26-viraliza-e-emociona-publico-nas-redes\/#primaryimage\"},\"thumbnailUrl\":\"https:\/\/portaldoestado.com.br\/wp-content\/uploads\/2026\/01\/WhatsApp-Image-2026-01-18-at-15.43.24.jpeg\",\"articleSection\":[\"Famosos\"],\"inLanguage\":\"pt-BR\"},{\"@type\":\"WebPage\",\"@id\":\"https:\/\/portaldoestado.com.br\/index.php\/2026\/01\/18\/mensagem-do-filho-de-jonas-no-bbb26-viraliza-e-emociona-publico-nas-redes\/\",\"url\":\"https:\/\/portaldoestado.com.br\/index.php\/2026\/01\/18\/mensagem-do-filho-de-jonas-no-bbb26-viraliza-e-emociona-publico-nas-redes\/\",\"name\":\"Mensagem do filho de Jonas no BBB26 viraliza e emociona p\u00fablico nas redes - Portal do Estado\",\"isPartOf\":{\"@id\":\"https:\/\/portaldoestado.com.br\/#website\"},\"primaryImageOfPage\":{\"@id\":\"https:\/\/portaldoestado.com.br\/index.php\/2026\/01\/18\/mensagem-do-filho-de-jonas-no-bbb26-viraliza-e-emociona-publico-nas-redes\/#primaryimage\"},\"image\":{\"@id\":\"https:\/\/portaldoestado.com.br\/index.php\/2026\/01\/18\/mensagem-do-filho-de-jonas-no-bbb26-viraliza-e-emociona-publico-nas-redes\/#primaryimage\"},\"thumbnailUrl\":\"https:\/\/portaldoestado.com.br\/wp-content\/uploads\/2026\/01\/WhatsApp-Image-2026-01-18-at-15.43.24.jpeg\",\"datePublished\":\"2026-01-18T19:19:28+00:00\",\"breadcrumb\":{\"@id\":\"https:\/\/portaldoestado.com.br\/index.php\/2026\/01\/18\/mensagem-do-filho-de-jonas-no-bbb26-viraliza-e-emociona-publico-nas-redes\/#breadcrumb\"},\"inLanguage\":\"pt-BR\",\"potentialAction\":[{\"@type\":\"ReadAction\",\"target\":[\"https:\/\/portaldoestado.com.br\/index.php\/2026\/01\/18\/mensagem-do-filho-de-jonas-no-bbb26-viraliza-e-emociona-publico-nas-redes\/\"]}]},{\"@type\":\"ImageObject\",\"inLanguage\":\"pt-BR\",\"@id\":\"https:\/\/portaldoestado.com.br\/index.php\/2026\/01\/18\/mensagem-do-filho-de-jonas-no-bbb26-viraliza-e-emociona-publico-nas-redes\/#primaryimage\",\"url\":\"https:\/\/portaldoestado.com.br\/wp-content\/uploads\/2026\/01\/WhatsApp-Image-2026-01-18-at-15.43.24.jpeg\",\"contentUrl\":\"https:\/\/portaldoestado.com.br\/wp-content\/uploads\/2026\/01\/WhatsApp-Image-2026-01-18-at-15.43.24.jpeg\",\"width\":888,\"height\":609},{\"@type\":\"BreadcrumbList\",\"@id\":\"https:\/\/portaldoestado.com.br\/index.php\/2026\/01\/18\/mensagem-do-filho-de-jonas-no-bbb26-viraliza-e-emociona-publico-nas-redes\/#breadcrumb\",\"itemListElement\":[{\"@type\":\"ListItem\",\"position\":1,\"name\":\"In\u00edcio\",\"item\":\"https:\/\/portaldoestado.com.br\/\"},{\"@type\":\"ListItem\",\"position\":2,\"name\":\"Mensagem do filho de Jonas no BBB26 viraliza e emociona p\u00fablico nas redes\"}]},{\"@type\":\"WebSite\",\"@id\":\"https:\/\/portaldoestado.com.br\/#website\",\"url\":\"https:\/\/portaldoestado.com.br\/\",\"name\":\"Portal do Estado\",\"description\":\"\",\"publisher\":{\"@id\":\"https:\/\/portaldoestado.com.br\/#organization\"},\"potentialAction\":[{\"@type\":\"SearchAction\",\"target\":{\"@type\":\"EntryPoint\",\"urlTemplate\":\"https:\/\/portaldoestado.com.br\/?s={search_term_string}\"},\"query-input\":{\"@type\":\"PropertyValueSpecification\",\"valueRequired\":true,\"valueName\":\"search_term_string\"}}],\"inLanguage\":\"pt-BR\"},{\"@type\":\"Organization\",\"@id\":\"https:\/\/portaldoestado.com.br\/#organization\",\"name\":\"Portal do Estado\",\"url\":\"https:\/\/portaldoestado.com.br\/\",\"logo\":{\"@type\":\"ImageObject\",\"inLanguage\":\"pt-BR\",\"@id\":\"https:\/\/portaldoestado.com.br\/#\/schema\/logo\/image\/\",\"url\":\"https:\/\/portaldoestado.com.br\/wp-content\/uploads\/2025\/04\/cropped-6f69b19a-6472-43bf-b1b3-e1910bbbd4e8.png\",\"contentUrl\":\"https:\/\/portaldoestado.com.br\/wp-content\/uploads\/2025\/04\/cropped-6f69b19a-6472-43bf-b1b3-e1910bbbd4e8.png\",\"width\":1024,\"height\":350,\"caption\":\"Portal do Estado\"},\"image\":{\"@id\":\"https:\/\/portaldoestado.com.br\/#\/schema\/logo\/image\/\"}},{\"@type\":\"Person\",\"@id\":\"https:\/\/portaldoestado.com.br\/#\/schema\/person\/5ca0174f3c8c84b59da62ea14b698cb9\",\"name\":\"assessoriadefamosos\",\"image\":{\"@type\":\"ImageObject\",\"inLanguage\":\"pt-BR\",\"@id\":\"https:\/\/portaldoestado.com.br\/#\/schema\/person\/image\/\",\"url\":\"https:\/\/secure.gravatar.com\/avatar\/a7acbdffcfbbae7240e59f47fe511ec5f5d8c252c779f0b8d9ab02a9e1d8c5ed?s=96&d=mm&r=g\",\"contentUrl\":\"https:\/\/secure.gravatar.com\/avatar\/a7acbdffcfbbae7240e59f47fe511ec5f5d8c252c779f0b8d9ab02a9e1d8c5ed?s=96&d=mm&r=g\",\"caption\":\"assessoriadefamosos\"},\"url\":\"https:\/\/portaldoestado.com.br\/index.php\/author\/assessoriadefamosos\/\"}]}<\/script>\n<!-- \/ Yoast SEO plugin. -->","yoast_head_json":{"title":"Mensagem do filho de Jonas no BBB26 viraliza e emociona p\u00fablico nas redes - Portal do Estado","robots":{"index":"index","follow":"follow","max-snippet":"max-snippet:-1","max-image-preview":"max-image-preview:large","max-video-preview":"max-video-preview:-1"},"canonical":"https:\/\/portaldoestado.com.br\/index.php\/2026\/01\/18\/mensagem-do-filho-de-jonas-no-bbb26-viraliza-e-emociona-publico-nas-redes\/","og_locale":"pt_BR","og_type":"article","og_title":"Mensagem do filho de Jonas no BBB26 viraliza e emociona p\u00fablico nas redes - Portal do Estado","og_description":"O Presente do Anjo exibido no BBB26, neste domingo (18\/1), provocou forte como\u00e7\u00e3o entre os telespectadores ao revelar um detalhe pouco conhecido da vida de Jonas Sulzbach. O participante recebeu um v\u00eddeo especial do filho, Jo\u00e3o Lucas, de 10 anos, surpreendendo parte do p\u00fablico que desconhecia sua paternidade. Na grava\u00e7\u00e3o, o menino demonstrou carinho e \u2026","og_url":"https:\/\/portaldoestado.com.br\/index.php\/2026\/01\/18\/mensagem-do-filho-de-jonas-no-bbb26-viraliza-e-emociona-publico-nas-redes\/","og_site_name":"Portal do Estado","article_published_time":"2026-01-18T19:19:28+00:00","og_image":[{"width":888,"height":609,"url":"https:\/\/portaldoestado.com.br\/wp-content\/uploads\/2026\/01\/WhatsApp-Image-2026-01-18-at-15.43.24.jpeg","type":"image\/jpeg"}],"author":"assessoriadefamosos","twitter_card":"summary_large_image","twitter_misc":{"Escrito por":"assessoriadefamosos","Est. tempo de leitura":"1 minuto"},"schema":{"@context":"https:\/\/schema.org","@graph":[{"@type":"Article","@id":"https:\/\/portaldoestado.com.br\/index.php\/2026\/01\/18\/mensagem-do-filho-de-jonas-no-bbb26-viraliza-e-emociona-publico-nas-redes\/#article","isPartOf":{"@id":"https:\/\/portaldoestado.com.br\/index.php\/2026\/01\/18\/mensagem-do-filho-de-jonas-no-bbb26-viraliza-e-emociona-publico-nas-redes\/"},"author":{"name":"assessoriadefamosos","@id":"https:\/\/portaldoestado.com.br\/#\/schema\/person\/5ca0174f3c8c84b59da62ea14b698cb9"},"headline":"Mensagem do filho de Jonas no BBB26 viraliza e emociona p\u00fablico nas redes","datePublished":"2026-01-18T19:19:28+00:00","mainEntityOfPage":{"@id":"https:\/\/portaldoestado.com.br\/index.php\/2026\/01\/18\/mensagem-do-filho-de-jonas-no-bbb26-viraliza-e-emociona-publico-nas-redes\/"},"wordCount":278,"publisher":{"@id":"https:\/\/portaldoestado.com.br\/#organization"},"image":{"@id":"https:\/\/portaldoestado.com.br\/index.php\/2026\/01\/18\/mensagem-do-filho-de-jonas-no-bbb26-viraliza-e-emociona-publico-nas-redes\/#primaryimage"},"thumbnailUrl":"https:\/\/portaldoestado.com.br\/wp-content\/uploads\/2026\/01\/WhatsApp-Image-2026-01-18-at-15.43.24.jpeg","articleSection":["Famosos"],"inLanguage":"pt-BR"},{"@type":"WebPage","@id":"https:\/\/portaldoestado.com.br\/index.php\/2026\/01\/18\/mensagem-do-filho-de-jonas-no-bbb26-viraliza-e-emociona-publico-nas-redes\/","url":"https:\/\/portaldoestado.com.br\/index.php\/2026\/01\/18\/mensagem-do-filho-de-jonas-no-bbb26-viraliza-e-emociona-publico-nas-redes\/","name":"Mensagem do filho de Jonas no BBB26 viraliza e emociona p\u00fablico nas redes - Portal do Estado","isPartOf":{"@id":"https:\/\/portaldoestado.com.br\/#website"},"primaryImageOfPage":{"@id":"https:\/\/portaldoestado.com.br\/index.php\/2026\/01\/18\/mensagem-do-filho-de-jonas-no-bbb26-viraliza-e-emociona-publico-nas-redes\/#primaryimage"},"image":{"@id":"https:\/\/portaldoestado.com.br\/index.php\/2026\/01\/18\/mensagem-do-filho-de-jonas-no-bbb26-viraliza-e-emociona-publico-nas-redes\/#primaryimage"},"thumbnailUrl":"https:\/\/portaldoestado.com.br\/wp-content\/uploads\/2026\/01\/WhatsApp-Image-2026-01-18-at-15.43.24.jpeg","datePublished":"2026-01-18T19:19:28+00:00","breadcrumb":{"@id":"https:\/\/portaldoestado.com.br\/index.php\/2026\/01\/18\/mensagem-do-filho-de-jonas-no-bbb26-viraliza-e-emociona-publico-nas-redes\/#breadcrumb"},"inLanguage":"pt-BR","potentialAction":[{"@type":"ReadAction","target":["https:\/\/portaldoestado.com.br\/index.php\/2026\/01\/18\/mensagem-do-filho-de-jonas-no-bbb26-viraliza-e-emociona-publico-nas-redes\/"]}]},{"@type":"ImageObject","inLanguage":"pt-BR","@id":"https:\/\/portaldoestado.com.br\/index.php\/2026\/01\/18\/mensagem-do-filho-de-jonas-no-bbb26-viraliza-e-emociona-publico-nas-redes\/#primaryimage","url":"https:\/\/portaldoestado.com.br\/wp-content\/uploads\/2026\/01\/WhatsApp-Image-2026-01-18-at-15.43.24.jpeg","contentUrl":"https:\/\/portaldoestado.com.br\/wp-content\/uploads\/2026\/01\/WhatsApp-Image-2026-01-18-at-15.43.24.jpeg","width":888,"height":609},{"@type":"BreadcrumbList","@id":"https:\/\/portaldoestado.com.br\/index.php\/2026\/01\/18\/mensagem-do-filho-de-jonas-no-bbb26-viraliza-e-emociona-publico-nas-redes\/#breadcrumb","itemListElement":[{"@type":"ListItem","position":1,"name":"In\u00edcio","item":"https:\/\/portaldoestado.com.br\/"},{"@type":"ListItem","position":2,"name":"Mensagem do filho de Jonas no BBB26 viraliza e emociona p\u00fablico nas redes"}]},{"@type":"WebSite","@id":"https:\/\/portaldoestado.com.br\/#website","url":"https:\/\/portaldoestado.com.br\/","name":"Portal do Estado","description":"","publisher":{"@id":"https:\/\/portaldoestado.com.br\/#organization"},"potentialAction":[{"@type":"SearchAction","target":{"@type":"EntryPoint","urlTemplate":"https:\/\/portaldoestado.com.br\/?s={search_term_string}"},"query-input":{"@type":"PropertyValueSpecification","valueRequired":true,"valueName":"search_term_string"}}],"inLanguage":"pt-BR"},{"@type":"Organization","@id":"https:\/\/portaldoestado.com.br\/#organization","name":"Portal do Estado","url":"https:\/\/portaldoestado.com.br\/","logo":{"@type":"ImageObject","inLanguage":"pt-BR","@id":"https:\/\/portaldoestado.com.br\/#\/schema\/logo\/image\/","url":"https:\/\/portaldoestado.com.br\/wp-content\/uploads\/2025\/04\/cropped-6f69b19a-6472-43bf-b1b3-e1910bbbd4e8.png","contentUrl":"https:\/\/portaldoestado.com.br\/wp-content\/uploads\/2025\/04\/cropped-6f69b19a-6472-43bf-b1b3-e1910bbbd4e8.png","width":1024,"height":350,"caption":"Portal do Estado"},"image":{"@id":"https:\/\/portaldoestado.com.br\/#\/schema\/logo\/image\/"}},{"@type":"Person","@id":"https:\/\/portaldoestado.com.br\/#\/schema\/person\/5ca0174f3c8c84b59da62ea14b698cb9","name":"assessoriadefamosos","image":{"@type":"ImageObject","inLanguage":"pt-BR","@id":"https:\/\/portaldoestado.com.br\/#\/schema\/person\/image\/","url":"https:\/\/secure.gravatar.com\/avatar\/a7acbdffcfbbae7240e59f47fe511ec5f5d8c252c779f0b8d9ab02a9e1d8c5ed?s=96&d=mm&r=g","contentUrl":"https:\/\/secure.gravatar.com\/avatar\/a7acbdffcfbbae7240e59f47fe511ec5f5d8c252c779f0b8d9ab02a9e1d8c5ed?s=96&d=mm&r=g","caption":"assessoriadefamosos"},"url":"https:\/\/portaldoestado.com.br\/index.php\/author\/assessoriadefamosos\/"}]}},"jetpack_featured_media_url":"https:\/\/portaldoestado.com.br\/wp-content\/uploads\/2026\/01\/WhatsApp-Image-2026-01-18-at-15.43.24.jpeg","_links":{"self":[{"href":"https:\/\/portaldoestado.com.br\/index.php\/wp-json\/wp\/v2\/posts\/5842","targetHints":{"allow":["GET"]}}],"collection":[{"href":"https:\/\/portaldoestado.com.br\/index.php\/wp-json\/wp\/v2\/posts"}],"about":[{"href":"https:\/\/portaldoestado.com.br\/index.php\/wp-json\/wp\/v2\/types\/post"}],"author":[{"embeddable":true,"href":"https:\/\/portaldoestado.com.br\/index.php\/wp-json\/wp\/v2\/users\/2"}],"replies":[{"embeddable":true,"href":"https:\/\/portaldoestado.com.br\/index.php\/wp-json\/wp\/v2\/comments?post=5842"}],"version-history":[{"count":1,"href":"https:\/\/portaldoestado.com.br\/index.php\/wp-json\/wp\/v2\/posts\/5842\/revisions"}],"predecessor-version":[{"id":5843,"href":"https:\/\/portaldoestado.com.br\/index.php\/wp-json\/wp\/v2\/posts\/5842\/revisions\/5843"}],"wp:featuredmedia":[{"embeddable":true,"href":"https:\/\/portaldoestado.com.br\/index.php\/wp-json\/wp\/v2\/media\/5841"}],"wp:attachment":[{"href":"https:\/\/portaldoestado.com.br\/index.php\/wp-json\/wp\/v2\/media?parent=5842"}],"wp:term":[{"taxonomy":"category","embeddable":true,"href":"https:\/\/portaldoestado.com.br\/index.php\/wp-json\/wp\/v2\/categories?post=5842"},{"taxonomy":"post_tag","embeddable":true,"href":"https:\/\/portaldoestado.com.br\/index.php\/wp-json\/wp\/v2\/tags?post=5842"}],"curies":[{"name":"wp","href":"https:\/\/api.w.org\/{rel}","templated":true}]}}