{"id":5839,"date":"2026-01-18T19:14:52","date_gmt":"2026-01-18T19:14:52","guid":{"rendered":"https:\/\/portaldoestado.com.br\/?p=5839"},"modified":"2026-01-18T19:14:52","modified_gmt":"2026-01-18T19:14:52","slug":"quem-e-agostina-paez-influenciadora-argentina-investigada-por-injuria-racial-em-bar-de-ipanema","status":"publish","type":"post","link":"https:\/\/portaldoestado.com.br\/index.php\/2026\/01\/18\/quem-e-agostina-paez-influenciadora-argentina-investigada-por-injuria-racial-em-bar-de-ipanema\/","title":{"rendered":"Quem \u00e9 Agostina P\u00e1ez, influenciadora argentina investigada por inj\u00faria racial em bar de Ipanema"},"content":{"rendered":"\n<p>A advogada e influenciadora digital Agostina P\u00e1ez, de 29 anos, \u00e9 a turista argentina investigada pela Pol\u00edcia Civil do Rio de Janeiro (PCERJ) por suspeita de inj\u00faria racial contra o gerente de um bar em Ipanema, na Zona Sul da capital fluminense. O caso aconteceu na \u00faltima quarta-feira (14\/1) e segue em apura\u00e7\u00e3o.<\/p>\n\n\n\n<p>Natural de Santiago del Estero, no norte da Argentina, Agostina dividia a rotina profissional entre a advocacia e a produ\u00e7\u00e3o de conte\u00fado para as redes sociais. Antes da repercuss\u00e3o do epis\u00f3dio, ela reunia mais de 80 mil seguidores, principalmente no TikTok. Ap\u00f3s o caso ganhar visibilidade, o perfil na plataforma foi desativado e a conta no Instagram permanece suspensa.<\/p>\n\n\n\n<p>Imagens que circularam nas redes mostram a influenciadora realizando gestos considerados ofensivos, enquanto pessoas que a acompanhavam tentam cont\u00ea-la. A partir do material analisado, a Justi\u00e7a determinou a ado\u00e7\u00e3o de medidas cautelares, entre elas o uso de tornozeleira eletr\u00f4nica. Tamb\u00e9m foi autorizada a reten\u00e7\u00e3o do passaporte, mas a medida n\u00e3o foi executada porque a turista entrou no Brasil apenas com documento de identidade.<\/p>\n\n\n\n<p>Agostina \u00e9 filha de Mariano P\u00e1ez, empres\u00e1rio do setor de transportes na Argentina. Ele responde a processos por viol\u00eancia de g\u00eanero e chegou a ser preso em novembro do ano passado. Em dezembro, obteve liberdade provis\u00f3ria, com imposi\u00e7\u00e3o de medidas como monitoramento eletr\u00f4nico e proibi\u00e7\u00e3o de contato com a v\u00edtima. O caso ainda est\u00e1 em andamento na Justi\u00e7a argentina.<\/p>\n\n\n\n<p>Segundo a imprensa do pa\u00eds vizinho, a influenciadora tamb\u00e9m se envolve em disputas judiciais relacionadas \u00e0 ex-companheira do pai. Ela teria apresentado queixas alegando ass\u00e9dio, difama\u00e7\u00e3o e viol\u00eancia digital.<\/p>\n\n\n<!-- wp:heading \"level\":3 -->\n<h3 class=\"wp-block-heading\">Entenda o caso<\/h3>\n<!-- \/wp:post-content -->\n\n<!-- wp:paragraph -->\n<p>De acordo com a PCERJ, a confus\u00e3o teve in\u00edcio ap\u00f3s um desacordo sobre o pagamento da conta no bar. O gerente solicitou que a cliente aguardasse enquanto as imagens das c\u00e2meras de seguran\u00e7a eram analisadas. Durante esse per\u00edodo, a turista teria proferido ofensas de cunho racial, levando o funcion\u00e1rio a registrar a situa\u00e7\u00e3o em v\u00eddeo.<\/p>\n<!-- \/wp:paragraph -->\n\n<!-- wp:paragraph -->\n<p>As grava\u00e7\u00f5es mostram a mulher apontando o dedo para o gerente e fazendo gestos e sons associados a um macaco. O epis\u00f3dio foi registrado na 11\u00aa DP (Rocinha), que iniciou dilig\u00eancias para localizar a suspeita e solicitou as medidas cautelares \u00e0 Justi\u00e7a.<\/p>\n<!-- \/wp:paragraph -->\n\n<!-- wp:paragraph -->\n<p>Na manh\u00e3 de s\u00e1bado (17\/1), Agostina P\u00e1ez compareceu \u00e0 delegacia para prestar depoimento e passou a cumprir as determina\u00e7\u00f5es judiciais. As investiga\u00e7\u00f5es continuam para esclarecer todos os detalhes do ocorrido.<\/p>\n<!-- \/wp:paragraph -->","protected":false},"excerpt":{"rendered":"<p>A advogada e influenciadora digital Agostina P\u00e1ez, de 29 anos, \u00e9 a turista argentina investigada pela Pol\u00edcia Civil do Rio de Janeiro (PCERJ) por suspeita de inj\u00faria racial contra o gerente de um bar em Ipanema, na Zona Sul da capital fluminense. O caso aconteceu na \u00faltima quarta-feira (14\/1) e segue em apura\u00e7\u00e3o. Natural de \u2026<\/p>\n","protected":false},"author":2,"featured_media":5838,"comment_status":"closed","ping_status":"open","sticky":false,"template":"","format":"standard","meta":{"footnotes":""},"categories":[3],"tags":[],"class_list":["post-5839","post","type-post","status-publish","format-standard","has-post-thumbnail","hentry","category-famosos"],"yoast_head":"<!-- This site is optimized with the Yoast SEO plugin v25.5 - https:\/\/yoast.com\/wordpress\/plugins\/seo\/ -->\n<title>Quem \u00e9 Agostina P\u00e1ez, influenciadora argentina investigada por inj\u00faria racial em bar de Ipanema - Portal do Estado<\/title>\n<meta name=\"robots\" content=\"index, follow, max-snippet:-1, max-image-preview:large, max-video-preview:-1\" \/>\n<link rel=\"canonical\" href=\"https:\/\/portaldoestado.com.br\/index.php\/2026\/01\/18\/quem-e-agostina-paez-influenciadora-argentina-investigada-por-injuria-racial-em-bar-de-ipanema\/\" \/>\n<meta property=\"og:locale\" content=\"pt_BR\" \/>\n<meta property=\"og:type\" content=\"article\" \/>\n<meta property=\"og:title\" content=\"Quem \u00e9 Agostina P\u00e1ez, influenciadora argentina investigada por inj\u00faria racial em bar de Ipanema - Portal do Estado\" \/>\n<meta property=\"og:description\" content=\"A advogada e influenciadora digital Agostina P\u00e1ez, de 29 anos, \u00e9 a turista argentina investigada pela Pol\u00edcia Civil do Rio de Janeiro (PCERJ) por suspeita de inj\u00faria racial contra o gerente de um bar em Ipanema, na Zona Sul da capital fluminense. O caso aconteceu na \u00faltima quarta-feira (14\/1) e segue em apura\u00e7\u00e3o. Natural de \u2026\" \/>\n<meta property=\"og:url\" content=\"https:\/\/portaldoestado.com.br\/index.php\/2026\/01\/18\/quem-e-agostina-paez-influenciadora-argentina-investigada-por-injuria-racial-em-bar-de-ipanema\/\" \/>\n<meta property=\"og:site_name\" content=\"Portal do Estado\" \/>\n<meta property=\"article:published_time\" content=\"2026-01-18T19:14:52+00:00\" \/>\n<meta property=\"og:image\" content=\"https:\/\/portaldoestado.com.br\/wp-content\/uploads\/2026\/01\/e842576e-racismo-argentina-.webp\" \/>\n\t<meta property=\"og:image:width\" content=\"900\" \/>\n\t<meta property=\"og:image:height\" content=\"600\" \/>\n\t<meta property=\"og:image:type\" content=\"image\/webp\" \/>\n<meta name=\"author\" content=\"assessoriadefamosos\" \/>\n<meta name=\"twitter:card\" content=\"summary_large_image\" \/>\n<meta name=\"twitter:label1\" content=\"Escrito por\" \/>\n\t<meta name=\"twitter:data1\" content=\"assessoriadefamosos\" \/>\n\t<meta name=\"twitter:label2\" content=\"Est. tempo de leitura\" \/>\n\t<meta name=\"twitter:data2\" content=\"2 minutos\" \/>\n<script type=\"application\/ld+json\" class=\"yoast-schema-graph\">{\"@context\":\"https:\/\/schema.org\",\"@graph\":[{\"@type\":\"Article\",\"@id\":\"https:\/\/portaldoestado.com.br\/index.php\/2026\/01\/18\/quem-e-agostina-paez-influenciadora-argentina-investigada-por-injuria-racial-em-bar-de-ipanema\/#article\",\"isPartOf\":{\"@id\":\"https:\/\/portaldoestado.com.br\/index.php\/2026\/01\/18\/quem-e-agostina-paez-influenciadora-argentina-investigada-por-injuria-racial-em-bar-de-ipanema\/\"},\"author\":{\"name\":\"assessoriadefamosos\",\"@id\":\"https:\/\/portaldoestado.com.br\/#\/schema\/person\/5ca0174f3c8c84b59da62ea14b698cb9\"},\"headline\":\"Quem \u00e9 Agostina P\u00e1ez, influenciadora argentina investigada por inj\u00faria racial em bar de Ipanema\",\"datePublished\":\"2026-01-18T19:14:52+00:00\",\"mainEntityOfPage\":{\"@id\":\"https:\/\/portaldoestado.com.br\/index.php\/2026\/01\/18\/quem-e-agostina-paez-influenciadora-argentina-investigada-por-injuria-racial-em-bar-de-ipanema\/\"},\"wordCount\":446,\"publisher\":{\"@id\":\"https:\/\/portaldoestado.com.br\/#organization\"},\"image\":{\"@id\":\"https:\/\/portaldoestado.com.br\/index.php\/2026\/01\/18\/quem-e-agostina-paez-influenciadora-argentina-investigada-por-injuria-racial-em-bar-de-ipanema\/#primaryimage\"},\"thumbnailUrl\":\"https:\/\/portaldoestado.com.br\/wp-content\/uploads\/2026\/01\/e842576e-racismo-argentina-.webp\",\"articleSection\":[\"Famosos\"],\"inLanguage\":\"pt-BR\"},{\"@type\":\"WebPage\",\"@id\":\"https:\/\/portaldoestado.com.br\/index.php\/2026\/01\/18\/quem-e-agostina-paez-influenciadora-argentina-investigada-por-injuria-racial-em-bar-de-ipanema\/\",\"url\":\"https:\/\/portaldoestado.com.br\/index.php\/2026\/01\/18\/quem-e-agostina-paez-influenciadora-argentina-investigada-por-injuria-racial-em-bar-de-ipanema\/\",\"name\":\"Quem \u00e9 Agostina P\u00e1ez, influenciadora argentina investigada por inj\u00faria racial em bar de Ipanema - Portal do Estado\",\"isPartOf\":{\"@id\":\"https:\/\/portaldoestado.com.br\/#website\"},\"primaryImageOfPage\":{\"@id\":\"https:\/\/portaldoestado.com.br\/index.php\/2026\/01\/18\/quem-e-agostina-paez-influenciadora-argentina-investigada-por-injuria-racial-em-bar-de-ipanema\/#primaryimage\"},\"image\":{\"@id\":\"https:\/\/portaldoestado.com.br\/index.php\/2026\/01\/18\/quem-e-agostina-paez-influenciadora-argentina-investigada-por-injuria-racial-em-bar-de-ipanema\/#primaryimage\"},\"thumbnailUrl\":\"https:\/\/portaldoestado.com.br\/wp-content\/uploads\/2026\/01\/e842576e-racismo-argentina-.webp\",\"datePublished\":\"2026-01-18T19:14:52+00:00\",\"breadcrumb\":{\"@id\":\"https:\/\/portaldoestado.com.br\/index.php\/2026\/01\/18\/quem-e-agostina-paez-influenciadora-argentina-investigada-por-injuria-racial-em-bar-de-ipanema\/#breadcrumb\"},\"inLanguage\":\"pt-BR\",\"potentialAction\":[{\"@type\":\"ReadAction\",\"target\":[\"https:\/\/portaldoestado.com.br\/index.php\/2026\/01\/18\/quem-e-agostina-paez-influenciadora-argentina-investigada-por-injuria-racial-em-bar-de-ipanema\/\"]}]},{\"@type\":\"ImageObject\",\"inLanguage\":\"pt-BR\",\"@id\":\"https:\/\/portaldoestado.com.br\/index.php\/2026\/01\/18\/quem-e-agostina-paez-influenciadora-argentina-investigada-por-injuria-racial-em-bar-de-ipanema\/#primaryimage\",\"url\":\"https:\/\/portaldoestado.com.br\/wp-content\/uploads\/2026\/01\/e842576e-racismo-argentina-.webp\",\"contentUrl\":\"https:\/\/portaldoestado.com.br\/wp-content\/uploads\/2026\/01\/e842576e-racismo-argentina-.webp\",\"width\":900,\"height\":600},{\"@type\":\"BreadcrumbList\",\"@id\":\"https:\/\/portaldoestado.com.br\/index.php\/2026\/01\/18\/quem-e-agostina-paez-influenciadora-argentina-investigada-por-injuria-racial-em-bar-de-ipanema\/#breadcrumb\",\"itemListElement\":[{\"@type\":\"ListItem\",\"position\":1,\"name\":\"In\u00edcio\",\"item\":\"https:\/\/portaldoestado.com.br\/\"},{\"@type\":\"ListItem\",\"position\":2,\"name\":\"Quem \u00e9 Agostina P\u00e1ez, influenciadora argentina investigada por inj\u00faria racial em bar de Ipanema\"}]},{\"@type\":\"WebSite\",\"@id\":\"https:\/\/portaldoestado.com.br\/#website\",\"url\":\"https:\/\/portaldoestado.com.br\/\",\"name\":\"Portal do Estado\",\"description\":\"\",\"publisher\":{\"@id\":\"https:\/\/portaldoestado.com.br\/#organization\"},\"potentialAction\":[{\"@type\":\"SearchAction\",\"target\":{\"@type\":\"EntryPoint\",\"urlTemplate\":\"https:\/\/portaldoestado.com.br\/?s={search_term_string}\"},\"query-input\":{\"@type\":\"PropertyValueSpecification\",\"valueRequired\":true,\"valueName\":\"search_term_string\"}}],\"inLanguage\":\"pt-BR\"},{\"@type\":\"Organization\",\"@id\":\"https:\/\/portaldoestado.com.br\/#organization\",\"name\":\"Portal do Estado\",\"url\":\"https:\/\/portaldoestado.com.br\/\",\"logo\":{\"@type\":\"ImageObject\",\"inLanguage\":\"pt-BR\",\"@id\":\"https:\/\/portaldoestado.com.br\/#\/schema\/logo\/image\/\",\"url\":\"https:\/\/portaldoestado.com.br\/wp-content\/uploads\/2025\/04\/cropped-6f69b19a-6472-43bf-b1b3-e1910bbbd4e8.png\",\"contentUrl\":\"https:\/\/portaldoestado.com.br\/wp-content\/uploads\/2025\/04\/cropped-6f69b19a-6472-43bf-b1b3-e1910bbbd4e8.png\",\"width\":1024,\"height\":350,\"caption\":\"Portal do Estado\"},\"image\":{\"@id\":\"https:\/\/portaldoestado.com.br\/#\/schema\/logo\/image\/\"}},{\"@type\":\"Person\",\"@id\":\"https:\/\/portaldoestado.com.br\/#\/schema\/person\/5ca0174f3c8c84b59da62ea14b698cb9\",\"name\":\"assessoriadefamosos\",\"image\":{\"@type\":\"ImageObject\",\"inLanguage\":\"pt-BR\",\"@id\":\"https:\/\/portaldoestado.com.br\/#\/schema\/person\/image\/\",\"url\":\"https:\/\/secure.gravatar.com\/avatar\/a7acbdffcfbbae7240e59f47fe511ec5f5d8c252c779f0b8d9ab02a9e1d8c5ed?s=96&d=mm&r=g\",\"contentUrl\":\"https:\/\/secure.gravatar.com\/avatar\/a7acbdffcfbbae7240e59f47fe511ec5f5d8c252c779f0b8d9ab02a9e1d8c5ed?s=96&d=mm&r=g\",\"caption\":\"assessoriadefamosos\"},\"url\":\"https:\/\/portaldoestado.com.br\/index.php\/author\/assessoriadefamosos\/\"}]}<\/script>\n<!-- \/ Yoast SEO plugin. -->","yoast_head_json":{"title":"Quem \u00e9 Agostina P\u00e1ez, influenciadora argentina investigada por inj\u00faria racial em bar de Ipanema - Portal do Estado","robots":{"index":"index","follow":"follow","max-snippet":"max-snippet:-1","max-image-preview":"max-image-preview:large","max-video-preview":"max-video-preview:-1"},"canonical":"https:\/\/portaldoestado.com.br\/index.php\/2026\/01\/18\/quem-e-agostina-paez-influenciadora-argentina-investigada-por-injuria-racial-em-bar-de-ipanema\/","og_locale":"pt_BR","og_type":"article","og_title":"Quem \u00e9 Agostina P\u00e1ez, influenciadora argentina investigada por inj\u00faria racial em bar de Ipanema - Portal do Estado","og_description":"A advogada e influenciadora digital Agostina P\u00e1ez, de 29 anos, \u00e9 a turista argentina investigada pela Pol\u00edcia Civil do Rio de Janeiro (PCERJ) por suspeita de inj\u00faria racial contra o gerente de um bar em Ipanema, na Zona Sul da capital fluminense. O caso aconteceu na \u00faltima quarta-feira (14\/1) e segue em apura\u00e7\u00e3o. Natural de \u2026","og_url":"https:\/\/portaldoestado.com.br\/index.php\/2026\/01\/18\/quem-e-agostina-paez-influenciadora-argentina-investigada-por-injuria-racial-em-bar-de-ipanema\/","og_site_name":"Portal do Estado","article_published_time":"2026-01-18T19:14:52+00:00","og_image":[{"width":900,"height":600,"url":"https:\/\/portaldoestado.com.br\/wp-content\/uploads\/2026\/01\/e842576e-racismo-argentina-.webp","type":"image\/webp"}],"author":"assessoriadefamosos","twitter_card":"summary_large_image","twitter_misc":{"Escrito por":"assessoriadefamosos","Est. tempo de leitura":"2 minutos"},"schema":{"@context":"https:\/\/schema.org","@graph":[{"@type":"Article","@id":"https:\/\/portaldoestado.com.br\/index.php\/2026\/01\/18\/quem-e-agostina-paez-influenciadora-argentina-investigada-por-injuria-racial-em-bar-de-ipanema\/#article","isPartOf":{"@id":"https:\/\/portaldoestado.com.br\/index.php\/2026\/01\/18\/quem-e-agostina-paez-influenciadora-argentina-investigada-por-injuria-racial-em-bar-de-ipanema\/"},"author":{"name":"assessoriadefamosos","@id":"https:\/\/portaldoestado.com.br\/#\/schema\/person\/5ca0174f3c8c84b59da62ea14b698cb9"},"headline":"Quem \u00e9 Agostina P\u00e1ez, influenciadora argentina investigada por inj\u00faria racial em bar de Ipanema","datePublished":"2026-01-18T19:14:52+00:00","mainEntityOfPage":{"@id":"https:\/\/portaldoestado.com.br\/index.php\/2026\/01\/18\/quem-e-agostina-paez-influenciadora-argentina-investigada-por-injuria-racial-em-bar-de-ipanema\/"},"wordCount":446,"publisher":{"@id":"https:\/\/portaldoestado.com.br\/#organization"},"image":{"@id":"https:\/\/portaldoestado.com.br\/index.php\/2026\/01\/18\/quem-e-agostina-paez-influenciadora-argentina-investigada-por-injuria-racial-em-bar-de-ipanema\/#primaryimage"},"thumbnailUrl":"https:\/\/portaldoestado.com.br\/wp-content\/uploads\/2026\/01\/e842576e-racismo-argentina-.webp","articleSection":["Famosos"],"inLanguage":"pt-BR"},{"@type":"WebPage","@id":"https:\/\/portaldoestado.com.br\/index.php\/2026\/01\/18\/quem-e-agostina-paez-influenciadora-argentina-investigada-por-injuria-racial-em-bar-de-ipanema\/","url":"https:\/\/portaldoestado.com.br\/index.php\/2026\/01\/18\/quem-e-agostina-paez-influenciadora-argentina-investigada-por-injuria-racial-em-bar-de-ipanema\/","name":"Quem \u00e9 Agostina P\u00e1ez, influenciadora argentina investigada por inj\u00faria racial em bar de Ipanema - Portal do Estado","isPartOf":{"@id":"https:\/\/portaldoestado.com.br\/#website"},"primaryImageOfPage":{"@id":"https:\/\/portaldoestado.com.br\/index.php\/2026\/01\/18\/quem-e-agostina-paez-influenciadora-argentina-investigada-por-injuria-racial-em-bar-de-ipanema\/#primaryimage"},"image":{"@id":"https:\/\/portaldoestado.com.br\/index.php\/2026\/01\/18\/quem-e-agostina-paez-influenciadora-argentina-investigada-por-injuria-racial-em-bar-de-ipanema\/#primaryimage"},"thumbnailUrl":"https:\/\/portaldoestado.com.br\/wp-content\/uploads\/2026\/01\/e842576e-racismo-argentina-.webp","datePublished":"2026-01-18T19:14:52+00:00","breadcrumb":{"@id":"https:\/\/portaldoestado.com.br\/index.php\/2026\/01\/18\/quem-e-agostina-paez-influenciadora-argentina-investigada-por-injuria-racial-em-bar-de-ipanema\/#breadcrumb"},"inLanguage":"pt-BR","potentialAction":[{"@type":"ReadAction","target":["https:\/\/portaldoestado.com.br\/index.php\/2026\/01\/18\/quem-e-agostina-paez-influenciadora-argentina-investigada-por-injuria-racial-em-bar-de-ipanema\/"]}]},{"@type":"ImageObject","inLanguage":"pt-BR","@id":"https:\/\/portaldoestado.com.br\/index.php\/2026\/01\/18\/quem-e-agostina-paez-influenciadora-argentina-investigada-por-injuria-racial-em-bar-de-ipanema\/#primaryimage","url":"https:\/\/portaldoestado.com.br\/wp-content\/uploads\/2026\/01\/e842576e-racismo-argentina-.webp","contentUrl":"https:\/\/portaldoestado.com.br\/wp-content\/uploads\/2026\/01\/e842576e-racismo-argentina-.webp","width":900,"height":600},{"@type":"BreadcrumbList","@id":"https:\/\/portaldoestado.com.br\/index.php\/2026\/01\/18\/quem-e-agostina-paez-influenciadora-argentina-investigada-por-injuria-racial-em-bar-de-ipanema\/#breadcrumb","itemListElement":[{"@type":"ListItem","position":1,"name":"In\u00edcio","item":"https:\/\/portaldoestado.com.br\/"},{"@type":"ListItem","position":2,"name":"Quem \u00e9 Agostina P\u00e1ez, influenciadora argentina investigada por inj\u00faria racial em bar de Ipanema"}]},{"@type":"WebSite","@id":"https:\/\/portaldoestado.com.br\/#website","url":"https:\/\/portaldoestado.com.br\/","name":"Portal do Estado","description":"","publisher":{"@id":"https:\/\/portaldoestado.com.br\/#organization"},"potentialAction":[{"@type":"SearchAction","target":{"@type":"EntryPoint","urlTemplate":"https:\/\/portaldoestado.com.br\/?s={search_term_string}"},"query-input":{"@type":"PropertyValueSpecification","valueRequired":true,"valueName":"search_term_string"}}],"inLanguage":"pt-BR"},{"@type":"Organization","@id":"https:\/\/portaldoestado.com.br\/#organization","name":"Portal do Estado","url":"https:\/\/portaldoestado.com.br\/","logo":{"@type":"ImageObject","inLanguage":"pt-BR","@id":"https:\/\/portaldoestado.com.br\/#\/schema\/logo\/image\/","url":"https:\/\/portaldoestado.com.br\/wp-content\/uploads\/2025\/04\/cropped-6f69b19a-6472-43bf-b1b3-e1910bbbd4e8.png","contentUrl":"https:\/\/portaldoestado.com.br\/wp-content\/uploads\/2025\/04\/cropped-6f69b19a-6472-43bf-b1b3-e1910bbbd4e8.png","width":1024,"height":350,"caption":"Portal do Estado"},"image":{"@id":"https:\/\/portaldoestado.com.br\/#\/schema\/logo\/image\/"}},{"@type":"Person","@id":"https:\/\/portaldoestado.com.br\/#\/schema\/person\/5ca0174f3c8c84b59da62ea14b698cb9","name":"assessoriadefamosos","image":{"@type":"ImageObject","inLanguage":"pt-BR","@id":"https:\/\/portaldoestado.com.br\/#\/schema\/person\/image\/","url":"https:\/\/secure.gravatar.com\/avatar\/a7acbdffcfbbae7240e59f47fe511ec5f5d8c252c779f0b8d9ab02a9e1d8c5ed?s=96&d=mm&r=g","contentUrl":"https:\/\/secure.gravatar.com\/avatar\/a7acbdffcfbbae7240e59f47fe511ec5f5d8c252c779f0b8d9ab02a9e1d8c5ed?s=96&d=mm&r=g","caption":"assessoriadefamosos"},"url":"https:\/\/portaldoestado.com.br\/index.php\/author\/assessoriadefamosos\/"}]}},"jetpack_featured_media_url":"https:\/\/portaldoestado.com.br\/wp-content\/uploads\/2026\/01\/e842576e-racismo-argentina-.webp","_links":{"self":[{"href":"https:\/\/portaldoestado.com.br\/index.php\/wp-json\/wp\/v2\/posts\/5839","targetHints":{"allow":["GET"]}}],"collection":[{"href":"https:\/\/portaldoestado.com.br\/index.php\/wp-json\/wp\/v2\/posts"}],"about":[{"href":"https:\/\/portaldoestado.com.br\/index.php\/wp-json\/wp\/v2\/types\/post"}],"author":[{"embeddable":true,"href":"https:\/\/portaldoestado.com.br\/index.php\/wp-json\/wp\/v2\/users\/2"}],"replies":[{"embeddable":true,"href":"https:\/\/portaldoestado.com.br\/index.php\/wp-json\/wp\/v2\/comments?post=5839"}],"version-history":[{"count":1,"href":"https:\/\/portaldoestado.com.br\/index.php\/wp-json\/wp\/v2\/posts\/5839\/revisions"}],"predecessor-version":[{"id":5840,"href":"https:\/\/portaldoestado.com.br\/index.php\/wp-json\/wp\/v2\/posts\/5839\/revisions\/5840"}],"wp:featuredmedia":[{"embeddable":true,"href":"https:\/\/portaldoestado.com.br\/index.php\/wp-json\/wp\/v2\/media\/5838"}],"wp:attachment":[{"href":"https:\/\/portaldoestado.com.br\/index.php\/wp-json\/wp\/v2\/media?parent=5839"}],"wp:term":[{"taxonomy":"category","embeddable":true,"href":"https:\/\/portaldoestado.com.br\/index.php\/wp-json\/wp\/v2\/categories?post=5839"},{"taxonomy":"post_tag","embeddable":true,"href":"https:\/\/portaldoestado.com.br\/index.php\/wp-json\/wp\/v2\/tags?post=5839"}],"curies":[{"name":"wp","href":"https:\/\/api.w.org\/{rel}","templated":true}]}}