{"id":5833,"date":"2026-01-18T18:56:55","date_gmt":"2026-01-18T18:56:55","guid":{"rendered":"https:\/\/portaldoestado.com.br\/?p=5833"},"modified":"2026-01-18T18:56:55","modified_gmt":"2026-01-18T18:56:55","slug":"moletom-de-ze-felipe-com-frase-ligada-a-virginia-reacende-comentarios-nas-redes","status":"publish","type":"post","link":"https:\/\/portaldoestado.com.br\/index.php\/2026\/01\/18\/moletom-de-ze-felipe-com-frase-ligada-a-virginia-reacende-comentarios-nas-redes\/","title":{"rendered":"Moletom de Z\u00e9 Felipe com frase ligada a Virginia reacende coment\u00e1rios nas redes"},"content":{"rendered":"\n<p>Z\u00e9 Felipe voltou a virar assunto entre os internautas neste domingo (18\/1) ap\u00f3s aparecer em um v\u00eddeo no TikTok usando um moletom que chamou aten\u00e7\u00e3o pelo detalhe inusitado. A pe\u00e7a trazia a imagem de Jos\u00e9 Leonardo, seu filho ca\u00e7ula com Virginia Fonseca, acompanhada da frase \u201cEle \u00e9 pequenininho, mam\u00e3e\u201d, express\u00e3o que ficou conhecida por meio da influenciadora.<\/p>\n\n\n\n<p>O visual rapidamente gerou repercuss\u00e3o e abriu espa\u00e7o para especula\u00e7\u00f5es nos coment\u00e1rios. Muitos seguidores demonstraram surpresa com a escolha do cantor, enquanto outros reagiram de forma bem-humorada. \u201cConfundindo a cabe\u00e7a do f\u00e3-clube\u201d, brincou um usu\u00e1rio. \u201cIsso \u00e9 maturidade ou provoca\u00e7\u00e3o?\u201d, questionou outro.<\/p>\n\n\n\n<p>Apesar do burburinho, Z\u00e9 Felipe e Virginia mant\u00eam, desde o fim do casamento, uma rela\u00e7\u00e3o marcada pela cordialidade e pelo foco na cria\u00e7\u00e3o dos filhos. Apari\u00e7\u00f5es p\u00fablicas juntos e intera\u00e7\u00f5es indiretas nas redes t\u00eam sido interpretadas por f\u00e3s como sinais de uma conviv\u00eancia saud\u00e1vel, ainda que ambos estejam em fases diferentes da vida amorosa.<\/p>\n\n\n\n<p>Atualmente, Virginia Fonseca namora o jogador Vini Jr., relacionamento assumido em outubro de 2025. Z\u00e9 Felipe, por sua vez, encerrou o namoro com Ana Castela em dezembro do mesmo ano. Mesmo assim, atitudes como a do moletom mostram que o ex-casal segue conectado pela fam\u00edlia \u2014 detalhe suficiente para movimentar a internet mais uma vez.<\/p>\n","protected":false},"excerpt":{"rendered":"<p>Z\u00e9 Felipe voltou a virar assunto entre os internautas neste domingo (18\/1) ap\u00f3s aparecer em um v\u00eddeo no TikTok usando um moletom que chamou aten\u00e7\u00e3o pelo detalhe inusitado. A pe\u00e7a trazia a imagem de Jos\u00e9 Leonardo, seu filho ca\u00e7ula com Virginia Fonseca, acompanhada da frase \u201cEle \u00e9 pequenininho, mam\u00e3e\u201d, express\u00e3o que ficou conhecida por meio \u2026<\/p>\n","protected":false},"author":2,"featured_media":5832,"comment_status":"closed","ping_status":"open","sticky":false,"template":"","format":"standard","meta":{"footnotes":""},"categories":[3],"tags":[],"class_list":["post-5833","post","type-post","status-publish","format-standard","has-post-thumbnail","hentry","category-famosos"],"yoast_head":"<!-- This site is optimized with the Yoast SEO plugin v25.5 - https:\/\/yoast.com\/wordpress\/plugins\/seo\/ -->\n<title>Moletom de Z\u00e9 Felipe com frase ligada a Virginia reacende coment\u00e1rios nas redes - Portal do Estado<\/title>\n<meta name=\"robots\" content=\"index, follow, max-snippet:-1, max-image-preview:large, max-video-preview:-1\" \/>\n<link rel=\"canonical\" href=\"https:\/\/portaldoestado.com.br\/index.php\/2026\/01\/18\/moletom-de-ze-felipe-com-frase-ligada-a-virginia-reacende-comentarios-nas-redes\/\" \/>\n<meta property=\"og:locale\" content=\"pt_BR\" \/>\n<meta property=\"og:type\" content=\"article\" \/>\n<meta property=\"og:title\" content=\"Moletom de Z\u00e9 Felipe com frase ligada a Virginia reacende coment\u00e1rios nas redes - Portal do Estado\" \/>\n<meta property=\"og:description\" content=\"Z\u00e9 Felipe voltou a virar assunto entre os internautas neste domingo (18\/1) ap\u00f3s aparecer em um v\u00eddeo no TikTok usando um moletom que chamou aten\u00e7\u00e3o pelo detalhe inusitado. A pe\u00e7a trazia a imagem de Jos\u00e9 Leonardo, seu filho ca\u00e7ula com Virginia Fonseca, acompanhada da frase \u201cEle \u00e9 pequenininho, mam\u00e3e\u201d, express\u00e3o que ficou conhecida por meio \u2026\" \/>\n<meta property=\"og:url\" content=\"https:\/\/portaldoestado.com.br\/index.php\/2026\/01\/18\/moletom-de-ze-felipe-com-frase-ligada-a-virginia-reacende-comentarios-nas-redes\/\" \/>\n<meta property=\"og:site_name\" content=\"Portal do Estado\" \/>\n<meta property=\"article:published_time\" content=\"2026-01-18T18:56:55+00:00\" \/>\n<meta property=\"og:image\" content=\"https:\/\/portaldoestado.com.br\/wp-content\/uploads\/2026\/01\/padrao-leo-2026-01-18T141140.321-1.jpg\" \/>\n\t<meta property=\"og:image:width\" content=\"1200\" \/>\n\t<meta property=\"og:image:height\" content=\"900\" \/>\n\t<meta property=\"og:image:type\" content=\"image\/jpeg\" \/>\n<meta name=\"author\" content=\"assessoriadefamosos\" \/>\n<meta name=\"twitter:card\" content=\"summary_large_image\" \/>\n<meta name=\"twitter:label1\" content=\"Escrito por\" \/>\n\t<meta name=\"twitter:data1\" content=\"assessoriadefamosos\" \/>\n\t<meta name=\"twitter:label2\" content=\"Est. tempo de leitura\" \/>\n\t<meta name=\"twitter:data2\" content=\"1 minuto\" \/>\n<script type=\"application\/ld+json\" class=\"yoast-schema-graph\">{\"@context\":\"https:\/\/schema.org\",\"@graph\":[{\"@type\":\"Article\",\"@id\":\"https:\/\/portaldoestado.com.br\/index.php\/2026\/01\/18\/moletom-de-ze-felipe-com-frase-ligada-a-virginia-reacende-comentarios-nas-redes\/#article\",\"isPartOf\":{\"@id\":\"https:\/\/portaldoestado.com.br\/index.php\/2026\/01\/18\/moletom-de-ze-felipe-com-frase-ligada-a-virginia-reacende-comentarios-nas-redes\/\"},\"author\":{\"name\":\"assessoriadefamosos\",\"@id\":\"https:\/\/portaldoestado.com.br\/#\/schema\/person\/5ca0174f3c8c84b59da62ea14b698cb9\"},\"headline\":\"Moletom de Z\u00e9 Felipe com frase ligada a Virginia reacende coment\u00e1rios nas redes\",\"datePublished\":\"2026-01-18T18:56:55+00:00\",\"mainEntityOfPage\":{\"@id\":\"https:\/\/portaldoestado.com.br\/index.php\/2026\/01\/18\/moletom-de-ze-felipe-com-frase-ligada-a-virginia-reacende-comentarios-nas-redes\/\"},\"wordCount\":243,\"publisher\":{\"@id\":\"https:\/\/portaldoestado.com.br\/#organization\"},\"image\":{\"@id\":\"https:\/\/portaldoestado.com.br\/index.php\/2026\/01\/18\/moletom-de-ze-felipe-com-frase-ligada-a-virginia-reacende-comentarios-nas-redes\/#primaryimage\"},\"thumbnailUrl\":\"https:\/\/portaldoestado.com.br\/wp-content\/uploads\/2026\/01\/padrao-leo-2026-01-18T141140.321-1.jpg\",\"articleSection\":[\"Famosos\"],\"inLanguage\":\"pt-BR\"},{\"@type\":\"WebPage\",\"@id\":\"https:\/\/portaldoestado.com.br\/index.php\/2026\/01\/18\/moletom-de-ze-felipe-com-frase-ligada-a-virginia-reacende-comentarios-nas-redes\/\",\"url\":\"https:\/\/portaldoestado.com.br\/index.php\/2026\/01\/18\/moletom-de-ze-felipe-com-frase-ligada-a-virginia-reacende-comentarios-nas-redes\/\",\"name\":\"Moletom de Z\u00e9 Felipe com frase ligada a Virginia reacende coment\u00e1rios nas redes - Portal do Estado\",\"isPartOf\":{\"@id\":\"https:\/\/portaldoestado.com.br\/#website\"},\"primaryImageOfPage\":{\"@id\":\"https:\/\/portaldoestado.com.br\/index.php\/2026\/01\/18\/moletom-de-ze-felipe-com-frase-ligada-a-virginia-reacende-comentarios-nas-redes\/#primaryimage\"},\"image\":{\"@id\":\"https:\/\/portaldoestado.com.br\/index.php\/2026\/01\/18\/moletom-de-ze-felipe-com-frase-ligada-a-virginia-reacende-comentarios-nas-redes\/#primaryimage\"},\"thumbnailUrl\":\"https:\/\/portaldoestado.com.br\/wp-content\/uploads\/2026\/01\/padrao-leo-2026-01-18T141140.321-1.jpg\",\"datePublished\":\"2026-01-18T18:56:55+00:00\",\"breadcrumb\":{\"@id\":\"https:\/\/portaldoestado.com.br\/index.php\/2026\/01\/18\/moletom-de-ze-felipe-com-frase-ligada-a-virginia-reacende-comentarios-nas-redes\/#breadcrumb\"},\"inLanguage\":\"pt-BR\",\"potentialAction\":[{\"@type\":\"ReadAction\",\"target\":[\"https:\/\/portaldoestado.com.br\/index.php\/2026\/01\/18\/moletom-de-ze-felipe-com-frase-ligada-a-virginia-reacende-comentarios-nas-redes\/\"]}]},{\"@type\":\"ImageObject\",\"inLanguage\":\"pt-BR\",\"@id\":\"https:\/\/portaldoestado.com.br\/index.php\/2026\/01\/18\/moletom-de-ze-felipe-com-frase-ligada-a-virginia-reacende-comentarios-nas-redes\/#primaryimage\",\"url\":\"https:\/\/portaldoestado.com.br\/wp-content\/uploads\/2026\/01\/padrao-leo-2026-01-18T141140.321-1.jpg\",\"contentUrl\":\"https:\/\/portaldoestado.com.br\/wp-content\/uploads\/2026\/01\/padrao-leo-2026-01-18T141140.321-1.jpg\",\"width\":1200,\"height\":900},{\"@type\":\"BreadcrumbList\",\"@id\":\"https:\/\/portaldoestado.com.br\/index.php\/2026\/01\/18\/moletom-de-ze-felipe-com-frase-ligada-a-virginia-reacende-comentarios-nas-redes\/#breadcrumb\",\"itemListElement\":[{\"@type\":\"ListItem\",\"position\":1,\"name\":\"In\u00edcio\",\"item\":\"https:\/\/portaldoestado.com.br\/\"},{\"@type\":\"ListItem\",\"position\":2,\"name\":\"Moletom de Z\u00e9 Felipe com frase ligada a Virginia reacende coment\u00e1rios nas redes\"}]},{\"@type\":\"WebSite\",\"@id\":\"https:\/\/portaldoestado.com.br\/#website\",\"url\":\"https:\/\/portaldoestado.com.br\/\",\"name\":\"Portal do Estado\",\"description\":\"\",\"publisher\":{\"@id\":\"https:\/\/portaldoestado.com.br\/#organization\"},\"potentialAction\":[{\"@type\":\"SearchAction\",\"target\":{\"@type\":\"EntryPoint\",\"urlTemplate\":\"https:\/\/portaldoestado.com.br\/?s={search_term_string}\"},\"query-input\":{\"@type\":\"PropertyValueSpecification\",\"valueRequired\":true,\"valueName\":\"search_term_string\"}}],\"inLanguage\":\"pt-BR\"},{\"@type\":\"Organization\",\"@id\":\"https:\/\/portaldoestado.com.br\/#organization\",\"name\":\"Portal do Estado\",\"url\":\"https:\/\/portaldoestado.com.br\/\",\"logo\":{\"@type\":\"ImageObject\",\"inLanguage\":\"pt-BR\",\"@id\":\"https:\/\/portaldoestado.com.br\/#\/schema\/logo\/image\/\",\"url\":\"https:\/\/portaldoestado.com.br\/wp-content\/uploads\/2025\/04\/cropped-6f69b19a-6472-43bf-b1b3-e1910bbbd4e8.png\",\"contentUrl\":\"https:\/\/portaldoestado.com.br\/wp-content\/uploads\/2025\/04\/cropped-6f69b19a-6472-43bf-b1b3-e1910bbbd4e8.png\",\"width\":1024,\"height\":350,\"caption\":\"Portal do Estado\"},\"image\":{\"@id\":\"https:\/\/portaldoestado.com.br\/#\/schema\/logo\/image\/\"}},{\"@type\":\"Person\",\"@id\":\"https:\/\/portaldoestado.com.br\/#\/schema\/person\/5ca0174f3c8c84b59da62ea14b698cb9\",\"name\":\"assessoriadefamosos\",\"image\":{\"@type\":\"ImageObject\",\"inLanguage\":\"pt-BR\",\"@id\":\"https:\/\/portaldoestado.com.br\/#\/schema\/person\/image\/\",\"url\":\"https:\/\/secure.gravatar.com\/avatar\/a7acbdffcfbbae7240e59f47fe511ec5f5d8c252c779f0b8d9ab02a9e1d8c5ed?s=96&d=mm&r=g\",\"contentUrl\":\"https:\/\/secure.gravatar.com\/avatar\/a7acbdffcfbbae7240e59f47fe511ec5f5d8c252c779f0b8d9ab02a9e1d8c5ed?s=96&d=mm&r=g\",\"caption\":\"assessoriadefamosos\"},\"url\":\"https:\/\/portaldoestado.com.br\/index.php\/author\/assessoriadefamosos\/\"}]}<\/script>\n<!-- \/ Yoast SEO plugin. -->","yoast_head_json":{"title":"Moletom de Z\u00e9 Felipe com frase ligada a Virginia reacende coment\u00e1rios nas redes - Portal do Estado","robots":{"index":"index","follow":"follow","max-snippet":"max-snippet:-1","max-image-preview":"max-image-preview:large","max-video-preview":"max-video-preview:-1"},"canonical":"https:\/\/portaldoestado.com.br\/index.php\/2026\/01\/18\/moletom-de-ze-felipe-com-frase-ligada-a-virginia-reacende-comentarios-nas-redes\/","og_locale":"pt_BR","og_type":"article","og_title":"Moletom de Z\u00e9 Felipe com frase ligada a Virginia reacende coment\u00e1rios nas redes - Portal do Estado","og_description":"Z\u00e9 Felipe voltou a virar assunto entre os internautas neste domingo (18\/1) ap\u00f3s aparecer em um v\u00eddeo no TikTok usando um moletom que chamou aten\u00e7\u00e3o pelo detalhe inusitado. A pe\u00e7a trazia a imagem de Jos\u00e9 Leonardo, seu filho ca\u00e7ula com Virginia Fonseca, acompanhada da frase \u201cEle \u00e9 pequenininho, mam\u00e3e\u201d, express\u00e3o que ficou conhecida por meio \u2026","og_url":"https:\/\/portaldoestado.com.br\/index.php\/2026\/01\/18\/moletom-de-ze-felipe-com-frase-ligada-a-virginia-reacende-comentarios-nas-redes\/","og_site_name":"Portal do Estado","article_published_time":"2026-01-18T18:56:55+00:00","og_image":[{"width":1200,"height":900,"url":"https:\/\/portaldoestado.com.br\/wp-content\/uploads\/2026\/01\/padrao-leo-2026-01-18T141140.321-1.jpg","type":"image\/jpeg"}],"author":"assessoriadefamosos","twitter_card":"summary_large_image","twitter_misc":{"Escrito por":"assessoriadefamosos","Est. tempo de leitura":"1 minuto"},"schema":{"@context":"https:\/\/schema.org","@graph":[{"@type":"Article","@id":"https:\/\/portaldoestado.com.br\/index.php\/2026\/01\/18\/moletom-de-ze-felipe-com-frase-ligada-a-virginia-reacende-comentarios-nas-redes\/#article","isPartOf":{"@id":"https:\/\/portaldoestado.com.br\/index.php\/2026\/01\/18\/moletom-de-ze-felipe-com-frase-ligada-a-virginia-reacende-comentarios-nas-redes\/"},"author":{"name":"assessoriadefamosos","@id":"https:\/\/portaldoestado.com.br\/#\/schema\/person\/5ca0174f3c8c84b59da62ea14b698cb9"},"headline":"Moletom de Z\u00e9 Felipe com frase ligada a Virginia reacende coment\u00e1rios nas redes","datePublished":"2026-01-18T18:56:55+00:00","mainEntityOfPage":{"@id":"https:\/\/portaldoestado.com.br\/index.php\/2026\/01\/18\/moletom-de-ze-felipe-com-frase-ligada-a-virginia-reacende-comentarios-nas-redes\/"},"wordCount":243,"publisher":{"@id":"https:\/\/portaldoestado.com.br\/#organization"},"image":{"@id":"https:\/\/portaldoestado.com.br\/index.php\/2026\/01\/18\/moletom-de-ze-felipe-com-frase-ligada-a-virginia-reacende-comentarios-nas-redes\/#primaryimage"},"thumbnailUrl":"https:\/\/portaldoestado.com.br\/wp-content\/uploads\/2026\/01\/padrao-leo-2026-01-18T141140.321-1.jpg","articleSection":["Famosos"],"inLanguage":"pt-BR"},{"@type":"WebPage","@id":"https:\/\/portaldoestado.com.br\/index.php\/2026\/01\/18\/moletom-de-ze-felipe-com-frase-ligada-a-virginia-reacende-comentarios-nas-redes\/","url":"https:\/\/portaldoestado.com.br\/index.php\/2026\/01\/18\/moletom-de-ze-felipe-com-frase-ligada-a-virginia-reacende-comentarios-nas-redes\/","name":"Moletom de Z\u00e9 Felipe com frase ligada a Virginia reacende coment\u00e1rios nas redes - Portal do Estado","isPartOf":{"@id":"https:\/\/portaldoestado.com.br\/#website"},"primaryImageOfPage":{"@id":"https:\/\/portaldoestado.com.br\/index.php\/2026\/01\/18\/moletom-de-ze-felipe-com-frase-ligada-a-virginia-reacende-comentarios-nas-redes\/#primaryimage"},"image":{"@id":"https:\/\/portaldoestado.com.br\/index.php\/2026\/01\/18\/moletom-de-ze-felipe-com-frase-ligada-a-virginia-reacende-comentarios-nas-redes\/#primaryimage"},"thumbnailUrl":"https:\/\/portaldoestado.com.br\/wp-content\/uploads\/2026\/01\/padrao-leo-2026-01-18T141140.321-1.jpg","datePublished":"2026-01-18T18:56:55+00:00","breadcrumb":{"@id":"https:\/\/portaldoestado.com.br\/index.php\/2026\/01\/18\/moletom-de-ze-felipe-com-frase-ligada-a-virginia-reacende-comentarios-nas-redes\/#breadcrumb"},"inLanguage":"pt-BR","potentialAction":[{"@type":"ReadAction","target":["https:\/\/portaldoestado.com.br\/index.php\/2026\/01\/18\/moletom-de-ze-felipe-com-frase-ligada-a-virginia-reacende-comentarios-nas-redes\/"]}]},{"@type":"ImageObject","inLanguage":"pt-BR","@id":"https:\/\/portaldoestado.com.br\/index.php\/2026\/01\/18\/moletom-de-ze-felipe-com-frase-ligada-a-virginia-reacende-comentarios-nas-redes\/#primaryimage","url":"https:\/\/portaldoestado.com.br\/wp-content\/uploads\/2026\/01\/padrao-leo-2026-01-18T141140.321-1.jpg","contentUrl":"https:\/\/portaldoestado.com.br\/wp-content\/uploads\/2026\/01\/padrao-leo-2026-01-18T141140.321-1.jpg","width":1200,"height":900},{"@type":"BreadcrumbList","@id":"https:\/\/portaldoestado.com.br\/index.php\/2026\/01\/18\/moletom-de-ze-felipe-com-frase-ligada-a-virginia-reacende-comentarios-nas-redes\/#breadcrumb","itemListElement":[{"@type":"ListItem","position":1,"name":"In\u00edcio","item":"https:\/\/portaldoestado.com.br\/"},{"@type":"ListItem","position":2,"name":"Moletom de Z\u00e9 Felipe com frase ligada a Virginia reacende coment\u00e1rios nas redes"}]},{"@type":"WebSite","@id":"https:\/\/portaldoestado.com.br\/#website","url":"https:\/\/portaldoestado.com.br\/","name":"Portal do Estado","description":"","publisher":{"@id":"https:\/\/portaldoestado.com.br\/#organization"},"potentialAction":[{"@type":"SearchAction","target":{"@type":"EntryPoint","urlTemplate":"https:\/\/portaldoestado.com.br\/?s={search_term_string}"},"query-input":{"@type":"PropertyValueSpecification","valueRequired":true,"valueName":"search_term_string"}}],"inLanguage":"pt-BR"},{"@type":"Organization","@id":"https:\/\/portaldoestado.com.br\/#organization","name":"Portal do Estado","url":"https:\/\/portaldoestado.com.br\/","logo":{"@type":"ImageObject","inLanguage":"pt-BR","@id":"https:\/\/portaldoestado.com.br\/#\/schema\/logo\/image\/","url":"https:\/\/portaldoestado.com.br\/wp-content\/uploads\/2025\/04\/cropped-6f69b19a-6472-43bf-b1b3-e1910bbbd4e8.png","contentUrl":"https:\/\/portaldoestado.com.br\/wp-content\/uploads\/2025\/04\/cropped-6f69b19a-6472-43bf-b1b3-e1910bbbd4e8.png","width":1024,"height":350,"caption":"Portal do Estado"},"image":{"@id":"https:\/\/portaldoestado.com.br\/#\/schema\/logo\/image\/"}},{"@type":"Person","@id":"https:\/\/portaldoestado.com.br\/#\/schema\/person\/5ca0174f3c8c84b59da62ea14b698cb9","name":"assessoriadefamosos","image":{"@type":"ImageObject","inLanguage":"pt-BR","@id":"https:\/\/portaldoestado.com.br\/#\/schema\/person\/image\/","url":"https:\/\/secure.gravatar.com\/avatar\/a7acbdffcfbbae7240e59f47fe511ec5f5d8c252c779f0b8d9ab02a9e1d8c5ed?s=96&d=mm&r=g","contentUrl":"https:\/\/secure.gravatar.com\/avatar\/a7acbdffcfbbae7240e59f47fe511ec5f5d8c252c779f0b8d9ab02a9e1d8c5ed?s=96&d=mm&r=g","caption":"assessoriadefamosos"},"url":"https:\/\/portaldoestado.com.br\/index.php\/author\/assessoriadefamosos\/"}]}},"jetpack_featured_media_url":"https:\/\/portaldoestado.com.br\/wp-content\/uploads\/2026\/01\/padrao-leo-2026-01-18T141140.321-1.jpg","_links":{"self":[{"href":"https:\/\/portaldoestado.com.br\/index.php\/wp-json\/wp\/v2\/posts\/5833","targetHints":{"allow":["GET"]}}],"collection":[{"href":"https:\/\/portaldoestado.com.br\/index.php\/wp-json\/wp\/v2\/posts"}],"about":[{"href":"https:\/\/portaldoestado.com.br\/index.php\/wp-json\/wp\/v2\/types\/post"}],"author":[{"embeddable":true,"href":"https:\/\/portaldoestado.com.br\/index.php\/wp-json\/wp\/v2\/users\/2"}],"replies":[{"embeddable":true,"href":"https:\/\/portaldoestado.com.br\/index.php\/wp-json\/wp\/v2\/comments?post=5833"}],"version-history":[{"count":1,"href":"https:\/\/portaldoestado.com.br\/index.php\/wp-json\/wp\/v2\/posts\/5833\/revisions"}],"predecessor-version":[{"id":5834,"href":"https:\/\/portaldoestado.com.br\/index.php\/wp-json\/wp\/v2\/posts\/5833\/revisions\/5834"}],"wp:featuredmedia":[{"embeddable":true,"href":"https:\/\/portaldoestado.com.br\/index.php\/wp-json\/wp\/v2\/media\/5832"}],"wp:attachment":[{"href":"https:\/\/portaldoestado.com.br\/index.php\/wp-json\/wp\/v2\/media?parent=5833"}],"wp:term":[{"taxonomy":"category","embeddable":true,"href":"https:\/\/portaldoestado.com.br\/index.php\/wp-json\/wp\/v2\/categories?post=5833"},{"taxonomy":"post_tag","embeddable":true,"href":"https:\/\/portaldoestado.com.br\/index.php\/wp-json\/wp\/v2\/tags?post=5833"}],"curies":[{"name":"wp","href":"https:\/\/api.w.org\/{rel}","templated":true}]}}