{"id":5827,"date":"2026-01-18T14:31:19","date_gmt":"2026-01-18T14:31:19","guid":{"rendered":"https:\/\/portaldoestado.com.br\/?p=5827"},"modified":"2026-01-18T14:31:19","modified_gmt":"2026-01-18T14:31:19","slug":"virginia-compartilha-rosto-inchado-e-vermelho-apos-procedimentos-esteticos","status":"publish","type":"post","link":"https:\/\/portaldoestado.com.br\/index.php\/2026\/01\/18\/virginia-compartilha-rosto-inchado-e-vermelho-apos-procedimentos-esteticos\/","title":{"rendered":"Virginia compartilha rosto inchado e vermelho ap\u00f3s procedimentos est\u00e9ticos"},"content":{"rendered":"\n<p>A influenciadora Virginia, de 26 anos, mostrou aos seguidores o resultado imediato de procedimentos est\u00e9ticos realizados recentemente. Em v\u00eddeo gravado na sala do procedimento, ela explicou que, desta vez, n\u00e3o foi sedada.<\/p>\n\n\n\n<p>\u201cAmo essa salinha, mas confesso que gosto mais quando me deixam sedada, porque a\u00ed deito, durmo e acordo pronta. Hoje n\u00e3o vai ter seda\u00e7\u00e3o, mas amo do mesmo jeito\u201d, comentou, mantendo o bom humor mesmo antes do in\u00edcio do tratamento.<\/p>\n\n\n\n<p>Virginia tamb\u00e9m contou que ainda n\u00e3o sabia exatamente quais procedimentos seriam feitos: \u201cVou fazer v\u00e1rias tecnologias, que n\u00e3o sei ainda, depois o doutor vai falar, mas estou por aqui\u201d.<\/p>\n\n\n\n<p>Ap\u00f3s os procedimentos, a influenciadora exibiu o rosto visivelmente vermelho e inchado, escrevendo na legenda: \u201cVermelha e inchada\u201d. Com frequ\u00eancia, Virginia compartilha com seus seguidores os bastidores de seus cuidados est\u00e9ticos, mostrando os efeitos imediatos e seu dia a dia de beleza.<\/p>\n","protected":false},"excerpt":{"rendered":"<p>A influenciadora Virginia, de 26 anos, mostrou aos seguidores o resultado imediato de procedimentos est\u00e9ticos realizados recentemente. Em v\u00eddeo gravado na sala do procedimento, ela explicou que, desta vez, n\u00e3o foi sedada. \u201cAmo essa salinha, mas confesso que gosto mais quando me deixam sedada, porque a\u00ed deito, durmo e acordo pronta. Hoje n\u00e3o vai ter \u2026<\/p>\n","protected":false},"author":2,"featured_media":5826,"comment_status":"closed","ping_status":"open","sticky":false,"template":"","format":"standard","meta":{"footnotes":""},"categories":[3],"tags":[],"class_list":["post-5827","post","type-post","status-publish","format-standard","has-post-thumbnail","hentry","category-famosos"],"yoast_head":"<!-- This site is optimized with the Yoast SEO plugin v25.5 - https:\/\/yoast.com\/wordpress\/plugins\/seo\/ -->\n<title>Virginia compartilha rosto inchado e vermelho ap\u00f3s procedimentos est\u00e9ticos - Portal do Estado<\/title>\n<meta name=\"robots\" content=\"index, follow, max-snippet:-1, max-image-preview:large, max-video-preview:-1\" \/>\n<link rel=\"canonical\" href=\"https:\/\/portaldoestado.com.br\/index.php\/2026\/01\/18\/virginia-compartilha-rosto-inchado-e-vermelho-apos-procedimentos-esteticos\/\" \/>\n<meta property=\"og:locale\" content=\"pt_BR\" \/>\n<meta property=\"og:type\" content=\"article\" \/>\n<meta property=\"og:title\" content=\"Virginia compartilha rosto inchado e vermelho ap\u00f3s procedimentos est\u00e9ticos - Portal do Estado\" \/>\n<meta property=\"og:description\" content=\"A influenciadora Virginia, de 26 anos, mostrou aos seguidores o resultado imediato de procedimentos est\u00e9ticos realizados recentemente. Em v\u00eddeo gravado na sala do procedimento, ela explicou que, desta vez, n\u00e3o foi sedada. \u201cAmo essa salinha, mas confesso que gosto mais quando me deixam sedada, porque a\u00ed deito, durmo e acordo pronta. Hoje n\u00e3o vai ter \u2026\" \/>\n<meta property=\"og:url\" content=\"https:\/\/portaldoestado.com.br\/index.php\/2026\/01\/18\/virginia-compartilha-rosto-inchado-e-vermelho-apos-procedimentos-esteticos\/\" \/>\n<meta property=\"og:site_name\" content=\"Portal do Estado\" \/>\n<meta property=\"article:published_time\" content=\"2026-01-18T14:31:19+00:00\" \/>\n<meta property=\"og:image\" content=\"https:\/\/portaldoestado.com.br\/wp-content\/uploads\/2026\/01\/virginia-mostra-rosto-inchado-apos-procedimento-1768705609640_v2_750x1.jpg.webp\" \/>\n\t<meta property=\"og:image:width\" content=\"750\" \/>\n\t<meta property=\"og:image:height\" content=\"1308\" \/>\n\t<meta property=\"og:image:type\" content=\"image\/webp\" \/>\n<meta name=\"author\" content=\"assessoriadefamosos\" \/>\n<meta name=\"twitter:card\" content=\"summary_large_image\" \/>\n<meta name=\"twitter:label1\" content=\"Escrito por\" \/>\n\t<meta name=\"twitter:data1\" content=\"assessoriadefamosos\" \/>\n\t<meta name=\"twitter:label2\" content=\"Est. tempo de leitura\" \/>\n\t<meta name=\"twitter:data2\" content=\"1 minuto\" \/>\n<script type=\"application\/ld+json\" class=\"yoast-schema-graph\">{\"@context\":\"https:\/\/schema.org\",\"@graph\":[{\"@type\":\"Article\",\"@id\":\"https:\/\/portaldoestado.com.br\/index.php\/2026\/01\/18\/virginia-compartilha-rosto-inchado-e-vermelho-apos-procedimentos-esteticos\/#article\",\"isPartOf\":{\"@id\":\"https:\/\/portaldoestado.com.br\/index.php\/2026\/01\/18\/virginia-compartilha-rosto-inchado-e-vermelho-apos-procedimentos-esteticos\/\"},\"author\":{\"name\":\"assessoriadefamosos\",\"@id\":\"https:\/\/portaldoestado.com.br\/#\/schema\/person\/5ca0174f3c8c84b59da62ea14b698cb9\"},\"headline\":\"Virginia compartilha rosto inchado e vermelho ap\u00f3s procedimentos est\u00e9ticos\",\"datePublished\":\"2026-01-18T14:31:19+00:00\",\"mainEntityOfPage\":{\"@id\":\"https:\/\/portaldoestado.com.br\/index.php\/2026\/01\/18\/virginia-compartilha-rosto-inchado-e-vermelho-apos-procedimentos-esteticos\/\"},\"wordCount\":166,\"publisher\":{\"@id\":\"https:\/\/portaldoestado.com.br\/#organization\"},\"image\":{\"@id\":\"https:\/\/portaldoestado.com.br\/index.php\/2026\/01\/18\/virginia-compartilha-rosto-inchado-e-vermelho-apos-procedimentos-esteticos\/#primaryimage\"},\"thumbnailUrl\":\"https:\/\/portaldoestado.com.br\/wp-content\/uploads\/2026\/01\/virginia-mostra-rosto-inchado-apos-procedimento-1768705609640_v2_750x1.jpg.webp\",\"articleSection\":[\"Famosos\"],\"inLanguage\":\"pt-BR\"},{\"@type\":\"WebPage\",\"@id\":\"https:\/\/portaldoestado.com.br\/index.php\/2026\/01\/18\/virginia-compartilha-rosto-inchado-e-vermelho-apos-procedimentos-esteticos\/\",\"url\":\"https:\/\/portaldoestado.com.br\/index.php\/2026\/01\/18\/virginia-compartilha-rosto-inchado-e-vermelho-apos-procedimentos-esteticos\/\",\"name\":\"Virginia compartilha rosto inchado e vermelho ap\u00f3s procedimentos est\u00e9ticos - Portal do Estado\",\"isPartOf\":{\"@id\":\"https:\/\/portaldoestado.com.br\/#website\"},\"primaryImageOfPage\":{\"@id\":\"https:\/\/portaldoestado.com.br\/index.php\/2026\/01\/18\/virginia-compartilha-rosto-inchado-e-vermelho-apos-procedimentos-esteticos\/#primaryimage\"},\"image\":{\"@id\":\"https:\/\/portaldoestado.com.br\/index.php\/2026\/01\/18\/virginia-compartilha-rosto-inchado-e-vermelho-apos-procedimentos-esteticos\/#primaryimage\"},\"thumbnailUrl\":\"https:\/\/portaldoestado.com.br\/wp-content\/uploads\/2026\/01\/virginia-mostra-rosto-inchado-apos-procedimento-1768705609640_v2_750x1.jpg.webp\",\"datePublished\":\"2026-01-18T14:31:19+00:00\",\"breadcrumb\":{\"@id\":\"https:\/\/portaldoestado.com.br\/index.php\/2026\/01\/18\/virginia-compartilha-rosto-inchado-e-vermelho-apos-procedimentos-esteticos\/#breadcrumb\"},\"inLanguage\":\"pt-BR\",\"potentialAction\":[{\"@type\":\"ReadAction\",\"target\":[\"https:\/\/portaldoestado.com.br\/index.php\/2026\/01\/18\/virginia-compartilha-rosto-inchado-e-vermelho-apos-procedimentos-esteticos\/\"]}]},{\"@type\":\"ImageObject\",\"inLanguage\":\"pt-BR\",\"@id\":\"https:\/\/portaldoestado.com.br\/index.php\/2026\/01\/18\/virginia-compartilha-rosto-inchado-e-vermelho-apos-procedimentos-esteticos\/#primaryimage\",\"url\":\"https:\/\/portaldoestado.com.br\/wp-content\/uploads\/2026\/01\/virginia-mostra-rosto-inchado-apos-procedimento-1768705609640_v2_750x1.jpg.webp\",\"contentUrl\":\"https:\/\/portaldoestado.com.br\/wp-content\/uploads\/2026\/01\/virginia-mostra-rosto-inchado-apos-procedimento-1768705609640_v2_750x1.jpg.webp\",\"width\":750,\"height\":1308},{\"@type\":\"BreadcrumbList\",\"@id\":\"https:\/\/portaldoestado.com.br\/index.php\/2026\/01\/18\/virginia-compartilha-rosto-inchado-e-vermelho-apos-procedimentos-esteticos\/#breadcrumb\",\"itemListElement\":[{\"@type\":\"ListItem\",\"position\":1,\"name\":\"In\u00edcio\",\"item\":\"https:\/\/portaldoestado.com.br\/\"},{\"@type\":\"ListItem\",\"position\":2,\"name\":\"Virginia compartilha rosto inchado e vermelho ap\u00f3s procedimentos est\u00e9ticos\"}]},{\"@type\":\"WebSite\",\"@id\":\"https:\/\/portaldoestado.com.br\/#website\",\"url\":\"https:\/\/portaldoestado.com.br\/\",\"name\":\"Portal do Estado\",\"description\":\"\",\"publisher\":{\"@id\":\"https:\/\/portaldoestado.com.br\/#organization\"},\"potentialAction\":[{\"@type\":\"SearchAction\",\"target\":{\"@type\":\"EntryPoint\",\"urlTemplate\":\"https:\/\/portaldoestado.com.br\/?s={search_term_string}\"},\"query-input\":{\"@type\":\"PropertyValueSpecification\",\"valueRequired\":true,\"valueName\":\"search_term_string\"}}],\"inLanguage\":\"pt-BR\"},{\"@type\":\"Organization\",\"@id\":\"https:\/\/portaldoestado.com.br\/#organization\",\"name\":\"Portal do Estado\",\"url\":\"https:\/\/portaldoestado.com.br\/\",\"logo\":{\"@type\":\"ImageObject\",\"inLanguage\":\"pt-BR\",\"@id\":\"https:\/\/portaldoestado.com.br\/#\/schema\/logo\/image\/\",\"url\":\"https:\/\/portaldoestado.com.br\/wp-content\/uploads\/2025\/04\/cropped-6f69b19a-6472-43bf-b1b3-e1910bbbd4e8.png\",\"contentUrl\":\"https:\/\/portaldoestado.com.br\/wp-content\/uploads\/2025\/04\/cropped-6f69b19a-6472-43bf-b1b3-e1910bbbd4e8.png\",\"width\":1024,\"height\":350,\"caption\":\"Portal do Estado\"},\"image\":{\"@id\":\"https:\/\/portaldoestado.com.br\/#\/schema\/logo\/image\/\"}},{\"@type\":\"Person\",\"@id\":\"https:\/\/portaldoestado.com.br\/#\/schema\/person\/5ca0174f3c8c84b59da62ea14b698cb9\",\"name\":\"assessoriadefamosos\",\"image\":{\"@type\":\"ImageObject\",\"inLanguage\":\"pt-BR\",\"@id\":\"https:\/\/portaldoestado.com.br\/#\/schema\/person\/image\/\",\"url\":\"https:\/\/secure.gravatar.com\/avatar\/a7acbdffcfbbae7240e59f47fe511ec5f5d8c252c779f0b8d9ab02a9e1d8c5ed?s=96&d=mm&r=g\",\"contentUrl\":\"https:\/\/secure.gravatar.com\/avatar\/a7acbdffcfbbae7240e59f47fe511ec5f5d8c252c779f0b8d9ab02a9e1d8c5ed?s=96&d=mm&r=g\",\"caption\":\"assessoriadefamosos\"},\"url\":\"https:\/\/portaldoestado.com.br\/index.php\/author\/assessoriadefamosos\/\"}]}<\/script>\n<!-- \/ Yoast SEO plugin. -->","yoast_head_json":{"title":"Virginia compartilha rosto inchado e vermelho ap\u00f3s procedimentos est\u00e9ticos - Portal do Estado","robots":{"index":"index","follow":"follow","max-snippet":"max-snippet:-1","max-image-preview":"max-image-preview:large","max-video-preview":"max-video-preview:-1"},"canonical":"https:\/\/portaldoestado.com.br\/index.php\/2026\/01\/18\/virginia-compartilha-rosto-inchado-e-vermelho-apos-procedimentos-esteticos\/","og_locale":"pt_BR","og_type":"article","og_title":"Virginia compartilha rosto inchado e vermelho ap\u00f3s procedimentos est\u00e9ticos - Portal do Estado","og_description":"A influenciadora Virginia, de 26 anos, mostrou aos seguidores o resultado imediato de procedimentos est\u00e9ticos realizados recentemente. Em v\u00eddeo gravado na sala do procedimento, ela explicou que, desta vez, n\u00e3o foi sedada. \u201cAmo essa salinha, mas confesso que gosto mais quando me deixam sedada, porque a\u00ed deito, durmo e acordo pronta. Hoje n\u00e3o vai ter \u2026","og_url":"https:\/\/portaldoestado.com.br\/index.php\/2026\/01\/18\/virginia-compartilha-rosto-inchado-e-vermelho-apos-procedimentos-esteticos\/","og_site_name":"Portal do Estado","article_published_time":"2026-01-18T14:31:19+00:00","og_image":[{"width":750,"height":1308,"url":"https:\/\/portaldoestado.com.br\/wp-content\/uploads\/2026\/01\/virginia-mostra-rosto-inchado-apos-procedimento-1768705609640_v2_750x1.jpg.webp","type":"image\/webp"}],"author":"assessoriadefamosos","twitter_card":"summary_large_image","twitter_misc":{"Escrito por":"assessoriadefamosos","Est. tempo de leitura":"1 minuto"},"schema":{"@context":"https:\/\/schema.org","@graph":[{"@type":"Article","@id":"https:\/\/portaldoestado.com.br\/index.php\/2026\/01\/18\/virginia-compartilha-rosto-inchado-e-vermelho-apos-procedimentos-esteticos\/#article","isPartOf":{"@id":"https:\/\/portaldoestado.com.br\/index.php\/2026\/01\/18\/virginia-compartilha-rosto-inchado-e-vermelho-apos-procedimentos-esteticos\/"},"author":{"name":"assessoriadefamosos","@id":"https:\/\/portaldoestado.com.br\/#\/schema\/person\/5ca0174f3c8c84b59da62ea14b698cb9"},"headline":"Virginia compartilha rosto inchado e vermelho ap\u00f3s procedimentos est\u00e9ticos","datePublished":"2026-01-18T14:31:19+00:00","mainEntityOfPage":{"@id":"https:\/\/portaldoestado.com.br\/index.php\/2026\/01\/18\/virginia-compartilha-rosto-inchado-e-vermelho-apos-procedimentos-esteticos\/"},"wordCount":166,"publisher":{"@id":"https:\/\/portaldoestado.com.br\/#organization"},"image":{"@id":"https:\/\/portaldoestado.com.br\/index.php\/2026\/01\/18\/virginia-compartilha-rosto-inchado-e-vermelho-apos-procedimentos-esteticos\/#primaryimage"},"thumbnailUrl":"https:\/\/portaldoestado.com.br\/wp-content\/uploads\/2026\/01\/virginia-mostra-rosto-inchado-apos-procedimento-1768705609640_v2_750x1.jpg.webp","articleSection":["Famosos"],"inLanguage":"pt-BR"},{"@type":"WebPage","@id":"https:\/\/portaldoestado.com.br\/index.php\/2026\/01\/18\/virginia-compartilha-rosto-inchado-e-vermelho-apos-procedimentos-esteticos\/","url":"https:\/\/portaldoestado.com.br\/index.php\/2026\/01\/18\/virginia-compartilha-rosto-inchado-e-vermelho-apos-procedimentos-esteticos\/","name":"Virginia compartilha rosto inchado e vermelho ap\u00f3s procedimentos est\u00e9ticos - Portal do Estado","isPartOf":{"@id":"https:\/\/portaldoestado.com.br\/#website"},"primaryImageOfPage":{"@id":"https:\/\/portaldoestado.com.br\/index.php\/2026\/01\/18\/virginia-compartilha-rosto-inchado-e-vermelho-apos-procedimentos-esteticos\/#primaryimage"},"image":{"@id":"https:\/\/portaldoestado.com.br\/index.php\/2026\/01\/18\/virginia-compartilha-rosto-inchado-e-vermelho-apos-procedimentos-esteticos\/#primaryimage"},"thumbnailUrl":"https:\/\/portaldoestado.com.br\/wp-content\/uploads\/2026\/01\/virginia-mostra-rosto-inchado-apos-procedimento-1768705609640_v2_750x1.jpg.webp","datePublished":"2026-01-18T14:31:19+00:00","breadcrumb":{"@id":"https:\/\/portaldoestado.com.br\/index.php\/2026\/01\/18\/virginia-compartilha-rosto-inchado-e-vermelho-apos-procedimentos-esteticos\/#breadcrumb"},"inLanguage":"pt-BR","potentialAction":[{"@type":"ReadAction","target":["https:\/\/portaldoestado.com.br\/index.php\/2026\/01\/18\/virginia-compartilha-rosto-inchado-e-vermelho-apos-procedimentos-esteticos\/"]}]},{"@type":"ImageObject","inLanguage":"pt-BR","@id":"https:\/\/portaldoestado.com.br\/index.php\/2026\/01\/18\/virginia-compartilha-rosto-inchado-e-vermelho-apos-procedimentos-esteticos\/#primaryimage","url":"https:\/\/portaldoestado.com.br\/wp-content\/uploads\/2026\/01\/virginia-mostra-rosto-inchado-apos-procedimento-1768705609640_v2_750x1.jpg.webp","contentUrl":"https:\/\/portaldoestado.com.br\/wp-content\/uploads\/2026\/01\/virginia-mostra-rosto-inchado-apos-procedimento-1768705609640_v2_750x1.jpg.webp","width":750,"height":1308},{"@type":"BreadcrumbList","@id":"https:\/\/portaldoestado.com.br\/index.php\/2026\/01\/18\/virginia-compartilha-rosto-inchado-e-vermelho-apos-procedimentos-esteticos\/#breadcrumb","itemListElement":[{"@type":"ListItem","position":1,"name":"In\u00edcio","item":"https:\/\/portaldoestado.com.br\/"},{"@type":"ListItem","position":2,"name":"Virginia compartilha rosto inchado e vermelho ap\u00f3s procedimentos est\u00e9ticos"}]},{"@type":"WebSite","@id":"https:\/\/portaldoestado.com.br\/#website","url":"https:\/\/portaldoestado.com.br\/","name":"Portal do Estado","description":"","publisher":{"@id":"https:\/\/portaldoestado.com.br\/#organization"},"potentialAction":[{"@type":"SearchAction","target":{"@type":"EntryPoint","urlTemplate":"https:\/\/portaldoestado.com.br\/?s={search_term_string}"},"query-input":{"@type":"PropertyValueSpecification","valueRequired":true,"valueName":"search_term_string"}}],"inLanguage":"pt-BR"},{"@type":"Organization","@id":"https:\/\/portaldoestado.com.br\/#organization","name":"Portal do Estado","url":"https:\/\/portaldoestado.com.br\/","logo":{"@type":"ImageObject","inLanguage":"pt-BR","@id":"https:\/\/portaldoestado.com.br\/#\/schema\/logo\/image\/","url":"https:\/\/portaldoestado.com.br\/wp-content\/uploads\/2025\/04\/cropped-6f69b19a-6472-43bf-b1b3-e1910bbbd4e8.png","contentUrl":"https:\/\/portaldoestado.com.br\/wp-content\/uploads\/2025\/04\/cropped-6f69b19a-6472-43bf-b1b3-e1910bbbd4e8.png","width":1024,"height":350,"caption":"Portal do Estado"},"image":{"@id":"https:\/\/portaldoestado.com.br\/#\/schema\/logo\/image\/"}},{"@type":"Person","@id":"https:\/\/portaldoestado.com.br\/#\/schema\/person\/5ca0174f3c8c84b59da62ea14b698cb9","name":"assessoriadefamosos","image":{"@type":"ImageObject","inLanguage":"pt-BR","@id":"https:\/\/portaldoestado.com.br\/#\/schema\/person\/image\/","url":"https:\/\/secure.gravatar.com\/avatar\/a7acbdffcfbbae7240e59f47fe511ec5f5d8c252c779f0b8d9ab02a9e1d8c5ed?s=96&d=mm&r=g","contentUrl":"https:\/\/secure.gravatar.com\/avatar\/a7acbdffcfbbae7240e59f47fe511ec5f5d8c252c779f0b8d9ab02a9e1d8c5ed?s=96&d=mm&r=g","caption":"assessoriadefamosos"},"url":"https:\/\/portaldoestado.com.br\/index.php\/author\/assessoriadefamosos\/"}]}},"jetpack_featured_media_url":"https:\/\/portaldoestado.com.br\/wp-content\/uploads\/2026\/01\/virginia-mostra-rosto-inchado-apos-procedimento-1768705609640_v2_750x1.jpg.webp","_links":{"self":[{"href":"https:\/\/portaldoestado.com.br\/index.php\/wp-json\/wp\/v2\/posts\/5827","targetHints":{"allow":["GET"]}}],"collection":[{"href":"https:\/\/portaldoestado.com.br\/index.php\/wp-json\/wp\/v2\/posts"}],"about":[{"href":"https:\/\/portaldoestado.com.br\/index.php\/wp-json\/wp\/v2\/types\/post"}],"author":[{"embeddable":true,"href":"https:\/\/portaldoestado.com.br\/index.php\/wp-json\/wp\/v2\/users\/2"}],"replies":[{"embeddable":true,"href":"https:\/\/portaldoestado.com.br\/index.php\/wp-json\/wp\/v2\/comments?post=5827"}],"version-history":[{"count":1,"href":"https:\/\/portaldoestado.com.br\/index.php\/wp-json\/wp\/v2\/posts\/5827\/revisions"}],"predecessor-version":[{"id":5828,"href":"https:\/\/portaldoestado.com.br\/index.php\/wp-json\/wp\/v2\/posts\/5827\/revisions\/5828"}],"wp:featuredmedia":[{"embeddable":true,"href":"https:\/\/portaldoestado.com.br\/index.php\/wp-json\/wp\/v2\/media\/5826"}],"wp:attachment":[{"href":"https:\/\/portaldoestado.com.br\/index.php\/wp-json\/wp\/v2\/media?parent=5827"}],"wp:term":[{"taxonomy":"category","embeddable":true,"href":"https:\/\/portaldoestado.com.br\/index.php\/wp-json\/wp\/v2\/categories?post=5827"},{"taxonomy":"post_tag","embeddable":true,"href":"https:\/\/portaldoestado.com.br\/index.php\/wp-json\/wp\/v2\/tags?post=5827"}],"curies":[{"name":"wp","href":"https:\/\/api.w.org\/{rel}","templated":true}]}}