{"id":5815,"date":"2026-01-18T14:15:57","date_gmt":"2026-01-18T14:15:57","guid":{"rendered":"https:\/\/portaldoestado.com.br\/?p=5815"},"modified":"2026-01-18T14:15:57","modified_gmt":"2026-01-18T14:15:57","slug":"larissa-manoela-relembra-gesto-romantico-de-andre-frambach-que-deu-inicio-ao-relacionamento","status":"publish","type":"post","link":"https:\/\/portaldoestado.com.br\/index.php\/2026\/01\/18\/larissa-manoela-relembra-gesto-romantico-de-andre-frambach-que-deu-inicio-ao-relacionamento\/","title":{"rendered":"Larissa Manoela relembra gesto rom\u00e2ntico de Andr\u00e9 Frambach que deu in\u00edcio ao relacionamento"},"content":{"rendered":"\n<p>Larissa Manoela revelou detalhes sobre como Andr\u00e9 Frambach conseguiu conquist\u00e1-la antes mesmo de o romance se tornar p\u00fablico. Em entrevista concedida neste s\u00e1bado (17\/1), a atriz contou que o marido encontrou uma forma criativa e delicada de demonstrar interesse enquanto os dois trabalhavam simultaneamente em produ\u00e7\u00f5es da TV Globo.<\/p>\n\n\n\n<p>Segundo Larissa, Andr\u00e9 costumava deixar bilhetes no para-brisa de seu carro, que ficava estacionado nos Est\u00fadios Globo. A atitude inesperada chamou a aten\u00e7\u00e3o da atriz e a surpreendeu positivamente, justamente por fugir do comum. Para ela, o gesto demonstrava cuidado, criatividade e uma sensibilidade diferente.<\/p>\n\n\n\n<p>Ao relembrar o epis\u00f3dio durante participa\u00e7\u00e3o no programa <em>\u00c9 de Casa<\/em>, Larissa destacou que aquele comportamento revelou tra\u00e7os importantes da personalidade do ator, caracter\u00edsticas que hoje ela reconhece como fundamentais na rela\u00e7\u00e3o que constru\u00edram juntos.<\/p>\n\n\n\n<p>Durante o programa, Andr\u00e9 Frambach tamb\u00e9m participou por meio de um v\u00eddeo e aproveitou para se declarar \u00e0 esposa. O ator elogiou a dedica\u00e7\u00e3o, o talento e a generosidade de Larissa, ressaltando a admira\u00e7\u00e3o que sente pela forma como ela encara a carreira e as rela\u00e7\u00f5es pessoais.<\/p>\n\n\n\n<p>Larissa Manoela e Andr\u00e9 Frambach se conheceram em 2019, durante as grava\u00e7\u00f5es do filme <em>Modo Avi\u00e3o<\/em>, da Netflix. A amizade evoluiu para um namoro em 2021 e, dois anos depois, em 2023, o casal oficializou a uni\u00e3o em uma cerim\u00f4nia de casamento marcada pela presen\u00e7a de amigos e familiares.<\/p>\n","protected":false},"excerpt":{"rendered":"<p>Larissa Manoela revelou detalhes sobre como Andr\u00e9 Frambach conseguiu conquist\u00e1-la antes mesmo de o romance se tornar p\u00fablico. Em entrevista concedida neste s\u00e1bado (17\/1), a atriz contou que o marido encontrou uma forma criativa e delicada de demonstrar interesse enquanto os dois trabalhavam simultaneamente em produ\u00e7\u00f5es da TV Globo. Segundo Larissa, Andr\u00e9 costumava deixar bilhetes \u2026<\/p>\n","protected":false},"author":2,"featured_media":5814,"comment_status":"closed","ping_status":"open","sticky":false,"template":"","format":"standard","meta":{"footnotes":""},"categories":[3],"tags":[],"class_list":["post-5815","post","type-post","status-publish","format-standard","has-post-thumbnail","hentry","category-famosos"],"yoast_head":"<!-- This site is optimized with the Yoast SEO plugin v25.5 - https:\/\/yoast.com\/wordpress\/plugins\/seo\/ -->\n<title>Larissa Manoela relembra gesto rom\u00e2ntico de Andr\u00e9 Frambach que deu in\u00edcio ao relacionamento - Portal do Estado<\/title>\n<meta name=\"robots\" content=\"index, follow, max-snippet:-1, max-image-preview:large, max-video-preview:-1\" \/>\n<link rel=\"canonical\" href=\"https:\/\/portaldoestado.com.br\/index.php\/2026\/01\/18\/larissa-manoela-relembra-gesto-romantico-de-andre-frambach-que-deu-inicio-ao-relacionamento\/\" \/>\n<meta property=\"og:locale\" content=\"pt_BR\" \/>\n<meta property=\"og:type\" content=\"article\" \/>\n<meta property=\"og:title\" content=\"Larissa Manoela relembra gesto rom\u00e2ntico de Andr\u00e9 Frambach que deu in\u00edcio ao relacionamento - Portal do Estado\" \/>\n<meta property=\"og:description\" content=\"Larissa Manoela revelou detalhes sobre como Andr\u00e9 Frambach conseguiu conquist\u00e1-la antes mesmo de o romance se tornar p\u00fablico. Em entrevista concedida neste s\u00e1bado (17\/1), a atriz contou que o marido encontrou uma forma criativa e delicada de demonstrar interesse enquanto os dois trabalhavam simultaneamente em produ\u00e7\u00f5es da TV Globo. Segundo Larissa, Andr\u00e9 costumava deixar bilhetes \u2026\" \/>\n<meta property=\"og:url\" content=\"https:\/\/portaldoestado.com.br\/index.php\/2026\/01\/18\/larissa-manoela-relembra-gesto-romantico-de-andre-frambach-que-deu-inicio-ao-relacionamento\/\" \/>\n<meta property=\"og:site_name\" content=\"Portal do Estado\" \/>\n<meta property=\"article:published_time\" content=\"2026-01-18T14:15:57+00:00\" \/>\n<meta property=\"og:image\" content=\"https:\/\/portaldoestado.com.br\/wp-content\/uploads\/2026\/01\/cgeVb04X-Copia-de-Sem-nome.zip-1.png\" \/>\n\t<meta property=\"og:image:width\" content=\"1200\" \/>\n\t<meta property=\"og:image:height\" content=\"900\" \/>\n\t<meta property=\"og:image:type\" content=\"image\/png\" \/>\n<meta name=\"author\" content=\"assessoriadefamosos\" \/>\n<meta name=\"twitter:card\" content=\"summary_large_image\" \/>\n<meta name=\"twitter:label1\" content=\"Escrito por\" \/>\n\t<meta name=\"twitter:data1\" content=\"assessoriadefamosos\" \/>\n\t<meta name=\"twitter:label2\" content=\"Est. tempo de leitura\" \/>\n\t<meta name=\"twitter:data2\" content=\"1 minuto\" \/>\n<script type=\"application\/ld+json\" class=\"yoast-schema-graph\">{\"@context\":\"https:\/\/schema.org\",\"@graph\":[{\"@type\":\"Article\",\"@id\":\"https:\/\/portaldoestado.com.br\/index.php\/2026\/01\/18\/larissa-manoela-relembra-gesto-romantico-de-andre-frambach-que-deu-inicio-ao-relacionamento\/#article\",\"isPartOf\":{\"@id\":\"https:\/\/portaldoestado.com.br\/index.php\/2026\/01\/18\/larissa-manoela-relembra-gesto-romantico-de-andre-frambach-que-deu-inicio-ao-relacionamento\/\"},\"author\":{\"name\":\"assessoriadefamosos\",\"@id\":\"https:\/\/portaldoestado.com.br\/#\/schema\/person\/5ca0174f3c8c84b59da62ea14b698cb9\"},\"headline\":\"Larissa Manoela relembra gesto rom\u00e2ntico de Andr\u00e9 Frambach que deu in\u00edcio ao relacionamento\",\"datePublished\":\"2026-01-18T14:15:57+00:00\",\"mainEntityOfPage\":{\"@id\":\"https:\/\/portaldoestado.com.br\/index.php\/2026\/01\/18\/larissa-manoela-relembra-gesto-romantico-de-andre-frambach-que-deu-inicio-ao-relacionamento\/\"},\"wordCount\":256,\"publisher\":{\"@id\":\"https:\/\/portaldoestado.com.br\/#organization\"},\"image\":{\"@id\":\"https:\/\/portaldoestado.com.br\/index.php\/2026\/01\/18\/larissa-manoela-relembra-gesto-romantico-de-andre-frambach-que-deu-inicio-ao-relacionamento\/#primaryimage\"},\"thumbnailUrl\":\"https:\/\/portaldoestado.com.br\/wp-content\/uploads\/2026\/01\/cgeVb04X-Copia-de-Sem-nome.zip-1.png\",\"articleSection\":[\"Famosos\"],\"inLanguage\":\"pt-BR\"},{\"@type\":\"WebPage\",\"@id\":\"https:\/\/portaldoestado.com.br\/index.php\/2026\/01\/18\/larissa-manoela-relembra-gesto-romantico-de-andre-frambach-que-deu-inicio-ao-relacionamento\/\",\"url\":\"https:\/\/portaldoestado.com.br\/index.php\/2026\/01\/18\/larissa-manoela-relembra-gesto-romantico-de-andre-frambach-que-deu-inicio-ao-relacionamento\/\",\"name\":\"Larissa Manoela relembra gesto rom\u00e2ntico de Andr\u00e9 Frambach que deu in\u00edcio ao relacionamento - Portal do Estado\",\"isPartOf\":{\"@id\":\"https:\/\/portaldoestado.com.br\/#website\"},\"primaryImageOfPage\":{\"@id\":\"https:\/\/portaldoestado.com.br\/index.php\/2026\/01\/18\/larissa-manoela-relembra-gesto-romantico-de-andre-frambach-que-deu-inicio-ao-relacionamento\/#primaryimage\"},\"image\":{\"@id\":\"https:\/\/portaldoestado.com.br\/index.php\/2026\/01\/18\/larissa-manoela-relembra-gesto-romantico-de-andre-frambach-que-deu-inicio-ao-relacionamento\/#primaryimage\"},\"thumbnailUrl\":\"https:\/\/portaldoestado.com.br\/wp-content\/uploads\/2026\/01\/cgeVb04X-Copia-de-Sem-nome.zip-1.png\",\"datePublished\":\"2026-01-18T14:15:57+00:00\",\"breadcrumb\":{\"@id\":\"https:\/\/portaldoestado.com.br\/index.php\/2026\/01\/18\/larissa-manoela-relembra-gesto-romantico-de-andre-frambach-que-deu-inicio-ao-relacionamento\/#breadcrumb\"},\"inLanguage\":\"pt-BR\",\"potentialAction\":[{\"@type\":\"ReadAction\",\"target\":[\"https:\/\/portaldoestado.com.br\/index.php\/2026\/01\/18\/larissa-manoela-relembra-gesto-romantico-de-andre-frambach-que-deu-inicio-ao-relacionamento\/\"]}]},{\"@type\":\"ImageObject\",\"inLanguage\":\"pt-BR\",\"@id\":\"https:\/\/portaldoestado.com.br\/index.php\/2026\/01\/18\/larissa-manoela-relembra-gesto-romantico-de-andre-frambach-que-deu-inicio-ao-relacionamento\/#primaryimage\",\"url\":\"https:\/\/portaldoestado.com.br\/wp-content\/uploads\/2026\/01\/cgeVb04X-Copia-de-Sem-nome.zip-1.png\",\"contentUrl\":\"https:\/\/portaldoestado.com.br\/wp-content\/uploads\/2026\/01\/cgeVb04X-Copia-de-Sem-nome.zip-1.png\",\"width\":1200,\"height\":900},{\"@type\":\"BreadcrumbList\",\"@id\":\"https:\/\/portaldoestado.com.br\/index.php\/2026\/01\/18\/larissa-manoela-relembra-gesto-romantico-de-andre-frambach-que-deu-inicio-ao-relacionamento\/#breadcrumb\",\"itemListElement\":[{\"@type\":\"ListItem\",\"position\":1,\"name\":\"In\u00edcio\",\"item\":\"https:\/\/portaldoestado.com.br\/\"},{\"@type\":\"ListItem\",\"position\":2,\"name\":\"Larissa Manoela relembra gesto rom\u00e2ntico de Andr\u00e9 Frambach que deu in\u00edcio ao relacionamento\"}]},{\"@type\":\"WebSite\",\"@id\":\"https:\/\/portaldoestado.com.br\/#website\",\"url\":\"https:\/\/portaldoestado.com.br\/\",\"name\":\"Portal do Estado\",\"description\":\"\",\"publisher\":{\"@id\":\"https:\/\/portaldoestado.com.br\/#organization\"},\"potentialAction\":[{\"@type\":\"SearchAction\",\"target\":{\"@type\":\"EntryPoint\",\"urlTemplate\":\"https:\/\/portaldoestado.com.br\/?s={search_term_string}\"},\"query-input\":{\"@type\":\"PropertyValueSpecification\",\"valueRequired\":true,\"valueName\":\"search_term_string\"}}],\"inLanguage\":\"pt-BR\"},{\"@type\":\"Organization\",\"@id\":\"https:\/\/portaldoestado.com.br\/#organization\",\"name\":\"Portal do Estado\",\"url\":\"https:\/\/portaldoestado.com.br\/\",\"logo\":{\"@type\":\"ImageObject\",\"inLanguage\":\"pt-BR\",\"@id\":\"https:\/\/portaldoestado.com.br\/#\/schema\/logo\/image\/\",\"url\":\"https:\/\/portaldoestado.com.br\/wp-content\/uploads\/2025\/04\/cropped-6f69b19a-6472-43bf-b1b3-e1910bbbd4e8.png\",\"contentUrl\":\"https:\/\/portaldoestado.com.br\/wp-content\/uploads\/2025\/04\/cropped-6f69b19a-6472-43bf-b1b3-e1910bbbd4e8.png\",\"width\":1024,\"height\":350,\"caption\":\"Portal do Estado\"},\"image\":{\"@id\":\"https:\/\/portaldoestado.com.br\/#\/schema\/logo\/image\/\"}},{\"@type\":\"Person\",\"@id\":\"https:\/\/portaldoestado.com.br\/#\/schema\/person\/5ca0174f3c8c84b59da62ea14b698cb9\",\"name\":\"assessoriadefamosos\",\"image\":{\"@type\":\"ImageObject\",\"inLanguage\":\"pt-BR\",\"@id\":\"https:\/\/portaldoestado.com.br\/#\/schema\/person\/image\/\",\"url\":\"https:\/\/secure.gravatar.com\/avatar\/a7acbdffcfbbae7240e59f47fe511ec5f5d8c252c779f0b8d9ab02a9e1d8c5ed?s=96&d=mm&r=g\",\"contentUrl\":\"https:\/\/secure.gravatar.com\/avatar\/a7acbdffcfbbae7240e59f47fe511ec5f5d8c252c779f0b8d9ab02a9e1d8c5ed?s=96&d=mm&r=g\",\"caption\":\"assessoriadefamosos\"},\"url\":\"https:\/\/portaldoestado.com.br\/index.php\/author\/assessoriadefamosos\/\"}]}<\/script>\n<!-- \/ Yoast SEO plugin. -->","yoast_head_json":{"title":"Larissa Manoela relembra gesto rom\u00e2ntico de Andr\u00e9 Frambach que deu in\u00edcio ao relacionamento - Portal do Estado","robots":{"index":"index","follow":"follow","max-snippet":"max-snippet:-1","max-image-preview":"max-image-preview:large","max-video-preview":"max-video-preview:-1"},"canonical":"https:\/\/portaldoestado.com.br\/index.php\/2026\/01\/18\/larissa-manoela-relembra-gesto-romantico-de-andre-frambach-que-deu-inicio-ao-relacionamento\/","og_locale":"pt_BR","og_type":"article","og_title":"Larissa Manoela relembra gesto rom\u00e2ntico de Andr\u00e9 Frambach que deu in\u00edcio ao relacionamento - Portal do Estado","og_description":"Larissa Manoela revelou detalhes sobre como Andr\u00e9 Frambach conseguiu conquist\u00e1-la antes mesmo de o romance se tornar p\u00fablico. Em entrevista concedida neste s\u00e1bado (17\/1), a atriz contou que o marido encontrou uma forma criativa e delicada de demonstrar interesse enquanto os dois trabalhavam simultaneamente em produ\u00e7\u00f5es da TV Globo. Segundo Larissa, Andr\u00e9 costumava deixar bilhetes \u2026","og_url":"https:\/\/portaldoestado.com.br\/index.php\/2026\/01\/18\/larissa-manoela-relembra-gesto-romantico-de-andre-frambach-que-deu-inicio-ao-relacionamento\/","og_site_name":"Portal do Estado","article_published_time":"2026-01-18T14:15:57+00:00","og_image":[{"width":1200,"height":900,"url":"https:\/\/portaldoestado.com.br\/wp-content\/uploads\/2026\/01\/cgeVb04X-Copia-de-Sem-nome.zip-1.png","type":"image\/png"}],"author":"assessoriadefamosos","twitter_card":"summary_large_image","twitter_misc":{"Escrito por":"assessoriadefamosos","Est. tempo de leitura":"1 minuto"},"schema":{"@context":"https:\/\/schema.org","@graph":[{"@type":"Article","@id":"https:\/\/portaldoestado.com.br\/index.php\/2026\/01\/18\/larissa-manoela-relembra-gesto-romantico-de-andre-frambach-que-deu-inicio-ao-relacionamento\/#article","isPartOf":{"@id":"https:\/\/portaldoestado.com.br\/index.php\/2026\/01\/18\/larissa-manoela-relembra-gesto-romantico-de-andre-frambach-que-deu-inicio-ao-relacionamento\/"},"author":{"name":"assessoriadefamosos","@id":"https:\/\/portaldoestado.com.br\/#\/schema\/person\/5ca0174f3c8c84b59da62ea14b698cb9"},"headline":"Larissa Manoela relembra gesto rom\u00e2ntico de Andr\u00e9 Frambach que deu in\u00edcio ao relacionamento","datePublished":"2026-01-18T14:15:57+00:00","mainEntityOfPage":{"@id":"https:\/\/portaldoestado.com.br\/index.php\/2026\/01\/18\/larissa-manoela-relembra-gesto-romantico-de-andre-frambach-que-deu-inicio-ao-relacionamento\/"},"wordCount":256,"publisher":{"@id":"https:\/\/portaldoestado.com.br\/#organization"},"image":{"@id":"https:\/\/portaldoestado.com.br\/index.php\/2026\/01\/18\/larissa-manoela-relembra-gesto-romantico-de-andre-frambach-que-deu-inicio-ao-relacionamento\/#primaryimage"},"thumbnailUrl":"https:\/\/portaldoestado.com.br\/wp-content\/uploads\/2026\/01\/cgeVb04X-Copia-de-Sem-nome.zip-1.png","articleSection":["Famosos"],"inLanguage":"pt-BR"},{"@type":"WebPage","@id":"https:\/\/portaldoestado.com.br\/index.php\/2026\/01\/18\/larissa-manoela-relembra-gesto-romantico-de-andre-frambach-que-deu-inicio-ao-relacionamento\/","url":"https:\/\/portaldoestado.com.br\/index.php\/2026\/01\/18\/larissa-manoela-relembra-gesto-romantico-de-andre-frambach-que-deu-inicio-ao-relacionamento\/","name":"Larissa Manoela relembra gesto rom\u00e2ntico de Andr\u00e9 Frambach que deu in\u00edcio ao relacionamento - Portal do Estado","isPartOf":{"@id":"https:\/\/portaldoestado.com.br\/#website"},"primaryImageOfPage":{"@id":"https:\/\/portaldoestado.com.br\/index.php\/2026\/01\/18\/larissa-manoela-relembra-gesto-romantico-de-andre-frambach-que-deu-inicio-ao-relacionamento\/#primaryimage"},"image":{"@id":"https:\/\/portaldoestado.com.br\/index.php\/2026\/01\/18\/larissa-manoela-relembra-gesto-romantico-de-andre-frambach-que-deu-inicio-ao-relacionamento\/#primaryimage"},"thumbnailUrl":"https:\/\/portaldoestado.com.br\/wp-content\/uploads\/2026\/01\/cgeVb04X-Copia-de-Sem-nome.zip-1.png","datePublished":"2026-01-18T14:15:57+00:00","breadcrumb":{"@id":"https:\/\/portaldoestado.com.br\/index.php\/2026\/01\/18\/larissa-manoela-relembra-gesto-romantico-de-andre-frambach-que-deu-inicio-ao-relacionamento\/#breadcrumb"},"inLanguage":"pt-BR","potentialAction":[{"@type":"ReadAction","target":["https:\/\/portaldoestado.com.br\/index.php\/2026\/01\/18\/larissa-manoela-relembra-gesto-romantico-de-andre-frambach-que-deu-inicio-ao-relacionamento\/"]}]},{"@type":"ImageObject","inLanguage":"pt-BR","@id":"https:\/\/portaldoestado.com.br\/index.php\/2026\/01\/18\/larissa-manoela-relembra-gesto-romantico-de-andre-frambach-que-deu-inicio-ao-relacionamento\/#primaryimage","url":"https:\/\/portaldoestado.com.br\/wp-content\/uploads\/2026\/01\/cgeVb04X-Copia-de-Sem-nome.zip-1.png","contentUrl":"https:\/\/portaldoestado.com.br\/wp-content\/uploads\/2026\/01\/cgeVb04X-Copia-de-Sem-nome.zip-1.png","width":1200,"height":900},{"@type":"BreadcrumbList","@id":"https:\/\/portaldoestado.com.br\/index.php\/2026\/01\/18\/larissa-manoela-relembra-gesto-romantico-de-andre-frambach-que-deu-inicio-ao-relacionamento\/#breadcrumb","itemListElement":[{"@type":"ListItem","position":1,"name":"In\u00edcio","item":"https:\/\/portaldoestado.com.br\/"},{"@type":"ListItem","position":2,"name":"Larissa Manoela relembra gesto rom\u00e2ntico de Andr\u00e9 Frambach que deu in\u00edcio ao relacionamento"}]},{"@type":"WebSite","@id":"https:\/\/portaldoestado.com.br\/#website","url":"https:\/\/portaldoestado.com.br\/","name":"Portal do Estado","description":"","publisher":{"@id":"https:\/\/portaldoestado.com.br\/#organization"},"potentialAction":[{"@type":"SearchAction","target":{"@type":"EntryPoint","urlTemplate":"https:\/\/portaldoestado.com.br\/?s={search_term_string}"},"query-input":{"@type":"PropertyValueSpecification","valueRequired":true,"valueName":"search_term_string"}}],"inLanguage":"pt-BR"},{"@type":"Organization","@id":"https:\/\/portaldoestado.com.br\/#organization","name":"Portal do Estado","url":"https:\/\/portaldoestado.com.br\/","logo":{"@type":"ImageObject","inLanguage":"pt-BR","@id":"https:\/\/portaldoestado.com.br\/#\/schema\/logo\/image\/","url":"https:\/\/portaldoestado.com.br\/wp-content\/uploads\/2025\/04\/cropped-6f69b19a-6472-43bf-b1b3-e1910bbbd4e8.png","contentUrl":"https:\/\/portaldoestado.com.br\/wp-content\/uploads\/2025\/04\/cropped-6f69b19a-6472-43bf-b1b3-e1910bbbd4e8.png","width":1024,"height":350,"caption":"Portal do Estado"},"image":{"@id":"https:\/\/portaldoestado.com.br\/#\/schema\/logo\/image\/"}},{"@type":"Person","@id":"https:\/\/portaldoestado.com.br\/#\/schema\/person\/5ca0174f3c8c84b59da62ea14b698cb9","name":"assessoriadefamosos","image":{"@type":"ImageObject","inLanguage":"pt-BR","@id":"https:\/\/portaldoestado.com.br\/#\/schema\/person\/image\/","url":"https:\/\/secure.gravatar.com\/avatar\/a7acbdffcfbbae7240e59f47fe511ec5f5d8c252c779f0b8d9ab02a9e1d8c5ed?s=96&d=mm&r=g","contentUrl":"https:\/\/secure.gravatar.com\/avatar\/a7acbdffcfbbae7240e59f47fe511ec5f5d8c252c779f0b8d9ab02a9e1d8c5ed?s=96&d=mm&r=g","caption":"assessoriadefamosos"},"url":"https:\/\/portaldoestado.com.br\/index.php\/author\/assessoriadefamosos\/"}]}},"jetpack_featured_media_url":"https:\/\/portaldoestado.com.br\/wp-content\/uploads\/2026\/01\/cgeVb04X-Copia-de-Sem-nome.zip-1.png","_links":{"self":[{"href":"https:\/\/portaldoestado.com.br\/index.php\/wp-json\/wp\/v2\/posts\/5815","targetHints":{"allow":["GET"]}}],"collection":[{"href":"https:\/\/portaldoestado.com.br\/index.php\/wp-json\/wp\/v2\/posts"}],"about":[{"href":"https:\/\/portaldoestado.com.br\/index.php\/wp-json\/wp\/v2\/types\/post"}],"author":[{"embeddable":true,"href":"https:\/\/portaldoestado.com.br\/index.php\/wp-json\/wp\/v2\/users\/2"}],"replies":[{"embeddable":true,"href":"https:\/\/portaldoestado.com.br\/index.php\/wp-json\/wp\/v2\/comments?post=5815"}],"version-history":[{"count":1,"href":"https:\/\/portaldoestado.com.br\/index.php\/wp-json\/wp\/v2\/posts\/5815\/revisions"}],"predecessor-version":[{"id":5816,"href":"https:\/\/portaldoestado.com.br\/index.php\/wp-json\/wp\/v2\/posts\/5815\/revisions\/5816"}],"wp:featuredmedia":[{"embeddable":true,"href":"https:\/\/portaldoestado.com.br\/index.php\/wp-json\/wp\/v2\/media\/5814"}],"wp:attachment":[{"href":"https:\/\/portaldoestado.com.br\/index.php\/wp-json\/wp\/v2\/media?parent=5815"}],"wp:term":[{"taxonomy":"category","embeddable":true,"href":"https:\/\/portaldoestado.com.br\/index.php\/wp-json\/wp\/v2\/categories?post=5815"},{"taxonomy":"post_tag","embeddable":true,"href":"https:\/\/portaldoestado.com.br\/index.php\/wp-json\/wp\/v2\/tags?post=5815"}],"curies":[{"name":"wp","href":"https:\/\/api.w.org\/{rel}","templated":true}]}}