{"id":5797,"date":"2026-01-17T15:51:50","date_gmt":"2026-01-17T15:51:50","guid":{"rendered":"https:\/\/portaldoestado.com.br\/?p=5797"},"modified":"2026-01-17T15:51:50","modified_gmt":"2026-01-17T15:51:50","slug":"jonas-aconselha-pedro-no-bbb26-e-pede-cautela-ao-falar-sobre-passado-pessoal","status":"publish","type":"post","link":"https:\/\/portaldoestado.com.br\/index.php\/2026\/01\/17\/jonas-aconselha-pedro-no-bbb26-e-pede-cautela-ao-falar-sobre-passado-pessoal\/","title":{"rendered":"Jonas aconselha Pedro no \u201cBBB26\u201d e pede cautela ao falar sobre passado pessoal"},"content":{"rendered":"\n<p>Um momento de tens\u00e3o marcou a madrugada da primeira festa do \u201cBBB26\u201d, neste s\u00e1bado (17\/1). Durante a celebra\u00e7\u00e3o, Jonas Sulzbach chamou Pedro para uma conversa reservada ap\u00f3s perceber que o brother voltava a comentar, diante dos demais participantes, um epis\u00f3dio delicado de sua vida pessoal: uma trai\u00e7\u00e3o j\u00e1 admitida fora da casa.<\/p>\n\n\n\n<p>De forma calma, mas firme, Jonas questionou se havia necessidade de o assunto continuar sendo exposto dentro do reality. Para ele, a situa\u00e7\u00e3o diz respeito apenas ao casal e n\u00e3o deveria ganhar espa\u00e7o no jogo. \u201cIsso \u00e9 algo que pertence a voc\u00ea e \u00e0 sua esposa\u201d, pontuou.<\/p>\n\n\n\n<p>Pedro ouviu atentamente e respondeu de maneira breve, agradecendo pela orienta\u00e7\u00e3o. Em seguida, afirmou que o epis\u00f3dio j\u00e1 havia sido resolvido antes de sua entrada no programa, o que levou Jonas a refor\u00e7ar o conselho para que o colega deixasse o passado para tr\u00e1s.<\/p>\n\n\n\n<p>O modelo destacou que o confinamento representa uma oportunidade \u00fanica e que insistir em temas sens\u00edveis poderia desviar o foco do verdadeiro objetivo. \u201cVoc\u00ea entrou aqui por um prop\u00f3sito. N\u00e3o \u00e9 para ficar revivendo isso\u201d, afirmou.<\/p>\n\n\n\n<p>Ao perceber que Pedro repetia a declara\u00e7\u00e3o sobre a trai\u00e7\u00e3o, Jonas interrompeu novamente, demonstrando inc\u00f4modo com a insist\u00eancia. Segundo ele, n\u00e3o havia motivo para levar o assunto ao conhecimento do p\u00fablico, j\u00e1 que a pessoa mais importante envolvida \u2014 a esposa \u2014 j\u00e1 estava ciente.<\/p>\n\n\n\n<p>Antes de encerrar a conversa, Jonas refor\u00e7ou que o brother deveria aproveitar a experi\u00eancia no \u201cBBB26\u201d sem transformar quest\u00f5es \u00edntimas em narrativa de jogo. A cena repercutiu nas redes sociais e reacendeu o debate sobre at\u00e9 onde vai a exposi\u00e7\u00e3o da vida pessoal dentro do reality.<\/p>\n","protected":false},"excerpt":{"rendered":"<p>Um momento de tens\u00e3o marcou a madrugada da primeira festa do \u201cBBB26\u201d, neste s\u00e1bado (17\/1). Durante a celebra\u00e7\u00e3o, Jonas Sulzbach chamou Pedro para uma conversa reservada ap\u00f3s perceber que o brother voltava a comentar, diante dos demais participantes, um epis\u00f3dio delicado de sua vida pessoal: uma trai\u00e7\u00e3o j\u00e1 admitida fora da casa. De forma calma, \u2026<\/p>\n","protected":false},"author":2,"featured_media":5796,"comment_status":"closed","ping_status":"open","sticky":false,"template":"","format":"standard","meta":{"footnotes":""},"categories":[3],"tags":[],"class_list":["post-5797","post","type-post","status-publish","format-standard","has-post-thumbnail","hentry","category-famosos"],"yoast_head":"<!-- This site is optimized with the Yoast SEO plugin v25.5 - https:\/\/yoast.com\/wordpress\/plugins\/seo\/ -->\n<title>Jonas aconselha Pedro no \u201cBBB26\u201d e pede cautela ao falar sobre passado pessoal - Portal do Estado<\/title>\n<meta name=\"robots\" content=\"index, follow, max-snippet:-1, max-image-preview:large, max-video-preview:-1\" \/>\n<link rel=\"canonical\" href=\"https:\/\/portaldoestado.com.br\/index.php\/2026\/01\/17\/jonas-aconselha-pedro-no-bbb26-e-pede-cautela-ao-falar-sobre-passado-pessoal\/\" \/>\n<meta property=\"og:locale\" content=\"pt_BR\" \/>\n<meta property=\"og:type\" content=\"article\" \/>\n<meta property=\"og:title\" content=\"Jonas aconselha Pedro no \u201cBBB26\u201d e pede cautela ao falar sobre passado pessoal - Portal do Estado\" \/>\n<meta property=\"og:description\" content=\"Um momento de tens\u00e3o marcou a madrugada da primeira festa do \u201cBBB26\u201d, neste s\u00e1bado (17\/1). Durante a celebra\u00e7\u00e3o, Jonas Sulzbach chamou Pedro para uma conversa reservada ap\u00f3s perceber que o brother voltava a comentar, diante dos demais participantes, um epis\u00f3dio delicado de sua vida pessoal: uma trai\u00e7\u00e3o j\u00e1 admitida fora da casa. De forma calma, \u2026\" \/>\n<meta property=\"og:url\" content=\"https:\/\/portaldoestado.com.br\/index.php\/2026\/01\/17\/jonas-aconselha-pedro-no-bbb26-e-pede-cautela-ao-falar-sobre-passado-pessoal\/\" \/>\n<meta property=\"og:site_name\" content=\"Portal do Estado\" \/>\n<meta property=\"article:published_time\" content=\"2026-01-17T15:51:50+00:00\" \/>\n<meta property=\"og:image\" content=\"https:\/\/portaldoestado.com.br\/wp-content\/uploads\/2026\/01\/jonas-reclama-apos-pedro-dizer-novamente-que-traiu-esposa-1768648832304_v2_900x506.jpg\" \/>\n\t<meta property=\"og:image:width\" content=\"900\" \/>\n\t<meta property=\"og:image:height\" content=\"506\" \/>\n\t<meta property=\"og:image:type\" content=\"image\/jpeg\" \/>\n<meta name=\"author\" content=\"assessoriadefamosos\" \/>\n<meta name=\"twitter:card\" content=\"summary_large_image\" \/>\n<meta name=\"twitter:label1\" content=\"Escrito por\" \/>\n\t<meta name=\"twitter:data1\" content=\"assessoriadefamosos\" \/>\n\t<meta name=\"twitter:label2\" content=\"Est. tempo de leitura\" \/>\n\t<meta name=\"twitter:data2\" content=\"1 minuto\" \/>\n<script type=\"application\/ld+json\" class=\"yoast-schema-graph\">{\"@context\":\"https:\/\/schema.org\",\"@graph\":[{\"@type\":\"Article\",\"@id\":\"https:\/\/portaldoestado.com.br\/index.php\/2026\/01\/17\/jonas-aconselha-pedro-no-bbb26-e-pede-cautela-ao-falar-sobre-passado-pessoal\/#article\",\"isPartOf\":{\"@id\":\"https:\/\/portaldoestado.com.br\/index.php\/2026\/01\/17\/jonas-aconselha-pedro-no-bbb26-e-pede-cautela-ao-falar-sobre-passado-pessoal\/\"},\"author\":{\"name\":\"assessoriadefamosos\",\"@id\":\"https:\/\/portaldoestado.com.br\/#\/schema\/person\/5ca0174f3c8c84b59da62ea14b698cb9\"},\"headline\":\"Jonas aconselha Pedro no \u201cBBB26\u201d e pede cautela ao falar sobre passado pessoal\",\"datePublished\":\"2026-01-17T15:51:50+00:00\",\"mainEntityOfPage\":{\"@id\":\"https:\/\/portaldoestado.com.br\/index.php\/2026\/01\/17\/jonas-aconselha-pedro-no-bbb26-e-pede-cautela-ao-falar-sobre-passado-pessoal\/\"},\"wordCount\":303,\"publisher\":{\"@id\":\"https:\/\/portaldoestado.com.br\/#organization\"},\"image\":{\"@id\":\"https:\/\/portaldoestado.com.br\/index.php\/2026\/01\/17\/jonas-aconselha-pedro-no-bbb26-e-pede-cautela-ao-falar-sobre-passado-pessoal\/#primaryimage\"},\"thumbnailUrl\":\"https:\/\/portaldoestado.com.br\/wp-content\/uploads\/2026\/01\/jonas-reclama-apos-pedro-dizer-novamente-que-traiu-esposa-1768648832304_v2_900x506.jpg\",\"articleSection\":[\"Famosos\"],\"inLanguage\":\"pt-BR\"},{\"@type\":\"WebPage\",\"@id\":\"https:\/\/portaldoestado.com.br\/index.php\/2026\/01\/17\/jonas-aconselha-pedro-no-bbb26-e-pede-cautela-ao-falar-sobre-passado-pessoal\/\",\"url\":\"https:\/\/portaldoestado.com.br\/index.php\/2026\/01\/17\/jonas-aconselha-pedro-no-bbb26-e-pede-cautela-ao-falar-sobre-passado-pessoal\/\",\"name\":\"Jonas aconselha Pedro no \u201cBBB26\u201d e pede cautela ao falar sobre passado pessoal - Portal do Estado\",\"isPartOf\":{\"@id\":\"https:\/\/portaldoestado.com.br\/#website\"},\"primaryImageOfPage\":{\"@id\":\"https:\/\/portaldoestado.com.br\/index.php\/2026\/01\/17\/jonas-aconselha-pedro-no-bbb26-e-pede-cautela-ao-falar-sobre-passado-pessoal\/#primaryimage\"},\"image\":{\"@id\":\"https:\/\/portaldoestado.com.br\/index.php\/2026\/01\/17\/jonas-aconselha-pedro-no-bbb26-e-pede-cautela-ao-falar-sobre-passado-pessoal\/#primaryimage\"},\"thumbnailUrl\":\"https:\/\/portaldoestado.com.br\/wp-content\/uploads\/2026\/01\/jonas-reclama-apos-pedro-dizer-novamente-que-traiu-esposa-1768648832304_v2_900x506.jpg\",\"datePublished\":\"2026-01-17T15:51:50+00:00\",\"breadcrumb\":{\"@id\":\"https:\/\/portaldoestado.com.br\/index.php\/2026\/01\/17\/jonas-aconselha-pedro-no-bbb26-e-pede-cautela-ao-falar-sobre-passado-pessoal\/#breadcrumb\"},\"inLanguage\":\"pt-BR\",\"potentialAction\":[{\"@type\":\"ReadAction\",\"target\":[\"https:\/\/portaldoestado.com.br\/index.php\/2026\/01\/17\/jonas-aconselha-pedro-no-bbb26-e-pede-cautela-ao-falar-sobre-passado-pessoal\/\"]}]},{\"@type\":\"ImageObject\",\"inLanguage\":\"pt-BR\",\"@id\":\"https:\/\/portaldoestado.com.br\/index.php\/2026\/01\/17\/jonas-aconselha-pedro-no-bbb26-e-pede-cautela-ao-falar-sobre-passado-pessoal\/#primaryimage\",\"url\":\"https:\/\/portaldoestado.com.br\/wp-content\/uploads\/2026\/01\/jonas-reclama-apos-pedro-dizer-novamente-que-traiu-esposa-1768648832304_v2_900x506.jpg\",\"contentUrl\":\"https:\/\/portaldoestado.com.br\/wp-content\/uploads\/2026\/01\/jonas-reclama-apos-pedro-dizer-novamente-que-traiu-esposa-1768648832304_v2_900x506.jpg\",\"width\":900,\"height\":506},{\"@type\":\"BreadcrumbList\",\"@id\":\"https:\/\/portaldoestado.com.br\/index.php\/2026\/01\/17\/jonas-aconselha-pedro-no-bbb26-e-pede-cautela-ao-falar-sobre-passado-pessoal\/#breadcrumb\",\"itemListElement\":[{\"@type\":\"ListItem\",\"position\":1,\"name\":\"In\u00edcio\",\"item\":\"https:\/\/portaldoestado.com.br\/\"},{\"@type\":\"ListItem\",\"position\":2,\"name\":\"Jonas aconselha Pedro no \u201cBBB26\u201d e pede cautela ao falar sobre passado pessoal\"}]},{\"@type\":\"WebSite\",\"@id\":\"https:\/\/portaldoestado.com.br\/#website\",\"url\":\"https:\/\/portaldoestado.com.br\/\",\"name\":\"Portal do Estado\",\"description\":\"\",\"publisher\":{\"@id\":\"https:\/\/portaldoestado.com.br\/#organization\"},\"potentialAction\":[{\"@type\":\"SearchAction\",\"target\":{\"@type\":\"EntryPoint\",\"urlTemplate\":\"https:\/\/portaldoestado.com.br\/?s={search_term_string}\"},\"query-input\":{\"@type\":\"PropertyValueSpecification\",\"valueRequired\":true,\"valueName\":\"search_term_string\"}}],\"inLanguage\":\"pt-BR\"},{\"@type\":\"Organization\",\"@id\":\"https:\/\/portaldoestado.com.br\/#organization\",\"name\":\"Portal do Estado\",\"url\":\"https:\/\/portaldoestado.com.br\/\",\"logo\":{\"@type\":\"ImageObject\",\"inLanguage\":\"pt-BR\",\"@id\":\"https:\/\/portaldoestado.com.br\/#\/schema\/logo\/image\/\",\"url\":\"https:\/\/portaldoestado.com.br\/wp-content\/uploads\/2025\/04\/cropped-6f69b19a-6472-43bf-b1b3-e1910bbbd4e8.png\",\"contentUrl\":\"https:\/\/portaldoestado.com.br\/wp-content\/uploads\/2025\/04\/cropped-6f69b19a-6472-43bf-b1b3-e1910bbbd4e8.png\",\"width\":1024,\"height\":350,\"caption\":\"Portal do Estado\"},\"image\":{\"@id\":\"https:\/\/portaldoestado.com.br\/#\/schema\/logo\/image\/\"}},{\"@type\":\"Person\",\"@id\":\"https:\/\/portaldoestado.com.br\/#\/schema\/person\/5ca0174f3c8c84b59da62ea14b698cb9\",\"name\":\"assessoriadefamosos\",\"image\":{\"@type\":\"ImageObject\",\"inLanguage\":\"pt-BR\",\"@id\":\"https:\/\/portaldoestado.com.br\/#\/schema\/person\/image\/\",\"url\":\"https:\/\/secure.gravatar.com\/avatar\/a7acbdffcfbbae7240e59f47fe511ec5f5d8c252c779f0b8d9ab02a9e1d8c5ed?s=96&d=mm&r=g\",\"contentUrl\":\"https:\/\/secure.gravatar.com\/avatar\/a7acbdffcfbbae7240e59f47fe511ec5f5d8c252c779f0b8d9ab02a9e1d8c5ed?s=96&d=mm&r=g\",\"caption\":\"assessoriadefamosos\"},\"url\":\"https:\/\/portaldoestado.com.br\/index.php\/author\/assessoriadefamosos\/\"}]}<\/script>\n<!-- \/ Yoast SEO plugin. -->","yoast_head_json":{"title":"Jonas aconselha Pedro no \u201cBBB26\u201d e pede cautela ao falar sobre passado pessoal - Portal do Estado","robots":{"index":"index","follow":"follow","max-snippet":"max-snippet:-1","max-image-preview":"max-image-preview:large","max-video-preview":"max-video-preview:-1"},"canonical":"https:\/\/portaldoestado.com.br\/index.php\/2026\/01\/17\/jonas-aconselha-pedro-no-bbb26-e-pede-cautela-ao-falar-sobre-passado-pessoal\/","og_locale":"pt_BR","og_type":"article","og_title":"Jonas aconselha Pedro no \u201cBBB26\u201d e pede cautela ao falar sobre passado pessoal - Portal do Estado","og_description":"Um momento de tens\u00e3o marcou a madrugada da primeira festa do \u201cBBB26\u201d, neste s\u00e1bado (17\/1). Durante a celebra\u00e7\u00e3o, Jonas Sulzbach chamou Pedro para uma conversa reservada ap\u00f3s perceber que o brother voltava a comentar, diante dos demais participantes, um epis\u00f3dio delicado de sua vida pessoal: uma trai\u00e7\u00e3o j\u00e1 admitida fora da casa. De forma calma, \u2026","og_url":"https:\/\/portaldoestado.com.br\/index.php\/2026\/01\/17\/jonas-aconselha-pedro-no-bbb26-e-pede-cautela-ao-falar-sobre-passado-pessoal\/","og_site_name":"Portal do Estado","article_published_time":"2026-01-17T15:51:50+00:00","og_image":[{"width":900,"height":506,"url":"https:\/\/portaldoestado.com.br\/wp-content\/uploads\/2026\/01\/jonas-reclama-apos-pedro-dizer-novamente-que-traiu-esposa-1768648832304_v2_900x506.jpg","type":"image\/jpeg"}],"author":"assessoriadefamosos","twitter_card":"summary_large_image","twitter_misc":{"Escrito por":"assessoriadefamosos","Est. tempo de leitura":"1 minuto"},"schema":{"@context":"https:\/\/schema.org","@graph":[{"@type":"Article","@id":"https:\/\/portaldoestado.com.br\/index.php\/2026\/01\/17\/jonas-aconselha-pedro-no-bbb26-e-pede-cautela-ao-falar-sobre-passado-pessoal\/#article","isPartOf":{"@id":"https:\/\/portaldoestado.com.br\/index.php\/2026\/01\/17\/jonas-aconselha-pedro-no-bbb26-e-pede-cautela-ao-falar-sobre-passado-pessoal\/"},"author":{"name":"assessoriadefamosos","@id":"https:\/\/portaldoestado.com.br\/#\/schema\/person\/5ca0174f3c8c84b59da62ea14b698cb9"},"headline":"Jonas aconselha Pedro no \u201cBBB26\u201d e pede cautela ao falar sobre passado pessoal","datePublished":"2026-01-17T15:51:50+00:00","mainEntityOfPage":{"@id":"https:\/\/portaldoestado.com.br\/index.php\/2026\/01\/17\/jonas-aconselha-pedro-no-bbb26-e-pede-cautela-ao-falar-sobre-passado-pessoal\/"},"wordCount":303,"publisher":{"@id":"https:\/\/portaldoestado.com.br\/#organization"},"image":{"@id":"https:\/\/portaldoestado.com.br\/index.php\/2026\/01\/17\/jonas-aconselha-pedro-no-bbb26-e-pede-cautela-ao-falar-sobre-passado-pessoal\/#primaryimage"},"thumbnailUrl":"https:\/\/portaldoestado.com.br\/wp-content\/uploads\/2026\/01\/jonas-reclama-apos-pedro-dizer-novamente-que-traiu-esposa-1768648832304_v2_900x506.jpg","articleSection":["Famosos"],"inLanguage":"pt-BR"},{"@type":"WebPage","@id":"https:\/\/portaldoestado.com.br\/index.php\/2026\/01\/17\/jonas-aconselha-pedro-no-bbb26-e-pede-cautela-ao-falar-sobre-passado-pessoal\/","url":"https:\/\/portaldoestado.com.br\/index.php\/2026\/01\/17\/jonas-aconselha-pedro-no-bbb26-e-pede-cautela-ao-falar-sobre-passado-pessoal\/","name":"Jonas aconselha Pedro no \u201cBBB26\u201d e pede cautela ao falar sobre passado pessoal - Portal do Estado","isPartOf":{"@id":"https:\/\/portaldoestado.com.br\/#website"},"primaryImageOfPage":{"@id":"https:\/\/portaldoestado.com.br\/index.php\/2026\/01\/17\/jonas-aconselha-pedro-no-bbb26-e-pede-cautela-ao-falar-sobre-passado-pessoal\/#primaryimage"},"image":{"@id":"https:\/\/portaldoestado.com.br\/index.php\/2026\/01\/17\/jonas-aconselha-pedro-no-bbb26-e-pede-cautela-ao-falar-sobre-passado-pessoal\/#primaryimage"},"thumbnailUrl":"https:\/\/portaldoestado.com.br\/wp-content\/uploads\/2026\/01\/jonas-reclama-apos-pedro-dizer-novamente-que-traiu-esposa-1768648832304_v2_900x506.jpg","datePublished":"2026-01-17T15:51:50+00:00","breadcrumb":{"@id":"https:\/\/portaldoestado.com.br\/index.php\/2026\/01\/17\/jonas-aconselha-pedro-no-bbb26-e-pede-cautela-ao-falar-sobre-passado-pessoal\/#breadcrumb"},"inLanguage":"pt-BR","potentialAction":[{"@type":"ReadAction","target":["https:\/\/portaldoestado.com.br\/index.php\/2026\/01\/17\/jonas-aconselha-pedro-no-bbb26-e-pede-cautela-ao-falar-sobre-passado-pessoal\/"]}]},{"@type":"ImageObject","inLanguage":"pt-BR","@id":"https:\/\/portaldoestado.com.br\/index.php\/2026\/01\/17\/jonas-aconselha-pedro-no-bbb26-e-pede-cautela-ao-falar-sobre-passado-pessoal\/#primaryimage","url":"https:\/\/portaldoestado.com.br\/wp-content\/uploads\/2026\/01\/jonas-reclama-apos-pedro-dizer-novamente-que-traiu-esposa-1768648832304_v2_900x506.jpg","contentUrl":"https:\/\/portaldoestado.com.br\/wp-content\/uploads\/2026\/01\/jonas-reclama-apos-pedro-dizer-novamente-que-traiu-esposa-1768648832304_v2_900x506.jpg","width":900,"height":506},{"@type":"BreadcrumbList","@id":"https:\/\/portaldoestado.com.br\/index.php\/2026\/01\/17\/jonas-aconselha-pedro-no-bbb26-e-pede-cautela-ao-falar-sobre-passado-pessoal\/#breadcrumb","itemListElement":[{"@type":"ListItem","position":1,"name":"In\u00edcio","item":"https:\/\/portaldoestado.com.br\/"},{"@type":"ListItem","position":2,"name":"Jonas aconselha Pedro no \u201cBBB26\u201d e pede cautela ao falar sobre passado pessoal"}]},{"@type":"WebSite","@id":"https:\/\/portaldoestado.com.br\/#website","url":"https:\/\/portaldoestado.com.br\/","name":"Portal do Estado","description":"","publisher":{"@id":"https:\/\/portaldoestado.com.br\/#organization"},"potentialAction":[{"@type":"SearchAction","target":{"@type":"EntryPoint","urlTemplate":"https:\/\/portaldoestado.com.br\/?s={search_term_string}"},"query-input":{"@type":"PropertyValueSpecification","valueRequired":true,"valueName":"search_term_string"}}],"inLanguage":"pt-BR"},{"@type":"Organization","@id":"https:\/\/portaldoestado.com.br\/#organization","name":"Portal do Estado","url":"https:\/\/portaldoestado.com.br\/","logo":{"@type":"ImageObject","inLanguage":"pt-BR","@id":"https:\/\/portaldoestado.com.br\/#\/schema\/logo\/image\/","url":"https:\/\/portaldoestado.com.br\/wp-content\/uploads\/2025\/04\/cropped-6f69b19a-6472-43bf-b1b3-e1910bbbd4e8.png","contentUrl":"https:\/\/portaldoestado.com.br\/wp-content\/uploads\/2025\/04\/cropped-6f69b19a-6472-43bf-b1b3-e1910bbbd4e8.png","width":1024,"height":350,"caption":"Portal do Estado"},"image":{"@id":"https:\/\/portaldoestado.com.br\/#\/schema\/logo\/image\/"}},{"@type":"Person","@id":"https:\/\/portaldoestado.com.br\/#\/schema\/person\/5ca0174f3c8c84b59da62ea14b698cb9","name":"assessoriadefamosos","image":{"@type":"ImageObject","inLanguage":"pt-BR","@id":"https:\/\/portaldoestado.com.br\/#\/schema\/person\/image\/","url":"https:\/\/secure.gravatar.com\/avatar\/a7acbdffcfbbae7240e59f47fe511ec5f5d8c252c779f0b8d9ab02a9e1d8c5ed?s=96&d=mm&r=g","contentUrl":"https:\/\/secure.gravatar.com\/avatar\/a7acbdffcfbbae7240e59f47fe511ec5f5d8c252c779f0b8d9ab02a9e1d8c5ed?s=96&d=mm&r=g","caption":"assessoriadefamosos"},"url":"https:\/\/portaldoestado.com.br\/index.php\/author\/assessoriadefamosos\/"}]}},"jetpack_featured_media_url":"https:\/\/portaldoestado.com.br\/wp-content\/uploads\/2026\/01\/jonas-reclama-apos-pedro-dizer-novamente-que-traiu-esposa-1768648832304_v2_900x506.jpg","_links":{"self":[{"href":"https:\/\/portaldoestado.com.br\/index.php\/wp-json\/wp\/v2\/posts\/5797","targetHints":{"allow":["GET"]}}],"collection":[{"href":"https:\/\/portaldoestado.com.br\/index.php\/wp-json\/wp\/v2\/posts"}],"about":[{"href":"https:\/\/portaldoestado.com.br\/index.php\/wp-json\/wp\/v2\/types\/post"}],"author":[{"embeddable":true,"href":"https:\/\/portaldoestado.com.br\/index.php\/wp-json\/wp\/v2\/users\/2"}],"replies":[{"embeddable":true,"href":"https:\/\/portaldoestado.com.br\/index.php\/wp-json\/wp\/v2\/comments?post=5797"}],"version-history":[{"count":1,"href":"https:\/\/portaldoestado.com.br\/index.php\/wp-json\/wp\/v2\/posts\/5797\/revisions"}],"predecessor-version":[{"id":5798,"href":"https:\/\/portaldoestado.com.br\/index.php\/wp-json\/wp\/v2\/posts\/5797\/revisions\/5798"}],"wp:featuredmedia":[{"embeddable":true,"href":"https:\/\/portaldoestado.com.br\/index.php\/wp-json\/wp\/v2\/media\/5796"}],"wp:attachment":[{"href":"https:\/\/portaldoestado.com.br\/index.php\/wp-json\/wp\/v2\/media?parent=5797"}],"wp:term":[{"taxonomy":"category","embeddable":true,"href":"https:\/\/portaldoestado.com.br\/index.php\/wp-json\/wp\/v2\/categories?post=5797"},{"taxonomy":"post_tag","embeddable":true,"href":"https:\/\/portaldoestado.com.br\/index.php\/wp-json\/wp\/v2\/tags?post=5797"}],"curies":[{"name":"wp","href":"https:\/\/api.w.org\/{rel}","templated":true}]}}