{"id":5794,"date":"2026-01-17T15:48:42","date_gmt":"2026-01-17T15:48:42","guid":{"rendered":"https:\/\/portaldoestado.com.br\/?p=5794"},"modified":"2026-01-17T15:48:42","modified_gmt":"2026-01-17T15:48:42","slug":"pedro-esquece-cameras-do-bbb26-anda-nu-pela-casa-e-vira-assunto-nas-redes","status":"publish","type":"post","link":"https:\/\/portaldoestado.com.br\/index.php\/2026\/01\/17\/pedro-esquece-cameras-do-bbb26-anda-nu-pela-casa-e-vira-assunto-nas-redes\/","title":{"rendered":"Pedro esquece c\u00e2meras do \u201cBBB26\u201d, anda nu pela casa e vira assunto nas redes"},"content":{"rendered":"\n<p>Um momento de distra\u00e7\u00e3o colocou Pedro novamente no centro das aten\u00e7\u00f5es no \u201cBBB26\u201d. Na manh\u00e3 deste s\u00e1bado (17\/1), ap\u00f3s a festa da noite anterior, o participante acabou esquecendo que estava sendo filmado e circulou pelo quarto sem roupa, segurando a sunga nas m\u00e3os em vez de vesti-la.<\/p>\n\n\n\n<p>O brother caminhou alguns passos at\u00e9 perceber a situa\u00e7\u00e3o e, rapidamente, tentou se recompor colocando a pe\u00e7a \u00edntima. Apesar da rea\u00e7\u00e3o imediata, as imagens j\u00e1 haviam sido exibidas e logo se espalharam pelas redes sociais, gerando surpresa e coment\u00e1rios variados do p\u00fablico.<\/p>\n\n\n\n<p>No X (antigo Twitter), internautas reagiram com espanto, ironia e memes. Alguns relataram ter sido pegos desprevenidos logo cedo ao acompanhar o pay-per-view, enquanto outros brincaram com o descuido do participante, comparando a cena a um reality de sobreviv\u00eancia.<\/p>\n\n\n\n<p>O epis\u00f3dio acontece em meio a outros momentos conturbados envolvendo Pedro dentro da casa. Pouco antes da festa, ele j\u00e1 havia sido citado em uma situa\u00e7\u00e3o pol\u00eamica ao tentar se desculpar com Ana Paula Renault, o que tamb\u00e9m repercutiu fora do confinamento.<\/p>\n\n\n\n<p>Com poucos dias de programa, Pedro j\u00e1 acumula cenas comentadas e mostra que sua trajet\u00f3ria no reality tem sido marcada por situa\u00e7\u00f5es inesperadas \u2014 para o bem ou para o constrangimento.<\/p>\n","protected":false},"excerpt":{"rendered":"<p>Um momento de distra\u00e7\u00e3o colocou Pedro novamente no centro das aten\u00e7\u00f5es no \u201cBBB26\u201d. Na manh\u00e3 deste s\u00e1bado (17\/1), ap\u00f3s a festa da noite anterior, o participante acabou esquecendo que estava sendo filmado e circulou pelo quarto sem roupa, segurando a sunga nas m\u00e3os em vez de vesti-la. O brother caminhou alguns passos at\u00e9 perceber a \u2026<\/p>\n","protected":false},"author":2,"featured_media":5793,"comment_status":"closed","ping_status":"open","sticky":false,"template":"","format":"standard","meta":{"footnotes":""},"categories":[3],"tags":[],"class_list":["post-5794","post","type-post","status-publish","format-standard","has-post-thumbnail","hentry","category-famosos"],"yoast_head":"<!-- This site is optimized with the Yoast SEO plugin v25.5 - https:\/\/yoast.com\/wordpress\/plugins\/seo\/ -->\n<title>Pedro esquece c\u00e2meras do \u201cBBB26\u201d, anda nu pela casa e vira assunto nas redes - Portal do Estado<\/title>\n<meta name=\"robots\" content=\"index, follow, max-snippet:-1, max-image-preview:large, max-video-preview:-1\" \/>\n<link rel=\"canonical\" href=\"https:\/\/portaldoestado.com.br\/index.php\/2026\/01\/17\/pedro-esquece-cameras-do-bbb26-anda-nu-pela-casa-e-vira-assunto-nas-redes\/\" \/>\n<meta property=\"og:locale\" content=\"pt_BR\" \/>\n<meta property=\"og:type\" content=\"article\" \/>\n<meta property=\"og:title\" content=\"Pedro esquece c\u00e2meras do \u201cBBB26\u201d, anda nu pela casa e vira assunto nas redes - Portal do Estado\" \/>\n<meta property=\"og:description\" content=\"Um momento de distra\u00e7\u00e3o colocou Pedro novamente no centro das aten\u00e7\u00f5es no \u201cBBB26\u201d. Na manh\u00e3 deste s\u00e1bado (17\/1), ap\u00f3s a festa da noite anterior, o participante acabou esquecendo que estava sendo filmado e circulou pelo quarto sem roupa, segurando a sunga nas m\u00e3os em vez de vesti-la. O brother caminhou alguns passos at\u00e9 perceber a \u2026\" \/>\n<meta property=\"og:url\" content=\"https:\/\/portaldoestado.com.br\/index.php\/2026\/01\/17\/pedro-esquece-cameras-do-bbb26-anda-nu-pela-casa-e-vira-assunto-nas-redes\/\" \/>\n<meta property=\"og:site_name\" content=\"Portal do Estado\" \/>\n<meta property=\"article:published_time\" content=\"2026-01-17T15:48:42+00:00\" \/>\n<meta property=\"og:image\" content=\"https:\/\/portaldoestado.com.br\/wp-content\/uploads\/2026\/01\/padrao-leo-2026-01-17T113331.496.jpg\" \/>\n\t<meta property=\"og:image:width\" content=\"1200\" \/>\n\t<meta property=\"og:image:height\" content=\"900\" \/>\n\t<meta property=\"og:image:type\" content=\"image\/jpeg\" \/>\n<meta name=\"author\" content=\"assessoriadefamosos\" \/>\n<meta name=\"twitter:card\" content=\"summary_large_image\" \/>\n<meta name=\"twitter:label1\" content=\"Escrito por\" \/>\n\t<meta name=\"twitter:data1\" content=\"assessoriadefamosos\" \/>\n\t<meta name=\"twitter:label2\" content=\"Est. tempo de leitura\" \/>\n\t<meta name=\"twitter:data2\" content=\"1 minuto\" \/>\n<script type=\"application\/ld+json\" class=\"yoast-schema-graph\">{\"@context\":\"https:\/\/schema.org\",\"@graph\":[{\"@type\":\"Article\",\"@id\":\"https:\/\/portaldoestado.com.br\/index.php\/2026\/01\/17\/pedro-esquece-cameras-do-bbb26-anda-nu-pela-casa-e-vira-assunto-nas-redes\/#article\",\"isPartOf\":{\"@id\":\"https:\/\/portaldoestado.com.br\/index.php\/2026\/01\/17\/pedro-esquece-cameras-do-bbb26-anda-nu-pela-casa-e-vira-assunto-nas-redes\/\"},\"author\":{\"name\":\"assessoriadefamosos\",\"@id\":\"https:\/\/portaldoestado.com.br\/#\/schema\/person\/5ca0174f3c8c84b59da62ea14b698cb9\"},\"headline\":\"Pedro esquece c\u00e2meras do \u201cBBB26\u201d, anda nu pela casa e vira assunto nas redes\",\"datePublished\":\"2026-01-17T15:48:42+00:00\",\"mainEntityOfPage\":{\"@id\":\"https:\/\/portaldoestado.com.br\/index.php\/2026\/01\/17\/pedro-esquece-cameras-do-bbb26-anda-nu-pela-casa-e-vira-assunto-nas-redes\/\"},\"wordCount\":231,\"publisher\":{\"@id\":\"https:\/\/portaldoestado.com.br\/#organization\"},\"image\":{\"@id\":\"https:\/\/portaldoestado.com.br\/index.php\/2026\/01\/17\/pedro-esquece-cameras-do-bbb26-anda-nu-pela-casa-e-vira-assunto-nas-redes\/#primaryimage\"},\"thumbnailUrl\":\"https:\/\/portaldoestado.com.br\/wp-content\/uploads\/2026\/01\/padrao-leo-2026-01-17T113331.496.jpg\",\"articleSection\":[\"Famosos\"],\"inLanguage\":\"pt-BR\"},{\"@type\":\"WebPage\",\"@id\":\"https:\/\/portaldoestado.com.br\/index.php\/2026\/01\/17\/pedro-esquece-cameras-do-bbb26-anda-nu-pela-casa-e-vira-assunto-nas-redes\/\",\"url\":\"https:\/\/portaldoestado.com.br\/index.php\/2026\/01\/17\/pedro-esquece-cameras-do-bbb26-anda-nu-pela-casa-e-vira-assunto-nas-redes\/\",\"name\":\"Pedro esquece c\u00e2meras do \u201cBBB26\u201d, anda nu pela casa e vira assunto nas redes - Portal do Estado\",\"isPartOf\":{\"@id\":\"https:\/\/portaldoestado.com.br\/#website\"},\"primaryImageOfPage\":{\"@id\":\"https:\/\/portaldoestado.com.br\/index.php\/2026\/01\/17\/pedro-esquece-cameras-do-bbb26-anda-nu-pela-casa-e-vira-assunto-nas-redes\/#primaryimage\"},\"image\":{\"@id\":\"https:\/\/portaldoestado.com.br\/index.php\/2026\/01\/17\/pedro-esquece-cameras-do-bbb26-anda-nu-pela-casa-e-vira-assunto-nas-redes\/#primaryimage\"},\"thumbnailUrl\":\"https:\/\/portaldoestado.com.br\/wp-content\/uploads\/2026\/01\/padrao-leo-2026-01-17T113331.496.jpg\",\"datePublished\":\"2026-01-17T15:48:42+00:00\",\"breadcrumb\":{\"@id\":\"https:\/\/portaldoestado.com.br\/index.php\/2026\/01\/17\/pedro-esquece-cameras-do-bbb26-anda-nu-pela-casa-e-vira-assunto-nas-redes\/#breadcrumb\"},\"inLanguage\":\"pt-BR\",\"potentialAction\":[{\"@type\":\"ReadAction\",\"target\":[\"https:\/\/portaldoestado.com.br\/index.php\/2026\/01\/17\/pedro-esquece-cameras-do-bbb26-anda-nu-pela-casa-e-vira-assunto-nas-redes\/\"]}]},{\"@type\":\"ImageObject\",\"inLanguage\":\"pt-BR\",\"@id\":\"https:\/\/portaldoestado.com.br\/index.php\/2026\/01\/17\/pedro-esquece-cameras-do-bbb26-anda-nu-pela-casa-e-vira-assunto-nas-redes\/#primaryimage\",\"url\":\"https:\/\/portaldoestado.com.br\/wp-content\/uploads\/2026\/01\/padrao-leo-2026-01-17T113331.496.jpg\",\"contentUrl\":\"https:\/\/portaldoestado.com.br\/wp-content\/uploads\/2026\/01\/padrao-leo-2026-01-17T113331.496.jpg\",\"width\":1200,\"height\":900},{\"@type\":\"BreadcrumbList\",\"@id\":\"https:\/\/portaldoestado.com.br\/index.php\/2026\/01\/17\/pedro-esquece-cameras-do-bbb26-anda-nu-pela-casa-e-vira-assunto-nas-redes\/#breadcrumb\",\"itemListElement\":[{\"@type\":\"ListItem\",\"position\":1,\"name\":\"In\u00edcio\",\"item\":\"https:\/\/portaldoestado.com.br\/\"},{\"@type\":\"ListItem\",\"position\":2,\"name\":\"Pedro esquece c\u00e2meras do \u201cBBB26\u201d, anda nu pela casa e vira assunto nas redes\"}]},{\"@type\":\"WebSite\",\"@id\":\"https:\/\/portaldoestado.com.br\/#website\",\"url\":\"https:\/\/portaldoestado.com.br\/\",\"name\":\"Portal do Estado\",\"description\":\"\",\"publisher\":{\"@id\":\"https:\/\/portaldoestado.com.br\/#organization\"},\"potentialAction\":[{\"@type\":\"SearchAction\",\"target\":{\"@type\":\"EntryPoint\",\"urlTemplate\":\"https:\/\/portaldoestado.com.br\/?s={search_term_string}\"},\"query-input\":{\"@type\":\"PropertyValueSpecification\",\"valueRequired\":true,\"valueName\":\"search_term_string\"}}],\"inLanguage\":\"pt-BR\"},{\"@type\":\"Organization\",\"@id\":\"https:\/\/portaldoestado.com.br\/#organization\",\"name\":\"Portal do Estado\",\"url\":\"https:\/\/portaldoestado.com.br\/\",\"logo\":{\"@type\":\"ImageObject\",\"inLanguage\":\"pt-BR\",\"@id\":\"https:\/\/portaldoestado.com.br\/#\/schema\/logo\/image\/\",\"url\":\"https:\/\/portaldoestado.com.br\/wp-content\/uploads\/2025\/04\/cropped-6f69b19a-6472-43bf-b1b3-e1910bbbd4e8.png\",\"contentUrl\":\"https:\/\/portaldoestado.com.br\/wp-content\/uploads\/2025\/04\/cropped-6f69b19a-6472-43bf-b1b3-e1910bbbd4e8.png\",\"width\":1024,\"height\":350,\"caption\":\"Portal do Estado\"},\"image\":{\"@id\":\"https:\/\/portaldoestado.com.br\/#\/schema\/logo\/image\/\"}},{\"@type\":\"Person\",\"@id\":\"https:\/\/portaldoestado.com.br\/#\/schema\/person\/5ca0174f3c8c84b59da62ea14b698cb9\",\"name\":\"assessoriadefamosos\",\"image\":{\"@type\":\"ImageObject\",\"inLanguage\":\"pt-BR\",\"@id\":\"https:\/\/portaldoestado.com.br\/#\/schema\/person\/image\/\",\"url\":\"https:\/\/secure.gravatar.com\/avatar\/a7acbdffcfbbae7240e59f47fe511ec5f5d8c252c779f0b8d9ab02a9e1d8c5ed?s=96&d=mm&r=g\",\"contentUrl\":\"https:\/\/secure.gravatar.com\/avatar\/a7acbdffcfbbae7240e59f47fe511ec5f5d8c252c779f0b8d9ab02a9e1d8c5ed?s=96&d=mm&r=g\",\"caption\":\"assessoriadefamosos\"},\"url\":\"https:\/\/portaldoestado.com.br\/index.php\/author\/assessoriadefamosos\/\"}]}<\/script>\n<!-- \/ Yoast SEO plugin. -->","yoast_head_json":{"title":"Pedro esquece c\u00e2meras do \u201cBBB26\u201d, anda nu pela casa e vira assunto nas redes - Portal do Estado","robots":{"index":"index","follow":"follow","max-snippet":"max-snippet:-1","max-image-preview":"max-image-preview:large","max-video-preview":"max-video-preview:-1"},"canonical":"https:\/\/portaldoestado.com.br\/index.php\/2026\/01\/17\/pedro-esquece-cameras-do-bbb26-anda-nu-pela-casa-e-vira-assunto-nas-redes\/","og_locale":"pt_BR","og_type":"article","og_title":"Pedro esquece c\u00e2meras do \u201cBBB26\u201d, anda nu pela casa e vira assunto nas redes - Portal do Estado","og_description":"Um momento de distra\u00e7\u00e3o colocou Pedro novamente no centro das aten\u00e7\u00f5es no \u201cBBB26\u201d. Na manh\u00e3 deste s\u00e1bado (17\/1), ap\u00f3s a festa da noite anterior, o participante acabou esquecendo que estava sendo filmado e circulou pelo quarto sem roupa, segurando a sunga nas m\u00e3os em vez de vesti-la. O brother caminhou alguns passos at\u00e9 perceber a \u2026","og_url":"https:\/\/portaldoestado.com.br\/index.php\/2026\/01\/17\/pedro-esquece-cameras-do-bbb26-anda-nu-pela-casa-e-vira-assunto-nas-redes\/","og_site_name":"Portal do Estado","article_published_time":"2026-01-17T15:48:42+00:00","og_image":[{"width":1200,"height":900,"url":"https:\/\/portaldoestado.com.br\/wp-content\/uploads\/2026\/01\/padrao-leo-2026-01-17T113331.496.jpg","type":"image\/jpeg"}],"author":"assessoriadefamosos","twitter_card":"summary_large_image","twitter_misc":{"Escrito por":"assessoriadefamosos","Est. tempo de leitura":"1 minuto"},"schema":{"@context":"https:\/\/schema.org","@graph":[{"@type":"Article","@id":"https:\/\/portaldoestado.com.br\/index.php\/2026\/01\/17\/pedro-esquece-cameras-do-bbb26-anda-nu-pela-casa-e-vira-assunto-nas-redes\/#article","isPartOf":{"@id":"https:\/\/portaldoestado.com.br\/index.php\/2026\/01\/17\/pedro-esquece-cameras-do-bbb26-anda-nu-pela-casa-e-vira-assunto-nas-redes\/"},"author":{"name":"assessoriadefamosos","@id":"https:\/\/portaldoestado.com.br\/#\/schema\/person\/5ca0174f3c8c84b59da62ea14b698cb9"},"headline":"Pedro esquece c\u00e2meras do \u201cBBB26\u201d, anda nu pela casa e vira assunto nas redes","datePublished":"2026-01-17T15:48:42+00:00","mainEntityOfPage":{"@id":"https:\/\/portaldoestado.com.br\/index.php\/2026\/01\/17\/pedro-esquece-cameras-do-bbb26-anda-nu-pela-casa-e-vira-assunto-nas-redes\/"},"wordCount":231,"publisher":{"@id":"https:\/\/portaldoestado.com.br\/#organization"},"image":{"@id":"https:\/\/portaldoestado.com.br\/index.php\/2026\/01\/17\/pedro-esquece-cameras-do-bbb26-anda-nu-pela-casa-e-vira-assunto-nas-redes\/#primaryimage"},"thumbnailUrl":"https:\/\/portaldoestado.com.br\/wp-content\/uploads\/2026\/01\/padrao-leo-2026-01-17T113331.496.jpg","articleSection":["Famosos"],"inLanguage":"pt-BR"},{"@type":"WebPage","@id":"https:\/\/portaldoestado.com.br\/index.php\/2026\/01\/17\/pedro-esquece-cameras-do-bbb26-anda-nu-pela-casa-e-vira-assunto-nas-redes\/","url":"https:\/\/portaldoestado.com.br\/index.php\/2026\/01\/17\/pedro-esquece-cameras-do-bbb26-anda-nu-pela-casa-e-vira-assunto-nas-redes\/","name":"Pedro esquece c\u00e2meras do \u201cBBB26\u201d, anda nu pela casa e vira assunto nas redes - Portal do Estado","isPartOf":{"@id":"https:\/\/portaldoestado.com.br\/#website"},"primaryImageOfPage":{"@id":"https:\/\/portaldoestado.com.br\/index.php\/2026\/01\/17\/pedro-esquece-cameras-do-bbb26-anda-nu-pela-casa-e-vira-assunto-nas-redes\/#primaryimage"},"image":{"@id":"https:\/\/portaldoestado.com.br\/index.php\/2026\/01\/17\/pedro-esquece-cameras-do-bbb26-anda-nu-pela-casa-e-vira-assunto-nas-redes\/#primaryimage"},"thumbnailUrl":"https:\/\/portaldoestado.com.br\/wp-content\/uploads\/2026\/01\/padrao-leo-2026-01-17T113331.496.jpg","datePublished":"2026-01-17T15:48:42+00:00","breadcrumb":{"@id":"https:\/\/portaldoestado.com.br\/index.php\/2026\/01\/17\/pedro-esquece-cameras-do-bbb26-anda-nu-pela-casa-e-vira-assunto-nas-redes\/#breadcrumb"},"inLanguage":"pt-BR","potentialAction":[{"@type":"ReadAction","target":["https:\/\/portaldoestado.com.br\/index.php\/2026\/01\/17\/pedro-esquece-cameras-do-bbb26-anda-nu-pela-casa-e-vira-assunto-nas-redes\/"]}]},{"@type":"ImageObject","inLanguage":"pt-BR","@id":"https:\/\/portaldoestado.com.br\/index.php\/2026\/01\/17\/pedro-esquece-cameras-do-bbb26-anda-nu-pela-casa-e-vira-assunto-nas-redes\/#primaryimage","url":"https:\/\/portaldoestado.com.br\/wp-content\/uploads\/2026\/01\/padrao-leo-2026-01-17T113331.496.jpg","contentUrl":"https:\/\/portaldoestado.com.br\/wp-content\/uploads\/2026\/01\/padrao-leo-2026-01-17T113331.496.jpg","width":1200,"height":900},{"@type":"BreadcrumbList","@id":"https:\/\/portaldoestado.com.br\/index.php\/2026\/01\/17\/pedro-esquece-cameras-do-bbb26-anda-nu-pela-casa-e-vira-assunto-nas-redes\/#breadcrumb","itemListElement":[{"@type":"ListItem","position":1,"name":"In\u00edcio","item":"https:\/\/portaldoestado.com.br\/"},{"@type":"ListItem","position":2,"name":"Pedro esquece c\u00e2meras do \u201cBBB26\u201d, anda nu pela casa e vira assunto nas redes"}]},{"@type":"WebSite","@id":"https:\/\/portaldoestado.com.br\/#website","url":"https:\/\/portaldoestado.com.br\/","name":"Portal do Estado","description":"","publisher":{"@id":"https:\/\/portaldoestado.com.br\/#organization"},"potentialAction":[{"@type":"SearchAction","target":{"@type":"EntryPoint","urlTemplate":"https:\/\/portaldoestado.com.br\/?s={search_term_string}"},"query-input":{"@type":"PropertyValueSpecification","valueRequired":true,"valueName":"search_term_string"}}],"inLanguage":"pt-BR"},{"@type":"Organization","@id":"https:\/\/portaldoestado.com.br\/#organization","name":"Portal do Estado","url":"https:\/\/portaldoestado.com.br\/","logo":{"@type":"ImageObject","inLanguage":"pt-BR","@id":"https:\/\/portaldoestado.com.br\/#\/schema\/logo\/image\/","url":"https:\/\/portaldoestado.com.br\/wp-content\/uploads\/2025\/04\/cropped-6f69b19a-6472-43bf-b1b3-e1910bbbd4e8.png","contentUrl":"https:\/\/portaldoestado.com.br\/wp-content\/uploads\/2025\/04\/cropped-6f69b19a-6472-43bf-b1b3-e1910bbbd4e8.png","width":1024,"height":350,"caption":"Portal do Estado"},"image":{"@id":"https:\/\/portaldoestado.com.br\/#\/schema\/logo\/image\/"}},{"@type":"Person","@id":"https:\/\/portaldoestado.com.br\/#\/schema\/person\/5ca0174f3c8c84b59da62ea14b698cb9","name":"assessoriadefamosos","image":{"@type":"ImageObject","inLanguage":"pt-BR","@id":"https:\/\/portaldoestado.com.br\/#\/schema\/person\/image\/","url":"https:\/\/secure.gravatar.com\/avatar\/a7acbdffcfbbae7240e59f47fe511ec5f5d8c252c779f0b8d9ab02a9e1d8c5ed?s=96&d=mm&r=g","contentUrl":"https:\/\/secure.gravatar.com\/avatar\/a7acbdffcfbbae7240e59f47fe511ec5f5d8c252c779f0b8d9ab02a9e1d8c5ed?s=96&d=mm&r=g","caption":"assessoriadefamosos"},"url":"https:\/\/portaldoestado.com.br\/index.php\/author\/assessoriadefamosos\/"}]}},"jetpack_featured_media_url":"https:\/\/portaldoestado.com.br\/wp-content\/uploads\/2026\/01\/padrao-leo-2026-01-17T113331.496.jpg","_links":{"self":[{"href":"https:\/\/portaldoestado.com.br\/index.php\/wp-json\/wp\/v2\/posts\/5794","targetHints":{"allow":["GET"]}}],"collection":[{"href":"https:\/\/portaldoestado.com.br\/index.php\/wp-json\/wp\/v2\/posts"}],"about":[{"href":"https:\/\/portaldoestado.com.br\/index.php\/wp-json\/wp\/v2\/types\/post"}],"author":[{"embeddable":true,"href":"https:\/\/portaldoestado.com.br\/index.php\/wp-json\/wp\/v2\/users\/2"}],"replies":[{"embeddable":true,"href":"https:\/\/portaldoestado.com.br\/index.php\/wp-json\/wp\/v2\/comments?post=5794"}],"version-history":[{"count":1,"href":"https:\/\/portaldoestado.com.br\/index.php\/wp-json\/wp\/v2\/posts\/5794\/revisions"}],"predecessor-version":[{"id":5795,"href":"https:\/\/portaldoestado.com.br\/index.php\/wp-json\/wp\/v2\/posts\/5794\/revisions\/5795"}],"wp:featuredmedia":[{"embeddable":true,"href":"https:\/\/portaldoestado.com.br\/index.php\/wp-json\/wp\/v2\/media\/5793"}],"wp:attachment":[{"href":"https:\/\/portaldoestado.com.br\/index.php\/wp-json\/wp\/v2\/media?parent=5794"}],"wp:term":[{"taxonomy":"category","embeddable":true,"href":"https:\/\/portaldoestado.com.br\/index.php\/wp-json\/wp\/v2\/categories?post=5794"},{"taxonomy":"post_tag","embeddable":true,"href":"https:\/\/portaldoestado.com.br\/index.php\/wp-json\/wp\/v2\/tags?post=5794"}],"curies":[{"name":"wp","href":"https:\/\/api.w.org\/{rel}","templated":true}]}}