{"id":5791,"date":"2026-01-17T15:44:51","date_gmt":"2026-01-17T15:44:51","guid":{"rendered":"https:\/\/portaldoestado.com.br\/?p=5791"},"modified":"2026-01-17T15:44:51","modified_gmt":"2026-01-17T15:44:51","slug":"filho-de-luciana-gimenez-se-manifesta-apos-saida-da-apresentadora-da-redetv-e-emociona-fas","status":"publish","type":"post","link":"https:\/\/portaldoestado.com.br\/index.php\/2026\/01\/17\/filho-de-luciana-gimenez-se-manifesta-apos-saida-da-apresentadora-da-redetv-e-emociona-fas\/","title":{"rendered":"Filho de Luciana Gimenez se manifesta ap\u00f3s sa\u00edda da apresentadora da RedeTV! e emociona f\u00e3s"},"content":{"rendered":"\n<p>A sa\u00edda de Luciana Gimenez da RedeTV!, ap\u00f3s mais de duas d\u00e9cadas \u00e0 frente do \u201cSuperPop\u201d, gerou repercuss\u00e3o n\u00e3o apenas entre f\u00e3s e colegas de profiss\u00e3o, mas tamb\u00e9m dentro da fam\u00edlia. Lucas Jagger, filho da apresentadora, fez quest\u00e3o de comentar publicamente o momento e trouxe uma lembran\u00e7a carinhosa dos bastidores do programa.<\/p>\n\n\n\n<p>Aos 26 anos, Lucas reagiu \u00e0 postagem de despedida da m\u00e3e nas redes sociais com uma mensagem simples e afetiva, relembrando a \u00e9poca em que ainda era crian\u00e7a e acompanhava as grava\u00e7\u00f5es ao vivo. Ele citou, com bom humor, as noites em que assistia ao \u201cSuperPop\u201d e era lembrado por Luciana de que j\u00e1 estava na hora de dormir, j\u00e1 que a atra\u00e7\u00e3o costumava ir ao ar tarde da noite.<\/p>\n\n\n\n<p>O coment\u00e1rio rapidamente chamou aten\u00e7\u00e3o dos seguidores, que destacaram a cumplicidade entre m\u00e3e e filho. Muitos elogiaram a rela\u00e7\u00e3o dos dois e ressaltaram o lado familiar da apresentadora, conhecida na TV pelo estilo direto e irreverente.<\/p>\n\n\n\n<p>Luciana Gimenez confirmou recentemente o fim de seu contrato com a RedeTV!, encerrando um ciclo de 25 anos na emissora. Em sua despedida, ela afirmou que a decis\u00e3o foi tomada em comum acordo e agradeceu pela trajet\u00f3ria constru\u00edda, marcada por liberdade criativa e forte conex\u00e3o com o p\u00fablico.<\/p>\n\n\n\n<p>A apresentadora tamb\u00e9m deixou claro que o momento representa apenas o fim de uma fase, prometendo novos projetos e desafios profissionais para o futuro pr\u00f3ximo.<\/p>\n","protected":false},"excerpt":{"rendered":"<p>A sa\u00edda de Luciana Gimenez da RedeTV!, ap\u00f3s mais de duas d\u00e9cadas \u00e0 frente do \u201cSuperPop\u201d, gerou repercuss\u00e3o n\u00e3o apenas entre f\u00e3s e colegas de profiss\u00e3o, mas tamb\u00e9m dentro da fam\u00edlia. Lucas Jagger, filho da apresentadora, fez quest\u00e3o de comentar publicamente o momento e trouxe uma lembran\u00e7a carinhosa dos bastidores do programa. Aos 26 anos, \u2026<\/p>\n","protected":false},"author":2,"featured_media":5790,"comment_status":"closed","ping_status":"open","sticky":false,"template":"","format":"standard","meta":{"footnotes":""},"categories":[3],"tags":[],"class_list":["post-5791","post","type-post","status-publish","format-standard","has-post-thumbnail","hentry","category-famosos"],"yoast_head":"<!-- This site is optimized with the Yoast SEO plugin v25.5 - https:\/\/yoast.com\/wordpress\/plugins\/seo\/ -->\n<title>Filho de Luciana Gimenez se manifesta ap\u00f3s sa\u00edda da apresentadora da RedeTV! e emociona f\u00e3s - Portal do Estado<\/title>\n<meta name=\"robots\" content=\"index, follow, max-snippet:-1, max-image-preview:large, max-video-preview:-1\" \/>\n<link rel=\"canonical\" href=\"https:\/\/portaldoestado.com.br\/index.php\/2026\/01\/17\/filho-de-luciana-gimenez-se-manifesta-apos-saida-da-apresentadora-da-redetv-e-emociona-fas\/\" \/>\n<meta property=\"og:locale\" content=\"pt_BR\" \/>\n<meta property=\"og:type\" content=\"article\" \/>\n<meta property=\"og:title\" content=\"Filho de Luciana Gimenez se manifesta ap\u00f3s sa\u00edda da apresentadora da RedeTV! e emociona f\u00e3s - Portal do Estado\" \/>\n<meta property=\"og:description\" content=\"A sa\u00edda de Luciana Gimenez da RedeTV!, ap\u00f3s mais de duas d\u00e9cadas \u00e0 frente do \u201cSuperPop\u201d, gerou repercuss\u00e3o n\u00e3o apenas entre f\u00e3s e colegas de profiss\u00e3o, mas tamb\u00e9m dentro da fam\u00edlia. Lucas Jagger, filho da apresentadora, fez quest\u00e3o de comentar publicamente o momento e trouxe uma lembran\u00e7a carinhosa dos bastidores do programa. Aos 26 anos, \u2026\" \/>\n<meta property=\"og:url\" content=\"https:\/\/portaldoestado.com.br\/index.php\/2026\/01\/17\/filho-de-luciana-gimenez-se-manifesta-apos-saida-da-apresentadora-da-redetv-e-emociona-fas\/\" \/>\n<meta property=\"og:site_name\" content=\"Portal do Estado\" \/>\n<meta property=\"article:published_time\" content=\"2026-01-17T15:44:51+00:00\" \/>\n<meta property=\"og:image\" content=\"https:\/\/portaldoestado.com.br\/wp-content\/uploads\/2026\/01\/1LKI7l2C-Design-sem-nome-6.jpg\" \/>\n\t<meta property=\"og:image:width\" content=\"1200\" \/>\n\t<meta property=\"og:image:height\" content=\"900\" \/>\n\t<meta property=\"og:image:type\" content=\"image\/jpeg\" \/>\n<meta name=\"author\" content=\"assessoriadefamosos\" \/>\n<meta name=\"twitter:card\" content=\"summary_large_image\" \/>\n<meta name=\"twitter:label1\" content=\"Escrito por\" \/>\n\t<meta name=\"twitter:data1\" content=\"assessoriadefamosos\" \/>\n\t<meta name=\"twitter:label2\" content=\"Est. tempo de leitura\" \/>\n\t<meta name=\"twitter:data2\" content=\"1 minuto\" \/>\n<script type=\"application\/ld+json\" class=\"yoast-schema-graph\">{\"@context\":\"https:\/\/schema.org\",\"@graph\":[{\"@type\":\"Article\",\"@id\":\"https:\/\/portaldoestado.com.br\/index.php\/2026\/01\/17\/filho-de-luciana-gimenez-se-manifesta-apos-saida-da-apresentadora-da-redetv-e-emociona-fas\/#article\",\"isPartOf\":{\"@id\":\"https:\/\/portaldoestado.com.br\/index.php\/2026\/01\/17\/filho-de-luciana-gimenez-se-manifesta-apos-saida-da-apresentadora-da-redetv-e-emociona-fas\/\"},\"author\":{\"name\":\"assessoriadefamosos\",\"@id\":\"https:\/\/portaldoestado.com.br\/#\/schema\/person\/5ca0174f3c8c84b59da62ea14b698cb9\"},\"headline\":\"Filho de Luciana Gimenez se manifesta ap\u00f3s sa\u00edda da apresentadora da RedeTV! e emociona f\u00e3s\",\"datePublished\":\"2026-01-17T15:44:51+00:00\",\"mainEntityOfPage\":{\"@id\":\"https:\/\/portaldoestado.com.br\/index.php\/2026\/01\/17\/filho-de-luciana-gimenez-se-manifesta-apos-saida-da-apresentadora-da-redetv-e-emociona-fas\/\"},\"wordCount\":271,\"publisher\":{\"@id\":\"https:\/\/portaldoestado.com.br\/#organization\"},\"image\":{\"@id\":\"https:\/\/portaldoestado.com.br\/index.php\/2026\/01\/17\/filho-de-luciana-gimenez-se-manifesta-apos-saida-da-apresentadora-da-redetv-e-emociona-fas\/#primaryimage\"},\"thumbnailUrl\":\"https:\/\/portaldoestado.com.br\/wp-content\/uploads\/2026\/01\/1LKI7l2C-Design-sem-nome-6.jpg\",\"articleSection\":[\"Famosos\"],\"inLanguage\":\"pt-BR\"},{\"@type\":\"WebPage\",\"@id\":\"https:\/\/portaldoestado.com.br\/index.php\/2026\/01\/17\/filho-de-luciana-gimenez-se-manifesta-apos-saida-da-apresentadora-da-redetv-e-emociona-fas\/\",\"url\":\"https:\/\/portaldoestado.com.br\/index.php\/2026\/01\/17\/filho-de-luciana-gimenez-se-manifesta-apos-saida-da-apresentadora-da-redetv-e-emociona-fas\/\",\"name\":\"Filho de Luciana Gimenez se manifesta ap\u00f3s sa\u00edda da apresentadora da RedeTV! e emociona f\u00e3s - Portal do Estado\",\"isPartOf\":{\"@id\":\"https:\/\/portaldoestado.com.br\/#website\"},\"primaryImageOfPage\":{\"@id\":\"https:\/\/portaldoestado.com.br\/index.php\/2026\/01\/17\/filho-de-luciana-gimenez-se-manifesta-apos-saida-da-apresentadora-da-redetv-e-emociona-fas\/#primaryimage\"},\"image\":{\"@id\":\"https:\/\/portaldoestado.com.br\/index.php\/2026\/01\/17\/filho-de-luciana-gimenez-se-manifesta-apos-saida-da-apresentadora-da-redetv-e-emociona-fas\/#primaryimage\"},\"thumbnailUrl\":\"https:\/\/portaldoestado.com.br\/wp-content\/uploads\/2026\/01\/1LKI7l2C-Design-sem-nome-6.jpg\",\"datePublished\":\"2026-01-17T15:44:51+00:00\",\"breadcrumb\":{\"@id\":\"https:\/\/portaldoestado.com.br\/index.php\/2026\/01\/17\/filho-de-luciana-gimenez-se-manifesta-apos-saida-da-apresentadora-da-redetv-e-emociona-fas\/#breadcrumb\"},\"inLanguage\":\"pt-BR\",\"potentialAction\":[{\"@type\":\"ReadAction\",\"target\":[\"https:\/\/portaldoestado.com.br\/index.php\/2026\/01\/17\/filho-de-luciana-gimenez-se-manifesta-apos-saida-da-apresentadora-da-redetv-e-emociona-fas\/\"]}]},{\"@type\":\"ImageObject\",\"inLanguage\":\"pt-BR\",\"@id\":\"https:\/\/portaldoestado.com.br\/index.php\/2026\/01\/17\/filho-de-luciana-gimenez-se-manifesta-apos-saida-da-apresentadora-da-redetv-e-emociona-fas\/#primaryimage\",\"url\":\"https:\/\/portaldoestado.com.br\/wp-content\/uploads\/2026\/01\/1LKI7l2C-Design-sem-nome-6.jpg\",\"contentUrl\":\"https:\/\/portaldoestado.com.br\/wp-content\/uploads\/2026\/01\/1LKI7l2C-Design-sem-nome-6.jpg\",\"width\":1200,\"height\":900},{\"@type\":\"BreadcrumbList\",\"@id\":\"https:\/\/portaldoestado.com.br\/index.php\/2026\/01\/17\/filho-de-luciana-gimenez-se-manifesta-apos-saida-da-apresentadora-da-redetv-e-emociona-fas\/#breadcrumb\",\"itemListElement\":[{\"@type\":\"ListItem\",\"position\":1,\"name\":\"In\u00edcio\",\"item\":\"https:\/\/portaldoestado.com.br\/\"},{\"@type\":\"ListItem\",\"position\":2,\"name\":\"Filho de Luciana Gimenez se manifesta ap\u00f3s sa\u00edda da apresentadora da RedeTV! e emociona f\u00e3s\"}]},{\"@type\":\"WebSite\",\"@id\":\"https:\/\/portaldoestado.com.br\/#website\",\"url\":\"https:\/\/portaldoestado.com.br\/\",\"name\":\"Portal do Estado\",\"description\":\"\",\"publisher\":{\"@id\":\"https:\/\/portaldoestado.com.br\/#organization\"},\"potentialAction\":[{\"@type\":\"SearchAction\",\"target\":{\"@type\":\"EntryPoint\",\"urlTemplate\":\"https:\/\/portaldoestado.com.br\/?s={search_term_string}\"},\"query-input\":{\"@type\":\"PropertyValueSpecification\",\"valueRequired\":true,\"valueName\":\"search_term_string\"}}],\"inLanguage\":\"pt-BR\"},{\"@type\":\"Organization\",\"@id\":\"https:\/\/portaldoestado.com.br\/#organization\",\"name\":\"Portal do Estado\",\"url\":\"https:\/\/portaldoestado.com.br\/\",\"logo\":{\"@type\":\"ImageObject\",\"inLanguage\":\"pt-BR\",\"@id\":\"https:\/\/portaldoestado.com.br\/#\/schema\/logo\/image\/\",\"url\":\"https:\/\/portaldoestado.com.br\/wp-content\/uploads\/2025\/04\/cropped-6f69b19a-6472-43bf-b1b3-e1910bbbd4e8.png\",\"contentUrl\":\"https:\/\/portaldoestado.com.br\/wp-content\/uploads\/2025\/04\/cropped-6f69b19a-6472-43bf-b1b3-e1910bbbd4e8.png\",\"width\":1024,\"height\":350,\"caption\":\"Portal do Estado\"},\"image\":{\"@id\":\"https:\/\/portaldoestado.com.br\/#\/schema\/logo\/image\/\"}},{\"@type\":\"Person\",\"@id\":\"https:\/\/portaldoestado.com.br\/#\/schema\/person\/5ca0174f3c8c84b59da62ea14b698cb9\",\"name\":\"assessoriadefamosos\",\"image\":{\"@type\":\"ImageObject\",\"inLanguage\":\"pt-BR\",\"@id\":\"https:\/\/portaldoestado.com.br\/#\/schema\/person\/image\/\",\"url\":\"https:\/\/secure.gravatar.com\/avatar\/a7acbdffcfbbae7240e59f47fe511ec5f5d8c252c779f0b8d9ab02a9e1d8c5ed?s=96&d=mm&r=g\",\"contentUrl\":\"https:\/\/secure.gravatar.com\/avatar\/a7acbdffcfbbae7240e59f47fe511ec5f5d8c252c779f0b8d9ab02a9e1d8c5ed?s=96&d=mm&r=g\",\"caption\":\"assessoriadefamosos\"},\"url\":\"https:\/\/portaldoestado.com.br\/index.php\/author\/assessoriadefamosos\/\"}]}<\/script>\n<!-- \/ Yoast SEO plugin. -->","yoast_head_json":{"title":"Filho de Luciana Gimenez se manifesta ap\u00f3s sa\u00edda da apresentadora da RedeTV! e emociona f\u00e3s - Portal do Estado","robots":{"index":"index","follow":"follow","max-snippet":"max-snippet:-1","max-image-preview":"max-image-preview:large","max-video-preview":"max-video-preview:-1"},"canonical":"https:\/\/portaldoestado.com.br\/index.php\/2026\/01\/17\/filho-de-luciana-gimenez-se-manifesta-apos-saida-da-apresentadora-da-redetv-e-emociona-fas\/","og_locale":"pt_BR","og_type":"article","og_title":"Filho de Luciana Gimenez se manifesta ap\u00f3s sa\u00edda da apresentadora da RedeTV! e emociona f\u00e3s - Portal do Estado","og_description":"A sa\u00edda de Luciana Gimenez da RedeTV!, ap\u00f3s mais de duas d\u00e9cadas \u00e0 frente do \u201cSuperPop\u201d, gerou repercuss\u00e3o n\u00e3o apenas entre f\u00e3s e colegas de profiss\u00e3o, mas tamb\u00e9m dentro da fam\u00edlia. Lucas Jagger, filho da apresentadora, fez quest\u00e3o de comentar publicamente o momento e trouxe uma lembran\u00e7a carinhosa dos bastidores do programa. Aos 26 anos, \u2026","og_url":"https:\/\/portaldoestado.com.br\/index.php\/2026\/01\/17\/filho-de-luciana-gimenez-se-manifesta-apos-saida-da-apresentadora-da-redetv-e-emociona-fas\/","og_site_name":"Portal do Estado","article_published_time":"2026-01-17T15:44:51+00:00","og_image":[{"width":1200,"height":900,"url":"https:\/\/portaldoestado.com.br\/wp-content\/uploads\/2026\/01\/1LKI7l2C-Design-sem-nome-6.jpg","type":"image\/jpeg"}],"author":"assessoriadefamosos","twitter_card":"summary_large_image","twitter_misc":{"Escrito por":"assessoriadefamosos","Est. tempo de leitura":"1 minuto"},"schema":{"@context":"https:\/\/schema.org","@graph":[{"@type":"Article","@id":"https:\/\/portaldoestado.com.br\/index.php\/2026\/01\/17\/filho-de-luciana-gimenez-se-manifesta-apos-saida-da-apresentadora-da-redetv-e-emociona-fas\/#article","isPartOf":{"@id":"https:\/\/portaldoestado.com.br\/index.php\/2026\/01\/17\/filho-de-luciana-gimenez-se-manifesta-apos-saida-da-apresentadora-da-redetv-e-emociona-fas\/"},"author":{"name":"assessoriadefamosos","@id":"https:\/\/portaldoestado.com.br\/#\/schema\/person\/5ca0174f3c8c84b59da62ea14b698cb9"},"headline":"Filho de Luciana Gimenez se manifesta ap\u00f3s sa\u00edda da apresentadora da RedeTV! e emociona f\u00e3s","datePublished":"2026-01-17T15:44:51+00:00","mainEntityOfPage":{"@id":"https:\/\/portaldoestado.com.br\/index.php\/2026\/01\/17\/filho-de-luciana-gimenez-se-manifesta-apos-saida-da-apresentadora-da-redetv-e-emociona-fas\/"},"wordCount":271,"publisher":{"@id":"https:\/\/portaldoestado.com.br\/#organization"},"image":{"@id":"https:\/\/portaldoestado.com.br\/index.php\/2026\/01\/17\/filho-de-luciana-gimenez-se-manifesta-apos-saida-da-apresentadora-da-redetv-e-emociona-fas\/#primaryimage"},"thumbnailUrl":"https:\/\/portaldoestado.com.br\/wp-content\/uploads\/2026\/01\/1LKI7l2C-Design-sem-nome-6.jpg","articleSection":["Famosos"],"inLanguage":"pt-BR"},{"@type":"WebPage","@id":"https:\/\/portaldoestado.com.br\/index.php\/2026\/01\/17\/filho-de-luciana-gimenez-se-manifesta-apos-saida-da-apresentadora-da-redetv-e-emociona-fas\/","url":"https:\/\/portaldoestado.com.br\/index.php\/2026\/01\/17\/filho-de-luciana-gimenez-se-manifesta-apos-saida-da-apresentadora-da-redetv-e-emociona-fas\/","name":"Filho de Luciana Gimenez se manifesta ap\u00f3s sa\u00edda da apresentadora da RedeTV! e emociona f\u00e3s - Portal do Estado","isPartOf":{"@id":"https:\/\/portaldoestado.com.br\/#website"},"primaryImageOfPage":{"@id":"https:\/\/portaldoestado.com.br\/index.php\/2026\/01\/17\/filho-de-luciana-gimenez-se-manifesta-apos-saida-da-apresentadora-da-redetv-e-emociona-fas\/#primaryimage"},"image":{"@id":"https:\/\/portaldoestado.com.br\/index.php\/2026\/01\/17\/filho-de-luciana-gimenez-se-manifesta-apos-saida-da-apresentadora-da-redetv-e-emociona-fas\/#primaryimage"},"thumbnailUrl":"https:\/\/portaldoestado.com.br\/wp-content\/uploads\/2026\/01\/1LKI7l2C-Design-sem-nome-6.jpg","datePublished":"2026-01-17T15:44:51+00:00","breadcrumb":{"@id":"https:\/\/portaldoestado.com.br\/index.php\/2026\/01\/17\/filho-de-luciana-gimenez-se-manifesta-apos-saida-da-apresentadora-da-redetv-e-emociona-fas\/#breadcrumb"},"inLanguage":"pt-BR","potentialAction":[{"@type":"ReadAction","target":["https:\/\/portaldoestado.com.br\/index.php\/2026\/01\/17\/filho-de-luciana-gimenez-se-manifesta-apos-saida-da-apresentadora-da-redetv-e-emociona-fas\/"]}]},{"@type":"ImageObject","inLanguage":"pt-BR","@id":"https:\/\/portaldoestado.com.br\/index.php\/2026\/01\/17\/filho-de-luciana-gimenez-se-manifesta-apos-saida-da-apresentadora-da-redetv-e-emociona-fas\/#primaryimage","url":"https:\/\/portaldoestado.com.br\/wp-content\/uploads\/2026\/01\/1LKI7l2C-Design-sem-nome-6.jpg","contentUrl":"https:\/\/portaldoestado.com.br\/wp-content\/uploads\/2026\/01\/1LKI7l2C-Design-sem-nome-6.jpg","width":1200,"height":900},{"@type":"BreadcrumbList","@id":"https:\/\/portaldoestado.com.br\/index.php\/2026\/01\/17\/filho-de-luciana-gimenez-se-manifesta-apos-saida-da-apresentadora-da-redetv-e-emociona-fas\/#breadcrumb","itemListElement":[{"@type":"ListItem","position":1,"name":"In\u00edcio","item":"https:\/\/portaldoestado.com.br\/"},{"@type":"ListItem","position":2,"name":"Filho de Luciana Gimenez se manifesta ap\u00f3s sa\u00edda da apresentadora da RedeTV! e emociona f\u00e3s"}]},{"@type":"WebSite","@id":"https:\/\/portaldoestado.com.br\/#website","url":"https:\/\/portaldoestado.com.br\/","name":"Portal do Estado","description":"","publisher":{"@id":"https:\/\/portaldoestado.com.br\/#organization"},"potentialAction":[{"@type":"SearchAction","target":{"@type":"EntryPoint","urlTemplate":"https:\/\/portaldoestado.com.br\/?s={search_term_string}"},"query-input":{"@type":"PropertyValueSpecification","valueRequired":true,"valueName":"search_term_string"}}],"inLanguage":"pt-BR"},{"@type":"Organization","@id":"https:\/\/portaldoestado.com.br\/#organization","name":"Portal do Estado","url":"https:\/\/portaldoestado.com.br\/","logo":{"@type":"ImageObject","inLanguage":"pt-BR","@id":"https:\/\/portaldoestado.com.br\/#\/schema\/logo\/image\/","url":"https:\/\/portaldoestado.com.br\/wp-content\/uploads\/2025\/04\/cropped-6f69b19a-6472-43bf-b1b3-e1910bbbd4e8.png","contentUrl":"https:\/\/portaldoestado.com.br\/wp-content\/uploads\/2025\/04\/cropped-6f69b19a-6472-43bf-b1b3-e1910bbbd4e8.png","width":1024,"height":350,"caption":"Portal do Estado"},"image":{"@id":"https:\/\/portaldoestado.com.br\/#\/schema\/logo\/image\/"}},{"@type":"Person","@id":"https:\/\/portaldoestado.com.br\/#\/schema\/person\/5ca0174f3c8c84b59da62ea14b698cb9","name":"assessoriadefamosos","image":{"@type":"ImageObject","inLanguage":"pt-BR","@id":"https:\/\/portaldoestado.com.br\/#\/schema\/person\/image\/","url":"https:\/\/secure.gravatar.com\/avatar\/a7acbdffcfbbae7240e59f47fe511ec5f5d8c252c779f0b8d9ab02a9e1d8c5ed?s=96&d=mm&r=g","contentUrl":"https:\/\/secure.gravatar.com\/avatar\/a7acbdffcfbbae7240e59f47fe511ec5f5d8c252c779f0b8d9ab02a9e1d8c5ed?s=96&d=mm&r=g","caption":"assessoriadefamosos"},"url":"https:\/\/portaldoestado.com.br\/index.php\/author\/assessoriadefamosos\/"}]}},"jetpack_featured_media_url":"https:\/\/portaldoestado.com.br\/wp-content\/uploads\/2026\/01\/1LKI7l2C-Design-sem-nome-6.jpg","_links":{"self":[{"href":"https:\/\/portaldoestado.com.br\/index.php\/wp-json\/wp\/v2\/posts\/5791","targetHints":{"allow":["GET"]}}],"collection":[{"href":"https:\/\/portaldoestado.com.br\/index.php\/wp-json\/wp\/v2\/posts"}],"about":[{"href":"https:\/\/portaldoestado.com.br\/index.php\/wp-json\/wp\/v2\/types\/post"}],"author":[{"embeddable":true,"href":"https:\/\/portaldoestado.com.br\/index.php\/wp-json\/wp\/v2\/users\/2"}],"replies":[{"embeddable":true,"href":"https:\/\/portaldoestado.com.br\/index.php\/wp-json\/wp\/v2\/comments?post=5791"}],"version-history":[{"count":1,"href":"https:\/\/portaldoestado.com.br\/index.php\/wp-json\/wp\/v2\/posts\/5791\/revisions"}],"predecessor-version":[{"id":5792,"href":"https:\/\/portaldoestado.com.br\/index.php\/wp-json\/wp\/v2\/posts\/5791\/revisions\/5792"}],"wp:featuredmedia":[{"embeddable":true,"href":"https:\/\/portaldoestado.com.br\/index.php\/wp-json\/wp\/v2\/media\/5790"}],"wp:attachment":[{"href":"https:\/\/portaldoestado.com.br\/index.php\/wp-json\/wp\/v2\/media?parent=5791"}],"wp:term":[{"taxonomy":"category","embeddable":true,"href":"https:\/\/portaldoestado.com.br\/index.php\/wp-json\/wp\/v2\/categories?post=5791"},{"taxonomy":"post_tag","embeddable":true,"href":"https:\/\/portaldoestado.com.br\/index.php\/wp-json\/wp\/v2\/tags?post=5791"}],"curies":[{"name":"wp","href":"https:\/\/api.w.org\/{rel}","templated":true}]}}