{"id":5776,"date":"2026-01-16T18:00:22","date_gmt":"2026-01-16T18:00:22","guid":{"rendered":"https:\/\/portaldoestado.com.br\/?p=5776"},"modified":"2026-01-16T18:00:22","modified_gmt":"2026-01-16T18:00:22","slug":"camarote-brahma-salvador-inaugura-loja-oficial-e-apresenta-abadas-do-carnaval-2026","status":"publish","type":"post","link":"https:\/\/portaldoestado.com.br\/index.php\/2026\/01\/16\/camarote-brahma-salvador-inaugura-loja-oficial-e-apresenta-abadas-do-carnaval-2026\/","title":{"rendered":"Camarote Brahma Salvador inaugura loja oficial e apresenta abad\u00e1s do Carnaval 2026"},"content":{"rendered":"\n<p>O Camarote Brahma Salvador deu in\u00edcio \u00e0s ativa\u00e7\u00f5es para o Carnaval 2026 com a inaugura\u00e7\u00e3o de sua loja no Salvador Shopping, na noite desta quarta-feira (14), em um evento que reuniu artistas como Durval Lelys, Tuca Fernandes, Denny e Buja (Timbalada), Lincoln Sena (Parangol\u00e9), e Dan Vasco (Filhos de Jorge), al\u00e9m de convidados em uma noite de brilho, celebra\u00e7\u00e3o e novidades.<\/p>\n\n\n\n<p>Pensado como um espa\u00e7o de relacionamento com o p\u00fablico, o local tamb\u00e9m passa a funcionar como ponto para retirada de abad\u00e1s, antecipando a experi\u00eancia do Camarote antes mesmo dos dias de festa. A inaugura\u00e7\u00e3o, promovida pela 2GB Entretenimento, reuniu nomes do mercado cultural, art\u00edstico e criativo, e influenciadores.<\/p>\n\n\n\n<p>Um dos destaques da noite foi a apresenta\u00e7\u00e3o, em primeira m\u00e3o, dos abad\u00e1s do Camarote Brahma Salvador 2026. Desenvolvidas pela pr\u00f3pria equipe do Camarote, as pe\u00e7as trazem uma est\u00e9tica vintage que celebra a tradi\u00e7\u00e3o da Brahma e incorpora refer\u00eancias ao clima vibrante de um ano marcado pela Copa do Mundo, conectando moda, festa e paix\u00e3o nacional. Os modelos foram revelados por meio de um fashion film exclusivo, exibido durante o evento, seguido de um deslife com styling dos looks assinado pela marca baiana Mesckla.<\/p>\n\n\n\n<p>L\u00e9o Santana participou simultaneamente da cerim\u00f4nia, apresentando os abad\u00e1s e divulgando o lan\u00e7amento em suas redes sociais, ampliando o alcance da novidade e refor\u00e7ando a conex\u00e3o entre m\u00fasica, moda e a experi\u00eancia do Camarote Brahma Salvador no Carnaval 2026.<\/p>\n\n\n\n<p>Na ocasi\u00e3o, tamb\u00e9m foi apresentado o projeto do mini trio que far\u00e1 parte das experi\u00eancias do Camarote Brahma Salvador durante o Carnaval 2026.<\/p>\n","protected":false},"excerpt":{"rendered":"<p>O Camarote Brahma Salvador deu in\u00edcio \u00e0s ativa\u00e7\u00f5es para o Carnaval 2026 com a inaugura\u00e7\u00e3o de sua loja no Salvador Shopping, na noite desta quarta-feira (14), em um evento que reuniu artistas como Durval Lelys, Tuca Fernandes, Denny e Buja (Timbalada), Lincoln Sena (Parangol\u00e9), e Dan Vasco (Filhos de Jorge), al\u00e9m de convidados em uma \u2026<\/p>\n","protected":false},"author":2,"featured_media":5775,"comment_status":"closed","ping_status":"open","sticky":false,"template":"","format":"standard","meta":{"footnotes":""},"categories":[68,3],"tags":[],"class_list":["post-5776","post","type-post","status-publish","format-standard","has-post-thumbnail","hentry","category-carnaval","category-famosos"],"yoast_head":"<!-- This site is optimized with the Yoast SEO plugin v25.5 - https:\/\/yoast.com\/wordpress\/plugins\/seo\/ -->\n<title>Camarote Brahma Salvador inaugura loja oficial e apresenta abad\u00e1s do Carnaval 2026 - Portal do Estado<\/title>\n<meta name=\"robots\" content=\"index, follow, max-snippet:-1, max-image-preview:large, max-video-preview:-1\" \/>\n<link rel=\"canonical\" href=\"https:\/\/portaldoestado.com.br\/index.php\/2026\/01\/16\/camarote-brahma-salvador-inaugura-loja-oficial-e-apresenta-abadas-do-carnaval-2026\/\" \/>\n<meta property=\"og:locale\" content=\"pt_BR\" \/>\n<meta property=\"og:type\" content=\"article\" \/>\n<meta property=\"og:title\" content=\"Camarote Brahma Salvador inaugura loja oficial e apresenta abad\u00e1s do Carnaval 2026 - Portal do Estado\" \/>\n<meta property=\"og:description\" content=\"O Camarote Brahma Salvador deu in\u00edcio \u00e0s ativa\u00e7\u00f5es para o Carnaval 2026 com a inaugura\u00e7\u00e3o de sua loja no Salvador Shopping, na noite desta quarta-feira (14), em um evento que reuniu artistas como Durval Lelys, Tuca Fernandes, Denny e Buja (Timbalada), Lincoln Sena (Parangol\u00e9), e Dan Vasco (Filhos de Jorge), al\u00e9m de convidados em uma \u2026\" \/>\n<meta property=\"og:url\" content=\"https:\/\/portaldoestado.com.br\/index.php\/2026\/01\/16\/camarote-brahma-salvador-inaugura-loja-oficial-e-apresenta-abadas-do-carnaval-2026\/\" \/>\n<meta property=\"og:site_name\" content=\"Portal do Estado\" \/>\n<meta property=\"article:published_time\" content=\"2026-01-16T18:00:22+00:00\" \/>\n<meta property=\"og:image\" content=\"https:\/\/portaldoestado.com.br\/wp-content\/uploads\/2026\/01\/268a5b5b-d96f-47f2-9661-07db8fc7543d-e1768586168827.jpg\" \/>\n\t<meta property=\"og:image:width\" content=\"1178\" \/>\n\t<meta property=\"og:image:height\" content=\"798\" \/>\n\t<meta property=\"og:image:type\" content=\"image\/jpeg\" \/>\n<meta name=\"author\" content=\"assessoriadefamosos\" \/>\n<meta name=\"twitter:card\" content=\"summary_large_image\" \/>\n<meta name=\"twitter:label1\" content=\"Escrito por\" \/>\n\t<meta name=\"twitter:data1\" content=\"assessoriadefamosos\" \/>\n\t<meta name=\"twitter:label2\" content=\"Est. tempo de leitura\" \/>\n\t<meta name=\"twitter:data2\" content=\"1 minuto\" \/>\n<script type=\"application\/ld+json\" class=\"yoast-schema-graph\">{\"@context\":\"https:\/\/schema.org\",\"@graph\":[{\"@type\":\"Article\",\"@id\":\"https:\/\/portaldoestado.com.br\/index.php\/2026\/01\/16\/camarote-brahma-salvador-inaugura-loja-oficial-e-apresenta-abadas-do-carnaval-2026\/#article\",\"isPartOf\":{\"@id\":\"https:\/\/portaldoestado.com.br\/index.php\/2026\/01\/16\/camarote-brahma-salvador-inaugura-loja-oficial-e-apresenta-abadas-do-carnaval-2026\/\"},\"author\":{\"name\":\"assessoriadefamosos\",\"@id\":\"https:\/\/portaldoestado.com.br\/#\/schema\/person\/5ca0174f3c8c84b59da62ea14b698cb9\"},\"headline\":\"Camarote Brahma Salvador inaugura loja oficial e apresenta abad\u00e1s do Carnaval 2026\",\"datePublished\":\"2026-01-16T18:00:22+00:00\",\"mainEntityOfPage\":{\"@id\":\"https:\/\/portaldoestado.com.br\/index.php\/2026\/01\/16\/camarote-brahma-salvador-inaugura-loja-oficial-e-apresenta-abadas-do-carnaval-2026\/\"},\"wordCount\":294,\"publisher\":{\"@id\":\"https:\/\/portaldoestado.com.br\/#organization\"},\"image\":{\"@id\":\"https:\/\/portaldoestado.com.br\/index.php\/2026\/01\/16\/camarote-brahma-salvador-inaugura-loja-oficial-e-apresenta-abadas-do-carnaval-2026\/#primaryimage\"},\"thumbnailUrl\":\"https:\/\/portaldoestado.com.br\/wp-content\/uploads\/2026\/01\/268a5b5b-d96f-47f2-9661-07db8fc7543d-e1768586168827.jpg\",\"articleSection\":[\"Carnaval\",\"Famosos\"],\"inLanguage\":\"pt-BR\"},{\"@type\":\"WebPage\",\"@id\":\"https:\/\/portaldoestado.com.br\/index.php\/2026\/01\/16\/camarote-brahma-salvador-inaugura-loja-oficial-e-apresenta-abadas-do-carnaval-2026\/\",\"url\":\"https:\/\/portaldoestado.com.br\/index.php\/2026\/01\/16\/camarote-brahma-salvador-inaugura-loja-oficial-e-apresenta-abadas-do-carnaval-2026\/\",\"name\":\"Camarote Brahma Salvador inaugura loja oficial e apresenta abad\u00e1s do Carnaval 2026 - Portal do Estado\",\"isPartOf\":{\"@id\":\"https:\/\/portaldoestado.com.br\/#website\"},\"primaryImageOfPage\":{\"@id\":\"https:\/\/portaldoestado.com.br\/index.php\/2026\/01\/16\/camarote-brahma-salvador-inaugura-loja-oficial-e-apresenta-abadas-do-carnaval-2026\/#primaryimage\"},\"image\":{\"@id\":\"https:\/\/portaldoestado.com.br\/index.php\/2026\/01\/16\/camarote-brahma-salvador-inaugura-loja-oficial-e-apresenta-abadas-do-carnaval-2026\/#primaryimage\"},\"thumbnailUrl\":\"https:\/\/portaldoestado.com.br\/wp-content\/uploads\/2026\/01\/268a5b5b-d96f-47f2-9661-07db8fc7543d-e1768586168827.jpg\",\"datePublished\":\"2026-01-16T18:00:22+00:00\",\"breadcrumb\":{\"@id\":\"https:\/\/portaldoestado.com.br\/index.php\/2026\/01\/16\/camarote-brahma-salvador-inaugura-loja-oficial-e-apresenta-abadas-do-carnaval-2026\/#breadcrumb\"},\"inLanguage\":\"pt-BR\",\"potentialAction\":[{\"@type\":\"ReadAction\",\"target\":[\"https:\/\/portaldoestado.com.br\/index.php\/2026\/01\/16\/camarote-brahma-salvador-inaugura-loja-oficial-e-apresenta-abadas-do-carnaval-2026\/\"]}]},{\"@type\":\"ImageObject\",\"inLanguage\":\"pt-BR\",\"@id\":\"https:\/\/portaldoestado.com.br\/index.php\/2026\/01\/16\/camarote-brahma-salvador-inaugura-loja-oficial-e-apresenta-abadas-do-carnaval-2026\/#primaryimage\",\"url\":\"https:\/\/portaldoestado.com.br\/wp-content\/uploads\/2026\/01\/268a5b5b-d96f-47f2-9661-07db8fc7543d-e1768586168827.jpg\",\"contentUrl\":\"https:\/\/portaldoestado.com.br\/wp-content\/uploads\/2026\/01\/268a5b5b-d96f-47f2-9661-07db8fc7543d-e1768586168827.jpg\",\"width\":1178,\"height\":798},{\"@type\":\"BreadcrumbList\",\"@id\":\"https:\/\/portaldoestado.com.br\/index.php\/2026\/01\/16\/camarote-brahma-salvador-inaugura-loja-oficial-e-apresenta-abadas-do-carnaval-2026\/#breadcrumb\",\"itemListElement\":[{\"@type\":\"ListItem\",\"position\":1,\"name\":\"In\u00edcio\",\"item\":\"https:\/\/portaldoestado.com.br\/\"},{\"@type\":\"ListItem\",\"position\":2,\"name\":\"Camarote Brahma Salvador inaugura loja oficial e apresenta abad\u00e1s do Carnaval 2026\"}]},{\"@type\":\"WebSite\",\"@id\":\"https:\/\/portaldoestado.com.br\/#website\",\"url\":\"https:\/\/portaldoestado.com.br\/\",\"name\":\"Portal do Estado\",\"description\":\"\",\"publisher\":{\"@id\":\"https:\/\/portaldoestado.com.br\/#organization\"},\"potentialAction\":[{\"@type\":\"SearchAction\",\"target\":{\"@type\":\"EntryPoint\",\"urlTemplate\":\"https:\/\/portaldoestado.com.br\/?s={search_term_string}\"},\"query-input\":{\"@type\":\"PropertyValueSpecification\",\"valueRequired\":true,\"valueName\":\"search_term_string\"}}],\"inLanguage\":\"pt-BR\"},{\"@type\":\"Organization\",\"@id\":\"https:\/\/portaldoestado.com.br\/#organization\",\"name\":\"Portal do Estado\",\"url\":\"https:\/\/portaldoestado.com.br\/\",\"logo\":{\"@type\":\"ImageObject\",\"inLanguage\":\"pt-BR\",\"@id\":\"https:\/\/portaldoestado.com.br\/#\/schema\/logo\/image\/\",\"url\":\"https:\/\/portaldoestado.com.br\/wp-content\/uploads\/2025\/04\/cropped-6f69b19a-6472-43bf-b1b3-e1910bbbd4e8.png\",\"contentUrl\":\"https:\/\/portaldoestado.com.br\/wp-content\/uploads\/2025\/04\/cropped-6f69b19a-6472-43bf-b1b3-e1910bbbd4e8.png\",\"width\":1024,\"height\":350,\"caption\":\"Portal do Estado\"},\"image\":{\"@id\":\"https:\/\/portaldoestado.com.br\/#\/schema\/logo\/image\/\"}},{\"@type\":\"Person\",\"@id\":\"https:\/\/portaldoestado.com.br\/#\/schema\/person\/5ca0174f3c8c84b59da62ea14b698cb9\",\"name\":\"assessoriadefamosos\",\"image\":{\"@type\":\"ImageObject\",\"inLanguage\":\"pt-BR\",\"@id\":\"https:\/\/portaldoestado.com.br\/#\/schema\/person\/image\/\",\"url\":\"https:\/\/secure.gravatar.com\/avatar\/a7acbdffcfbbae7240e59f47fe511ec5f5d8c252c779f0b8d9ab02a9e1d8c5ed?s=96&d=mm&r=g\",\"contentUrl\":\"https:\/\/secure.gravatar.com\/avatar\/a7acbdffcfbbae7240e59f47fe511ec5f5d8c252c779f0b8d9ab02a9e1d8c5ed?s=96&d=mm&r=g\",\"caption\":\"assessoriadefamosos\"},\"url\":\"https:\/\/portaldoestado.com.br\/index.php\/author\/assessoriadefamosos\/\"}]}<\/script>\n<!-- \/ Yoast SEO plugin. -->","yoast_head_json":{"title":"Camarote Brahma Salvador inaugura loja oficial e apresenta abad\u00e1s do Carnaval 2026 - Portal do Estado","robots":{"index":"index","follow":"follow","max-snippet":"max-snippet:-1","max-image-preview":"max-image-preview:large","max-video-preview":"max-video-preview:-1"},"canonical":"https:\/\/portaldoestado.com.br\/index.php\/2026\/01\/16\/camarote-brahma-salvador-inaugura-loja-oficial-e-apresenta-abadas-do-carnaval-2026\/","og_locale":"pt_BR","og_type":"article","og_title":"Camarote Brahma Salvador inaugura loja oficial e apresenta abad\u00e1s do Carnaval 2026 - Portal do Estado","og_description":"O Camarote Brahma Salvador deu in\u00edcio \u00e0s ativa\u00e7\u00f5es para o Carnaval 2026 com a inaugura\u00e7\u00e3o de sua loja no Salvador Shopping, na noite desta quarta-feira (14), em um evento que reuniu artistas como Durval Lelys, Tuca Fernandes, Denny e Buja (Timbalada), Lincoln Sena (Parangol\u00e9), e Dan Vasco (Filhos de Jorge), al\u00e9m de convidados em uma \u2026","og_url":"https:\/\/portaldoestado.com.br\/index.php\/2026\/01\/16\/camarote-brahma-salvador-inaugura-loja-oficial-e-apresenta-abadas-do-carnaval-2026\/","og_site_name":"Portal do Estado","article_published_time":"2026-01-16T18:00:22+00:00","og_image":[{"width":1178,"height":798,"url":"https:\/\/portaldoestado.com.br\/wp-content\/uploads\/2026\/01\/268a5b5b-d96f-47f2-9661-07db8fc7543d-e1768586168827.jpg","type":"image\/jpeg"}],"author":"assessoriadefamosos","twitter_card":"summary_large_image","twitter_misc":{"Escrito por":"assessoriadefamosos","Est. tempo de leitura":"1 minuto"},"schema":{"@context":"https:\/\/schema.org","@graph":[{"@type":"Article","@id":"https:\/\/portaldoestado.com.br\/index.php\/2026\/01\/16\/camarote-brahma-salvador-inaugura-loja-oficial-e-apresenta-abadas-do-carnaval-2026\/#article","isPartOf":{"@id":"https:\/\/portaldoestado.com.br\/index.php\/2026\/01\/16\/camarote-brahma-salvador-inaugura-loja-oficial-e-apresenta-abadas-do-carnaval-2026\/"},"author":{"name":"assessoriadefamosos","@id":"https:\/\/portaldoestado.com.br\/#\/schema\/person\/5ca0174f3c8c84b59da62ea14b698cb9"},"headline":"Camarote Brahma Salvador inaugura loja oficial e apresenta abad\u00e1s do Carnaval 2026","datePublished":"2026-01-16T18:00:22+00:00","mainEntityOfPage":{"@id":"https:\/\/portaldoestado.com.br\/index.php\/2026\/01\/16\/camarote-brahma-salvador-inaugura-loja-oficial-e-apresenta-abadas-do-carnaval-2026\/"},"wordCount":294,"publisher":{"@id":"https:\/\/portaldoestado.com.br\/#organization"},"image":{"@id":"https:\/\/portaldoestado.com.br\/index.php\/2026\/01\/16\/camarote-brahma-salvador-inaugura-loja-oficial-e-apresenta-abadas-do-carnaval-2026\/#primaryimage"},"thumbnailUrl":"https:\/\/portaldoestado.com.br\/wp-content\/uploads\/2026\/01\/268a5b5b-d96f-47f2-9661-07db8fc7543d-e1768586168827.jpg","articleSection":["Carnaval","Famosos"],"inLanguage":"pt-BR"},{"@type":"WebPage","@id":"https:\/\/portaldoestado.com.br\/index.php\/2026\/01\/16\/camarote-brahma-salvador-inaugura-loja-oficial-e-apresenta-abadas-do-carnaval-2026\/","url":"https:\/\/portaldoestado.com.br\/index.php\/2026\/01\/16\/camarote-brahma-salvador-inaugura-loja-oficial-e-apresenta-abadas-do-carnaval-2026\/","name":"Camarote Brahma Salvador inaugura loja oficial e apresenta abad\u00e1s do Carnaval 2026 - Portal do Estado","isPartOf":{"@id":"https:\/\/portaldoestado.com.br\/#website"},"primaryImageOfPage":{"@id":"https:\/\/portaldoestado.com.br\/index.php\/2026\/01\/16\/camarote-brahma-salvador-inaugura-loja-oficial-e-apresenta-abadas-do-carnaval-2026\/#primaryimage"},"image":{"@id":"https:\/\/portaldoestado.com.br\/index.php\/2026\/01\/16\/camarote-brahma-salvador-inaugura-loja-oficial-e-apresenta-abadas-do-carnaval-2026\/#primaryimage"},"thumbnailUrl":"https:\/\/portaldoestado.com.br\/wp-content\/uploads\/2026\/01\/268a5b5b-d96f-47f2-9661-07db8fc7543d-e1768586168827.jpg","datePublished":"2026-01-16T18:00:22+00:00","breadcrumb":{"@id":"https:\/\/portaldoestado.com.br\/index.php\/2026\/01\/16\/camarote-brahma-salvador-inaugura-loja-oficial-e-apresenta-abadas-do-carnaval-2026\/#breadcrumb"},"inLanguage":"pt-BR","potentialAction":[{"@type":"ReadAction","target":["https:\/\/portaldoestado.com.br\/index.php\/2026\/01\/16\/camarote-brahma-salvador-inaugura-loja-oficial-e-apresenta-abadas-do-carnaval-2026\/"]}]},{"@type":"ImageObject","inLanguage":"pt-BR","@id":"https:\/\/portaldoestado.com.br\/index.php\/2026\/01\/16\/camarote-brahma-salvador-inaugura-loja-oficial-e-apresenta-abadas-do-carnaval-2026\/#primaryimage","url":"https:\/\/portaldoestado.com.br\/wp-content\/uploads\/2026\/01\/268a5b5b-d96f-47f2-9661-07db8fc7543d-e1768586168827.jpg","contentUrl":"https:\/\/portaldoestado.com.br\/wp-content\/uploads\/2026\/01\/268a5b5b-d96f-47f2-9661-07db8fc7543d-e1768586168827.jpg","width":1178,"height":798},{"@type":"BreadcrumbList","@id":"https:\/\/portaldoestado.com.br\/index.php\/2026\/01\/16\/camarote-brahma-salvador-inaugura-loja-oficial-e-apresenta-abadas-do-carnaval-2026\/#breadcrumb","itemListElement":[{"@type":"ListItem","position":1,"name":"In\u00edcio","item":"https:\/\/portaldoestado.com.br\/"},{"@type":"ListItem","position":2,"name":"Camarote Brahma Salvador inaugura loja oficial e apresenta abad\u00e1s do Carnaval 2026"}]},{"@type":"WebSite","@id":"https:\/\/portaldoestado.com.br\/#website","url":"https:\/\/portaldoestado.com.br\/","name":"Portal do Estado","description":"","publisher":{"@id":"https:\/\/portaldoestado.com.br\/#organization"},"potentialAction":[{"@type":"SearchAction","target":{"@type":"EntryPoint","urlTemplate":"https:\/\/portaldoestado.com.br\/?s={search_term_string}"},"query-input":{"@type":"PropertyValueSpecification","valueRequired":true,"valueName":"search_term_string"}}],"inLanguage":"pt-BR"},{"@type":"Organization","@id":"https:\/\/portaldoestado.com.br\/#organization","name":"Portal do Estado","url":"https:\/\/portaldoestado.com.br\/","logo":{"@type":"ImageObject","inLanguage":"pt-BR","@id":"https:\/\/portaldoestado.com.br\/#\/schema\/logo\/image\/","url":"https:\/\/portaldoestado.com.br\/wp-content\/uploads\/2025\/04\/cropped-6f69b19a-6472-43bf-b1b3-e1910bbbd4e8.png","contentUrl":"https:\/\/portaldoestado.com.br\/wp-content\/uploads\/2025\/04\/cropped-6f69b19a-6472-43bf-b1b3-e1910bbbd4e8.png","width":1024,"height":350,"caption":"Portal do Estado"},"image":{"@id":"https:\/\/portaldoestado.com.br\/#\/schema\/logo\/image\/"}},{"@type":"Person","@id":"https:\/\/portaldoestado.com.br\/#\/schema\/person\/5ca0174f3c8c84b59da62ea14b698cb9","name":"assessoriadefamosos","image":{"@type":"ImageObject","inLanguage":"pt-BR","@id":"https:\/\/portaldoestado.com.br\/#\/schema\/person\/image\/","url":"https:\/\/secure.gravatar.com\/avatar\/a7acbdffcfbbae7240e59f47fe511ec5f5d8c252c779f0b8d9ab02a9e1d8c5ed?s=96&d=mm&r=g","contentUrl":"https:\/\/secure.gravatar.com\/avatar\/a7acbdffcfbbae7240e59f47fe511ec5f5d8c252c779f0b8d9ab02a9e1d8c5ed?s=96&d=mm&r=g","caption":"assessoriadefamosos"},"url":"https:\/\/portaldoestado.com.br\/index.php\/author\/assessoriadefamosos\/"}]}},"jetpack_featured_media_url":"https:\/\/portaldoestado.com.br\/wp-content\/uploads\/2026\/01\/268a5b5b-d96f-47f2-9661-07db8fc7543d-e1768586168827.jpg","_links":{"self":[{"href":"https:\/\/portaldoestado.com.br\/index.php\/wp-json\/wp\/v2\/posts\/5776","targetHints":{"allow":["GET"]}}],"collection":[{"href":"https:\/\/portaldoestado.com.br\/index.php\/wp-json\/wp\/v2\/posts"}],"about":[{"href":"https:\/\/portaldoestado.com.br\/index.php\/wp-json\/wp\/v2\/types\/post"}],"author":[{"embeddable":true,"href":"https:\/\/portaldoestado.com.br\/index.php\/wp-json\/wp\/v2\/users\/2"}],"replies":[{"embeddable":true,"href":"https:\/\/portaldoestado.com.br\/index.php\/wp-json\/wp\/v2\/comments?post=5776"}],"version-history":[{"count":1,"href":"https:\/\/portaldoestado.com.br\/index.php\/wp-json\/wp\/v2\/posts\/5776\/revisions"}],"predecessor-version":[{"id":5777,"href":"https:\/\/portaldoestado.com.br\/index.php\/wp-json\/wp\/v2\/posts\/5776\/revisions\/5777"}],"wp:featuredmedia":[{"embeddable":true,"href":"https:\/\/portaldoestado.com.br\/index.php\/wp-json\/wp\/v2\/media\/5775"}],"wp:attachment":[{"href":"https:\/\/portaldoestado.com.br\/index.php\/wp-json\/wp\/v2\/media?parent=5776"}],"wp:term":[{"taxonomy":"category","embeddable":true,"href":"https:\/\/portaldoestado.com.br\/index.php\/wp-json\/wp\/v2\/categories?post=5776"},{"taxonomy":"post_tag","embeddable":true,"href":"https:\/\/portaldoestado.com.br\/index.php\/wp-json\/wp\/v2\/tags?post=5776"}],"curies":[{"name":"wp","href":"https:\/\/api.w.org\/{rel}","templated":true}]}}