{"id":5770,"date":"2026-01-16T17:23:44","date_gmt":"2026-01-16T17:23:44","guid":{"rendered":"https:\/\/portaldoestado.com.br\/?p=5770"},"modified":"2026-01-16T17:23:44","modified_gmt":"2026-01-16T17:23:44","slug":"em-clima-de-inverno-ticiane-pinheiro-aproveita-viagem-a-aspen-com-as-filhas-e-amigas","status":"publish","type":"post","link":"https:\/\/portaldoestado.com.br\/index.php\/2026\/01\/16\/em-clima-de-inverno-ticiane-pinheiro-aproveita-viagem-a-aspen-com-as-filhas-e-amigas\/","title":{"rendered":"Em clima de inverno, Ticiane Pinheiro aproveita viagem a Aspen com as filhas e amigas"},"content":{"rendered":"\n<p>Ticiane Pinheiro escolheu trocar o calor do Rio de Janeiro por temperaturas negativas em Aspen, nos Estados Unidos, para curtir dias de descanso em uma viagem dedicada \u00e0 fam\u00edlia. A apresentadora embarcou para o destino tur\u00edstico ao lado das filhas, Rafa Justus e Manu, al\u00e9m de Fabiana Justus e amigos pr\u00f3ximos, em um roteiro marcado por neve, esqui e momentos de conex\u00e3o.<\/p>\n\n\n\n<p>Nas redes sociais, Ticiane tem mostrado detalhes da temporada de inverno, compartilhando v\u00eddeos e fotos das meninas explorando o cen\u00e1rio gelado. Um dos registros mais comentados foi o da pequena Manu tendo o primeiro contato com a neve, enquanto Rafa aproveitava as pistas para esquiar.<\/p>\n\n\n\n<p>O marido da apresentadora, C\u00e9sar Tralli, n\u00e3o participou da viagem por conta dos compromissos profissionais \u00e0 frente do <em>Jornal Nacional<\/em>. Desde que assumiu a bancada do telejornal, o jornalista passou a se dividir entre o Rio de Janeiro e S\u00e3o Paulo, rotina que deve mudar em breve com a mudan\u00e7a definitiva de Ticiane para a capital fluminense.<\/p>\n\n\n\n<p>A viagem acontece em um momento de transi\u00e7\u00e3o na carreira da apresentadora, que encerrou recentemente sua longa trajet\u00f3ria na Record ap\u00f3s duas d\u00e9cadas. Mais ativa do que nunca nas redes sociais, ela segue compartilhando momentos pessoais com seus quase 10 milh\u00f5es de seguidores, refor\u00e7ando a import\u00e2ncia de viver experi\u00eancias que se transformam em mem\u00f3rias afetivas.<\/p>\n\n\n\n<p>Mesmo sentindo a aus\u00eancia do marido, Ticiane destacou o privil\u00e9gio de viver a experi\u00eancia ao lado das filhas, celebrando cada instante da viagem em clima de gratid\u00e3o.<\/p>\n","protected":false},"excerpt":{"rendered":"<p>Ticiane Pinheiro escolheu trocar o calor do Rio de Janeiro por temperaturas negativas em Aspen, nos Estados Unidos, para curtir dias de descanso em uma viagem dedicada \u00e0 fam\u00edlia. A apresentadora embarcou para o destino tur\u00edstico ao lado das filhas, Rafa Justus e Manu, al\u00e9m de Fabiana Justus e amigos pr\u00f3ximos, em um roteiro marcado \u2026<\/p>\n","protected":false},"author":2,"featured_media":5769,"comment_status":"closed","ping_status":"open","sticky":false,"template":"","format":"standard","meta":{"footnotes":""},"categories":[3],"tags":[],"class_list":["post-5770","post","type-post","status-publish","format-standard","has-post-thumbnail","hentry","category-famosos"],"yoast_head":"<!-- This site is optimized with the Yoast SEO plugin v25.5 - https:\/\/yoast.com\/wordpress\/plugins\/seo\/ -->\n<title>Em clima de inverno, Ticiane Pinheiro aproveita viagem a Aspen com as filhas e amigas - Portal do Estado<\/title>\n<meta name=\"robots\" content=\"index, follow, max-snippet:-1, max-image-preview:large, max-video-preview:-1\" \/>\n<link rel=\"canonical\" href=\"https:\/\/portaldoestado.com.br\/index.php\/2026\/01\/16\/em-clima-de-inverno-ticiane-pinheiro-aproveita-viagem-a-aspen-com-as-filhas-e-amigas\/\" \/>\n<meta property=\"og:locale\" content=\"pt_BR\" \/>\n<meta property=\"og:type\" content=\"article\" \/>\n<meta property=\"og:title\" content=\"Em clima de inverno, Ticiane Pinheiro aproveita viagem a Aspen com as filhas e amigas - Portal do Estado\" \/>\n<meta property=\"og:description\" content=\"Ticiane Pinheiro escolheu trocar o calor do Rio de Janeiro por temperaturas negativas em Aspen, nos Estados Unidos, para curtir dias de descanso em uma viagem dedicada \u00e0 fam\u00edlia. A apresentadora embarcou para o destino tur\u00edstico ao lado das filhas, Rafa Justus e Manu, al\u00e9m de Fabiana Justus e amigos pr\u00f3ximos, em um roteiro marcado \u2026\" \/>\n<meta property=\"og:url\" content=\"https:\/\/portaldoestado.com.br\/index.php\/2026\/01\/16\/em-clima-de-inverno-ticiane-pinheiro-aproveita-viagem-a-aspen-com-as-filhas-e-amigas\/\" \/>\n<meta property=\"og:site_name\" content=\"Portal do Estado\" \/>\n<meta property=\"article:published_time\" content=\"2026-01-16T17:23:44+00:00\" \/>\n<meta property=\"og:image\" content=\"https:\/\/portaldoestado.com.br\/wp-content\/uploads\/2026\/01\/6n1k8NuG-Backup-capa-1-foto-1024x768.png\" \/>\n\t<meta property=\"og:image:width\" content=\"1024\" \/>\n\t<meta property=\"og:image:height\" content=\"768\" \/>\n\t<meta property=\"og:image:type\" content=\"image\/png\" \/>\n<meta name=\"author\" content=\"assessoriadefamosos\" \/>\n<meta name=\"twitter:card\" content=\"summary_large_image\" \/>\n<meta name=\"twitter:label1\" content=\"Escrito por\" \/>\n\t<meta name=\"twitter:data1\" content=\"assessoriadefamosos\" \/>\n\t<meta name=\"twitter:label2\" content=\"Est. tempo de leitura\" \/>\n\t<meta name=\"twitter:data2\" content=\"1 minuto\" \/>\n<script type=\"application\/ld+json\" class=\"yoast-schema-graph\">{\"@context\":\"https:\/\/schema.org\",\"@graph\":[{\"@type\":\"Article\",\"@id\":\"https:\/\/portaldoestado.com.br\/index.php\/2026\/01\/16\/em-clima-de-inverno-ticiane-pinheiro-aproveita-viagem-a-aspen-com-as-filhas-e-amigas\/#article\",\"isPartOf\":{\"@id\":\"https:\/\/portaldoestado.com.br\/index.php\/2026\/01\/16\/em-clima-de-inverno-ticiane-pinheiro-aproveita-viagem-a-aspen-com-as-filhas-e-amigas\/\"},\"author\":{\"name\":\"assessoriadefamosos\",\"@id\":\"https:\/\/portaldoestado.com.br\/#\/schema\/person\/5ca0174f3c8c84b59da62ea14b698cb9\"},\"headline\":\"Em clima de inverno, Ticiane Pinheiro aproveita viagem a Aspen com as filhas e amigas\",\"datePublished\":\"2026-01-16T17:23:44+00:00\",\"mainEntityOfPage\":{\"@id\":\"https:\/\/portaldoestado.com.br\/index.php\/2026\/01\/16\/em-clima-de-inverno-ticiane-pinheiro-aproveita-viagem-a-aspen-com-as-filhas-e-amigas\/\"},\"wordCount\":282,\"publisher\":{\"@id\":\"https:\/\/portaldoestado.com.br\/#organization\"},\"image\":{\"@id\":\"https:\/\/portaldoestado.com.br\/index.php\/2026\/01\/16\/em-clima-de-inverno-ticiane-pinheiro-aproveita-viagem-a-aspen-com-as-filhas-e-amigas\/#primaryimage\"},\"thumbnailUrl\":\"https:\/\/portaldoestado.com.br\/wp-content\/uploads\/2026\/01\/6n1k8NuG-Backup-capa-1-foto.png\",\"articleSection\":[\"Famosos\"],\"inLanguage\":\"pt-BR\"},{\"@type\":\"WebPage\",\"@id\":\"https:\/\/portaldoestado.com.br\/index.php\/2026\/01\/16\/em-clima-de-inverno-ticiane-pinheiro-aproveita-viagem-a-aspen-com-as-filhas-e-amigas\/\",\"url\":\"https:\/\/portaldoestado.com.br\/index.php\/2026\/01\/16\/em-clima-de-inverno-ticiane-pinheiro-aproveita-viagem-a-aspen-com-as-filhas-e-amigas\/\",\"name\":\"Em clima de inverno, Ticiane Pinheiro aproveita viagem a Aspen com as filhas e amigas - Portal do Estado\",\"isPartOf\":{\"@id\":\"https:\/\/portaldoestado.com.br\/#website\"},\"primaryImageOfPage\":{\"@id\":\"https:\/\/portaldoestado.com.br\/index.php\/2026\/01\/16\/em-clima-de-inverno-ticiane-pinheiro-aproveita-viagem-a-aspen-com-as-filhas-e-amigas\/#primaryimage\"},\"image\":{\"@id\":\"https:\/\/portaldoestado.com.br\/index.php\/2026\/01\/16\/em-clima-de-inverno-ticiane-pinheiro-aproveita-viagem-a-aspen-com-as-filhas-e-amigas\/#primaryimage\"},\"thumbnailUrl\":\"https:\/\/portaldoestado.com.br\/wp-content\/uploads\/2026\/01\/6n1k8NuG-Backup-capa-1-foto.png\",\"datePublished\":\"2026-01-16T17:23:44+00:00\",\"breadcrumb\":{\"@id\":\"https:\/\/portaldoestado.com.br\/index.php\/2026\/01\/16\/em-clima-de-inverno-ticiane-pinheiro-aproveita-viagem-a-aspen-com-as-filhas-e-amigas\/#breadcrumb\"},\"inLanguage\":\"pt-BR\",\"potentialAction\":[{\"@type\":\"ReadAction\",\"target\":[\"https:\/\/portaldoestado.com.br\/index.php\/2026\/01\/16\/em-clima-de-inverno-ticiane-pinheiro-aproveita-viagem-a-aspen-com-as-filhas-e-amigas\/\"]}]},{\"@type\":\"ImageObject\",\"inLanguage\":\"pt-BR\",\"@id\":\"https:\/\/portaldoestado.com.br\/index.php\/2026\/01\/16\/em-clima-de-inverno-ticiane-pinheiro-aproveita-viagem-a-aspen-com-as-filhas-e-amigas\/#primaryimage\",\"url\":\"https:\/\/portaldoestado.com.br\/wp-content\/uploads\/2026\/01\/6n1k8NuG-Backup-capa-1-foto.png\",\"contentUrl\":\"https:\/\/portaldoestado.com.br\/wp-content\/uploads\/2026\/01\/6n1k8NuG-Backup-capa-1-foto.png\",\"width\":1200,\"height\":900},{\"@type\":\"BreadcrumbList\",\"@id\":\"https:\/\/portaldoestado.com.br\/index.php\/2026\/01\/16\/em-clima-de-inverno-ticiane-pinheiro-aproveita-viagem-a-aspen-com-as-filhas-e-amigas\/#breadcrumb\",\"itemListElement\":[{\"@type\":\"ListItem\",\"position\":1,\"name\":\"In\u00edcio\",\"item\":\"https:\/\/portaldoestado.com.br\/\"},{\"@type\":\"ListItem\",\"position\":2,\"name\":\"Em clima de inverno, Ticiane Pinheiro aproveita viagem a Aspen com as filhas e amigas\"}]},{\"@type\":\"WebSite\",\"@id\":\"https:\/\/portaldoestado.com.br\/#website\",\"url\":\"https:\/\/portaldoestado.com.br\/\",\"name\":\"Portal do Estado\",\"description\":\"\",\"publisher\":{\"@id\":\"https:\/\/portaldoestado.com.br\/#organization\"},\"potentialAction\":[{\"@type\":\"SearchAction\",\"target\":{\"@type\":\"EntryPoint\",\"urlTemplate\":\"https:\/\/portaldoestado.com.br\/?s={search_term_string}\"},\"query-input\":{\"@type\":\"PropertyValueSpecification\",\"valueRequired\":true,\"valueName\":\"search_term_string\"}}],\"inLanguage\":\"pt-BR\"},{\"@type\":\"Organization\",\"@id\":\"https:\/\/portaldoestado.com.br\/#organization\",\"name\":\"Portal do Estado\",\"url\":\"https:\/\/portaldoestado.com.br\/\",\"logo\":{\"@type\":\"ImageObject\",\"inLanguage\":\"pt-BR\",\"@id\":\"https:\/\/portaldoestado.com.br\/#\/schema\/logo\/image\/\",\"url\":\"https:\/\/portaldoestado.com.br\/wp-content\/uploads\/2025\/04\/cropped-6f69b19a-6472-43bf-b1b3-e1910bbbd4e8.png\",\"contentUrl\":\"https:\/\/portaldoestado.com.br\/wp-content\/uploads\/2025\/04\/cropped-6f69b19a-6472-43bf-b1b3-e1910bbbd4e8.png\",\"width\":1024,\"height\":350,\"caption\":\"Portal do Estado\"},\"image\":{\"@id\":\"https:\/\/portaldoestado.com.br\/#\/schema\/logo\/image\/\"}},{\"@type\":\"Person\",\"@id\":\"https:\/\/portaldoestado.com.br\/#\/schema\/person\/5ca0174f3c8c84b59da62ea14b698cb9\",\"name\":\"assessoriadefamosos\",\"image\":{\"@type\":\"ImageObject\",\"inLanguage\":\"pt-BR\",\"@id\":\"https:\/\/portaldoestado.com.br\/#\/schema\/person\/image\/\",\"url\":\"https:\/\/secure.gravatar.com\/avatar\/a7acbdffcfbbae7240e59f47fe511ec5f5d8c252c779f0b8d9ab02a9e1d8c5ed?s=96&d=mm&r=g\",\"contentUrl\":\"https:\/\/secure.gravatar.com\/avatar\/a7acbdffcfbbae7240e59f47fe511ec5f5d8c252c779f0b8d9ab02a9e1d8c5ed?s=96&d=mm&r=g\",\"caption\":\"assessoriadefamosos\"},\"url\":\"https:\/\/portaldoestado.com.br\/index.php\/author\/assessoriadefamosos\/\"}]}<\/script>\n<!-- \/ Yoast SEO plugin. -->","yoast_head_json":{"title":"Em clima de inverno, Ticiane Pinheiro aproveita viagem a Aspen com as filhas e amigas - Portal do Estado","robots":{"index":"index","follow":"follow","max-snippet":"max-snippet:-1","max-image-preview":"max-image-preview:large","max-video-preview":"max-video-preview:-1"},"canonical":"https:\/\/portaldoestado.com.br\/index.php\/2026\/01\/16\/em-clima-de-inverno-ticiane-pinheiro-aproveita-viagem-a-aspen-com-as-filhas-e-amigas\/","og_locale":"pt_BR","og_type":"article","og_title":"Em clima de inverno, Ticiane Pinheiro aproveita viagem a Aspen com as filhas e amigas - Portal do Estado","og_description":"Ticiane Pinheiro escolheu trocar o calor do Rio de Janeiro por temperaturas negativas em Aspen, nos Estados Unidos, para curtir dias de descanso em uma viagem dedicada \u00e0 fam\u00edlia. A apresentadora embarcou para o destino tur\u00edstico ao lado das filhas, Rafa Justus e Manu, al\u00e9m de Fabiana Justus e amigos pr\u00f3ximos, em um roteiro marcado \u2026","og_url":"https:\/\/portaldoestado.com.br\/index.php\/2026\/01\/16\/em-clima-de-inverno-ticiane-pinheiro-aproveita-viagem-a-aspen-com-as-filhas-e-amigas\/","og_site_name":"Portal do Estado","article_published_time":"2026-01-16T17:23:44+00:00","og_image":[{"width":1024,"height":768,"url":"https:\/\/portaldoestado.com.br\/wp-content\/uploads\/2026\/01\/6n1k8NuG-Backup-capa-1-foto-1024x768.png","type":"image\/png"}],"author":"assessoriadefamosos","twitter_card":"summary_large_image","twitter_misc":{"Escrito por":"assessoriadefamosos","Est. tempo de leitura":"1 minuto"},"schema":{"@context":"https:\/\/schema.org","@graph":[{"@type":"Article","@id":"https:\/\/portaldoestado.com.br\/index.php\/2026\/01\/16\/em-clima-de-inverno-ticiane-pinheiro-aproveita-viagem-a-aspen-com-as-filhas-e-amigas\/#article","isPartOf":{"@id":"https:\/\/portaldoestado.com.br\/index.php\/2026\/01\/16\/em-clima-de-inverno-ticiane-pinheiro-aproveita-viagem-a-aspen-com-as-filhas-e-amigas\/"},"author":{"name":"assessoriadefamosos","@id":"https:\/\/portaldoestado.com.br\/#\/schema\/person\/5ca0174f3c8c84b59da62ea14b698cb9"},"headline":"Em clima de inverno, Ticiane Pinheiro aproveita viagem a Aspen com as filhas e amigas","datePublished":"2026-01-16T17:23:44+00:00","mainEntityOfPage":{"@id":"https:\/\/portaldoestado.com.br\/index.php\/2026\/01\/16\/em-clima-de-inverno-ticiane-pinheiro-aproveita-viagem-a-aspen-com-as-filhas-e-amigas\/"},"wordCount":282,"publisher":{"@id":"https:\/\/portaldoestado.com.br\/#organization"},"image":{"@id":"https:\/\/portaldoestado.com.br\/index.php\/2026\/01\/16\/em-clima-de-inverno-ticiane-pinheiro-aproveita-viagem-a-aspen-com-as-filhas-e-amigas\/#primaryimage"},"thumbnailUrl":"https:\/\/portaldoestado.com.br\/wp-content\/uploads\/2026\/01\/6n1k8NuG-Backup-capa-1-foto.png","articleSection":["Famosos"],"inLanguage":"pt-BR"},{"@type":"WebPage","@id":"https:\/\/portaldoestado.com.br\/index.php\/2026\/01\/16\/em-clima-de-inverno-ticiane-pinheiro-aproveita-viagem-a-aspen-com-as-filhas-e-amigas\/","url":"https:\/\/portaldoestado.com.br\/index.php\/2026\/01\/16\/em-clima-de-inverno-ticiane-pinheiro-aproveita-viagem-a-aspen-com-as-filhas-e-amigas\/","name":"Em clima de inverno, Ticiane Pinheiro aproveita viagem a Aspen com as filhas e amigas - Portal do Estado","isPartOf":{"@id":"https:\/\/portaldoestado.com.br\/#website"},"primaryImageOfPage":{"@id":"https:\/\/portaldoestado.com.br\/index.php\/2026\/01\/16\/em-clima-de-inverno-ticiane-pinheiro-aproveita-viagem-a-aspen-com-as-filhas-e-amigas\/#primaryimage"},"image":{"@id":"https:\/\/portaldoestado.com.br\/index.php\/2026\/01\/16\/em-clima-de-inverno-ticiane-pinheiro-aproveita-viagem-a-aspen-com-as-filhas-e-amigas\/#primaryimage"},"thumbnailUrl":"https:\/\/portaldoestado.com.br\/wp-content\/uploads\/2026\/01\/6n1k8NuG-Backup-capa-1-foto.png","datePublished":"2026-01-16T17:23:44+00:00","breadcrumb":{"@id":"https:\/\/portaldoestado.com.br\/index.php\/2026\/01\/16\/em-clima-de-inverno-ticiane-pinheiro-aproveita-viagem-a-aspen-com-as-filhas-e-amigas\/#breadcrumb"},"inLanguage":"pt-BR","potentialAction":[{"@type":"ReadAction","target":["https:\/\/portaldoestado.com.br\/index.php\/2026\/01\/16\/em-clima-de-inverno-ticiane-pinheiro-aproveita-viagem-a-aspen-com-as-filhas-e-amigas\/"]}]},{"@type":"ImageObject","inLanguage":"pt-BR","@id":"https:\/\/portaldoestado.com.br\/index.php\/2026\/01\/16\/em-clima-de-inverno-ticiane-pinheiro-aproveita-viagem-a-aspen-com-as-filhas-e-amigas\/#primaryimage","url":"https:\/\/portaldoestado.com.br\/wp-content\/uploads\/2026\/01\/6n1k8NuG-Backup-capa-1-foto.png","contentUrl":"https:\/\/portaldoestado.com.br\/wp-content\/uploads\/2026\/01\/6n1k8NuG-Backup-capa-1-foto.png","width":1200,"height":900},{"@type":"BreadcrumbList","@id":"https:\/\/portaldoestado.com.br\/index.php\/2026\/01\/16\/em-clima-de-inverno-ticiane-pinheiro-aproveita-viagem-a-aspen-com-as-filhas-e-amigas\/#breadcrumb","itemListElement":[{"@type":"ListItem","position":1,"name":"In\u00edcio","item":"https:\/\/portaldoestado.com.br\/"},{"@type":"ListItem","position":2,"name":"Em clima de inverno, Ticiane Pinheiro aproveita viagem a Aspen com as filhas e amigas"}]},{"@type":"WebSite","@id":"https:\/\/portaldoestado.com.br\/#website","url":"https:\/\/portaldoestado.com.br\/","name":"Portal do Estado","description":"","publisher":{"@id":"https:\/\/portaldoestado.com.br\/#organization"},"potentialAction":[{"@type":"SearchAction","target":{"@type":"EntryPoint","urlTemplate":"https:\/\/portaldoestado.com.br\/?s={search_term_string}"},"query-input":{"@type":"PropertyValueSpecification","valueRequired":true,"valueName":"search_term_string"}}],"inLanguage":"pt-BR"},{"@type":"Organization","@id":"https:\/\/portaldoestado.com.br\/#organization","name":"Portal do Estado","url":"https:\/\/portaldoestado.com.br\/","logo":{"@type":"ImageObject","inLanguage":"pt-BR","@id":"https:\/\/portaldoestado.com.br\/#\/schema\/logo\/image\/","url":"https:\/\/portaldoestado.com.br\/wp-content\/uploads\/2025\/04\/cropped-6f69b19a-6472-43bf-b1b3-e1910bbbd4e8.png","contentUrl":"https:\/\/portaldoestado.com.br\/wp-content\/uploads\/2025\/04\/cropped-6f69b19a-6472-43bf-b1b3-e1910bbbd4e8.png","width":1024,"height":350,"caption":"Portal do Estado"},"image":{"@id":"https:\/\/portaldoestado.com.br\/#\/schema\/logo\/image\/"}},{"@type":"Person","@id":"https:\/\/portaldoestado.com.br\/#\/schema\/person\/5ca0174f3c8c84b59da62ea14b698cb9","name":"assessoriadefamosos","image":{"@type":"ImageObject","inLanguage":"pt-BR","@id":"https:\/\/portaldoestado.com.br\/#\/schema\/person\/image\/","url":"https:\/\/secure.gravatar.com\/avatar\/a7acbdffcfbbae7240e59f47fe511ec5f5d8c252c779f0b8d9ab02a9e1d8c5ed?s=96&d=mm&r=g","contentUrl":"https:\/\/secure.gravatar.com\/avatar\/a7acbdffcfbbae7240e59f47fe511ec5f5d8c252c779f0b8d9ab02a9e1d8c5ed?s=96&d=mm&r=g","caption":"assessoriadefamosos"},"url":"https:\/\/portaldoestado.com.br\/index.php\/author\/assessoriadefamosos\/"}]}},"jetpack_featured_media_url":"https:\/\/portaldoestado.com.br\/wp-content\/uploads\/2026\/01\/6n1k8NuG-Backup-capa-1-foto.png","_links":{"self":[{"href":"https:\/\/portaldoestado.com.br\/index.php\/wp-json\/wp\/v2\/posts\/5770","targetHints":{"allow":["GET"]}}],"collection":[{"href":"https:\/\/portaldoestado.com.br\/index.php\/wp-json\/wp\/v2\/posts"}],"about":[{"href":"https:\/\/portaldoestado.com.br\/index.php\/wp-json\/wp\/v2\/types\/post"}],"author":[{"embeddable":true,"href":"https:\/\/portaldoestado.com.br\/index.php\/wp-json\/wp\/v2\/users\/2"}],"replies":[{"embeddable":true,"href":"https:\/\/portaldoestado.com.br\/index.php\/wp-json\/wp\/v2\/comments?post=5770"}],"version-history":[{"count":1,"href":"https:\/\/portaldoestado.com.br\/index.php\/wp-json\/wp\/v2\/posts\/5770\/revisions"}],"predecessor-version":[{"id":5771,"href":"https:\/\/portaldoestado.com.br\/index.php\/wp-json\/wp\/v2\/posts\/5770\/revisions\/5771"}],"wp:featuredmedia":[{"embeddable":true,"href":"https:\/\/portaldoestado.com.br\/index.php\/wp-json\/wp\/v2\/media\/5769"}],"wp:attachment":[{"href":"https:\/\/portaldoestado.com.br\/index.php\/wp-json\/wp\/v2\/media?parent=5770"}],"wp:term":[{"taxonomy":"category","embeddable":true,"href":"https:\/\/portaldoestado.com.br\/index.php\/wp-json\/wp\/v2\/categories?post=5770"},{"taxonomy":"post_tag","embeddable":true,"href":"https:\/\/portaldoestado.com.br\/index.php\/wp-json\/wp\/v2\/tags?post=5770"}],"curies":[{"name":"wp","href":"https:\/\/api.w.org\/{rel}","templated":true}]}}